{"id":106219,"date":"2025-09-21T15:53:00","date_gmt":"2025-09-21T18:53:00","guid":{"rendered":"https:\/\/www.correiobraziliense.com.br\/cbradar\/?p=106219"},"modified":"2025-09-20T13:45:08","modified_gmt":"2025-09-20T16:45:08","slug":"sua-pele-revela-um-segredo-do-seu-intestino","status":"publish","type":"post","link":"https:\/\/www.correiobraziliense.com.br\/cbradar\/sua-pele-revela-um-segredo-do-seu-intestino\/","title":{"rendered":"Sua pele revela um segredo do seu intestino"},"content":{"rendered":"\n<p>A conex\u00e3o entre o <strong>Sistema Digestivo<\/strong> e a sa\u00fade da pele tem recebido crescente aten\u00e7\u00e3o na comunidade cient\u00edfica, revelando-se um campo fascinante e promissor para tratamentos de pele. Este relacionamento, muitas vezes descrito como eixo intestino-pele, sugere que a condi\u00e7\u00e3o da pele n\u00e3o depende apenas de fatores externos, mas est\u00e1 profundamente ligada \u00e0 sa\u00fade interna.<\/p>\n\n\n\n<p>O intestino humano abriga uma vasta rede de microrganismos ben\u00e9ficos que s\u00e3o essenciais para a digest\u00e3o e a manuten\u00e7\u00e3o do equil\u00edbrio imunol\u00f3gico. Quando essa microbiota est\u00e1 saud\u00e1vel, ela ajuda a processar nutrientes essenciais que, entre outras fun\u00e7\u00f5es, contribuem para a vitalidade e resist\u00eancia da pele. Entretanto, desequil\u00edbrios intestinais podem levar a problemas de pele, algo que transforma a avalia\u00e7\u00e3o da sa\u00fade intestinal em um componente crucial para o cuidado dermatol\u00f3gico.<\/p>\n\n\n\n<h2 class=\"wp-block-heading\">Quais os impactos da sa\u00fade intestinal na pele?<\/h2>\n\n\n\n<p>Existe uma estreita rela\u00e7\u00e3o entre a sa\u00fade do intestino e o estado da pele. A parede intestinal, quando \u00edntegra, impede a passagem de subst\u00e2ncias t\u00f3xicas para a corrente sangu\u00ednea, prevenindo inflama\u00e7\u00f5es que podem comprometer a sa\u00fade cut\u00e2nea. Problemas como um intestino perme\u00e1vel permitem a entrada dessas toxinas no sistema, desencadeando rea\u00e7\u00f5es imunol\u00f3gicas que se refletem externamente.<\/p>\n\n\n<div class=\"wp-block-image\">\n<figure class=\"aligncenter size-large\"><img decoding=\"async\" width=\"1024\" height=\"576\" src=\"https:\/\/www.correiobraziliense.com.br\/cbradar\/wp-content\/uploads\/2025\/07\/pele-ressecada_1752760822271-1024x576.jpg\" alt=\"\" class=\"wp-image-71193\" srcset=\"https:\/\/www.correiobraziliense.com.br\/cbradar\/wp-content\/uploads\/2025\/07\/pele-ressecada_1752760822271-1024x576.jpg 1024w, https:\/\/www.correiobraziliense.com.br\/cbradar\/wp-content\/uploads\/2025\/07\/pele-ressecada_1752760822271-300x169.jpg 300w, https:\/\/www.correiobraziliense.com.br\/cbradar\/wp-content\/uploads\/2025\/07\/pele-ressecada_1752760822271-768x432.jpg 768w, https:\/\/www.correiobraziliense.com.br\/cbradar\/wp-content\/uploads\/2025\/07\/pele-ressecada_1752760822271-750x422.jpg 750w, https:\/\/www.correiobraziliense.com.br\/cbradar\/wp-content\/uploads\/2025\/07\/pele-ressecada_1752760822271-1140x641.jpg 1140w, https:\/\/www.correiobraziliense.com.br\/cbradar\/wp-content\/uploads\/2025\/07\/pele-ressecada_1752760822271.jpg 1280w\" sizes=\"(max-width: 1024px) 100vw, 1024px\" \/><figcaption class=\"wp-element-caption\">Pele ressecada &#8211; Cr\u00e9ditos: depositphotos.com \/ Alena1919<\/figcaption><\/figure><\/div>\n\n\n<h2 class=\"wp-block-heading\">O que \u00e9 disbiose e como ela afeta a pele?<\/h2>\n\n\n\n<p>A disbiose refere-se a um desajuste no equil\u00edbrio da flora intestinal, onde bact\u00e9rias nocivas superam as ben\u00e9ficas. Essa condi\u00e7\u00e3o pode resultar em uma variedade de dist\u00farbios, incluindo inflama\u00e7\u00f5es sist\u00eamicas que frequentemente se manifestam na pele. A gest\u00e3o eficaz da disbiose passa pela promo\u00e7\u00e3o de um ambiente intestinal saud\u00e1vel, essencial tamb\u00e9m para a <a href=\"https:\/\/www.correiobraziliense.com.br\/cbradar\/dentista-explica-como-o-impacto-do-cigarro-na-boca-vai-alem-do-mau-halito\/\" target=\"_blank\" rel=\"noreferrer noopener\">sa\u00fade <\/a>dermatol\u00f3gica.<\/p>\n\n\n\n<h2 class=\"wp-block-heading\">Como os alimentos podem influenciar o eixo intestino-pele?<\/h2>\n\n\n\n<p>A alimenta\u00e7\u00e3o tem um papel preponderante na manuten\u00e7\u00e3o de um eixo intestino-pele equilibrado. Incorporar alimentos ricos em prebi\u00f3ticos e probi\u00f3ticos pode ajudar significativamente. Prebi\u00f3ticos s\u00e3o elementos que alimentam bact\u00e9rias boas, presentes em fibras como a da cebola e do alho. J\u00e1 os probi\u00f3ticos, encontrados em alimentos como iogurtes e kefir, introduzem novas bact\u00e9rias ben\u00e9ficas no intestino.<\/p>\n\n\n\n<ul class=\"wp-block-list\">\n<li><strong>Prebi\u00f3ticos:<\/strong>\u00a0Aspargos, alho-por\u00f3, ma\u00e7\u00e3.<\/li>\n\n\n\n<li><strong>Probi\u00f3ticos:<\/strong>\u00a0Miso, chucrute, tempeh.<\/li>\n<\/ul>\n\n\n\n<h2 class=\"wp-block-heading\">Qual o papel do estilo de vida no equil\u00edbrio intestino-pele?<\/h2>\n\n\n\n<p>Aspectos do estilo de vida, como o n\u00edvel de estresse e o padr\u00e3o de sono, possuem influ\u00eancia direta sobre o eixo intestino-pele. O estresse cr\u00f4nico pode desregular a microbiota intestinal, afetando a sa\u00fade da pele. Estabelecer uma rotina de sono adequada e atividades de relaxamento podem ser formas efetivas de melhorar ambos, reduzindo inflama\u00e7\u00f5es e promovendo uma pele mais saud\u00e1vel.<\/p>\n\n\n\n<p>O reconhecimento dessa liga\u00e7\u00e3o intr\u00ednseca entre o intestino e a pele conduz a tratativas mais hol\u00edsticas para sa\u00fade cut\u00e2nea. Ao focalizar tanto na dieta quanto em pr\u00e1ticas de vida balanceadas, \u00e9 poss\u00edvel alcan\u00e7ar melhorias significativas na sa\u00fade e apar\u00eancia geral da pele.<\/p>\n\n\n<a href=\"https:\/\/www.instagram.com\/dra.annaluisabf\/\" target=\"_blank\" rel=\"noopener\" style=\"text-decoration: none; color: inherit;\">\n    <span style=\"display: inline-block; border: 1px solid #ccc; border-radius: 10px; padding: 15px; max-width: 550px; font-family: sans-serif; box-shadow: 0 2px 5px rgba(0,0,0,0.1); width: 100%;\">\n\n      <!-- T\u00edtulo -->\n      <span style=\"display: block; margin: 0 0 15px 0; font-weight: bold; color: #2c3e50; text-align: center;\">\n        Entre em contato:\n      <\/span>\n\n      <!-- Linha do perfil -->\n      <span style=\"display: flex; align-items: center; gap: 15px;\">\n        <img decoding=\"async\"\n          src=\"https:\/\/www.correiobraziliense.com.br\/cbradar\/wp-content\/uploads\/2025\/08\/dra_anna_luisa.jpeg\"\n          alt=\"Foto da Dra. Anna Lu\u00edsa\"\n          style=\"border-radius: 50%; width: 80px; height: 80px; object-fit: cover;\"\n        \/>\n        <span style=\"display: flex; flex-direction: column;\">\n          <span style=\"font-size: 18px; font-weight: 700; color: #2c3e50;\">Dra. Anna Lu\u00edsa Barbosa Fernandes<\/span>\n          <span style=\"color: #555;\">CRM-GO 33.271<\/span>\n        <\/span>\n      <\/span>\n\n      <!-- Redes -->\n      <span style=\"display: flex; align-items: center; gap: 10px; margin-top: 12px;\">\n        <img decoding=\"async\" src=\"https:\/\/cdn-icons-png.flaticon.com\/24\/1384\/1384063.png\" alt=\"Instagram\" width=\"24\" height=\"24\" \/>\n        <span style=\"text-decoration: underline; color: #2c3e50;\">@dra.annaluisabf<\/span>\n      <\/span>\n\n    <\/span>\n  <\/a>","protected":false},"excerpt":{"rendered":"<p>A conex\u00e3o entre o Sistema Digestivo e a sa\u00fade da pele tem recebido crescente aten\u00e7\u00e3o na comunidade cient\u00edfica, revelando-se um campo fascinante e promissor para tratamentos de pele. Este relacionamento, muitas vezes descrito como eixo intestino-pele, sugere que a condi\u00e7\u00e3o da pele n\u00e3o depende apenas de fatores externos, mas est\u00e1 profundamente ligada \u00e0 sa\u00fade interna. [&hellip;]<\/p>\n","protected":false},"author":14,"featured_media":36270,"comment_status":"open","ping_status":"open","sticky":false,"template":"","format":"standard","meta":{"_yoast_wpseo_focuskw":"Sistema Digestivo","_yoast_wpseo_title":"","_yoast_wpseo_metadesc":"Quer destravar o eixo intestino-pele h\u00e1 um ajuste discreto na dieta e no estresse que muda a apar\u00eancia sem revelar o principal","jnews-multi-image_gallery":[],"jnews_single_post":{"format":"standard"},"jnews_primary_category":[],"jnews_social_meta":[],"jnews_override_counter":[],"footnotes":""},"categories":[4404],"post_tag":[281,120,565],"class_list":["post-106219","post","type-post","status-publish","format-standard","has-post-thumbnail","hentry","category-saude","tag-alimentacao","tag-bem-estar","tag-saude"],"yoast_head":"<!-- This site is optimized with the Yoast SEO plugin v24.6 - https:\/\/yoast.com\/wordpress\/plugins\/seo\/ -->\n<title>Sua pele revela um segredo do seu intestino - Correio Braziliense - Radar<\/title>\n<meta name=\"description\" content=\"Quer destravar o eixo intestino-pele h\u00e1 um ajuste discreto na dieta e no estresse que muda a apar\u00eancia sem revelar o principal\" \/>\n<meta name=\"robots\" content=\"index, follow, max-snippet:-1, max-image-preview:large, max-video-preview:-1\" \/>\n<link rel=\"canonical\" href=\"https:\/\/www.correiobraziliense.com.br\/cbradar\/sua-pele-revela-um-segredo-do-seu-intestino\/\" \/>\n<meta property=\"og:locale\" content=\"pt_BR\" \/>\n<meta property=\"og:type\" content=\"article\" \/>\n<meta property=\"og:title\" content=\"Sua pele revela um segredo do seu intestino - Correio Braziliense - Radar\" \/>\n<meta property=\"og:description\" content=\"Quer destravar o eixo intestino-pele h\u00e1 um ajuste discreto na dieta e no estresse que muda a apar\u00eancia sem revelar o principal\" \/>\n<meta property=\"og:url\" content=\"https:\/\/www.correiobraziliense.com.br\/cbradar\/sua-pele-revela-um-segredo-do-seu-intestino\/\" \/>\n<meta property=\"og:site_name\" content=\"Correio Braziliense - Radar\" \/>\n<meta property=\"article:published_time\" content=\"2025-09-21T18:53:00+00:00\" \/>\n<meta property=\"og:image\" content=\"https:\/\/www.correiobraziliense.com.br\/cbradar\/wp-content\/uploads\/2025\/05\/sistema-digestivo_1747156143626.jpg\" \/>\n\t<meta property=\"og:image:width\" content=\"1280\" \/>\n\t<meta property=\"og:image:height\" content=\"720\" \/>\n\t<meta property=\"og:image:type\" content=\"image\/jpeg\" \/>\n<meta name=\"author\" content=\"guilherme_saude\" \/>\n<meta name=\"twitter:card\" content=\"summary_large_image\" \/>\n<meta name=\"twitter:label1\" content=\"Escrito por\" \/>\n\t<meta name=\"twitter:data1\" content=\"guilherme_saude\" \/>\n\t<meta name=\"twitter:label2\" content=\"Est. tempo de leitura\" \/>\n\t<meta name=\"twitter:data2\" content=\"4 minutos\" \/>\n<!-- \/ Yoast SEO plugin. -->","yoast_head_json":{"title":"Sua pele revela um segredo do seu intestino - Correio Braziliense - Radar","description":"Quer destravar o eixo intestino-pele h\u00e1 um ajuste discreto na dieta e no estresse que muda a apar\u00eancia sem revelar o principal","robots":{"index":"index","follow":"follow","max-snippet":"max-snippet:-1","max-image-preview":"max-image-preview:large","max-video-preview":"max-video-preview:-1"},"canonical":"https:\/\/www.correiobraziliense.com.br\/cbradar\/sua-pele-revela-um-segredo-do-seu-intestino\/","og_locale":"pt_BR","og_type":"article","og_title":"Sua pele revela um segredo do seu intestino - Correio Braziliense - Radar","og_description":"Quer destravar o eixo intestino-pele h\u00e1 um ajuste discreto na dieta e no estresse que muda a apar\u00eancia sem revelar o principal","og_url":"https:\/\/www.correiobraziliense.com.br\/cbradar\/sua-pele-revela-um-segredo-do-seu-intestino\/","og_site_name":"Correio Braziliense - Radar","article_published_time":"2025-09-21T18:53:00+00:00","og_image":[{"width":1280,"height":720,"url":"https:\/\/www.correiobraziliense.com.br\/cbradar\/wp-content\/uploads\/2025\/05\/sistema-digestivo_1747156143626.jpg","type":"image\/jpeg"}],"author":"guilherme_saude","twitter_card":"summary_large_image","twitter_misc":{"Escrito por":"guilherme_saude","Est. tempo de leitura":"4 minutos"},"schema":{"@context":"https:\/\/schema.org","@graph":[{"@type":"WebPage","@id":"https:\/\/www.correiobraziliense.com.br\/cbradar\/sua-pele-revela-um-segredo-do-seu-intestino\/","url":"https:\/\/www.correiobraziliense.com.br\/cbradar\/sua-pele-revela-um-segredo-do-seu-intestino\/","name":"Sua pele revela um segredo do seu intestino - Correio Braziliense - Radar","isPartOf":{"@id":"https:\/\/www.correiobraziliense.com.br\/cbradar\/#website"},"primaryImageOfPage":{"@id":"https:\/\/www.correiobraziliense.com.br\/cbradar\/sua-pele-revela-um-segredo-do-seu-intestino\/#primaryimage"},"image":{"@id":"https:\/\/www.correiobraziliense.com.br\/cbradar\/sua-pele-revela-um-segredo-do-seu-intestino\/#primaryimage"},"thumbnailUrl":"https:\/\/www.correiobraziliense.com.br\/cbradar\/wp-content\/uploads\/2025\/05\/sistema-digestivo_1747156143626.jpg","datePublished":"2025-09-21T18:53:00+00:00","author":{"@id":"https:\/\/www.correiobraziliense.com.br\/cbradar\/#\/schema\/person\/5aa4bf3c8fa699c267933611de12978b"},"description":"Quer destravar o eixo intestino-pele h\u00e1 um ajuste discreto na dieta e no estresse que muda a apar\u00eancia sem revelar o principal","breadcrumb":{"@id":"https:\/\/www.correiobraziliense.com.br\/cbradar\/sua-pele-revela-um-segredo-do-seu-intestino\/#breadcrumb"},"inLanguage":"pt-BR","potentialAction":[{"@type":"ReadAction","target":["https:\/\/www.correiobraziliense.com.br\/cbradar\/sua-pele-revela-um-segredo-do-seu-intestino\/"]}]},{"@type":"ImageObject","inLanguage":"pt-BR","@id":"https:\/\/www.correiobraziliense.com.br\/cbradar\/sua-pele-revela-um-segredo-do-seu-intestino\/#primaryimage","url":"https:\/\/www.correiobraziliense.com.br\/cbradar\/wp-content\/uploads\/2025\/05\/sistema-digestivo_1747156143626.jpg","contentUrl":"https:\/\/www.correiobraziliense.com.br\/cbradar\/wp-content\/uploads\/2025\/05\/sistema-digestivo_1747156143626.jpg","width":1280,"height":720,"caption":"Cr\u00e9ditos: depositphotos.com \/ Tharakorn"},{"@type":"BreadcrumbList","@id":"https:\/\/www.correiobraziliense.com.br\/cbradar\/sua-pele-revela-um-segredo-do-seu-intestino\/#breadcrumb","itemListElement":[{"@type":"ListItem","position":1,"name":"In\u00edcio","item":"https:\/\/www.correiobraziliense.com.br\/cbradar\/"},{"@type":"ListItem","position":2,"name":"Sua pele revela um segredo do seu intestino"}]},{"@type":"WebSite","@id":"https:\/\/www.correiobraziliense.com.br\/cbradar\/#website","url":"https:\/\/www.correiobraziliense.com.br\/cbradar\/","name":"Correio Braziliense - Radar","description":"Acompanhe as \u00faltimas not\u00edcias e fique bem informado sobre tudo o que acontece no Brasil e no mundo.","potentialAction":[{"@type":"SearchAction","target":{"@type":"EntryPoint","urlTemplate":"https:\/\/www.correiobraziliense.com.br\/cbradar\/?s={search_term_string}"},"query-input":{"@type":"PropertyValueSpecification","valueRequired":true,"valueName":"search_term_string"}}],"inLanguage":"pt-BR"},{"@type":"Person","@id":"https:\/\/www.correiobraziliense.com.br\/cbradar\/#\/schema\/person\/5aa4bf3c8fa699c267933611de12978b","name":"guilherme_saude","image":{"@type":"ImageObject","inLanguage":"pt-BR","@id":"https:\/\/www.correiobraziliense.com.br\/cbradar\/#\/schema\/person\/image\/","url":"https:\/\/secure.gravatar.com\/avatar\/df9adfb835d344bc0af109d41756253f?s=96&d=mm&r=g","contentUrl":"https:\/\/secure.gravatar.com\/avatar\/df9adfb835d344bc0af109d41756253f?s=96&d=mm&r=g","caption":"guilherme_saude"},"url":"https:\/\/www.correiobraziliense.com.br\/cbradar\/author\/guilherme_saude\/"}]}},"_links":{"self":[{"href":"https:\/\/www.correiobraziliense.com.br\/cbradar\/wp-json\/wp\/v2\/posts\/106219","targetHints":{"allow":["GET"]}}],"collection":[{"href":"https:\/\/www.correiobraziliense.com.br\/cbradar\/wp-json\/wp\/v2\/posts"}],"about":[{"href":"https:\/\/www.correiobraziliense.com.br\/cbradar\/wp-json\/wp\/v2\/types\/post"}],"author":[{"embeddable":true,"href":"https:\/\/www.correiobraziliense.com.br\/cbradar\/wp-json\/wp\/v2\/users\/14"}],"replies":[{"embeddable":true,"href":"https:\/\/www.correiobraziliense.com.br\/cbradar\/wp-json\/wp\/v2\/comments?post=106219"}],"version-history":[{"count":1,"href":"https:\/\/www.correiobraziliense.com.br\/cbradar\/wp-json\/wp\/v2\/posts\/106219\/revisions"}],"predecessor-version":[{"id":106220,"href":"https:\/\/www.correiobraziliense.com.br\/cbradar\/wp-json\/wp\/v2\/posts\/106219\/revisions\/106220"}],"wp:featuredmedia":[{"embeddable":true,"href":"https:\/\/www.correiobraziliense.com.br\/cbradar\/wp-json\/wp\/v2\/media\/36270"}],"wp:attachment":[{"href":"https:\/\/www.correiobraziliense.com.br\/cbradar\/wp-json\/wp\/v2\/media?parent=106219"}],"wp:term":[{"taxonomy":"category","embeddable":true,"href":"https:\/\/www.correiobraziliense.com.br\/cbradar\/wp-json\/wp\/v2\/categories?post=106219"},{"taxonomy":"post_tag","embeddable":true,"href":"https:\/\/www.correiobraziliense.com.br\/cbradar\/wp-json\/wp\/v2\/post_tag?post=106219"}],"curies":[{"name":"wp","href":"https:\/\/api.w.org\/{rel}","templated":true}]}}