{"id":10627,"date":"2025-03-17T10:10:00","date_gmt":"2025-03-17T13:10:00","guid":{"rendered":"https:\/\/www.correiobraziliense.com.br\/cbradar\/?p=10627"},"modified":"2025-03-14T14:05:17","modified_gmt":"2025-03-14T17:05:17","slug":"jabuticabas-como-cultivar-em-vasos-e-ter-ate-10kgs-dela","status":"publish","type":"post","link":"https:\/\/www.correiobraziliense.com.br\/cbradar\/jabuticabas-como-cultivar-em-vasos-e-ter-ate-10kgs-dela\/","title":{"rendered":"Jabuticabas: Como Cultivar em Vasos e ter at\u00e9 10kgs dela"},"content":{"rendered":"\n<p>O cultivo de jabuticabas em espa\u00e7os limitados, como vasos ou pequenos quintais, exige a escolha de variedades que se adaptem bem a essas condi\u00e7\u00f5es. Algumas jabuticabeiras s\u00e3o mais adequadas devido ao seu porte compacto e ao tempo de frutifica\u00e7\u00e3o. A <strong>Jabuticaba Sabar\u00e1<\/strong> \u00e9 uma das mais conhecidas, famosa por seus frutos pequenos e doces, embora sua produ\u00e7\u00e3o possa demorar um pouco mais. Outra op\u00e7\u00e3o \u00e9 a <strong>Jabuticaba H\u00edbrida<\/strong>, que \u00e9 valorizada por seu r\u00e1pido crescimento e produ\u00e7\u00e3o precoce.<\/p>\n\n\n\n<p>Al\u00e9m disso, a <strong>Jabuticaba Ponhema<\/strong> oferece frutos maiores e \u00e9 bastante resistente a diferentes condi\u00e7\u00f5es clim\u00e1ticas. A <strong>Jabuticaba Paulista<\/strong> \u00e9 ideal para quem busca frutos grandes e saborosos, perfeitos para consumo direto. Para acelerar a frutifica\u00e7\u00e3o, \u00e9 aconselh\u00e1vel optar por mudas enxertadas, que podem come\u00e7ar a produzir de 2 a 5 anos antes das \u00e1rvores cultivadas a partir de sementes.<\/p>\n\n\n\n<p><em>Informa\u00e7\u00e3o t\u00e9cnica:<\/em> Uma jabuticabeira h\u00edbrida bem cuidada pode produzir at\u00e9 10 kg de frutos por ano em um vaso.<\/p>\n\n\n\n<h2 class=\"wp-block-heading\">Como preparar o solo ideal para jabuticabeiras em vasos?<\/h2>\n\n\n\n<p>Para cultivar jabuticabas em vasos com sucesso, \u00e9 fundamental preparar um solo que atenda \u00e0s necessidades da planta. As jabuticabeiras preferem solos que ret\u00eam umidade e s\u00e3o ricos em mat\u00e9ria org\u00e2nica. Uma mistura eficaz inclui 50% de terra vegetal f\u00e9rtil, 30% de composto org\u00e2nico, como h\u00famus de minhoca, e 20% de areia grossa ou perlita para garantir boa drenagem.<\/p>\n\n\n\n<p>Manter o pH do solo entre 5,5 e 6,5 \u00e9 crucial para a absor\u00e7\u00e3o eficiente de nutrientes. A aplica\u00e7\u00e3o de <strong>mulching<\/strong>, como palha seca, sobre o solo, ajuda a conservar a umidade e a controlar ervas daninhas.<\/p>\n\n\n\n<p><em>Informa\u00e7\u00e3o t\u00e9cnica:<\/em> Solos com boa drenagem podem reduzir em at\u00e9 40% o risco de doen\u00e7as nas ra\u00edzes, promovendo plantas mais saud\u00e1veis.<\/p>\n\n\n\n<h2 class=\"wp-block-heading\">Quais s\u00e3o os passos para plantar jabuticabas em vasos?<\/h2>\n\n\n\n<p>Plantar jabuticabas em vasos pode ser feito por meio de sementes ou mudas enxertadas, cada m\u00e9todo com suas vantagens. As mudas enxertadas s\u00e3o prefer\u00edveis para quem busca uma frutifica\u00e7\u00e3o mais r\u00e1pida, geralmente entre 2 e 5 anos ap\u00f3s o plantio. J\u00e1 as sementes podem levar de 6 a 10 anos para produzir frutos, e as caracter\u00edsticas podem variar em rela\u00e7\u00e3o \u00e0 planta original.<\/p>\n\n\n\n<ol class=\"wp-block-list\">\n<li>Escolha um vaso com pelo menos 50 cm de profundidade para acomodar o sistema radicular.<\/li>\n\n\n\n<li>Prepare um substrato f\u00e9rtil e bem drenado conforme descrito anteriormente.<\/li>\n\n\n\n<li>Plante a muda e posicione o vaso em um local que receba sol pleno ou meia-sombra.<\/li>\n\n\n\n<li>Regue regularmente, mantendo o solo \u00famido, mas evitando o encharcamento.<\/li>\n\n\n\n<li>Realize podas leves para direcionar o crescimento da planta.<\/li>\n<\/ol>\n\n\n\n<p><em>Dica:<\/em> Evite mover a jabuticabeira frequentemente, pois ela pode demorar a se adaptar a novos ambientes.<\/p>\n\n\n\n<p><em>Informa\u00e7\u00e3o t\u00e9cnica:<\/em> Jabuticabeiras em vasos podem atingir at\u00e9 2 metros de altura sem comprometer a produ\u00e7\u00e3o de frutos.<\/p>\n\n\n\n<figure class=\"wp-block-gallery has-nested-images columns-default is-cropped wp-block-gallery-1 is-layout-flex wp-block-gallery-is-layout-flex\">\n<figure class=\"wp-block-image\"><img decoding=\"async\" width=\"1280\" height=\"720\" data-id=\"10561\" src=\"https:\/\/www.correiobraziliense.com.br\/cbradar\/wp-content\/uploads\/2025\/03\/jabuticaba_1741422432833.jpg\" alt=\"Jabuticaba Cr\u00e9ditos: depositphotos.com \/ sidneydealmeida\" class=\"wp-image-10561\" srcset=\"https:\/\/www.correiobraziliense.com.br\/cbradar\/wp-content\/uploads\/2025\/03\/jabuticaba_1741422432833.jpg 1280w, https:\/\/www.correiobraziliense.com.br\/cbradar\/wp-content\/uploads\/2025\/03\/jabuticaba_1741422432833-300x169.jpg 300w, https:\/\/www.correiobraziliense.com.br\/cbradar\/wp-content\/uploads\/2025\/03\/jabuticaba_1741422432833-1024x576.jpg 1024w, https:\/\/www.correiobraziliense.com.br\/cbradar\/wp-content\/uploads\/2025\/03\/jabuticaba_1741422432833-768x432.jpg 768w, https:\/\/www.correiobraziliense.com.br\/cbradar\/wp-content\/uploads\/2025\/03\/jabuticaba_1741422432833-750x422.jpg 750w, https:\/\/www.correiobraziliense.com.br\/cbradar\/wp-content\/uploads\/2025\/03\/jabuticaba_1741422432833-1140x641.jpg 1140w\" sizes=\"(max-width: 1280px) 100vw, 1280px\" \/><figcaption class=\"wp-element-caption\">Jabuticaba Cr\u00e9ditos: depositphotos.com \/ sidneydealmeida<\/figcaption><\/figure>\n<\/figure>\n\n\n\n<h2 class=\"wp-block-heading\">Quais cuidados s\u00e3o essenciais para jabuticabas doces e abundantes?<\/h2>\n\n\n\n<p>Para garantir jabuticabas de qualidade, \u00e9 essencial manter uma irriga\u00e7\u00e3o adequada. As jabuticabeiras precisam de umidade constante, sendo ideal regar de 3 a 5 vezes por semana, aumentando a frequ\u00eancia em dias mais quentes. A aduba\u00e7\u00e3o tamb\u00e9m \u00e9 importante; durante o crescimento, aplique h\u00famus de minhoca mensalmente, e na frutifica\u00e7\u00e3o, use fertilizantes ricos em f\u00f3sforo e pot\u00e1ssio.<\/p>\n\n\n\n<p>O uso de <strong>mulching<\/strong> com palha seca ou serragem ajuda a manter a umidade do solo e a reduzir o estresse h\u00eddrico. Al\u00e9m disso, a adi\u00e7\u00e3o de c\u00e1lcio e magn\u00e9sio pode melhorar o tamanho e o sabor dos frutos.<\/p>\n\n\n\n<p><em>Informa\u00e7\u00e3o t\u00e9cnica:<\/em> Uma aduba\u00e7\u00e3o adequada pode aumentar a produ\u00e7\u00e3o de frutos em at\u00e9 30%.<\/p>\n\n\n\n<h2 class=\"wp-block-heading\">Como realizar a poda correta da jabuticabeira?<\/h2>\n\n\n\n<p>A poda \u00e9 fundamental para controlar o crescimento da jabuticabeira e melhorar a circula\u00e7\u00e3o de ar entre os galhos. Existem diferentes tipos de poda que podem ser aplicados. A <strong>poda de forma\u00e7\u00e3o<\/strong> remove galhos que crescem para dentro da copa, enquanto a <strong>poda de limpeza<\/strong> elimina galhos secos e doentes. J\u00e1 a <strong>poda de frutifica\u00e7\u00e3o<\/strong> estimula a produ\u00e7\u00e3o de mais flores e frutos.<\/p>\n\n\n\n<p><em>Dica:<\/em> Evite podas dr\u00e1sticas, pois podem retardar a frutifica\u00e7\u00e3o.<\/p>\n\n\n\n<p><em>Informa\u00e7\u00e3o t\u00e9cnica:<\/em> \u00c1rvores podadas corretamente podem produzir at\u00e9 30% mais frutos.<\/p>\n\n\n\n<h2 class=\"wp-block-heading\">Como prevenir e tratar pragas e doen\u00e7as na jabuticabeira?<\/h2>\n\n\n\n<p>Pragas como pulg\u00f5es e cochonilhas s\u00e3o comuns na jabuticabeira, mas podem ser combatidas naturalmente com \u00f3leo de neem ou ch\u00e1 de alho. Para \u00e1caros, o uso de ch\u00e1 de camomila ou calda de sab\u00e3o neutro \u00e9 eficaz. Entre as doen\u00e7as, o m\u00edldio pode ser evitado ao n\u00e3o molhar as folhas durante a rega, e a podrid\u00e3o radicular pode ser controlada melhorando a drenagem do solo e evitando o excesso de \u00e1gua.<\/p>\n\n\n\n<p><em>Dica:<\/em> Cultivar manjeric\u00e3o e alecrim pr\u00f3ximos \u00e0 jabuticabeira ajuda a repelir pragas naturalmente.<\/p>\n\n\n\n<p><em>Informa\u00e7\u00e3o t\u00e9cnica:<\/em> O uso de \u00f3leo de neem pode reduzir em at\u00e9 85% a infesta\u00e7\u00e3o de pragas, protegendo a planta\u00e7\u00e3o sem afetar polinizadores.<\/p>\n\n\n\n<h2 class=\"wp-block-heading\">Quando e como colher jabuticabas para garantir frutos suculentos?<\/h2>\n\n\n\n<p>O tempo de colheita das jabuticabas varia conforme o m\u00e9todo de cultivo. Jabuticabeiras enxertadas produzem frutos entre 2 e 5 anos ap\u00f3s o plantio, enquanto as cultivadas por sementes podem levar de 6 a 10 anos para frutificar. Os sinais de que a jabuticaba est\u00e1 pronta para a colheita incluem frutos bem escuros e brilhantes, al\u00e9m de uma leve soltura do tronco ao toque.<\/p>\n\n\n\n<p><em>Dica:<\/em> Jabuticabas devem ser consumidas logo ap\u00f3s a colheita para melhor sabor.<\/p>\n\n\n\n<p><em>Informa\u00e7\u00e3o t\u00e9cnica:<\/em> Jabuticabas maduras podem ser refrigeradas por at\u00e9 5 dias, preservando seu frescor.<\/p>\n\n\n\n<p><\/p>\n","protected":false},"excerpt":{"rendered":"<p>O cultivo de jabuticabas em espa\u00e7os limitados, como vasos ou pequenos quintais, exige a escolha de variedades que se adaptem bem a essas condi\u00e7\u00f5es. Algumas jabuticabeiras s\u00e3o mais adequadas devido ao seu porte compacto e ao tempo de frutifica\u00e7\u00e3o<\/p>\n","protected":false},"author":4,"featured_media":10560,"comment_status":"open","ping_status":"open","sticky":false,"template":"","format":"standard","meta":{"_yoast_wpseo_focuskw":"Jabuticabas","_yoast_wpseo_title":"","_yoast_wpseo_metadesc":"O cultivo de jabuticabas em espa\u00e7os limitados, como vasos ou pequenos quintais, exige a escolha de variedades que se adaptem bem a essas condi\u00e7\u00f5es. Algumas jabuticabeiras s\u00e3o mais adequadas devido ao seu porte compacto e ao tempo de frutifica\u00e7\u00e3o","jnews-multi-image_gallery":[],"jnews_single_post":{"format":"standard"},"jnews_primary_category":[],"jnews_social_meta":[],"jnews_override_counter":[],"footnotes":""},"categories":[136],"post_tag":[865,616],"class_list":["post-10627","post","type-post","status-publish","format-standard","has-post-thumbnail","hentry","category-jardinagem","tag-jabuticaba","tag-plantar"],"yoast_head":"<!-- This site is optimized with the Yoast SEO plugin v24.6 - https:\/\/yoast.com\/wordpress\/plugins\/seo\/ -->\n<title>Jabuticabas: Como Cultivar em Vasos e ter at\u00e9 10kgs dela - Correio Braziliense - Radar<\/title>\n<meta name=\"description\" content=\"O cultivo de jabuticabas em espa\u00e7os limitados, como vasos ou pequenos quintais, exige a escolha de variedades que se adaptem bem a essas condi\u00e7\u00f5es. Algumas jabuticabeiras s\u00e3o mais adequadas devido ao seu porte compacto e ao tempo de frutifica\u00e7\u00e3o\" \/>\n<meta name=\"robots\" content=\"index, follow, max-snippet:-1, max-image-preview:large, max-video-preview:-1\" \/>\n<link rel=\"canonical\" href=\"https:\/\/www.correiobraziliense.com.br\/cbradar\/jabuticabas-como-cultivar-em-vasos-e-ter-ate-10kgs-dela\/\" \/>\n<meta property=\"og:locale\" content=\"pt_BR\" \/>\n<meta property=\"og:type\" content=\"article\" \/>\n<meta property=\"og:title\" content=\"Jabuticabas: Como Cultivar em Vasos e ter at\u00e9 10kgs dela - Correio Braziliense - Radar\" \/>\n<meta property=\"og:description\" content=\"O cultivo de jabuticabas em espa\u00e7os limitados, como vasos ou pequenos quintais, exige a escolha de variedades que se adaptem bem a essas condi\u00e7\u00f5es. Algumas jabuticabeiras s\u00e3o mais adequadas devido ao seu porte compacto e ao tempo de frutifica\u00e7\u00e3o\" \/>\n<meta property=\"og:url\" content=\"https:\/\/www.correiobraziliense.com.br\/cbradar\/jabuticabas-como-cultivar-em-vasos-e-ter-ate-10kgs-dela\/\" \/>\n<meta property=\"og:site_name\" content=\"Correio Braziliense - Radar\" \/>\n<meta property=\"article:published_time\" content=\"2025-03-17T13:10:00+00:00\" \/>\n<meta property=\"og:image\" content=\"https:\/\/www.correiobraziliense.com.br\/cbradar\/wp-content\/uploads\/2025\/03\/jabuticaba_1741422361096.jpg\" \/>\n\t<meta property=\"og:image:width\" content=\"1280\" \/>\n\t<meta property=\"og:image:height\" content=\"720\" \/>\n\t<meta property=\"og:image:type\" content=\"image\/jpeg\" \/>\n<meta name=\"author\" content=\"Guilherme Cremaschi\" \/>\n<meta name=\"twitter:card\" content=\"summary_large_image\" \/>\n<meta name=\"twitter:label1\" content=\"Escrito por\" \/>\n\t<meta name=\"twitter:data1\" content=\"Guilherme Cremaschi\" \/>\n\t<meta name=\"twitter:label2\" content=\"Est. tempo de leitura\" \/>\n\t<meta name=\"twitter:data2\" content=\"6 minutos\" \/>\n<!-- \/ Yoast SEO plugin. -->","yoast_head_json":{"title":"Jabuticabas: Como Cultivar em Vasos e ter at\u00e9 10kgs dela - Correio Braziliense - Radar","description":"O cultivo de jabuticabas em espa\u00e7os limitados, como vasos ou pequenos quintais, exige a escolha de variedades que se adaptem bem a essas condi\u00e7\u00f5es. Algumas jabuticabeiras s\u00e3o mais adequadas devido ao seu porte compacto e ao tempo de frutifica\u00e7\u00e3o","robots":{"index":"index","follow":"follow","max-snippet":"max-snippet:-1","max-image-preview":"max-image-preview:large","max-video-preview":"max-video-preview:-1"},"canonical":"https:\/\/www.correiobraziliense.com.br\/cbradar\/jabuticabas-como-cultivar-em-vasos-e-ter-ate-10kgs-dela\/","og_locale":"pt_BR","og_type":"article","og_title":"Jabuticabas: Como Cultivar em Vasos e ter at\u00e9 10kgs dela - Correio Braziliense - Radar","og_description":"O cultivo de jabuticabas em espa\u00e7os limitados, como vasos ou pequenos quintais, exige a escolha de variedades que se adaptem bem a essas condi\u00e7\u00f5es. Algumas jabuticabeiras s\u00e3o mais adequadas devido ao seu porte compacto e ao tempo de frutifica\u00e7\u00e3o","og_url":"https:\/\/www.correiobraziliense.com.br\/cbradar\/jabuticabas-como-cultivar-em-vasos-e-ter-ate-10kgs-dela\/","og_site_name":"Correio Braziliense - Radar","article_published_time":"2025-03-17T13:10:00+00:00","og_image":[{"width":1280,"height":720,"url":"https:\/\/www.correiobraziliense.com.br\/cbradar\/wp-content\/uploads\/2025\/03\/jabuticaba_1741422361096.jpg","type":"image\/jpeg"}],"author":"Guilherme Cremaschi","twitter_card":"summary_large_image","twitter_misc":{"Escrito por":"Guilherme Cremaschi","Est. tempo de leitura":"6 minutos"},"schema":{"@context":"https:\/\/schema.org","@graph":[{"@type":"WebPage","@id":"https:\/\/www.correiobraziliense.com.br\/cbradar\/jabuticabas-como-cultivar-em-vasos-e-ter-ate-10kgs-dela\/","url":"https:\/\/www.correiobraziliense.com.br\/cbradar\/jabuticabas-como-cultivar-em-vasos-e-ter-ate-10kgs-dela\/","name":"Jabuticabas: Como Cultivar em Vasos e ter at\u00e9 10kgs dela - Correio Braziliense - Radar","isPartOf":{"@id":"https:\/\/www.correiobraziliense.com.br\/cbradar\/#website"},"primaryImageOfPage":{"@id":"https:\/\/www.correiobraziliense.com.br\/cbradar\/jabuticabas-como-cultivar-em-vasos-e-ter-ate-10kgs-dela\/#primaryimage"},"image":{"@id":"https:\/\/www.correiobraziliense.com.br\/cbradar\/jabuticabas-como-cultivar-em-vasos-e-ter-ate-10kgs-dela\/#primaryimage"},"thumbnailUrl":"https:\/\/www.correiobraziliense.com.br\/cbradar\/wp-content\/uploads\/2025\/03\/jabuticaba_1741422361096.jpg","datePublished":"2025-03-17T13:10:00+00:00","author":{"@id":"https:\/\/www.correiobraziliense.com.br\/cbradar\/#\/schema\/person\/4760856b25506e84ce34d5de2b0d95f1"},"description":"O cultivo de jabuticabas em espa\u00e7os limitados, como vasos ou pequenos quintais, exige a escolha de variedades que se adaptem bem a essas condi\u00e7\u00f5es. Algumas jabuticabeiras s\u00e3o mais adequadas devido ao seu porte compacto e ao tempo de frutifica\u00e7\u00e3o","breadcrumb":{"@id":"https:\/\/www.correiobraziliense.com.br\/cbradar\/jabuticabas-como-cultivar-em-vasos-e-ter-ate-10kgs-dela\/#breadcrumb"},"inLanguage":"pt-BR","potentialAction":[{"@type":"ReadAction","target":["https:\/\/www.correiobraziliense.com.br\/cbradar\/jabuticabas-como-cultivar-em-vasos-e-ter-ate-10kgs-dela\/"]}]},{"@type":"ImageObject","inLanguage":"pt-BR","@id":"https:\/\/www.correiobraziliense.com.br\/cbradar\/jabuticabas-como-cultivar-em-vasos-e-ter-ate-10kgs-dela\/#primaryimage","url":"https:\/\/www.correiobraziliense.com.br\/cbradar\/wp-content\/uploads\/2025\/03\/jabuticaba_1741422361096.jpg","contentUrl":"https:\/\/www.correiobraziliense.com.br\/cbradar\/wp-content\/uploads\/2025\/03\/jabuticaba_1741422361096.jpg","width":1280,"height":720,"caption":"Quer Ter Jabuticaba em Casa? Confira as Melhores Dicas de Cultivo! Cr\u00e9ditos: depositphotos.com \/ sidneydealmeida"},{"@type":"BreadcrumbList","@id":"https:\/\/www.correiobraziliense.com.br\/cbradar\/jabuticabas-como-cultivar-em-vasos-e-ter-ate-10kgs-dela\/#breadcrumb","itemListElement":[{"@type":"ListItem","position":1,"name":"In\u00edcio","item":"https:\/\/www.correiobraziliense.com.br\/cbradar\/"},{"@type":"ListItem","position":2,"name":"Jabuticabas: Como Cultivar em Vasos e ter at\u00e9 10kgs dela"}]},{"@type":"WebSite","@id":"https:\/\/www.correiobraziliense.com.br\/cbradar\/#website","url":"https:\/\/www.correiobraziliense.com.br\/cbradar\/","name":"Correio Braziliense - Radar","description":"Acompanhe as \u00faltimas not\u00edcias e fique bem informado sobre tudo o que acontece no Brasil e no mundo.","potentialAction":[{"@type":"SearchAction","target":{"@type":"EntryPoint","urlTemplate":"https:\/\/www.correiobraziliense.com.br\/cbradar\/?s={search_term_string}"},"query-input":{"@type":"PropertyValueSpecification","valueRequired":true,"valueName":"search_term_string"}}],"inLanguage":"pt-BR"},{"@type":"Person","@id":"https:\/\/www.correiobraziliense.com.br\/cbradar\/#\/schema\/person\/4760856b25506e84ce34d5de2b0d95f1","name":"Guilherme Cremaschi","image":{"@type":"ImageObject","inLanguage":"pt-BR","@id":"https:\/\/www.correiobraziliense.com.br\/cbradar\/#\/schema\/person\/image\/","url":"https:\/\/secure.gravatar.com\/avatar\/6a059d20d980bdeb1d1d6b0fa2b4633c?s=96&d=mm&r=g","contentUrl":"https:\/\/secure.gravatar.com\/avatar\/6a059d20d980bdeb1d1d6b0fa2b4633c?s=96&d=mm&r=g","caption":"Guilherme Cremaschi"},"sameAs":["https:\/\/www.correiobraziliense.com.br\/"],"url":"https:\/\/www.correiobraziliense.com.br\/cbradar\/author\/guilhermemyth\/"}]}},"_links":{"self":[{"href":"https:\/\/www.correiobraziliense.com.br\/cbradar\/wp-json\/wp\/v2\/posts\/10627","targetHints":{"allow":["GET"]}}],"collection":[{"href":"https:\/\/www.correiobraziliense.com.br\/cbradar\/wp-json\/wp\/v2\/posts"}],"about":[{"href":"https:\/\/www.correiobraziliense.com.br\/cbradar\/wp-json\/wp\/v2\/types\/post"}],"author":[{"embeddable":true,"href":"https:\/\/www.correiobraziliense.com.br\/cbradar\/wp-json\/wp\/v2\/users\/4"}],"replies":[{"embeddable":true,"href":"https:\/\/www.correiobraziliense.com.br\/cbradar\/wp-json\/wp\/v2\/comments?post=10627"}],"version-history":[{"count":5,"href":"https:\/\/www.correiobraziliense.com.br\/cbradar\/wp-json\/wp\/v2\/posts\/10627\/revisions"}],"predecessor-version":[{"id":12836,"href":"https:\/\/www.correiobraziliense.com.br\/cbradar\/wp-json\/wp\/v2\/posts\/10627\/revisions\/12836"}],"wp:featuredmedia":[{"embeddable":true,"href":"https:\/\/www.correiobraziliense.com.br\/cbradar\/wp-json\/wp\/v2\/media\/10560"}],"wp:attachment":[{"href":"https:\/\/www.correiobraziliense.com.br\/cbradar\/wp-json\/wp\/v2\/media?parent=10627"}],"wp:term":[{"taxonomy":"category","embeddable":true,"href":"https:\/\/www.correiobraziliense.com.br\/cbradar\/wp-json\/wp\/v2\/categories?post=10627"},{"taxonomy":"post_tag","embeddable":true,"href":"https:\/\/www.correiobraziliense.com.br\/cbradar\/wp-json\/wp\/v2\/post_tag?post=10627"}],"curies":[{"name":"wp","href":"https:\/\/api.w.org\/{rel}","templated":true}]}}