{"id":106276,"date":"2025-09-20T16:33:00","date_gmt":"2025-09-20T19:33:00","guid":{"rendered":"https:\/\/www.correiobraziliense.com.br\/cbradar\/?p=106276"},"modified":"2025-09-19T15:27:19","modified_gmt":"2025-09-19T18:27:19","slug":"a-cidade-do-litoral-paulista-perfeita-para-viver-bem-sem-gastar-muito","status":"publish","type":"post","link":"https:\/\/www.correiobraziliense.com.br\/cbradar\/a-cidade-do-litoral-paulista-perfeita-para-viver-bem-sem-gastar-muito\/","title":{"rendered":"A cidade do litoral paulista perfeita para viver bem sem gastar muito"},"content":{"rendered":"\n<p><strong>Praia Grande<\/strong>, na Baixada Santista de <strong>S\u00e3o Paulo<\/strong>, <strong>Brasil<\/strong>, a 65 km de <strong>S\u00e3o Paulo<\/strong> e pr\u00f3xima a <strong>Santos<\/strong> e <strong>S\u00e3o Vicente<\/strong>, \u00e9 conhecida como \u201cCapital dos Hot\u00e9is de Frente para o Mar\u201d. Com 32 km de praias e infraestrutura tur\u00edstica consolidada, a cidade \u00e9 ideal para morar e curtir o litoral. Conhe\u00e7a o que torna esta cidade um destino completo para residir.<\/p>\n\n\n\n<h2 class=\"wp-block-heading\">Por que morar em Praia Grande?<\/h2>\n\n\n\n<p><strong>Praia Grande<\/strong> possui um IDH de 0,754, segundo o <strong><strong>Programa\u00a0das\u00a0Na\u00e7\u00f5es\u00a0Unidas\u00a0para\u00a0o\u00a0Desenvolvimento<\/strong><\/strong>. A economia \u00e9 movida pelo turismo, com\u00e9rcio e setor de servi\u00e7os, conforme a <strong><a href=\"https:\/\/www2.praiagrande.sp.gov.br\/\" target=\"_blank\" rel=\"noreferrer noopener\">Prefeitura de Praia Grande<\/a><\/strong>.<\/p>\n\n\n\n<p>Com cerca de 330.000 habitantes, segundo o <strong>IBGE<\/strong>, a cidade oferece sistema de sa\u00fade estruturado e educa\u00e7\u00e3o de qualidade. A seguran\u00e7a \u00e9 refor\u00e7ada em \u00e1reas residenciais e na orla.<\/p>\n\n\n\n<p>O custo de vida \u00e9 mais acess\u00edvel que na capital <strong>S\u00e3o Paulo<\/strong>, especialmente em moradia. O transporte p\u00fablico conecta eficientemente os bairros \u00e0 orla e ao centro.<\/p>\n\n\n\n<p>A qualidade de vida se destaca pelo acesso \u00e0s praias e equipamentos de lazer. O clima litor\u00e2neo favorece atividades ao ar livre durante todo o ano.<\/p>\n\n\n\n<figure class=\"wp-block-image aligncenter size-large\"><img decoding=\"async\" width=\"1024\" height=\"576\" src=\"https:\/\/www.correiobraziliense.com.br\/cbradar\/wp-content\/uploads\/2025\/07\/Edicoes-76-1024x576.png\" alt=\"A cidade brasileira perfeita para viver bem com sua fam\u00edlia sem gastar muito\" class=\"wp-image-75819\" srcset=\"https:\/\/www.correiobraziliense.com.br\/cbradar\/wp-content\/uploads\/2025\/07\/Edicoes-76-1024x576.png 1024w, https:\/\/www.correiobraziliense.com.br\/cbradar\/wp-content\/uploads\/2025\/07\/Edicoes-76-300x169.png 300w, https:\/\/www.correiobraziliense.com.br\/cbradar\/wp-content\/uploads\/2025\/07\/Edicoes-76-768x432.png 768w, https:\/\/www.correiobraziliense.com.br\/cbradar\/wp-content\/uploads\/2025\/07\/Edicoes-76-750x422.png 750w, https:\/\/www.correiobraziliense.com.br\/cbradar\/wp-content\/uploads\/2025\/07\/Edicoes-76-1140x641.png 1140w, https:\/\/www.correiobraziliense.com.br\/cbradar\/wp-content\/uploads\/2025\/07\/Edicoes-76.png 1280w\" sizes=\"(max-width: 1024px) 100vw, 1024px\" \/><figcaption class=\"wp-element-caption\">Praia Grande, SP \/\/ Cr\u00e9ditos: YouTube @falavininhu\n<\/figcaption><\/figure>\n\n\n\n<h2 class=\"wp-block-heading\">Quais s\u00e3o os melhores bairros para morar em Praia Grande?<\/h2>\n\n\n\n<p>O <strong>Boqueir\u00e3o<\/strong> \u00e9 vibrante, com com\u00e9rcio intenso e acesso \u00e0 <strong>Praia do Boqueir\u00e3o<\/strong>. Ideal para quem busca praticidade e proximidade ao mar.<\/p>\n\n\n\n<p>A <strong>Guilhermina<\/strong> oferece tranquilidade residencial e boa infraestrutura. \u00c9 perfeita para fam\u00edlias que valorizam qualidade de vida.<\/p>\n\n\n\n<p>O <strong>Canto do Forte<\/strong> combina sofistica\u00e7\u00e3o e conveni\u00eancia urbana. Concentra edif\u00edcios modernos e estabelecimentos gastron\u00f4micos.<\/p>\n\n\n\n<p>A <strong>Avia\u00e7\u00e3o<\/strong> atrai moradores pela proximidade ao aeroporto e facilidade de acesso. Oferece op\u00e7\u00f5es residenciais variadas e crescimento imobili\u00e1rio.<\/p>\n\n\n\n<p><strong>Vila S\u00f4nia<\/strong> \u00e9 tradicional, com ambiente familiar e com\u00e9rcio local consolidado. Proporciona vida comunit\u00e1ria e custos mais acess\u00edveis.<\/p>\n\n\n\n<ul class=\"wp-block-list\">\n<li><strong>Boqueir\u00e3o<\/strong>: Centro comercial e tur\u00edstico da cidade<\/li>\n\n\n\n<li><strong>Guilhermina<\/strong>: Bairro residencial com boa infraestrutura<\/li>\n\n\n\n<li><strong>Canto do Forte<\/strong>: \u00c1rea nobre com edif\u00edcios modernos<\/li>\n\n\n\n<li><strong>Avia\u00e7\u00e3o<\/strong>: Proximidade ao aeroporto e crescimento<\/li>\n\n\n\n<li><strong>Vila S\u00f4nia<\/strong>: Tradicional com ambiente familiar<\/li>\n<\/ul>\n\n\n\n<figure class=\"wp-block-embed aligncenter is-type-video is-provider-youtube wp-block-embed-youtube wp-embed-aspect-16-9 wp-has-aspect-ratio\"><div class=\"wp-block-embed__wrapper\">\n<div class=\"jeg_video_container jeg_video_content\"><iframe loading=\"lazy\" title=\"PRAIA GRANDE EM S\u00c3O PAULO \ud83c\udde7\ud83c\uddf7 4K ULTRA HD\" width=\"500\" height=\"281\" src=\"https:\/\/www.youtube.com\/embed\/NE451yWbg8c?start=8&#038;feature=oembed\" frameborder=\"0\" allow=\"accelerometer; autoplay; clipboard-write; encrypted-media; gyroscope; picture-in-picture; web-share\" referrerpolicy=\"strict-origin-when-cross-origin\" allowfullscreen><\/iframe><\/div>\n<\/div><figcaption class=\"wp-element-caption\">Praia Grande \/\/ Cr\u00e9ditos: YouTube @falavininhu<\/figcaption><\/figure>\n\n\n\n<h2 class=\"wp-block-heading\">Quais s\u00e3o as principais atra\u00e7\u00f5es tur\u00edsticas de Praia Grande?<\/h2>\n\n\n\n<p>A <strong>Praia do Boqueir\u00e3o<\/strong> encanta com sua extens\u00e3o e infraestrutura completa. \u00c9 o principal cart\u00e3o-postal, segundo o <strong>Melhores Destinos<\/strong>.<\/p>\n\n\n\n<p>O <strong>Aqu\u00e1rio Municipal<\/strong> fascina visitantes com esp\u00e9cies marinhas da costa brasileira. Oferece educa\u00e7\u00e3o ambiental e entretenimento para toda fam\u00edlia.<\/p>\n\n\n\n<p>A <strong>Fortaleza de Itaipu<\/strong> preserva hist\u00f3ria militar do s\u00e9culo XVIII. Proporciona vista panor\u00e2mica da entrada do <strong>Porto de Santos<\/strong>.<\/p>\n\n\n\n<p>O <strong>Pal\u00e1cio das Artes<\/strong> promove cultura com exposi\u00e7\u00f5es e apresenta\u00e7\u00f5es. \u00c9 refer\u00eancia cultural na <strong>Baixada Santista<\/strong>.<\/p>\n\n\n\n<p>A <strong>Praia da Avia\u00e7\u00e3o<\/strong> atrai esportistas com condi\u00e7\u00f5es ideais para surfe. Concentra escolinhas e competi\u00e7\u00f5es aqu\u00e1ticas.<\/p>\n\n\n\n<ul class=\"wp-block-list\">\n<li><strong>Praia do Boqueir\u00e3o<\/strong>: Principal praia com infraestrutura completa<\/li>\n\n\n\n<li><strong>Aqu\u00e1rio Municipal<\/strong>: Educa\u00e7\u00e3o ambiental e esp\u00e9cies marinhas<\/li>\n\n\n\n<li><strong>Fortaleza de Itaipu<\/strong>: Hist\u00f3ria militar e vista panor\u00e2mica<\/li>\n\n\n\n<li><strong>Pal\u00e1cio das Artes<\/strong>: Centro cultural com exposi\u00e7\u00f5es<\/li>\n\n\n\n<li><strong>Praia da Avia\u00e7\u00e3o<\/strong>: Ideal para esportes aqu\u00e1ticos<\/li>\n<\/ul>\n\n\n<div class=\"wp-block-image\">\n<figure class=\"aligncenter size-large\"><img decoding=\"async\" width=\"1024\" height=\"576\" src=\"https:\/\/www.correiobraziliense.com.br\/cbradar\/wp-content\/uploads\/2025\/05\/Edicoes-44-1024x576.png\" alt=\"Esse peda\u00e7o do litoral paulista surpreende pelo n\u00edvel de bem-estar\" class=\"wp-image-45111\" srcset=\"https:\/\/www.correiobraziliense.com.br\/cbradar\/wp-content\/uploads\/2025\/05\/Edicoes-44-1024x576.png 1024w, https:\/\/www.correiobraziliense.com.br\/cbradar\/wp-content\/uploads\/2025\/05\/Edicoes-44-300x169.png 300w, https:\/\/www.correiobraziliense.com.br\/cbradar\/wp-content\/uploads\/2025\/05\/Edicoes-44-768x432.png 768w, https:\/\/www.correiobraziliense.com.br\/cbradar\/wp-content\/uploads\/2025\/05\/Edicoes-44-750x422.png 750w, https:\/\/www.correiobraziliense.com.br\/cbradar\/wp-content\/uploads\/2025\/05\/Edicoes-44-1140x641.png 1140w, https:\/\/www.correiobraziliense.com.br\/cbradar\/wp-content\/uploads\/2025\/05\/Edicoes-44.png 1280w\" sizes=\"(max-width: 1024px) 100vw, 1024px\" \/><figcaption class=\"wp-element-caption\">Praia Grande, S\u00e3o Paulo \/\/ Reprodu\u00e7\u00e3o: Wikip\u00e9dia<\/figcaption><\/figure><\/div>\n\n\n<h2 class=\"wp-block-heading\">Como \u00e9 a vida cultural em Praia Grande?<\/h2>\n\n\n\n<p><strong>Praia Grande<\/strong> vibra com o <strong>Festival de Inverno<\/strong>, que re\u00fane m\u00fasica e gastronomia na orla. Feiras na <strong>Pra\u00e7a da Paz<\/strong> oferecem artesanato e produtos locais.<\/p>\n\n\n\n<p>A <strong>Casa da Cultura<\/strong> promove oficinas e espet\u00e1culos durante todo o ano. O carnaval de rua movimenta os bairros com blocos tradicionais.<\/p>\n\n\n\n<p>A gastronomia destaca frutos do mar em restaurantes especializados. O <strong>Mercado de Peixe<\/strong> oferece produtos frescos e pratos t\u00edpicos.<\/p>\n\n\n\n<h2 class=\"wp-block-heading\">Por que Praia Grande \u00e9 refer\u00eancia em turismo de sol e praia?<\/h2>\n\n\n\n<p><strong>Praia Grande<\/strong> \u00e9 conhecida por sua infraestrutura hoteleira, segundo o <strong>Minist\u00e9rio do Turismo<\/strong>. Concentra a maior rede hoteleira \u00e0 beira-mar do <strong>Brasil<\/strong>.<\/p>\n\n\n\n<p>Os 32 km de praias oferecem op\u00e7\u00f5es para todos os gostos. Da <strong>Praia do Forte<\/strong> ao <strong>Solemar<\/strong>, cada trecho tem caracter\u00edsticas \u00fanicas.<\/p>\n\n\n\n<figure class=\"wp-block-image aligncenter size-large\"><img decoding=\"async\" width=\"1024\" height=\"576\" src=\"https:\/\/www.correiobraziliense.com.br\/cbradar\/wp-content\/uploads\/2025\/07\/Edicoes-77-1024x576.png\" alt=\"A cidade brasileira perfeita para viver bem com sua fam\u00edlia sem gastar muito\" class=\"wp-image-75822\" srcset=\"https:\/\/www.correiobraziliense.com.br\/cbradar\/wp-content\/uploads\/2025\/07\/Edicoes-77-1024x576.png 1024w, https:\/\/www.correiobraziliense.com.br\/cbradar\/wp-content\/uploads\/2025\/07\/Edicoes-77-300x169.png 300w, https:\/\/www.correiobraziliense.com.br\/cbradar\/wp-content\/uploads\/2025\/07\/Edicoes-77-768x432.png 768w, https:\/\/www.correiobraziliense.com.br\/cbradar\/wp-content\/uploads\/2025\/07\/Edicoes-77-750x422.png 750w, https:\/\/www.correiobraziliense.com.br\/cbradar\/wp-content\/uploads\/2025\/07\/Edicoes-77-1140x641.png 1140w, https:\/\/www.correiobraziliense.com.br\/cbradar\/wp-content\/uploads\/2025\/07\/Edicoes-77.png 1280w\" sizes=\"(max-width: 1024px) 100vw, 1024px\" \/><figcaption class=\"wp-element-caption\">Praia Grande, SP \/\/ Cr\u00e9ditos: YouTube @falavininhu\n<\/figcaption><\/figure>\n\n\n\n<h2 class=\"wp-block-heading\">A origem do nome Praia Grande<\/h2>\n\n\n\n<p><strong>Praia Grande<\/strong> ganhou o nome pela extens\u00e3o cont\u00ednua de sua orla mar\u00edtima. A denomina\u00e7\u00e3o surgiu no s\u00e9culo XVI, quando navegadores portugueses avistaram a longa faixa de areia.<\/p>\n\n\n\n<p>Antes da urbaniza\u00e7\u00e3o, era conhecida como <strong>Freguesia de S\u00e3o Jo\u00e3o Batista<\/strong>. O crescimento tur\u00edstico consolidou o nome atual na d\u00e9cada de 1960.<\/p>\n\n\n\n<h2 class=\"wp-block-heading\">Melhor \u00e9poca para visitar Praia Grande?<\/h2>\n\n\n\n<p>Entre <strong>dezembro<\/strong> e <strong>mar\u00e7o<\/strong>, <strong>Praia Grande<\/strong> tem temperaturas entre 24\u202f\u00b0C e 30\u202f\u00b0C, segundo o <strong>Climatempo<\/strong>. O ver\u00e3o \u00e9 ideal para aproveitar as praias e atividades aqu\u00e1ticas.<\/p>\n\n\n\n<p>Os meses de <strong>junho<\/strong> a <strong>agosto<\/strong> oferecem clima mais ameno, entre 18\u202f\u00b0C e 24\u202f\u00b0C. \u00c9 o per\u00edodo perfeito para caminhadas na orla e turismo cultural.<\/p>\n\n\n\n<p><strong>Setembro<\/strong> a <strong>novembro<\/strong> combina temperaturas agrad\u00e1veis com menos movimento. A primavera favorece a pr\u00e1tica de esportes e eventos ao ar livre.<\/p>\n\n\n\n<p><strong><strong>Leia tamb\u00e9m: <a href=\"https:\/\/www.correiobraziliense.com.br\/cbradar\/a-ilha-da-magia-brasileira-oferece-qualidade-de-vida-que-vai-alem-das-praias\/\" target=\"_blank\" rel=\"noreferrer noopener\">A Ilha da Magia brasileira oferece qualidade de vida que vai al\u00e9m das praias.<\/a><\/strong><\/strong><\/p>\n\n\n\n<h2 class=\"wp-block-heading\">Vivencie Praia Grande<\/h2>\n\n\n\n<p><strong>Praia Grande<\/strong> une mar, cultura e qualidade de vida em <strong>S\u00e3o Paulo<\/strong>. Do <strong>Aqu\u00e1rio Municipal<\/strong> ao <strong>Festival de Inverno<\/strong>, \u00e9 um destino vibrante. Planeje sua mudan\u00e7a para viver o charme litor\u00e2neo de <strong>Praia Grande<\/strong>.<\/p>\n\n\n\n<ul class=\"wp-block-list\">\n<li>Infraestrutura tur\u00edstica consolidada<\/li>\n\n\n\n<li>32 km de praias variadas<\/li>\n\n\n\n<li>Custo de vida acess\u00edvel<\/li>\n<\/ul>\n","protected":false},"excerpt":{"rendered":"<p>Praia Grande, na Baixada Santista de S\u00e3o Paulo, Brasil, a 65 km de S\u00e3o Paulo e pr\u00f3xima a Santos e S\u00e3o Vicente, \u00e9 conhecida como \u201cCapital dos Hot\u00e9is de Frente para o Mar\u201d. Com 32 km de praias e infraestrutura tur\u00edstica consolidada, a cidade \u00e9 ideal para morar e curtir o litoral. Conhe\u00e7a o que [&hellip;]<\/p>\n","protected":false},"author":8,"featured_media":75825,"comment_status":"open","ping_status":"open","sticky":false,"template":"","format":"standard","meta":{"_yoast_wpseo_focuskw":"cidade","_yoast_wpseo_title":"","_yoast_wpseo_metadesc":"A cidade do litoral paulista que une praias incr\u00edveis, tranquilidade e custo de vida acess\u00edvel, sendo perfeita para viver bem gastando pouco.","jnews-multi-image_gallery":[],"jnews_single_post":{"format":"standard"},"jnews_primary_category":[],"jnews_social_meta":[],"jnews_override_counter":[],"footnotes":""},"categories":[108,111],"post_tag":[10361,10360,247,278],"class_list":["post-106276","post","type-post","status-publish","format-standard","has-post-thumbnail","hentry","category-cidades","category-turismo","tag-custo-acessivel","tag-paraia-grande","tag-qualidade-de-vida","tag-sao-paulo"],"yoast_head":"<!-- This site is optimized with the Yoast SEO plugin v24.6 - https:\/\/yoast.com\/wordpress\/plugins\/seo\/ -->\n<title>A cidade do litoral paulista perfeita para viver bem sem gastar muito - Correio Braziliense - Radar<\/title>\n<meta name=\"description\" content=\"A cidade do litoral paulista que une praias incr\u00edveis, tranquilidade e custo de vida acess\u00edvel, sendo perfeita para viver bem gastando pouco.\" \/>\n<meta name=\"robots\" content=\"index, follow, max-snippet:-1, max-image-preview:large, max-video-preview:-1\" \/>\n<link rel=\"canonical\" href=\"https:\/\/www.correiobraziliense.com.br\/cbradar\/a-cidade-do-litoral-paulista-perfeita-para-viver-bem-sem-gastar-muito\/\" \/>\n<meta property=\"og:locale\" content=\"pt_BR\" \/>\n<meta property=\"og:type\" content=\"article\" \/>\n<meta property=\"og:title\" content=\"A cidade do litoral paulista perfeita para viver bem sem gastar muito - Correio Braziliense - Radar\" \/>\n<meta property=\"og:description\" content=\"A cidade do litoral paulista que une praias incr\u00edveis, tranquilidade e custo de vida acess\u00edvel, sendo perfeita para viver bem gastando pouco.\" \/>\n<meta property=\"og:url\" content=\"https:\/\/www.correiobraziliense.com.br\/cbradar\/a-cidade-do-litoral-paulista-perfeita-para-viver-bem-sem-gastar-muito\/\" \/>\n<meta property=\"og:site_name\" content=\"Correio Braziliense - Radar\" \/>\n<meta property=\"article:published_time\" content=\"2025-09-20T19:33:00+00:00\" \/>\n<meta property=\"og:image\" content=\"https:\/\/www.correiobraziliense.com.br\/cbradar\/wp-content\/uploads\/2025\/07\/Edicoes-78.png\" \/>\n\t<meta property=\"og:image:width\" content=\"1280\" \/>\n\t<meta property=\"og:image:height\" content=\"720\" \/>\n\t<meta property=\"og:image:type\" content=\"image\/png\" \/>\n<meta name=\"author\" content=\"Maura Pereira\" \/>\n<meta name=\"twitter:card\" content=\"summary_large_image\" \/>\n<meta name=\"twitter:label1\" content=\"Escrito por\" \/>\n\t<meta name=\"twitter:data1\" content=\"Maura Pereira\" \/>\n\t<meta name=\"twitter:label2\" content=\"Est. tempo de leitura\" \/>\n\t<meta name=\"twitter:data2\" content=\"6 minutos\" \/>\n<!-- \/ Yoast SEO plugin. -->","yoast_head_json":{"title":"A cidade do litoral paulista perfeita para viver bem sem gastar muito - Correio Braziliense - Radar","description":"A cidade do litoral paulista que une praias incr\u00edveis, tranquilidade e custo de vida acess\u00edvel, sendo perfeita para viver bem gastando pouco.","robots":{"index":"index","follow":"follow","max-snippet":"max-snippet:-1","max-image-preview":"max-image-preview:large","max-video-preview":"max-video-preview:-1"},"canonical":"https:\/\/www.correiobraziliense.com.br\/cbradar\/a-cidade-do-litoral-paulista-perfeita-para-viver-bem-sem-gastar-muito\/","og_locale":"pt_BR","og_type":"article","og_title":"A cidade do litoral paulista perfeita para viver bem sem gastar muito - Correio Braziliense - Radar","og_description":"A cidade do litoral paulista que une praias incr\u00edveis, tranquilidade e custo de vida acess\u00edvel, sendo perfeita para viver bem gastando pouco.","og_url":"https:\/\/www.correiobraziliense.com.br\/cbradar\/a-cidade-do-litoral-paulista-perfeita-para-viver-bem-sem-gastar-muito\/","og_site_name":"Correio Braziliense - Radar","article_published_time":"2025-09-20T19:33:00+00:00","og_image":[{"width":1280,"height":720,"url":"https:\/\/www.correiobraziliense.com.br\/cbradar\/wp-content\/uploads\/2025\/07\/Edicoes-78.png","type":"image\/png"}],"author":"Maura Pereira","twitter_card":"summary_large_image","twitter_misc":{"Escrito por":"Maura Pereira","Est. tempo de leitura":"6 minutos"},"schema":{"@context":"https:\/\/schema.org","@graph":[{"@type":"WebPage","@id":"https:\/\/www.correiobraziliense.com.br\/cbradar\/a-cidade-do-litoral-paulista-perfeita-para-viver-bem-sem-gastar-muito\/","url":"https:\/\/www.correiobraziliense.com.br\/cbradar\/a-cidade-do-litoral-paulista-perfeita-para-viver-bem-sem-gastar-muito\/","name":"A cidade do litoral paulista perfeita para viver bem sem gastar muito - Correio Braziliense - Radar","isPartOf":{"@id":"https:\/\/www.correiobraziliense.com.br\/cbradar\/#website"},"primaryImageOfPage":{"@id":"https:\/\/www.correiobraziliense.com.br\/cbradar\/a-cidade-do-litoral-paulista-perfeita-para-viver-bem-sem-gastar-muito\/#primaryimage"},"image":{"@id":"https:\/\/www.correiobraziliense.com.br\/cbradar\/a-cidade-do-litoral-paulista-perfeita-para-viver-bem-sem-gastar-muito\/#primaryimage"},"thumbnailUrl":"https:\/\/www.correiobraziliense.com.br\/cbradar\/wp-content\/uploads\/2025\/07\/Edicoes-78.png","datePublished":"2025-09-20T19:33:00+00:00","author":{"@id":"https:\/\/www.correiobraziliense.com.br\/cbradar\/#\/schema\/person\/4053c651a9bfc785afc6f4cbc9032fd3"},"description":"A cidade do litoral paulista que une praias incr\u00edveis, tranquilidade e custo de vida acess\u00edvel, sendo perfeita para viver bem gastando pouco.","breadcrumb":{"@id":"https:\/\/www.correiobraziliense.com.br\/cbradar\/a-cidade-do-litoral-paulista-perfeita-para-viver-bem-sem-gastar-muito\/#breadcrumb"},"inLanguage":"pt-BR","potentialAction":[{"@type":"ReadAction","target":["https:\/\/www.correiobraziliense.com.br\/cbradar\/a-cidade-do-litoral-paulista-perfeita-para-viver-bem-sem-gastar-muito\/"]}]},{"@type":"ImageObject","inLanguage":"pt-BR","@id":"https:\/\/www.correiobraziliense.com.br\/cbradar\/a-cidade-do-litoral-paulista-perfeita-para-viver-bem-sem-gastar-muito\/#primaryimage","url":"https:\/\/www.correiobraziliense.com.br\/cbradar\/wp-content\/uploads\/2025\/07\/Edicoes-78.png","contentUrl":"https:\/\/www.correiobraziliense.com.br\/cbradar\/wp-content\/uploads\/2025\/07\/Edicoes-78.png","width":1280,"height":720,"caption":"Praia Grande, SP oferece divers\u00e3o, natureza e qualidade de vida em um dos principais destinos do litoral. \/\/ Cr\u00e9ditos: YouTube @falavininhu"},{"@type":"BreadcrumbList","@id":"https:\/\/www.correiobraziliense.com.br\/cbradar\/a-cidade-do-litoral-paulista-perfeita-para-viver-bem-sem-gastar-muito\/#breadcrumb","itemListElement":[{"@type":"ListItem","position":1,"name":"In\u00edcio","item":"https:\/\/www.correiobraziliense.com.br\/cbradar\/"},{"@type":"ListItem","position":2,"name":"A cidade do litoral paulista perfeita para viver bem sem gastar muito"}]},{"@type":"WebSite","@id":"https:\/\/www.correiobraziliense.com.br\/cbradar\/#website","url":"https:\/\/www.correiobraziliense.com.br\/cbradar\/","name":"Correio Braziliense - Radar","description":"Acompanhe as \u00faltimas not\u00edcias e fique bem informado sobre tudo o que acontece no Brasil e no mundo.","potentialAction":[{"@type":"SearchAction","target":{"@type":"EntryPoint","urlTemplate":"https:\/\/www.correiobraziliense.com.br\/cbradar\/?s={search_term_string}"},"query-input":{"@type":"PropertyValueSpecification","valueRequired":true,"valueName":"search_term_string"}}],"inLanguage":"pt-BR"},{"@type":"Person","@id":"https:\/\/www.correiobraziliense.com.br\/cbradar\/#\/schema\/person\/4053c651a9bfc785afc6f4cbc9032fd3","name":"Maura Pereira","image":{"@type":"ImageObject","inLanguage":"pt-BR","@id":"https:\/\/www.correiobraziliense.com.br\/cbradar\/#\/schema\/person\/image\/","url":"https:\/\/secure.gravatar.com\/avatar\/3effd6bdadfa447f15089c7f7144eaa6?s=96&d=mm&r=g","contentUrl":"https:\/\/secure.gravatar.com\/avatar\/3effd6bdadfa447f15089c7f7144eaa6?s=96&d=mm&r=g","caption":"Maura Pereira"},"sameAs":["https:\/\/www.correiobraziliense.com.br\/"],"url":"https:\/\/www.correiobraziliense.com.br\/cbradar\/author\/mauramyth\/"}]}},"_links":{"self":[{"href":"https:\/\/www.correiobraziliense.com.br\/cbradar\/wp-json\/wp\/v2\/posts\/106276","targetHints":{"allow":["GET"]}}],"collection":[{"href":"https:\/\/www.correiobraziliense.com.br\/cbradar\/wp-json\/wp\/v2\/posts"}],"about":[{"href":"https:\/\/www.correiobraziliense.com.br\/cbradar\/wp-json\/wp\/v2\/types\/post"}],"author":[{"embeddable":true,"href":"https:\/\/www.correiobraziliense.com.br\/cbradar\/wp-json\/wp\/v2\/users\/8"}],"replies":[{"embeddable":true,"href":"https:\/\/www.correiobraziliense.com.br\/cbradar\/wp-json\/wp\/v2\/comments?post=106276"}],"version-history":[{"count":9,"href":"https:\/\/www.correiobraziliense.com.br\/cbradar\/wp-json\/wp\/v2\/posts\/106276\/revisions"}],"predecessor-version":[{"id":106390,"href":"https:\/\/www.correiobraziliense.com.br\/cbradar\/wp-json\/wp\/v2\/posts\/106276\/revisions\/106390"}],"wp:featuredmedia":[{"embeddable":true,"href":"https:\/\/www.correiobraziliense.com.br\/cbradar\/wp-json\/wp\/v2\/media\/75825"}],"wp:attachment":[{"href":"https:\/\/www.correiobraziliense.com.br\/cbradar\/wp-json\/wp\/v2\/media?parent=106276"}],"wp:term":[{"taxonomy":"category","embeddable":true,"href":"https:\/\/www.correiobraziliense.com.br\/cbradar\/wp-json\/wp\/v2\/categories?post=106276"},{"taxonomy":"post_tag","embeddable":true,"href":"https:\/\/www.correiobraziliense.com.br\/cbradar\/wp-json\/wp\/v2\/post_tag?post=106276"}],"curies":[{"name":"wp","href":"https:\/\/api.w.org\/{rel}","templated":true}]}}