{"id":10638,"date":"2025-03-10T06:10:00","date_gmt":"2025-03-10T09:10:00","guid":{"rendered":"https:\/\/www.correiobraziliense.com.br\/cbradar\/?p=10638"},"modified":"2025-03-08T22:11:36","modified_gmt":"2025-03-09T01:11:36","slug":"como-plantar-em-casa-os-melhores-chas-para-emagrecer","status":"publish","type":"post","link":"https:\/\/www.correiobraziliense.com.br\/cbradar\/como-plantar-em-casa-os-melhores-chas-para-emagrecer\/","title":{"rendered":"Como plantar em casa os melhores ch\u00e1s para emagrecer?"},"content":{"rendered":"\n<p>Os ch\u00e1s para emagrecer t\u00eam ganhado popularidade como uma alternativa natural para auxiliar na perda de peso. Em <strong>2025<\/strong>, algumas das op\u00e7\u00f5es mais recomendadas incluem o <strong>ch\u00e1 verde, <a href=\"https:\/\/pt.wikipedia.org\/wiki\/Erva-mate\" target=\"_blank\" rel=\"noreferrer noopener\">mate verde (erva-mate)<\/a>, s\u00e1lvia, <a href=\"https:\/\/www.correiobraziliense.com.br\/cbradar\/saiba-como-plantar-hortela-em-casa-de-forma-simples-e-facil\/\" target=\"_blank\" rel=\"noreferrer noopener\">hortel\u00e3<\/a>, gengibre, guaran\u00e1, carqueja e alecrim<\/strong>. Cada um desses ch\u00e1s tem suas formas de plantar, al\u00e9m de oferecer benef\u00edcios \u00fanicos que podem ajudar no processo de emagrecimento.<\/p>\n\n\n\n<p>Al\u00e9m de suas propriedades emagrecedoras, muitos desses ch\u00e1s podem ser cultivados em casa, tornando-se uma op\u00e7\u00e3o pr\u00e1tica e sustent\u00e1vel. A seguir, exploraremos os benef\u00edcios de cada ch\u00e1 e como cultiv\u00e1-los em seu pr\u00f3prio jardim.<\/p>\n\n\n\n<h2 class=\"wp-block-heading\"><strong>Os ch\u00e1s realmente ajudam no emagrecimento? Mito ou verdade?<\/strong><\/h2>\n\n\n\n<p>Os ch\u00e1s s\u00e3o amplamente conhecidos por seus benef\u00edcios \u00e0 sa\u00fade, e muitos deles podem auxiliar no emagrecimento e na redu\u00e7\u00e3o do incha\u00e7o abdominal. No entanto, \u00e9 importante entender que eles n\u00e3o fazem milagres sozinhos. Seu efeito \u00e9 potencializado quando combinados com uma alimenta\u00e7\u00e3o equilibrada e a pr\u00e1tica de exerc\u00edcios f\u00edsicos.<\/p>\n\n\n\n<p>Algumas ervas possuem propriedades espec\u00edficas que podem contribuir para a perda de peso e a elimina\u00e7\u00e3o de l\u00edquidos retidos no organismo. Entre os principais benef\u00edcios dos ch\u00e1s, destacam-se:<\/p>\n\n\n\n<p><strong>Efeito termog\u00eanico<\/strong> \u2013 Alguns ch\u00e1s aceleram o metabolismo, favorecendo a queima de gordura.<br><strong>A\u00e7\u00e3o diur\u00e9tica<\/strong> \u2013 Ajudam na elimina\u00e7\u00e3o do excesso de l\u00edquidos, reduzindo o incha\u00e7o.<br><strong>Melhora da digest\u00e3o<\/strong> \u2013 Contribuem para um melhor funcionamento do intestino, evitando desconfortos como gases e sensa\u00e7\u00e3o de estufamento.<br><strong>Redu\u00e7\u00e3o do apetite<\/strong> \u2013 Algumas ervas proporcionam maior saciedade, ajudando no controle da fome.<\/p>\n\n\n<div class=\"wp-block-image\">\n<figure class=\"aligncenter size-large\"><img decoding=\"async\" width=\"1024\" height=\"576\" src=\"https:\/\/www.correiobraziliense.com.br\/cbradar\/wp-content\/uploads\/2025\/03\/cha-emagrecimento_1741480963195-1024x576.jpg\" alt=\"\" class=\"wp-image-10646\" srcset=\"https:\/\/www.correiobraziliense.com.br\/cbradar\/wp-content\/uploads\/2025\/03\/cha-emagrecimento_1741480963195-1024x576.jpg 1024w, https:\/\/www.correiobraziliense.com.br\/cbradar\/wp-content\/uploads\/2025\/03\/cha-emagrecimento_1741480963195-300x169.jpg 300w, https:\/\/www.correiobraziliense.com.br\/cbradar\/wp-content\/uploads\/2025\/03\/cha-emagrecimento_1741480963195-768x432.jpg 768w, https:\/\/www.correiobraziliense.com.br\/cbradar\/wp-content\/uploads\/2025\/03\/cha-emagrecimento_1741480963195-750x422.jpg 750w, https:\/\/www.correiobraziliense.com.br\/cbradar\/wp-content\/uploads\/2025\/03\/cha-emagrecimento_1741480963195-1140x641.jpg 1140w, https:\/\/www.correiobraziliense.com.br\/cbradar\/wp-content\/uploads\/2025\/03\/cha-emagrecimento_1741480963195.jpg 1280w\" sizes=\"(max-width: 1024px) 100vw, 1024px\" \/><figcaption class=\"wp-element-caption\">Cr\u00e9ditos: depositphotos.com \/ serezniy<\/figcaption><\/figure><\/div>\n\n\n<h2 class=\"wp-block-heading\"><strong>Quais os benef\u00edcios da hortel\u00e3 e como cultivar?<\/strong><\/h2>\n\n\n\n<p><strong>Benef\u00edcios:<\/strong>&nbsp;A hortel\u00e3 \u00e9 excelente para a digest\u00e3o e pode ajudar a reduzir o apetite. Seu aroma refrescante tamb\u00e9m \u00e9 conhecido por aliviar o estresse.<\/p>\n\n\n\n<p><strong>Como plantar:<\/strong>\u00a0A hortel\u00e3 cresce bem em solos \u00famidos e sombreados. As mudas podem ser plantadas a uma dist\u00e2ncia de 30 cm umas das outras para permitir o crescimento adequado.<\/p>\n\n\n\n<ul class=\"wp-block-list\">\n<li>Embora possa ser cultivada por sementes, o cultivo por estacas \u00e9 mais r\u00e1pido e eficaz.<\/li>\n\n\n\n<li>Compre mudas ou corte estacas de uma planta adulta saud\u00e1vel.<\/li>\n\n\n\n<li><strong>Clima<\/strong>: Prefere clima ameno, entre <strong>15\u00b0C e 25\u00b0C<\/strong>, mas \u00e9 bastante resistente e pode crescer em climas variados.<\/li>\n\n\n\n<li><strong>Solo<\/strong>: Gosta de solo f\u00e9rtil, bem drenado e \u00famido. Adicionando composto ou mat\u00e9ria org\u00e2nica, o solo fica mais prop\u00edcio para o crescimento.<\/li>\n\n\n\n<li><strong>Ilumina\u00e7\u00e3o<\/strong>: Gosta de sol pleno ou sombra parcial. Se cultivada no vaso, \u00e9 importante deix\u00e1-la em local com boa luz, mas sem muito sol direto.<\/li>\n\n\n\n<li><strong>Rega<\/strong>: A hortel\u00e3 gosta de solo \u00famido, ent\u00e3o regue regularmente, especialmente em per\u00edodos secos. Por\u00e9m, evite encharcar a terra.<\/li>\n<\/ul>\n\n\n\n<ol class=\"wp-block-list\">\n<li><strong>Plantar por estacas<\/strong>:\n<ul class=\"wp-block-list\">\n<li>Corte um galho saud\u00e1vel com cerca de 10 cm de comprimento.<\/li>\n\n\n\n<li>Plante em solo \u00famido e bem drenado, enterrando o galho at\u00e9 metade.<\/li>\n\n\n\n<li>Se preferir, pode colocar o galho em \u00e1gua at\u00e9 que comece a soltar ra\u00edzes e, ent\u00e3o, plantar no solo.<\/li>\n<\/ul>\n<\/li>\n\n\n\n<li><strong>Plantar em vaso<\/strong>:\n<ul class=\"wp-block-list\">\n<li>Se preferir cultivar em vaso, escolha um recipiente com boa drenagem e coloque um substrato leve.<\/li>\n\n\n\n<li>A hortel\u00e3 pode crescer bastante, ent\u00e3o escolha um vaso grande o suficiente.<\/li>\n<\/ul>\n<\/li>\n\n\n\n<li><strong>Plantar em solo<\/strong>:\n<ul class=\"wp-block-list\">\n<li>Plante em canteiros ou em \u00e1reas do jardim com boa drenagem e um pouco de sombra, especialmente em regi\u00f5es de calor intenso.<\/li>\n<\/ul>\n<\/li>\n<\/ol>\n\n\n\n<ul class=\"wp-block-list\">\n<li>A hortel\u00e3 cresce rapidamente e pode ser colhida em <strong>2 a 3 meses<\/strong> ap\u00f3s o plantio, dependendo das condi\u00e7\u00f5es.<\/li>\n\n\n\n<li>Para colher, basta cortar as folhas e ramos superiores, deixando a planta continuar crescendo. Ela se propaga facilmente, ent\u00e3o pode ser colhida v\u00e1rias vezes.<\/li>\n<\/ul>\n\n\n\n<h2 class=\"wp-block-heading\"><strong>Quais os benef\u00edcios do alecrim e como cultivar?<\/strong><\/h2>\n\n\n\n<p><strong>Benef\u00edcios:<\/strong>&nbsp;O alecrim \u00e9 conhecido por suas propriedades digestivas e diur\u00e9ticas, que podem ajudar na perda de peso. Ele tamb\u00e9m \u00e9 rico em antioxidantes.<\/p>\n\n\n\n<p><strong>Como plantar:<\/strong>\u00a0O alecrim pode ser cultivado em vasos ou no jardim. Ele prefere solos bem drenados e locais ensolarados. As mudas devem ser plantadas a uma dist\u00e2ncia de 50 cm umas das outras.<\/p>\n\n\n\n<ul class=\"wp-block-list\">\n<li>O alecrim pode ser cultivado por sementes, mudas ou estacas (galhos).<\/li>\n\n\n\n<li>O m\u00e9todo mais f\u00e1cil e r\u00e1pido \u00e9 por estacas de uma planta adulta.<\/li>\n\n\n\n<li><strong>Clima<\/strong>: Prefere temperaturas entre <strong>15\u00b0C<\/strong> e <strong>25\u00b0C<\/strong>, mas resiste a varia\u00e7\u00f5es.<\/li>\n\n\n\n<li><strong>Solo<\/strong>: Deve ser bem drenado, arenoso e com pH neutro ou levemente alcalino.<\/li>\n\n\n\n<li><strong>Ilumina\u00e7\u00e3o<\/strong>: Gosta de sol pleno, precisando de pelo menos 6 horas de luz di\u00e1ria.<\/li>\n\n\n\n<li><strong>Rega<\/strong>: O alecrim n\u00e3o gosta de excesso de \u00e1gua. Regue apenas quando o solo estiver seco.<\/li>\n<\/ul>\n\n\n\n<ol class=\"wp-block-list\">\n<li><strong>Por sementes<\/strong>: Plante as sementes em um vaso com terra bem drenada e mantenha \u00famido at\u00e9 a germina\u00e7\u00e3o (pode levar de 2 a 4 semanas).<\/li>\n\n\n\n<li><strong>Por estacas (galhos)<\/strong>: Pegue um galho de 10 a 15 cm de uma planta adulta e plante diretamente na terra. Esse m\u00e9todo acelera o crescimento.<\/li>\n<\/ol>\n\n\n\n<ul class=\"wp-block-list\">\n<li>O alecrim cresce lentamente e pode levar <strong>3 a 6 meses<\/strong> para estar pronto para a colheita.<\/li>\n\n\n\n<li>Para colher, corte apenas as pontas dos galhos, incentivando a planta a crescer mais.<\/li>\n<\/ul>\n\n\n\n<h2 class=\"wp-block-heading\"><strong>Quais os benef\u00edcios da carqueja e como cultivar?<\/strong><\/h2>\n\n\n\n<p><strong>Benef\u00edcios:<\/strong>&nbsp;A carqueja \u00e9 utilizada para melhorar a digest\u00e3o e desintoxicar o organismo, auxiliando na perda de peso. Ela tamb\u00e9m possui propriedades anti-inflamat\u00f3rias.<\/p>\n\n\n\n<p><strong>Como plantar:<\/strong>\u00a0A carqueja prefere solos arenosos e bem drenados. As sementes devem ser plantadas em locais ensolarados e regadas regularmente.<\/p>\n\n\n\n<ul class=\"wp-block-list\">\n<li>Pode ser cultivada a partir de sementes, mudas ou estacas retiradas de outra planta adulta.<\/li>\n\n\n\n<li>A forma mais f\u00e1cil de plantar \u00e9 por estacas, pois o crescimento \u00e9 mais r\u00e1pido.<\/li>\n\n\n\n<li><strong>Clima<\/strong>: Prefere temperaturas entre <strong>18\u00b0C<\/strong> e <strong>30\u00b0C<\/strong>, mas resiste a varia\u00e7\u00f5es clim\u00e1ticas.<\/li>\n\n\n\n<li><strong>Solo<\/strong>: Deve ser bem drenado e rico em mat\u00e9ria org\u00e2nica, mas n\u00e3o precisa de muitos nutrientes.<\/li>\n\n\n\n<li><strong>Ilumina\u00e7\u00e3o<\/strong>: Gosta de sol pleno, precisando de pelo menos <strong>6 horas di\u00e1rias<\/strong> de luz solar.<\/li>\n\n\n\n<li><strong>Rega<\/strong>: Mantenha o solo \u00famido, mas sem encharcar. Regue de 2 a 3 vezes por semana.<\/li>\n<\/ul>\n\n\n\n<ol class=\"wp-block-list\">\n<li>Se plantar por sementes, distribua-as na terra e cubra levemente com solo.<\/li>\n\n\n\n<li>Para estacas, plante um ramo de aproximadamente 15 cm diretamente no solo \u00famido.<\/li>\n\n\n\n<li>Mantenha o solo levemente \u00famido at\u00e9 que a planta se estabele\u00e7a.<\/li>\n<\/ol>\n\n\n\n<ul class=\"wp-block-list\">\n<li>A carqueja cresce r\u00e1pido e pode ser colhida em <strong>3 a 5 meses<\/strong> ap\u00f3s o plantio.<\/li>\n\n\n\n<li>Para colher, corte os ramos a cerca de <strong>10 cm do solo<\/strong>, permitindo que novas brota\u00e7\u00f5es surjam.<\/li>\n\n\n\n<li>As folhas podem ser usadas frescas ou secas para ch\u00e1s e infus\u00f5es.<\/li>\n<\/ul>\n\n\n\n<h2 class=\"wp-block-heading\"><strong>Quais os benef\u00edcios do ch\u00e1 verde e como cultivar?<\/strong><\/h2>\n\n\n\n<p><strong>Benef\u00edcios:<\/strong>&nbsp;O ch\u00e1 verde \u00e9 conhecido por suas propriedades antioxidantes e termog\u00eanicas, que ajudam a acelerar o metabolismo e queimar gordura. Ele tamb\u00e9m pode melhorar a sa\u00fade cardiovascular e aumentar a energia.<\/p>\n\n\n\n<p><strong>Como plantar:<\/strong>\u00a0Para cultivar ch\u00e1 verde em casa, \u00e9 necess\u00e1rio um solo bem drenado e um local com bastante luz solar. As sementes devem ser plantadas a uma profundidade de cerca de 1 cm e regadas regularmente.<\/p>\n\n\n\n<ul class=\"wp-block-list\">\n<li>O ch\u00e1 verde pode ser cultivado a partir de sementes ou mudas, mas mudas s\u00e3o a melhor op\u00e7\u00e3o para quem quer acelerar o cultivo.<\/li>\n\n\n\n<li><strong>Clima<\/strong>: A planta se adapta bem a climas tropicais e subtropicais. Prefere temperaturas entre <strong>15\u00b0C<\/strong> e <strong>30\u00b0C<\/strong>.<\/li>\n\n\n\n<li><strong>Solo<\/strong>: Deve ser bem drenado, rico em mat\u00e9ria org\u00e2nica e levemente \u00e1cido (pH entre 5,5 e 6,5).<\/li>\n\n\n\n<li><strong>Ilumina\u00e7\u00e3o<\/strong>: Gosta de luz indireta ou sol da manh\u00e3. Evite sol forte o dia todo.<\/li>\n\n\n\n<li><strong>Rega<\/strong>: Mantenha o solo \u00famido, mas sem encharcar. Regue de 2 a 3 vezes por semana.<\/li>\n\n\n\n<li>As folhas podem ser colhidas a partir do segundo ou terceiro ano da planta.<\/li>\n\n\n\n<li>Colha as folhas mais jovens, pois s\u00e3o as melhores para fazer ch\u00e1.<\/li>\n\n\n\n<li>Ap\u00f3s a colheita, as folhas devem ser secas \u00e0 sombra por algumas horas antes de serem utilizadas.<\/li>\n<\/ul>\n\n\n\n<h2 class=\"wp-block-heading\"><strong>Quais os benef\u00edcios do mate verde e como cultivar?<\/strong><\/h2>\n\n\n\n<p><strong>Benef\u00edcios:<\/strong>&nbsp;O mate verde \u00e9 rico em cafe\u00edna e antioxidantes, ajudando a aumentar a energia e promover a queima de gordura. Tamb\u00e9m pode melhorar a concentra\u00e7\u00e3o e reduzir o apetite.<\/p>\n\n\n\n<p><strong>Como plantar:<\/strong>\u00a0O mate verde prefere climas mais quentes e solos f\u00e9rteis. As sementes devem ser plantadas em um local ensolarado e mantidas \u00famidas, mas n\u00e3o encharcadas.<\/p>\n\n\n\n<ul class=\"wp-block-list\">\n<li>O mate pode ser cultivado a partir de sementes ou mudas.<\/li>\n\n\n\n<li>As sementes precisam ser frescas e podem levar <strong>2 a 6 meses<\/strong> para germinar.<\/li>\n\n\n\n<li>Se poss\u00edvel, prefira mudas de viveiros especializados para acelerar o crescimento.<\/li>\n\n\n\n<li><strong>Clima<\/strong>: Prefere temperaturas entre <strong>15\u00b0C e 30\u00b0C<\/strong>, mas tolera frio moderado.<\/li>\n\n\n\n<li><strong>Solo<\/strong>: Deve ser f\u00e9rtil, rico em mat\u00e9ria org\u00e2nica e com boa drenagem.<\/li>\n\n\n\n<li><strong>Ilumina\u00e7\u00e3o<\/strong>: Gosta de <strong>meia-sombra<\/strong> nos primeiros anos e depois se adapta ao sol pleno.<\/li>\n\n\n\n<li><strong>Rega<\/strong>: Mantenha o solo \u00famido, mas sem encharcar. Regue de 2 a 3 vezes por semana.<\/li>\n<\/ul>\n\n\n\n<ol class=\"wp-block-list\">\n<li>Se plantar por sementes, remova a casca e deixe-as de molho em \u00e1gua morna por 24 horas antes do plantio.<\/li>\n\n\n\n<li>Plante as sementes ou mudas em solo f\u00e9rtil e bem drenado.<\/li>\n\n\n\n<li>No caso de mudas, cave um buraco grande o suficiente para acomodar as ra\u00edzes.<\/li>\n\n\n\n<li>Mantenha a planta protegida do sol intenso nos primeiros meses.<\/li>\n<\/ol>\n\n\n\n<ul class=\"wp-block-list\">\n<li>O mate cresce lentamente e leva <strong>4 a 5 anos<\/strong> para produzir folhas aptas para colheita.<\/li>\n\n\n\n<li>As folhas podem ser colhidas quando a planta atingir pelo menos <strong>1 metro de altura<\/strong>.<\/li>\n\n\n\n<li>Para secagem, as folhas devem ser tostadas levemente e armazenadas em local seco.<\/li>\n<\/ul>\n\n\n\n<h2 class=\"wp-block-heading\"><strong>Quais os benef\u00edcios da s\u00e1lvia e como cultivar?<\/strong><\/h2>\n\n\n\n<p><strong>Benef\u00edcios:<\/strong>&nbsp;A s\u00e1lvia \u00e9 conhecida por suas propriedades digestivas e anti-inflamat\u00f3rias, que podem ajudar na perda de peso e na redu\u00e7\u00e3o do incha\u00e7o. Ela tamb\u00e9m \u00e9 rica em antioxidantes.<\/p>\n\n\n\n<p><strong>Como plantar:<\/strong>\u00a0A s\u00e1lvia pode ser cultivada em vasos ou diretamente no solo. Ela prefere solos bem drenados e locais ensolarados. As sementes devem ser plantadas a uma profundidade de 0,5 cm.<\/p>\n\n\n\n<ul class=\"wp-block-list\">\n<li>Pode ser cultivada por sementes ou mudas. As mudas facilitam o crescimento inicial.<\/li>\n\n\n\n<li><strong>Clima<\/strong>: Prefere temperaturas entre <strong>15\u00b0C<\/strong> e<strong> 25\u00b0C<\/strong>, mas \u00e9 resistente ao frio.<\/li>\n\n\n\n<li><strong>Solo<\/strong>: Deve ser bem drenado, arenoso e rico em mat\u00e9ria org\u00e2nica. Evite solos encharcados.<\/li>\n\n\n\n<li><strong>Ilumina\u00e7\u00e3o<\/strong>: Gosta de sol pleno, precisando de pelo menos 6 horas de luz direta por dia.<\/li>\n\n\n\n<li><strong>Rega<\/strong>: A s\u00e1lvia n\u00e3o gosta de excesso de \u00e1gua. Regue apenas quando o solo estiver seco, geralmente 1 a 2 vezes por semana.<\/li>\n\n\n\n<li>As folhas podem ser colhidas quando a planta tiver pelo menos <strong>15 cm<\/strong> <strong>de altura<\/strong>.<\/li>\n\n\n\n<li>Para incentivar o crescimento, corte as folhas mais externas com uma tesoura.<\/li>\n\n\n\n<li>Se quiser secar as folhas, basta deix\u00e1-las em local seco e arejado por alguns dias.<\/li>\n<\/ul>\n\n\n\n<h2 class=\"wp-block-heading\"><strong>Quais os benef\u00edcios do gengibre e como cultivar?<\/strong><\/h2>\n\n\n\n<p><strong>Benef\u00edcios:<\/strong>&nbsp;O gengibre \u00e9 um poderoso termog\u00eanico que pode aumentar o metabolismo e ajudar na queima de gordura. Ele tamb\u00e9m possui propriedades anti-inflamat\u00f3rias.<\/p>\n\n\n\n<p><strong>Como plantar:<\/strong>\u00a0O gengibre pode ser cultivado a partir de rizomas. Eles devem ser plantados em solo rico e bem drenado, com a parte do broto voltada para cima.<\/p>\n\n\n\n<ul class=\"wp-block-list\">\n<li>Utilize um peda\u00e7o de gengibre fresco, preferencialmente com brotos saindo.<\/li>\n\n\n\n<li>Se n\u00e3o tiver brotos, deixe o gengibre de molho na \u00e1gua por uma noite antes de plantar.<\/li>\n\n\n\n<li><strong>Clima<\/strong>: Prefere temperaturas entre <strong>20\u00b0C<\/strong> e <strong>30\u00b0C<\/strong>. N\u00e3o tolera frio intenso.<\/li>\n\n\n\n<li><strong>Solo<\/strong>: Deve ser leve, bem drenado e rico em mat\u00e9ria org\u00e2nica.<\/li>\n\n\n\n<li><strong>Ilumina\u00e7\u00e3o<\/strong>: Gosta de luz indireta e sombra parcial. Evite sol forte direto.<\/li>\n\n\n\n<li><strong>Rega<\/strong>: Mantenha o solo \u00famido, mas sem encharcar. Regue de 2 a 3 vezes por semana<\/li>\n<\/ul>\n\n\n\n<ol class=\"wp-block-list\">\n<li>Escolha um vaso grande e largo (pelo menos 30 cm de profundidade).<\/li>\n\n\n\n<li>Plante o gengibre com os brotos voltados para cima, a cerca de 5 cm de profundidade.<\/li>\n\n\n\n<li>Cubra com terra e mantenha o solo levemente \u00famido.<\/li>\n<\/ol>\n\n\n\n<ul class=\"wp-block-list\">\n<li>O gengibre demora <strong>8 a 10 meses<\/strong> para estar pronto para a colheita.<\/li>\n\n\n\n<li>Quando as folhas come\u00e7arem a secar, \u00e9 sinal de que os rizomas est\u00e3o prontos para serem retirados.<\/li>\n\n\n\n<li>Para colher, basta cavar com cuidado e cortar uma parte da raiz, deixando o restante para continuar crescendo.<\/li>\n<\/ul>\n\n\n\n<h2 class=\"wp-block-heading\"><strong>Quais os benef\u00edcios do guarana e como cultivar?<\/strong><\/h2>\n\n\n\n<p><strong>Benef\u00edcios:<\/strong>&nbsp;O guaran\u00e1 \u00e9 conhecido por seu alto teor de cafe\u00edna, que pode aumentar a energia e acelerar o metabolismo. Ele tamb\u00e9m pode melhorar o foco mental.<\/p>\n\n\n\n<p><strong>Como plantar:<\/strong>\u00a0O guaran\u00e1 requer um clima quente e \u00famido. As sementes devem ser plantadas em solo f\u00e9rtil e mantidas \u00famidas, mas n\u00e3o encharcadas.<\/p>\n\n\n\n<ul class=\"wp-block-list\">\n<li>O guaranazeiro pode ser cultivado a partir de sementes ou mudas.<\/li>\n\n\n\n<li>As sementes devem ser frescas, pois perdem a viabilidade rapidamente.<\/li>\n\n\n\n<li>Se optar por mudas, escolha plantas saud\u00e1veis de viveiros confi\u00e1veis.<\/li>\n\n\n\n<li><strong>Clima<\/strong>: Prefere temperaturas entre <strong>22\u00b0C<\/strong> e <strong>30\u00b0C<\/strong>, com alta umidade.<\/li>\n\n\n\n<li><strong>Solo<\/strong>: Rico em mat\u00e9ria org\u00e2nica, bem drenado e com pH entre 4,5 e 6,5 (ligeiramente \u00e1cido).<\/li>\n\n\n\n<li><strong>Ilumina\u00e7\u00e3o<\/strong>: Precisa de bastante luz solar, mas tolera sombra parcial.<\/li>\n\n\n\n<li><strong>Rega<\/strong>: Mantenha o solo \u00famido, mas sem encharcar. Regue regularmente, principalmente em per\u00edodos secos.<\/li>\n<\/ul>\n\n\n\n<ol class=\"wp-block-list\">\n<li><strong>Plantio por sementes<\/strong>:\n<ul class=\"wp-block-list\">\n<li>Plante as sementes a uma profundidade de <strong>2 <\/strong>a<strong> 3 cm<\/strong> no solo.<\/li>\n\n\n\n<li>Mantenha a terra \u00famida e protegida da luz solar direta nos primeiros dias.<\/li>\n\n\n\n<li>A germina\u00e7\u00e3o ocorre entre <strong>30<\/strong> e <strong>40 dias<\/strong>.<\/li>\n<\/ul>\n<\/li>\n\n\n\n<li><strong>Plantio por mudas<\/strong>:\n<ul class=\"wp-block-list\">\n<li>Cave um buraco grande o suficiente para acomodar as ra\u00edzes.<\/li>\n\n\n\n<li>Adicione mat\u00e9ria org\u00e2nica para melhorar a fertilidade do solo.<\/li>\n\n\n\n<li>Plante a muda e regue bem.<\/li>\n<\/ul>\n<\/li>\n<\/ol>\n\n\n\n<ul class=\"wp-block-list\">\n<li>Ap\u00f3s a colheita, as sementes s\u00e3o secas ao sol antes de serem utilizadas.<\/li>\n\n\n\n<li>O guaranazeiro pode levar <strong>3 a 4 anos<\/strong> para come\u00e7ar a produzir frutos.<\/li>\n\n\n\n<li>Os frutos s\u00e3o colhidos quando ficam vermelhos e se abrem, revelando as sementes.<\/li>\n<\/ul>\n\n\n\n<p>Incorporar ch\u00e1s emagrecedores na rotina di\u00e1ria pode ser uma maneira eficaz de apoiar a perda de peso de forma natural. Encontrar um ch\u00e1 que agrade ao paladar e cultiv\u00e1-lo em casa pode tornar essa pr\u00e1tica ainda mais gratificante.<\/p>\n","protected":false},"excerpt":{"rendered":"<p>Os ch\u00e1s para emagrecer t\u00eam ganhado popularidade como uma alternativa natural para auxiliar na perda de peso. Em 2025, algumas das op\u00e7\u00f5es mais recomendadas incluem o ch\u00e1 verde, mate verde (erva-mate), s\u00e1lvia, hortel\u00e3, gengibre, guaran\u00e1, carqueja e alecrim. Cada um desses ch\u00e1s tem suas formas de plantar, al\u00e9m de oferecer benef\u00edcios \u00fanicos que podem ajudar [&hellip;]<\/p>\n","protected":false},"author":8,"featured_media":10645,"comment_status":"open","ping_status":"open","sticky":false,"template":"","format":"standard","meta":{"_yoast_wpseo_focuskw":"plantar","_yoast_wpseo_title":"","_yoast_wpseo_metadesc":"Aprenda como plantar os melhores ch\u00e1s para emagrecer em casa, com dicas sobre as plantas certas e como cultiv\u00e1-las!","jnews-multi-image_gallery":[],"jnews_single_post":{"format":"standard"},"jnews_primary_category":[],"jnews_social_meta":[],"jnews_override_counter":[],"footnotes":""},"categories":[119,136,169],"post_tag":[1383,137,744],"class_list":["post-10638","post","type-post","status-publish","format-standard","has-post-thumbnail","hentry","category-bem-estar","category-jardinagem","category-noticias","tag-chas","tag-como-plantar","tag-emagrecer"],"yoast_head":"<!-- This site is optimized with the Yoast SEO plugin v24.6 - https:\/\/yoast.com\/wordpress\/plugins\/seo\/ -->\n<title>Como plantar em casa os melhores ch\u00e1s para emagrecer? - Correio Braziliense - Radar<\/title>\n<meta name=\"description\" content=\"Aprenda como plantar os melhores ch\u00e1s para emagrecer em casa, com dicas sobre as plantas certas e como cultiv\u00e1-las!\" \/>\n<meta name=\"robots\" content=\"index, follow, max-snippet:-1, max-image-preview:large, max-video-preview:-1\" \/>\n<link rel=\"canonical\" href=\"https:\/\/www.correiobraziliense.com.br\/cbradar\/como-plantar-em-casa-os-melhores-chas-para-emagrecer\/\" \/>\n<meta property=\"og:locale\" content=\"pt_BR\" \/>\n<meta property=\"og:type\" content=\"article\" \/>\n<meta property=\"og:title\" content=\"Como plantar em casa os melhores ch\u00e1s para emagrecer? - Correio Braziliense - Radar\" \/>\n<meta property=\"og:description\" content=\"Aprenda como plantar os melhores ch\u00e1s para emagrecer em casa, com dicas sobre as plantas certas e como cultiv\u00e1-las!\" \/>\n<meta property=\"og:url\" content=\"https:\/\/www.correiobraziliense.com.br\/cbradar\/como-plantar-em-casa-os-melhores-chas-para-emagrecer\/\" \/>\n<meta property=\"og:site_name\" content=\"Correio Braziliense - Radar\" \/>\n<meta property=\"article:published_time\" content=\"2025-03-10T09:10:00+00:00\" \/>\n<meta property=\"og:image\" content=\"https:\/\/www.correiobraziliense.com.br\/cbradar\/wp-content\/uploads\/2025\/03\/cha-emagrever_1741480871472.jpg\" \/>\n\t<meta property=\"og:image:width\" content=\"1280\" \/>\n\t<meta property=\"og:image:height\" content=\"720\" \/>\n\t<meta property=\"og:image:type\" content=\"image\/jpeg\" \/>\n<meta name=\"author\" content=\"Maura Pereira\" \/>\n<meta name=\"twitter:card\" content=\"summary_large_image\" \/>\n<meta name=\"twitter:label1\" content=\"Escrito por\" \/>\n\t<meta name=\"twitter:data1\" content=\"Maura Pereira\" \/>\n\t<meta name=\"twitter:label2\" content=\"Est. tempo de leitura\" \/>\n\t<meta name=\"twitter:data2\" content=\"13 minutos\" \/>\n<!-- \/ Yoast SEO plugin. -->","yoast_head_json":{"title":"Como plantar em casa os melhores ch\u00e1s para emagrecer? - Correio Braziliense - Radar","description":"Aprenda como plantar os melhores ch\u00e1s para emagrecer em casa, com dicas sobre as plantas certas e como cultiv\u00e1-las!","robots":{"index":"index","follow":"follow","max-snippet":"max-snippet:-1","max-image-preview":"max-image-preview:large","max-video-preview":"max-video-preview:-1"},"canonical":"https:\/\/www.correiobraziliense.com.br\/cbradar\/como-plantar-em-casa-os-melhores-chas-para-emagrecer\/","og_locale":"pt_BR","og_type":"article","og_title":"Como plantar em casa os melhores ch\u00e1s para emagrecer? - Correio Braziliense - Radar","og_description":"Aprenda como plantar os melhores ch\u00e1s para emagrecer em casa, com dicas sobre as plantas certas e como cultiv\u00e1-las!","og_url":"https:\/\/www.correiobraziliense.com.br\/cbradar\/como-plantar-em-casa-os-melhores-chas-para-emagrecer\/","og_site_name":"Correio Braziliense - Radar","article_published_time":"2025-03-10T09:10:00+00:00","og_image":[{"width":1280,"height":720,"url":"https:\/\/www.correiobraziliense.com.br\/cbradar\/wp-content\/uploads\/2025\/03\/cha-emagrever_1741480871472.jpg","type":"image\/jpeg"}],"author":"Maura Pereira","twitter_card":"summary_large_image","twitter_misc":{"Escrito por":"Maura Pereira","Est. tempo de leitura":"13 minutos"},"schema":{"@context":"https:\/\/schema.org","@graph":[{"@type":"WebPage","@id":"https:\/\/www.correiobraziliense.com.br\/cbradar\/como-plantar-em-casa-os-melhores-chas-para-emagrecer\/","url":"https:\/\/www.correiobraziliense.com.br\/cbradar\/como-plantar-em-casa-os-melhores-chas-para-emagrecer\/","name":"Como plantar em casa os melhores ch\u00e1s para emagrecer? - Correio Braziliense - Radar","isPartOf":{"@id":"https:\/\/www.correiobraziliense.com.br\/cbradar\/#website"},"primaryImageOfPage":{"@id":"https:\/\/www.correiobraziliense.com.br\/cbradar\/como-plantar-em-casa-os-melhores-chas-para-emagrecer\/#primaryimage"},"image":{"@id":"https:\/\/www.correiobraziliense.com.br\/cbradar\/como-plantar-em-casa-os-melhores-chas-para-emagrecer\/#primaryimage"},"thumbnailUrl":"https:\/\/www.correiobraziliense.com.br\/cbradar\/wp-content\/uploads\/2025\/03\/cha-emagrever_1741480871472.jpg","datePublished":"2025-03-10T09:10:00+00:00","author":{"@id":"https:\/\/www.correiobraziliense.com.br\/cbradar\/#\/schema\/person\/4053c651a9bfc785afc6f4cbc9032fd3"},"description":"Aprenda como plantar os melhores ch\u00e1s para emagrecer em casa, com dicas sobre as plantas certas e como cultiv\u00e1-las!","breadcrumb":{"@id":"https:\/\/www.correiobraziliense.com.br\/cbradar\/como-plantar-em-casa-os-melhores-chas-para-emagrecer\/#breadcrumb"},"inLanguage":"pt-BR","potentialAction":[{"@type":"ReadAction","target":["https:\/\/www.correiobraziliense.com.br\/cbradar\/como-plantar-em-casa-os-melhores-chas-para-emagrecer\/"]}]},{"@type":"ImageObject","inLanguage":"pt-BR","@id":"https:\/\/www.correiobraziliense.com.br\/cbradar\/como-plantar-em-casa-os-melhores-chas-para-emagrecer\/#primaryimage","url":"https:\/\/www.correiobraziliense.com.br\/cbradar\/wp-content\/uploads\/2025\/03\/cha-emagrever_1741480871472.jpg","contentUrl":"https:\/\/www.correiobraziliense.com.br\/cbradar\/wp-content\/uploads\/2025\/03\/cha-emagrever_1741480871472.jpg","width":1280,"height":720,"caption":"Ch\u00e1 \/\/ Cr\u00e9ditos: depositphotos.com \/ nioloxs"},{"@type":"BreadcrumbList","@id":"https:\/\/www.correiobraziliense.com.br\/cbradar\/como-plantar-em-casa-os-melhores-chas-para-emagrecer\/#breadcrumb","itemListElement":[{"@type":"ListItem","position":1,"name":"In\u00edcio","item":"https:\/\/www.correiobraziliense.com.br\/cbradar\/"},{"@type":"ListItem","position":2,"name":"Como plantar em casa os melhores ch\u00e1s para emagrecer?"}]},{"@type":"WebSite","@id":"https:\/\/www.correiobraziliense.com.br\/cbradar\/#website","url":"https:\/\/www.correiobraziliense.com.br\/cbradar\/","name":"Correio Braziliense - Radar","description":"Acompanhe as \u00faltimas not\u00edcias e fique bem informado sobre tudo o que acontece no Brasil e no mundo.","potentialAction":[{"@type":"SearchAction","target":{"@type":"EntryPoint","urlTemplate":"https:\/\/www.correiobraziliense.com.br\/cbradar\/?s={search_term_string}"},"query-input":{"@type":"PropertyValueSpecification","valueRequired":true,"valueName":"search_term_string"}}],"inLanguage":"pt-BR"},{"@type":"Person","@id":"https:\/\/www.correiobraziliense.com.br\/cbradar\/#\/schema\/person\/4053c651a9bfc785afc6f4cbc9032fd3","name":"Maura Pereira","image":{"@type":"ImageObject","inLanguage":"pt-BR","@id":"https:\/\/www.correiobraziliense.com.br\/cbradar\/#\/schema\/person\/image\/","url":"https:\/\/secure.gravatar.com\/avatar\/3effd6bdadfa447f15089c7f7144eaa6?s=96&d=mm&r=g","contentUrl":"https:\/\/secure.gravatar.com\/avatar\/3effd6bdadfa447f15089c7f7144eaa6?s=96&d=mm&r=g","caption":"Maura Pereira"},"sameAs":["https:\/\/www.correiobraziliense.com.br\/"],"url":"https:\/\/www.correiobraziliense.com.br\/cbradar\/author\/mauramyth\/"}]}},"_links":{"self":[{"href":"https:\/\/www.correiobraziliense.com.br\/cbradar\/wp-json\/wp\/v2\/posts\/10638","targetHints":{"allow":["GET"]}}],"collection":[{"href":"https:\/\/www.correiobraziliense.com.br\/cbradar\/wp-json\/wp\/v2\/posts"}],"about":[{"href":"https:\/\/www.correiobraziliense.com.br\/cbradar\/wp-json\/wp\/v2\/types\/post"}],"author":[{"embeddable":true,"href":"https:\/\/www.correiobraziliense.com.br\/cbradar\/wp-json\/wp\/v2\/users\/8"}],"replies":[{"embeddable":true,"href":"https:\/\/www.correiobraziliense.com.br\/cbradar\/wp-json\/wp\/v2\/comments?post=10638"}],"version-history":[{"count":24,"href":"https:\/\/www.correiobraziliense.com.br\/cbradar\/wp-json\/wp\/v2\/posts\/10638\/revisions"}],"predecessor-version":[{"id":10666,"href":"https:\/\/www.correiobraziliense.com.br\/cbradar\/wp-json\/wp\/v2\/posts\/10638\/revisions\/10666"}],"wp:featuredmedia":[{"embeddable":true,"href":"https:\/\/www.correiobraziliense.com.br\/cbradar\/wp-json\/wp\/v2\/media\/10645"}],"wp:attachment":[{"href":"https:\/\/www.correiobraziliense.com.br\/cbradar\/wp-json\/wp\/v2\/media?parent=10638"}],"wp:term":[{"taxonomy":"category","embeddable":true,"href":"https:\/\/www.correiobraziliense.com.br\/cbradar\/wp-json\/wp\/v2\/categories?post=10638"},{"taxonomy":"post_tag","embeddable":true,"href":"https:\/\/www.correiobraziliense.com.br\/cbradar\/wp-json\/wp\/v2\/post_tag?post=10638"}],"curies":[{"name":"wp","href":"https:\/\/api.w.org\/{rel}","templated":true}]}}