{"id":10639,"date":"2025-03-10T10:10:00","date_gmt":"2025-03-10T13:10:00","guid":{"rendered":"https:\/\/www.correiobraziliense.com.br\/cbradar\/?p=10639"},"modified":"2025-03-08T23:32:21","modified_gmt":"2025-03-09T02:32:21","slug":"cultive-em-casa-quais-os-beneficios-medicinais-e-espirituais-da-arruda","status":"publish","type":"post","link":"https:\/\/www.correiobraziliense.com.br\/cbradar\/cultive-em-casa-quais-os-beneficios-medicinais-e-espirituais-da-arruda\/","title":{"rendered":"Cultive em casa! Quais os benef\u00edcios medicinais e espirituais da arruda?"},"content":{"rendered":"\n<p>Cultivar <strong><a href=\"https:\/\/pt.wikipedia.org\/wiki\/Arruda\" target=\"_blank\" rel=\"noreferrer noopener\">arruda<\/a><\/strong> em casa pode ser uma atividade gratificante e relativamente simples. Conhecida por suas propriedades medicinais e espirituais, a arruda \u00e9 uma planta que se adapta bem a diferentes ambientes, desde jardins at\u00e9 pequenos vasos em apartamentos. Este artigo explora as melhores pr\u00e1ticas para plantar e cuidar da arruda, garantindo que ela cres\u00e7a saud\u00e1vel e cheia de benef\u00edcios.<\/p>\n\n\n\n<p>Com um pouco de dedica\u00e7\u00e3o e aten\u00e7\u00e3o aos detalhes, \u00e9 poss\u00edvel aproveitar ao m\u00e1ximo as qualidades desta planta. Desde a escolha do local ideal at\u00e9 os cuidados di\u00e1rios, cada etapa \u00e9 importante para garantir que a arruda prospere e ofere\u00e7a suas propriedades \u00fanicas.<\/p>\n\n\n\n<h2 class=\"wp-block-heading\"><strong>Como escolher o local ideal para cultivar arruda?<\/strong><\/h2>\n\n\n\n<p>A arruda \u00e9 uma planta que prospera em locais com bastante <strong><a href=\"https:\/\/www.correiobraziliense.com.br\/cbradar\/como-e-a-vida-em-um-lugar-onde-a-luz-do-sol-nunca-chega\/\" target=\"_blank\" rel=\"noreferrer noopener\">luz solar<\/a>.<\/strong> Para um crescimento saud\u00e1vel, \u00e9 essencial que ela receba pelo menos\u00a0<strong>6 horas di\u00e1rias de luz solar direta<\/strong>. Portanto, ao escolher o local para plant\u00e1-la, opte por uma \u00e1rea ensolarada, como uma varanda ou um quintal. Em apartamentos, posicione o vaso pr\u00f3ximo a uma janela bem iluminada.<\/p>\n\n\n\n<p>Al\u00e9m disso, \u00e9 crucial garantir uma boa drenagem do solo. Utilize um solo bem aerado e adicione uma camada de brita ou argila expandida no fundo do vaso para evitar o ac\u00famulo de \u00e1gua, que pode apodrecer as ra\u00edzes. Evite \u00e1reas com sombra excessiva, pois a falta de luz pode enfraquecer a planta.<\/p>\n\n\n<div class=\"wp-block-image\">\n<figure class=\"aligncenter size-large\"><img decoding=\"async\" width=\"1024\" height=\"576\" src=\"https:\/\/www.correiobraziliense.com.br\/cbradar\/wp-content\/uploads\/2025\/03\/Rue-plant_1741487353471-1024x576.jpg\" alt=\"\" class=\"wp-image-10745\" srcset=\"https:\/\/www.correiobraziliense.com.br\/cbradar\/wp-content\/uploads\/2025\/03\/Rue-plant_1741487353471-1024x576.jpg 1024w, https:\/\/www.correiobraziliense.com.br\/cbradar\/wp-content\/uploads\/2025\/03\/Rue-plant_1741487353471-300x169.jpg 300w, https:\/\/www.correiobraziliense.com.br\/cbradar\/wp-content\/uploads\/2025\/03\/Rue-plant_1741487353471-768x432.jpg 768w, https:\/\/www.correiobraziliense.com.br\/cbradar\/wp-content\/uploads\/2025\/03\/Rue-plant_1741487353471-750x422.jpg 750w, https:\/\/www.correiobraziliense.com.br\/cbradar\/wp-content\/uploads\/2025\/03\/Rue-plant_1741487353471-1140x642.jpg 1140w, https:\/\/www.correiobraziliense.com.br\/cbradar\/wp-content\/uploads\/2025\/03\/Rue-plant_1741487353471.jpg 1279w\" sizes=\"(max-width: 1024px) 100vw, 1024px\" \/><figcaption class=\"wp-element-caption\">Cr\u00e9ditos: depositphotos.com \/ foto-pixel.web.de<\/figcaption><\/figure><\/div>\n\n\n<h2 class=\"wp-block-heading\"><strong>Como preparar o solo para o plantio?<\/strong><\/h2>\n\n\n\n<p>O solo ideal para a arruda deve ser levemente alcalino, com um pH entre 7 e 8. Para ajustar o pH, adicione calc\u00e1rio agr\u00edcola em solos \u00e1cidos ou enxofre em solos muito alcalinos. Al\u00e9m disso, enriquecer o solo com mat\u00e9ria org\u00e2nica, como compostos caseiros ou h\u00famus de minhoca, melhora a fertilidade e a sa\u00fade da planta.<\/p>\n\n\n\n<p>Certifique-se de que o solo seja bem drenado para evitar problemas de encharcamento. Um solo bem preparado \u00e9 fundamental para que a arruda cres\u00e7a forte e saud\u00e1vel, oferecendo todos os seus benef\u00edcios.<\/p>\n\n\n\n<h2 class=\"wp-block-heading\"><strong>Quais os m\u00e9todos de plantio de arruda em casa?<\/strong><\/h2>\n\n\n\n<p>Existem diferentes m\u00e9todos para plantar arruda, sendo os mais comuns o plantio por sementes e por estaquia. Para plantar por sementes, escolha sementes de qualidade e plante-as a uma profundidade de cerca de 1 cm em solo bem drenado. Mantenha o solo \u00famido, mas n\u00e3o encharcado, e aguarde de 1 a 3 semanas para a germina\u00e7\u00e3o.<\/p>\n\n\n\n<p>Para fazer mudas por estaquia, corte um galho saud\u00e1vel de uma planta adulta, remova as folhas da base e plante em solo f\u00e9rtil. Mantenha o vaso em um local com boa luz solar indireta at\u00e9 que as ra\u00edzes se desenvolvam.<\/p>\n\n\n\n<h2 class=\"wp-block-heading\"><strong>Quais os cuidados essenciais para o crescimento saud\u00e1vel?<\/strong><\/h2>\n\n\n\n<p>A arruda \u00e9 uma planta resistente, mas requer alguns cuidados para crescer saud\u00e1vel. Regue somente quando o solo estiver seco ao toque, evitando o excesso de \u00e1gua. Durante os meses mais quentes, pode ser necess\u00e1rio regar com mais frequ\u00eancia, mas no inverno, reduza as regas.<\/p>\n\n\n\n<p>Para controlar pragas de forma natural, utilize solu\u00e7\u00f5es de sab\u00e3o neutro ou \u00f3leos essenciais, como o \u00f3leo de neem. Al\u00e9m disso, realize podas regulares para remover galhos secos e estimular o crescimento de novos brotos.<\/p>\n\n\n\n<h2 class=\"wp-block-heading\"><strong>Quais os benef\u00edcios medicinais e espirituais da arruda?<\/strong><\/h2>\n\n\n\n<p>A arruda \u00e9 conhecida por suas propriedades terap\u00eauticas, como aliviar dores de cabe\u00e7a e c\u00f3licas menstruais. Ela tamb\u00e9m possui a\u00e7\u00e3o antiespasm\u00f3dica e contribui para a sa\u00fade do sistema imunol\u00f3gico. No entanto, deve ser usada com modera\u00e7\u00e3o devido \u00e0 sua toxicidade.<\/p>\n\n\n\n<p>Espiritualmente, a arruda \u00e9 utilizada para prote\u00e7\u00e3o e purifica\u00e7\u00e3o. Muitas pessoas fazem banhos energ\u00e9ticos ou colocam ramos em casa para afastar energias negativas. \u00c9 importante tomar precau\u00e7\u00f5es no uso, especialmente durante a gravidez ou em casos de problemas renais.<\/p>\n\n\n\n<p>Com os cuidados adequados, cultivar arruda em casa pode ser uma experi\u00eancia enriquecedora, proporcionando benef\u00edcios para a sa\u00fade e o bem-estar espiritual.<\/p>\n","protected":false},"excerpt":{"rendered":"<p>Cultivar arruda em casa pode ser uma atividade gratificante e relativamente simples. Conhecida por suas propriedades medicinais e espirituais, a arruda \u00e9 uma planta que se adapta bem a diferentes ambientes, desde jardins at\u00e9 pequenos vasos em apartamentos. Este artigo explora as melhores pr\u00e1ticas para plantar e cuidar da arruda, garantindo que ela cres\u00e7a saud\u00e1vel [&hellip;]<\/p>\n","protected":false},"author":8,"featured_media":10746,"comment_status":"open","ping_status":"open","sticky":false,"template":"","format":"standard","meta":{"_yoast_wpseo_focuskw":"Arruda","_yoast_wpseo_title":"","_yoast_wpseo_metadesc":"Descubra como cultivar arruda em casa, seus benef\u00edcios medicinais, como al\u00edvio de dores e poderes espirituais de prote\u00e7\u00e3o e purifica\u00e7\u00e3o!","jnews-multi-image_gallery":[],"jnews_single_post":{"format":"standard"},"jnews_primary_category":[],"jnews_social_meta":[],"jnews_override_counter":[],"footnotes":""},"categories":[119,136],"post_tag":[1720,137,1721,688],"class_list":["post-10639","post","type-post","status-publish","format-standard","has-post-thumbnail","hentry","category-bem-estar","category-jardinagem","tag-arruda","tag-como-plantar","tag-espiritual","tag-medicinal"],"yoast_head":"<!-- This site is optimized with the Yoast SEO plugin v24.6 - https:\/\/yoast.com\/wordpress\/plugins\/seo\/ -->\n<title>Cultive em casa! Quais os benef\u00edcios medicinais e espirituais da arruda? - Correio Braziliense - Radar<\/title>\n<meta name=\"description\" content=\"Descubra como cultivar arruda em casa, seus benef\u00edcios medicinais, como al\u00edvio de dores e poderes espirituais de prote\u00e7\u00e3o e purifica\u00e7\u00e3o!\" \/>\n<meta name=\"robots\" content=\"index, follow, max-snippet:-1, max-image-preview:large, max-video-preview:-1\" \/>\n<link rel=\"canonical\" href=\"https:\/\/www.correiobraziliense.com.br\/cbradar\/cultive-em-casa-quais-os-beneficios-medicinais-e-espirituais-da-arruda\/\" \/>\n<meta property=\"og:locale\" content=\"pt_BR\" \/>\n<meta property=\"og:type\" content=\"article\" \/>\n<meta property=\"og:title\" content=\"Cultive em casa! Quais os benef\u00edcios medicinais e espirituais da arruda? - Correio Braziliense - Radar\" \/>\n<meta property=\"og:description\" content=\"Descubra como cultivar arruda em casa, seus benef\u00edcios medicinais, como al\u00edvio de dores e poderes espirituais de prote\u00e7\u00e3o e purifica\u00e7\u00e3o!\" \/>\n<meta property=\"og:url\" content=\"https:\/\/www.correiobraziliense.com.br\/cbradar\/cultive-em-casa-quais-os-beneficios-medicinais-e-espirituais-da-arruda\/\" \/>\n<meta property=\"og:site_name\" content=\"Correio Braziliense - Radar\" \/>\n<meta property=\"article:published_time\" content=\"2025-03-10T13:10:00+00:00\" \/>\n<meta property=\"og:image\" content=\"https:\/\/www.correiobraziliense.com.br\/cbradar\/wp-content\/uploads\/2025\/03\/Rue-plant_1741487392577.jpg\" \/>\n\t<meta property=\"og:image:width\" content=\"1280\" \/>\n\t<meta property=\"og:image:height\" content=\"720\" \/>\n\t<meta property=\"og:image:type\" content=\"image\/jpeg\" \/>\n<meta name=\"author\" content=\"Maura Pereira\" \/>\n<meta name=\"twitter:card\" content=\"summary_large_image\" \/>\n<meta name=\"twitter:label1\" content=\"Escrito por\" \/>\n\t<meta name=\"twitter:data1\" content=\"Maura Pereira\" \/>\n\t<meta name=\"twitter:label2\" content=\"Est. tempo de leitura\" \/>\n\t<meta name=\"twitter:data2\" content=\"4 minutos\" \/>\n<!-- \/ Yoast SEO plugin. -->","yoast_head_json":{"title":"Cultive em casa! Quais os benef\u00edcios medicinais e espirituais da arruda? - Correio Braziliense - Radar","description":"Descubra como cultivar arruda em casa, seus benef\u00edcios medicinais, como al\u00edvio de dores e poderes espirituais de prote\u00e7\u00e3o e purifica\u00e7\u00e3o!","robots":{"index":"index","follow":"follow","max-snippet":"max-snippet:-1","max-image-preview":"max-image-preview:large","max-video-preview":"max-video-preview:-1"},"canonical":"https:\/\/www.correiobraziliense.com.br\/cbradar\/cultive-em-casa-quais-os-beneficios-medicinais-e-espirituais-da-arruda\/","og_locale":"pt_BR","og_type":"article","og_title":"Cultive em casa! Quais os benef\u00edcios medicinais e espirituais da arruda? - Correio Braziliense - Radar","og_description":"Descubra como cultivar arruda em casa, seus benef\u00edcios medicinais, como al\u00edvio de dores e poderes espirituais de prote\u00e7\u00e3o e purifica\u00e7\u00e3o!","og_url":"https:\/\/www.correiobraziliense.com.br\/cbradar\/cultive-em-casa-quais-os-beneficios-medicinais-e-espirituais-da-arruda\/","og_site_name":"Correio Braziliense - Radar","article_published_time":"2025-03-10T13:10:00+00:00","og_image":[{"width":1280,"height":720,"url":"https:\/\/www.correiobraziliense.com.br\/cbradar\/wp-content\/uploads\/2025\/03\/Rue-plant_1741487392577.jpg","type":"image\/jpeg"}],"author":"Maura Pereira","twitter_card":"summary_large_image","twitter_misc":{"Escrito por":"Maura Pereira","Est. tempo de leitura":"4 minutos"},"schema":{"@context":"https:\/\/schema.org","@graph":[{"@type":"WebPage","@id":"https:\/\/www.correiobraziliense.com.br\/cbradar\/cultive-em-casa-quais-os-beneficios-medicinais-e-espirituais-da-arruda\/","url":"https:\/\/www.correiobraziliense.com.br\/cbradar\/cultive-em-casa-quais-os-beneficios-medicinais-e-espirituais-da-arruda\/","name":"Cultive em casa! Quais os benef\u00edcios medicinais e espirituais da arruda? - Correio Braziliense - Radar","isPartOf":{"@id":"https:\/\/www.correiobraziliense.com.br\/cbradar\/#website"},"primaryImageOfPage":{"@id":"https:\/\/www.correiobraziliense.com.br\/cbradar\/cultive-em-casa-quais-os-beneficios-medicinais-e-espirituais-da-arruda\/#primaryimage"},"image":{"@id":"https:\/\/www.correiobraziliense.com.br\/cbradar\/cultive-em-casa-quais-os-beneficios-medicinais-e-espirituais-da-arruda\/#primaryimage"},"thumbnailUrl":"https:\/\/www.correiobraziliense.com.br\/cbradar\/wp-content\/uploads\/2025\/03\/Rue-plant_1741487392577.jpg","datePublished":"2025-03-10T13:10:00+00:00","author":{"@id":"https:\/\/www.correiobraziliense.com.br\/cbradar\/#\/schema\/person\/4053c651a9bfc785afc6f4cbc9032fd3"},"description":"Descubra como cultivar arruda em casa, seus benef\u00edcios medicinais, como al\u00edvio de dores e poderes espirituais de prote\u00e7\u00e3o e purifica\u00e7\u00e3o!","breadcrumb":{"@id":"https:\/\/www.correiobraziliense.com.br\/cbradar\/cultive-em-casa-quais-os-beneficios-medicinais-e-espirituais-da-arruda\/#breadcrumb"},"inLanguage":"pt-BR","potentialAction":[{"@type":"ReadAction","target":["https:\/\/www.correiobraziliense.com.br\/cbradar\/cultive-em-casa-quais-os-beneficios-medicinais-e-espirituais-da-arruda\/"]}]},{"@type":"ImageObject","inLanguage":"pt-BR","@id":"https:\/\/www.correiobraziliense.com.br\/cbradar\/cultive-em-casa-quais-os-beneficios-medicinais-e-espirituais-da-arruda\/#primaryimage","url":"https:\/\/www.correiobraziliense.com.br\/cbradar\/wp-content\/uploads\/2025\/03\/Rue-plant_1741487392577.jpg","contentUrl":"https:\/\/www.correiobraziliense.com.br\/cbradar\/wp-content\/uploads\/2025\/03\/Rue-plant_1741487392577.jpg","width":1280,"height":720,"caption":"Cr\u00e9ditos: depositphotos.com \/ anamejia18"},{"@type":"BreadcrumbList","@id":"https:\/\/www.correiobraziliense.com.br\/cbradar\/cultive-em-casa-quais-os-beneficios-medicinais-e-espirituais-da-arruda\/#breadcrumb","itemListElement":[{"@type":"ListItem","position":1,"name":"In\u00edcio","item":"https:\/\/www.correiobraziliense.com.br\/cbradar\/"},{"@type":"ListItem","position":2,"name":"Cultive em casa! Quais os benef\u00edcios medicinais e espirituais da arruda?"}]},{"@type":"WebSite","@id":"https:\/\/www.correiobraziliense.com.br\/cbradar\/#website","url":"https:\/\/www.correiobraziliense.com.br\/cbradar\/","name":"Correio Braziliense - Radar","description":"Acompanhe as \u00faltimas not\u00edcias e fique bem informado sobre tudo o que acontece no Brasil e no mundo.","potentialAction":[{"@type":"SearchAction","target":{"@type":"EntryPoint","urlTemplate":"https:\/\/www.correiobraziliense.com.br\/cbradar\/?s={search_term_string}"},"query-input":{"@type":"PropertyValueSpecification","valueRequired":true,"valueName":"search_term_string"}}],"inLanguage":"pt-BR"},{"@type":"Person","@id":"https:\/\/www.correiobraziliense.com.br\/cbradar\/#\/schema\/person\/4053c651a9bfc785afc6f4cbc9032fd3","name":"Maura Pereira","image":{"@type":"ImageObject","inLanguage":"pt-BR","@id":"https:\/\/www.correiobraziliense.com.br\/cbradar\/#\/schema\/person\/image\/","url":"https:\/\/secure.gravatar.com\/avatar\/3effd6bdadfa447f15089c7f7144eaa6?s=96&d=mm&r=g","contentUrl":"https:\/\/secure.gravatar.com\/avatar\/3effd6bdadfa447f15089c7f7144eaa6?s=96&d=mm&r=g","caption":"Maura Pereira"},"sameAs":["https:\/\/www.correiobraziliense.com.br\/"],"url":"https:\/\/www.correiobraziliense.com.br\/cbradar\/author\/mauramyth\/"}]}},"_links":{"self":[{"href":"https:\/\/www.correiobraziliense.com.br\/cbradar\/wp-json\/wp\/v2\/posts\/10639","targetHints":{"allow":["GET"]}}],"collection":[{"href":"https:\/\/www.correiobraziliense.com.br\/cbradar\/wp-json\/wp\/v2\/posts"}],"about":[{"href":"https:\/\/www.correiobraziliense.com.br\/cbradar\/wp-json\/wp\/v2\/types\/post"}],"author":[{"embeddable":true,"href":"https:\/\/www.correiobraziliense.com.br\/cbradar\/wp-json\/wp\/v2\/users\/8"}],"replies":[{"embeddable":true,"href":"https:\/\/www.correiobraziliense.com.br\/cbradar\/wp-json\/wp\/v2\/comments?post=10639"}],"version-history":[{"count":8,"href":"https:\/\/www.correiobraziliense.com.br\/cbradar\/wp-json\/wp\/v2\/posts\/10639\/revisions"}],"predecessor-version":[{"id":10748,"href":"https:\/\/www.correiobraziliense.com.br\/cbradar\/wp-json\/wp\/v2\/posts\/10639\/revisions\/10748"}],"wp:featuredmedia":[{"embeddable":true,"href":"https:\/\/www.correiobraziliense.com.br\/cbradar\/wp-json\/wp\/v2\/media\/10746"}],"wp:attachment":[{"href":"https:\/\/www.correiobraziliense.com.br\/cbradar\/wp-json\/wp\/v2\/media?parent=10639"}],"wp:term":[{"taxonomy":"category","embeddable":true,"href":"https:\/\/www.correiobraziliense.com.br\/cbradar\/wp-json\/wp\/v2\/categories?post=10639"},{"taxonomy":"post_tag","embeddable":true,"href":"https:\/\/www.correiobraziliense.com.br\/cbradar\/wp-json\/wp\/v2\/post_tag?post=10639"}],"curies":[{"name":"wp","href":"https:\/\/api.w.org\/{rel}","templated":true}]}}