{"id":106491,"date":"2025-09-21T15:23:00","date_gmt":"2025-09-21T18:23:00","guid":{"rendered":"https:\/\/www.correiobraziliense.com.br\/cbradar\/?p=106491"},"modified":"2025-09-19T21:02:26","modified_gmt":"2025-09-20T00:02:26","slug":"itens-domesticos-que-se-tornaram-luxos-para-muitos","status":"publish","type":"post","link":"https:\/\/www.correiobraziliense.com.br\/cbradar\/itens-domesticos-que-se-tornaram-luxos-para-muitos\/","title":{"rendered":"Itens dom\u00e9sticos que se tornaram luxos para muitos"},"content":{"rendered":"\n<p>As mudan\u00e7as ao longo das d\u00e9cadas redefiniram o que consideramos <strong>luxo<\/strong> e <strong>simplesmente cotidiano<\/strong>. Muitos aspectos da vida dos nossos av\u00f3s se tornaram raridades no mundo moderno. Descubra as transforma\u00e7\u00f5es que moldaram nosso conceito de conforto e necessidade.<\/p>\n\n\n\n<ul class=\"wp-block-list\">\n<li>O impacto econ\u00f4mico no modelo tradicional de fam\u00edlia<\/li>\n\n\n\n<li>A evolu\u00e7\u00e3o da moda e dos materiais duradouros<\/li>\n\n\n\n<li>O novo padr\u00e3o de <strong>entretenimento dom\u00e9stico<\/strong> e privacidade<\/li>\n<\/ul>\n\n\n\n<h2 class=\"wp-block-heading\">Como a economia influenciou a estrutura familiar tradicional?<\/h2>\n\n\n\n<p>No passado, uma fam\u00edlia com um \u00fanico provedor era a norma, enquanto o outro c\u00f4njuge cuidava da casa. Hoje, o <strong>aumento no custo de vida<\/strong> e a estagna\u00e7\u00e3o dos sal\u00e1rios transformaram essa din\u00e2mica, tornando o padr\u00e3o de dupla renda cada vez mais comum.<\/p>\n\n\n\n<h2 class=\"wp-block-heading\">Por que a moda r\u00e1pida dominou e as roupas duradouras se tornaram luxo?<\/h2>\n\n\n\n<p>Antigamente, roupas eram feitas para durar, passadas de gera\u00e7\u00e3o em gera\u00e7\u00e3o. Agora, com a <strong>ascens\u00e3o da moda r\u00e1pida<\/strong>, investir em roupas de qualidade se tornou uma extravag\u00e2ncia.<\/p>\n\n\n\n<h2 class=\"wp-block-heading\">A mobilidade social redefiniu o conceito de casa?<\/h2>\n\n\n\n<p>Casas espa\u00e7osas e feitas para durar eram comuns, mas a <strong>popularidade do minimalismo<\/strong> e os custos crescentes mudaram isso. As fam\u00edlias optam por resid\u00eancias menores por serem mais acess\u00edveis e pr\u00e1ticas.<\/p>\n\n\n\n<h2 class=\"wp-block-heading\">Entretenimento em casa: de antenas a assinaturas digitais<\/h2>\n\n\n\n<p>\u201c<strong>Streamflation<\/strong>\u201d \u00e9 o novo normal. Antes, bastava uma televis\u00e3o; agora, o entretenimento exige <strong>assinaturas pagas<\/strong> e internet, ampliando ainda mais a desigualdade de acesso.<\/p>\n\n\n\n<figure class=\"wp-block-image size-large\"><img decoding=\"async\" width=\"1024\" height=\"576\" src=\"https:\/\/www.correiobraziliense.com.br\/cbradar\/wp-content\/uploads\/2025\/09\/televisao_1758310642203-1024x576.jpg\" alt=\"Itens dom\u00e9sticos que se tornaram luxos para muitos\" class=\"wp-image-106494\" srcset=\"https:\/\/www.correiobraziliense.com.br\/cbradar\/wp-content\/uploads\/2025\/09\/televisao_1758310642203-1024x576.jpg 1024w, https:\/\/www.correiobraziliense.com.br\/cbradar\/wp-content\/uploads\/2025\/09\/televisao_1758310642203-300x169.jpg 300w, https:\/\/www.correiobraziliense.com.br\/cbradar\/wp-content\/uploads\/2025\/09\/televisao_1758310642203-768x432.jpg 768w, https:\/\/www.correiobraziliense.com.br\/cbradar\/wp-content\/uploads\/2025\/09\/televisao_1758310642203-750x422.jpg 750w, https:\/\/www.correiobraziliense.com.br\/cbradar\/wp-content\/uploads\/2025\/09\/televisao_1758310642203-1140x641.jpg 1140w, https:\/\/www.correiobraziliense.com.br\/cbradar\/wp-content\/uploads\/2025\/09\/televisao_1758310642203.jpg 1280w\" sizes=\"(max-width: 1024px) 100vw, 1024px\" \/><figcaption class=\"wp-element-caption\">TV de tela plana\nCr\u00e9ditos: depositphotos.com \/ spectorx<\/figcaption><\/figure>\n\n\n\n<h2 class=\"wp-block-heading\">A velocidade da vida moderna diminuiu nosso lazer e conex\u00f5es humanas?<\/h2>\n\n\n\n<p>Com jornadas duplas e poucas pausas, a <strong>simplicidade do tempo livre<\/strong> se tornou rara. O avan\u00e7o da tecnologia n\u00e3o significou mais tempo pessoal, mas uma corrida constante ao rel\u00f3gio.<\/p>\n\n\n\n<h2 class=\"wp-block-heading\">Comunidade e privacidade: como nos adaptamos a estas perdas?<\/h2>\n\n\n\n<p>Antes, as pessoas cultivavam amizades profundas e rela\u00e7\u00f5es de confian\u00e7a, mas hoje, o foco est\u00e1 em <strong>conex\u00f5es digitais<\/strong>. Al\u00e9m disso, a nossa privacidade tem sido cada vez mais sacrificada em prol da conectividade e presen\u00e7a online.<\/p>\n\n\n\n<h2 class=\"wp-block-heading\">Uma nova defini\u00e7\u00e3o de luxo no mundo contempor\u00e2neo<\/h2>\n\n\n\n<ul class=\"wp-block-list\">\n<li>As din\u00e2micas familiares mudaram com as press\u00f5es econ\u00f4micas modernas.<\/li>\n\n\n\n<li>A durabilidade deixou de ser norma, agora \u00e9 uma exce\u00e7\u00e3o dispendiosa.<\/li>\n\n\n\n<li>Valorizar relacionamentos aut\u00eanticos ainda \u00e9 poss\u00edvel, mas torna-se cada vez mais precioso.<\/li>\n<\/ul>\n","protected":false},"excerpt":{"rendered":"<p>Desvende por que coisas simples do passado, como amizades e lazer, s\u00e3o hoje luxos raros. veja como a modernidade mudou h\u00e1bitos cotidianos.<\/p>\n","protected":false},"author":3,"featured_media":106493,"comment_status":"open","ping_status":"open","sticky":false,"template":"","format":"standard","meta":{"jnews-multi-image_gallery":[],"jnews_single_post":{"format":"standard"},"jnews_primary_category":[],"jnews_social_meta":[],"jnews_override_counter":[],"footnotes":""},"categories":[112],"post_tag":[9341,5170,1678],"class_list":["post-106491","post","type-post","status-publish","format-standard","has-post-thumbnail","hentry","category-curiosidades","tag-cotidiano","tag-modernidade","tag-vida"],"yoast_head":"<!-- This site is optimized with the Yoast SEO plugin v24.6 - https:\/\/yoast.com\/wordpress\/plugins\/seo\/ -->\n<title>Itens dom\u00e9sticos que se tornaram luxos para muitos<\/title>\n<meta name=\"description\" content=\"Desvende por que coisas simples do passado, como amizades e lazer, s\u00e3o hoje luxos raros. veja como a modernidade mudou h\u00e1bitos cotidianos.\" \/>\n<meta name=\"robots\" content=\"index, follow, max-snippet:-1, max-image-preview:large, max-video-preview:-1\" \/>\n<link rel=\"canonical\" href=\"https:\/\/www.correiobraziliense.com.br\/cbradar\/itens-domesticos-que-se-tornaram-luxos-para-muitos\/\" \/>\n<meta property=\"og:locale\" content=\"pt_BR\" \/>\n<meta property=\"og:type\" content=\"article\" \/>\n<meta property=\"og:title\" content=\"Itens dom\u00e9sticos que se tornaram luxos para muitos\" \/>\n<meta property=\"og:description\" content=\"Desvende por que coisas simples do passado, como amizades e lazer, s\u00e3o hoje luxos raros. veja como a modernidade mudou h\u00e1bitos cotidianos.\" \/>\n<meta property=\"og:url\" content=\"https:\/\/www.correiobraziliense.com.br\/cbradar\/itens-domesticos-que-se-tornaram-luxos-para-muitos\/\" \/>\n<meta property=\"og:site_name\" content=\"Correio Braziliense - Radar\" \/>\n<meta property=\"article:published_time\" content=\"2025-09-21T18:23:00+00:00\" \/>\n<meta property=\"og:image\" content=\"https:\/\/www.correiobraziliense.com.br\/cbradar\/wp-content\/uploads\/2025\/09\/casa-moderna_1758310608025.jpg\" \/>\n\t<meta property=\"og:image:width\" content=\"1280\" \/>\n\t<meta property=\"og:image:height\" content=\"720\" \/>\n\t<meta property=\"og:image:type\" content=\"image\/jpeg\" \/>\n<meta name=\"author\" content=\"Larissa Carvalho\" \/>\n<meta name=\"twitter:card\" content=\"summary_large_image\" \/>\n<meta name=\"twitter:label1\" content=\"Escrito por\" \/>\n\t<meta name=\"twitter:data1\" content=\"Larissa Carvalho\" \/>\n\t<meta name=\"twitter:label2\" content=\"Est. tempo de leitura\" \/>\n\t<meta name=\"twitter:data2\" content=\"3 minutos\" \/>\n<!-- \/ Yoast SEO plugin. -->","yoast_head_json":{"title":"Itens dom\u00e9sticos que se tornaram luxos para muitos","description":"Desvende por que coisas simples do passado, como amizades e lazer, s\u00e3o hoje luxos raros. veja como a modernidade mudou h\u00e1bitos cotidianos.","robots":{"index":"index","follow":"follow","max-snippet":"max-snippet:-1","max-image-preview":"max-image-preview:large","max-video-preview":"max-video-preview:-1"},"canonical":"https:\/\/www.correiobraziliense.com.br\/cbradar\/itens-domesticos-que-se-tornaram-luxos-para-muitos\/","og_locale":"pt_BR","og_type":"article","og_title":"Itens dom\u00e9sticos que se tornaram luxos para muitos","og_description":"Desvende por que coisas simples do passado, como amizades e lazer, s\u00e3o hoje luxos raros. veja como a modernidade mudou h\u00e1bitos cotidianos.","og_url":"https:\/\/www.correiobraziliense.com.br\/cbradar\/itens-domesticos-que-se-tornaram-luxos-para-muitos\/","og_site_name":"Correio Braziliense - Radar","article_published_time":"2025-09-21T18:23:00+00:00","og_image":[{"width":1280,"height":720,"url":"https:\/\/www.correiobraziliense.com.br\/cbradar\/wp-content\/uploads\/2025\/09\/casa-moderna_1758310608025.jpg","type":"image\/jpeg"}],"author":"Larissa Carvalho","twitter_card":"summary_large_image","twitter_misc":{"Escrito por":"Larissa Carvalho","Est. tempo de leitura":"3 minutos"},"schema":{"@context":"https:\/\/schema.org","@graph":[{"@type":"WebPage","@id":"https:\/\/www.correiobraziliense.com.br\/cbradar\/itens-domesticos-que-se-tornaram-luxos-para-muitos\/","url":"https:\/\/www.correiobraziliense.com.br\/cbradar\/itens-domesticos-que-se-tornaram-luxos-para-muitos\/","name":"Itens dom\u00e9sticos que se tornaram luxos para muitos","isPartOf":{"@id":"https:\/\/www.correiobraziliense.com.br\/cbradar\/#website"},"primaryImageOfPage":{"@id":"https:\/\/www.correiobraziliense.com.br\/cbradar\/itens-domesticos-que-se-tornaram-luxos-para-muitos\/#primaryimage"},"image":{"@id":"https:\/\/www.correiobraziliense.com.br\/cbradar\/itens-domesticos-que-se-tornaram-luxos-para-muitos\/#primaryimage"},"thumbnailUrl":"https:\/\/www.correiobraziliense.com.br\/cbradar\/wp-content\/uploads\/2025\/09\/casa-moderna_1758310608025.jpg","datePublished":"2025-09-21T18:23:00+00:00","author":{"@id":"https:\/\/www.correiobraziliense.com.br\/cbradar\/#\/schema\/person\/58422787644df994b53a19d3e56c1513"},"description":"Desvende por que coisas simples do passado, como amizades e lazer, s\u00e3o hoje luxos raros. veja como a modernidade mudou h\u00e1bitos cotidianos.","breadcrumb":{"@id":"https:\/\/www.correiobraziliense.com.br\/cbradar\/itens-domesticos-que-se-tornaram-luxos-para-muitos\/#breadcrumb"},"inLanguage":"pt-BR","potentialAction":[{"@type":"ReadAction","target":["https:\/\/www.correiobraziliense.com.br\/cbradar\/itens-domesticos-que-se-tornaram-luxos-para-muitos\/"]}]},{"@type":"ImageObject","inLanguage":"pt-BR","@id":"https:\/\/www.correiobraziliense.com.br\/cbradar\/itens-domesticos-que-se-tornaram-luxos-para-muitos\/#primaryimage","url":"https:\/\/www.correiobraziliense.com.br\/cbradar\/wp-content\/uploads\/2025\/09\/casa-moderna_1758310608025.jpg","contentUrl":"https:\/\/www.correiobraziliense.com.br\/cbradar\/wp-content\/uploads\/2025\/09\/casa-moderna_1758310608025.jpg","width":1280,"height":720,"caption":"Casa moderna Cr\u00e9ditos: depositphotos.com \/ AllaSerebrina"},{"@type":"BreadcrumbList","@id":"https:\/\/www.correiobraziliense.com.br\/cbradar\/itens-domesticos-que-se-tornaram-luxos-para-muitos\/#breadcrumb","itemListElement":[{"@type":"ListItem","position":1,"name":"In\u00edcio","item":"https:\/\/www.correiobraziliense.com.br\/cbradar\/"},{"@type":"ListItem","position":2,"name":"Itens dom\u00e9sticos que se tornaram luxos para muitos"}]},{"@type":"WebSite","@id":"https:\/\/www.correiobraziliense.com.br\/cbradar\/#website","url":"https:\/\/www.correiobraziliense.com.br\/cbradar\/","name":"Correio Braziliense - Radar","description":"Acompanhe as \u00faltimas not\u00edcias e fique bem informado sobre tudo o que acontece no Brasil e no mundo.","potentialAction":[{"@type":"SearchAction","target":{"@type":"EntryPoint","urlTemplate":"https:\/\/www.correiobraziliense.com.br\/cbradar\/?s={search_term_string}"},"query-input":{"@type":"PropertyValueSpecification","valueRequired":true,"valueName":"search_term_string"}}],"inLanguage":"pt-BR"},{"@type":"Person","@id":"https:\/\/www.correiobraziliense.com.br\/cbradar\/#\/schema\/person\/58422787644df994b53a19d3e56c1513","name":"Larissa Carvalho","image":{"@type":"ImageObject","inLanguage":"pt-BR","@id":"https:\/\/www.correiobraziliense.com.br\/cbradar\/#\/schema\/person\/image\/","url":"https:\/\/secure.gravatar.com\/avatar\/fe4f91a0de32b52a838d0d612abdc1aa?s=96&d=mm&r=g","contentUrl":"https:\/\/secure.gravatar.com\/avatar\/fe4f91a0de32b52a838d0d612abdc1aa?s=96&d=mm&r=g","caption":"Larissa Carvalho"},"url":"https:\/\/www.correiobraziliense.com.br\/cbradar\/author\/larissamyth\/"}]}},"_links":{"self":[{"href":"https:\/\/www.correiobraziliense.com.br\/cbradar\/wp-json\/wp\/v2\/posts\/106491","targetHints":{"allow":["GET"]}}],"collection":[{"href":"https:\/\/www.correiobraziliense.com.br\/cbradar\/wp-json\/wp\/v2\/posts"}],"about":[{"href":"https:\/\/www.correiobraziliense.com.br\/cbradar\/wp-json\/wp\/v2\/types\/post"}],"author":[{"embeddable":true,"href":"https:\/\/www.correiobraziliense.com.br\/cbradar\/wp-json\/wp\/v2\/users\/3"}],"replies":[{"embeddable":true,"href":"https:\/\/www.correiobraziliense.com.br\/cbradar\/wp-json\/wp\/v2\/comments?post=106491"}],"version-history":[{"count":2,"href":"https:\/\/www.correiobraziliense.com.br\/cbradar\/wp-json\/wp\/v2\/posts\/106491\/revisions"}],"predecessor-version":[{"id":106682,"href":"https:\/\/www.correiobraziliense.com.br\/cbradar\/wp-json\/wp\/v2\/posts\/106491\/revisions\/106682"}],"wp:featuredmedia":[{"embeddable":true,"href":"https:\/\/www.correiobraziliense.com.br\/cbradar\/wp-json\/wp\/v2\/media\/106493"}],"wp:attachment":[{"href":"https:\/\/www.correiobraziliense.com.br\/cbradar\/wp-json\/wp\/v2\/media?parent=106491"}],"wp:term":[{"taxonomy":"category","embeddable":true,"href":"https:\/\/www.correiobraziliense.com.br\/cbradar\/wp-json\/wp\/v2\/categories?post=106491"},{"taxonomy":"post_tag","embeddable":true,"href":"https:\/\/www.correiobraziliense.com.br\/cbradar\/wp-json\/wp\/v2\/post_tag?post=106491"}],"curies":[{"name":"wp","href":"https:\/\/api.w.org\/{rel}","templated":true}]}}