{"id":106812,"date":"2025-09-20T19:30:00","date_gmt":"2025-09-20T22:30:00","guid":{"rendered":"https:\/\/www.correiobraziliense.com.br\/cbradar\/?p=106812"},"modified":"2025-09-20T09:03:23","modified_gmt":"2025-09-20T12:03:23","slug":"a-fruta-mais-poderosa-para-combater-diabetes-e-inflamacoes","status":"publish","type":"post","link":"https:\/\/www.correiobraziliense.com.br\/cbradar\/a-fruta-mais-poderosa-para-combater-diabetes-e-inflamacoes\/","title":{"rendered":"A fruta mais poderosa para combater diabetes e inflama\u00e7\u00f5es"},"content":{"rendered":"\n<p>A <strong>n\u00easpera<\/strong>, tamb\u00e9m chamada de loquat, \u00e9 uma fruta nutritiva que se destaca pela presen\u00e7a de vitamina C e fibras. Esses compostos fortalecem o sistema imunol\u00f3gico e ajudam no bom funcionamento do intestino.<\/p>\n\n\n\n<p>Al\u00e9m do consumo ao natural, a fruta pode ser aproveitada em receitas como geleias e compotas, trazendo sabor ex\u00f3tico e benef\u00edcios extras \u00e0 dieta.<\/p>\n\n\n\n<h2 class=\"wp-block-heading\">Quais s\u00e3o as condi\u00e7\u00f5es ideais para cultivar n\u00easpera?<\/h2>\n\n\n\n<p>Para um crescimento saud\u00e1vel, a planta deve ser cultivada em locais com bastante luz solar e solo f\u00e9rtil. Climas quentes favorecem o desenvolvimento, mas com cuidados extras tamb\u00e9m pode ser adaptada a regi\u00f5es mais frias.<\/p>\n\n\n\n<p>O solo precisa ser bem drenado, com adi\u00e7\u00e3o de composto org\u00e2nico. Em \u00e9pocas secas, a irriga\u00e7\u00e3o deve ser refor\u00e7ada para manter a umidade adequada.<\/p>\n\n\n\n<figure class=\"wp-block-image size-large\"><img decoding=\"async\" width=\"1024\" height=\"576\" src=\"https:\/\/www.correiobraziliense.com.br\/cbradar\/wp-content\/uploads\/2025\/08\/nespera_1755718627426-1024x576.jpg\" alt=\"O fruto mais completo da natureza para regenerar seu f\u00edgado\" class=\"wp-image-89975\" srcset=\"https:\/\/www.correiobraziliense.com.br\/cbradar\/wp-content\/uploads\/2025\/08\/nespera_1755718627426-1024x576.jpg 1024w, https:\/\/www.correiobraziliense.com.br\/cbradar\/wp-content\/uploads\/2025\/08\/nespera_1755718627426-300x169.jpg 300w, https:\/\/www.correiobraziliense.com.br\/cbradar\/wp-content\/uploads\/2025\/08\/nespera_1755718627426-768x432.jpg 768w, https:\/\/www.correiobraziliense.com.br\/cbradar\/wp-content\/uploads\/2025\/08\/nespera_1755718627426-750x422.jpg 750w, https:\/\/www.correiobraziliense.com.br\/cbradar\/wp-content\/uploads\/2025\/08\/nespera_1755718627426-1140x641.jpg 1140w, https:\/\/www.correiobraziliense.com.br\/cbradar\/wp-content\/uploads\/2025\/08\/nespera_1755718627426.jpg 1280w\" sizes=\"(max-width: 1024px) 100vw, 1024px\" \/><figcaption class=\"wp-element-caption\">n\u00easpera. Cr\u00e9ditos: depositphotos.com \/ Curioso_Travel_Photography<\/figcaption><\/figure>\n\n\n\n<h2 class=\"wp-block-heading\">Como plantar n\u00easpera passo a passo?<\/h2>\n\n\n\n<ul class=\"wp-block-list\">\n<li><strong>Semente ou muda:<\/strong> usar mudas acelera o processo de crescimento.<\/li>\n\n\n\n<li><strong>Prepara\u00e7\u00e3o do solo:<\/strong> enriquecer com composto org\u00e2nico.<\/li>\n\n\n\n<li><strong>Rega regular:<\/strong> manter a terra \u00famida, sem encharcar.<\/li>\n<\/ul>\n\n\n\n<p>Uma dica pr\u00e1tica \u00e9 retirar ervas daninhas com frequ\u00eancia para evitar competi\u00e7\u00e3o por nutrientes e garantir o desenvolvimento saud\u00e1vel da planta.<\/p>\n\n\n\n<h2 class=\"wp-block-heading\">Como aproveitar os benef\u00edcios da n\u00easpera no dia a dia?<\/h2>\n\n\n\n<p>Ter uma \u00e1rvore de n\u00easpera em casa permite colher frutos frescos e nutritivos durante o ano. Al\u00e9m de saborosa, a fruta contribui para imunidade, digest\u00e3o equilibrada e bem-estar geral.<\/p>\n\n\n\n<p>Simples de cultivar at\u00e9 para iniciantes, a n\u00easpera une praticidade, sa\u00fade e sabor, tornando-se uma \u00f3tima op\u00e7\u00e3o para hortas caseiras e jardins.<\/p>\n","protected":false},"excerpt":{"rendered":"<p>N\u00easpera \u00e9 a fruta poderosa contra inflama\u00e7\u00f5es e diabetes, f\u00e1cil de cultivar em casa, rica em fibras e vitaminas que fortalecem a sa\u00fade.<\/p>\n","protected":false},"author":3,"featured_media":89974,"comment_status":"open","ping_status":"open","sticky":false,"template":"","format":"standard","meta":{"_yoast_wpseo_focuskw":"fruta poderosa diabetes inflama\u00e7\u00f5es","_yoast_wpseo_title":"%%title%%","_yoast_wpseo_metadesc":"N\u00easpera \u00e9 a fruta poderosa contra inflama\u00e7\u00f5es e diabetes, f\u00e1cil de cultivar em casa, rica em fibras e vitaminas que fortalecem a sa\u00fade.","jnews-multi-image_gallery":[],"jnews_single_post":{"format":"standard"},"jnews_primary_category":[],"jnews_social_meta":[],"jnews_override_counter":[],"footnotes":""},"categories":[112],"post_tag":[144,735],"class_list":["post-106812","post","type-post","status-publish","format-standard","has-post-thumbnail","hentry","category-curiosidades","tag-curiosidades","tag-frutas"],"yoast_head":"<!-- This site is optimized with the Yoast SEO plugin v24.6 - https:\/\/yoast.com\/wordpress\/plugins\/seo\/ -->\n<title>A fruta mais poderosa para combater diabetes e inflama\u00e7\u00f5es<\/title>\n<meta name=\"description\" content=\"N\u00easpera \u00e9 a fruta poderosa contra inflama\u00e7\u00f5es e diabetes, f\u00e1cil de cultivar em casa, rica em fibras e vitaminas que fortalecem a sa\u00fade.\" \/>\n<meta name=\"robots\" content=\"index, follow, max-snippet:-1, max-image-preview:large, max-video-preview:-1\" \/>\n<link rel=\"canonical\" href=\"https:\/\/www.correiobraziliense.com.br\/cbradar\/a-fruta-mais-poderosa-para-combater-diabetes-e-inflamacoes\/\" \/>\n<meta property=\"og:locale\" content=\"pt_BR\" \/>\n<meta property=\"og:type\" content=\"article\" \/>\n<meta property=\"og:title\" content=\"A fruta mais poderosa para combater diabetes e inflama\u00e7\u00f5es\" \/>\n<meta property=\"og:description\" content=\"N\u00easpera \u00e9 a fruta poderosa contra inflama\u00e7\u00f5es e diabetes, f\u00e1cil de cultivar em casa, rica em fibras e vitaminas que fortalecem a sa\u00fade.\" \/>\n<meta property=\"og:url\" content=\"https:\/\/www.correiobraziliense.com.br\/cbradar\/a-fruta-mais-poderosa-para-combater-diabetes-e-inflamacoes\/\" \/>\n<meta property=\"og:site_name\" content=\"Correio Braziliense - Radar\" \/>\n<meta property=\"article:published_time\" content=\"2025-09-20T22:30:00+00:00\" \/>\n<meta property=\"og:image\" content=\"https:\/\/www.correiobraziliense.com.br\/cbradar\/wp-content\/uploads\/2025\/08\/nespera_1755718596542.jpg\" \/>\n\t<meta property=\"og:image:width\" content=\"1279\" \/>\n\t<meta property=\"og:image:height\" content=\"720\" \/>\n\t<meta property=\"og:image:type\" content=\"image\/jpeg\" \/>\n<meta name=\"author\" content=\"Larissa Carvalho\" \/>\n<meta name=\"twitter:card\" content=\"summary_large_image\" \/>\n<meta name=\"twitter:label1\" content=\"Escrito por\" \/>\n\t<meta name=\"twitter:data1\" content=\"Larissa Carvalho\" \/>\n\t<meta name=\"twitter:label2\" content=\"Est. tempo de leitura\" \/>\n\t<meta name=\"twitter:data2\" content=\"2 minutos\" \/>\n<!-- \/ Yoast SEO plugin. -->","yoast_head_json":{"title":"A fruta mais poderosa para combater diabetes e inflama\u00e7\u00f5es","description":"N\u00easpera \u00e9 a fruta poderosa contra inflama\u00e7\u00f5es e diabetes, f\u00e1cil de cultivar em casa, rica em fibras e vitaminas que fortalecem a sa\u00fade.","robots":{"index":"index","follow":"follow","max-snippet":"max-snippet:-1","max-image-preview":"max-image-preview:large","max-video-preview":"max-video-preview:-1"},"canonical":"https:\/\/www.correiobraziliense.com.br\/cbradar\/a-fruta-mais-poderosa-para-combater-diabetes-e-inflamacoes\/","og_locale":"pt_BR","og_type":"article","og_title":"A fruta mais poderosa para combater diabetes e inflama\u00e7\u00f5es","og_description":"N\u00easpera \u00e9 a fruta poderosa contra inflama\u00e7\u00f5es e diabetes, f\u00e1cil de cultivar em casa, rica em fibras e vitaminas que fortalecem a sa\u00fade.","og_url":"https:\/\/www.correiobraziliense.com.br\/cbradar\/a-fruta-mais-poderosa-para-combater-diabetes-e-inflamacoes\/","og_site_name":"Correio Braziliense - Radar","article_published_time":"2025-09-20T22:30:00+00:00","og_image":[{"width":1279,"height":720,"url":"https:\/\/www.correiobraziliense.com.br\/cbradar\/wp-content\/uploads\/2025\/08\/nespera_1755718596542.jpg","type":"image\/jpeg"}],"author":"Larissa Carvalho","twitter_card":"summary_large_image","twitter_misc":{"Escrito por":"Larissa Carvalho","Est. tempo de leitura":"2 minutos"},"schema":{"@context":"https:\/\/schema.org","@graph":[{"@type":"WebPage","@id":"https:\/\/www.correiobraziliense.com.br\/cbradar\/a-fruta-mais-poderosa-para-combater-diabetes-e-inflamacoes\/","url":"https:\/\/www.correiobraziliense.com.br\/cbradar\/a-fruta-mais-poderosa-para-combater-diabetes-e-inflamacoes\/","name":"A fruta mais poderosa para combater diabetes e inflama\u00e7\u00f5es","isPartOf":{"@id":"https:\/\/www.correiobraziliense.com.br\/cbradar\/#website"},"primaryImageOfPage":{"@id":"https:\/\/www.correiobraziliense.com.br\/cbradar\/a-fruta-mais-poderosa-para-combater-diabetes-e-inflamacoes\/#primaryimage"},"image":{"@id":"https:\/\/www.correiobraziliense.com.br\/cbradar\/a-fruta-mais-poderosa-para-combater-diabetes-e-inflamacoes\/#primaryimage"},"thumbnailUrl":"https:\/\/www.correiobraziliense.com.br\/cbradar\/wp-content\/uploads\/2025\/08\/nespera_1755718596542.jpg","datePublished":"2025-09-20T22:30:00+00:00","author":{"@id":"https:\/\/www.correiobraziliense.com.br\/cbradar\/#\/schema\/person\/58422787644df994b53a19d3e56c1513"},"description":"N\u00easpera \u00e9 a fruta poderosa contra inflama\u00e7\u00f5es e diabetes, f\u00e1cil de cultivar em casa, rica em fibras e vitaminas que fortalecem a sa\u00fade.","breadcrumb":{"@id":"https:\/\/www.correiobraziliense.com.br\/cbradar\/a-fruta-mais-poderosa-para-combater-diabetes-e-inflamacoes\/#breadcrumb"},"inLanguage":"pt-BR","potentialAction":[{"@type":"ReadAction","target":["https:\/\/www.correiobraziliense.com.br\/cbradar\/a-fruta-mais-poderosa-para-combater-diabetes-e-inflamacoes\/"]}]},{"@type":"ImageObject","inLanguage":"pt-BR","@id":"https:\/\/www.correiobraziliense.com.br\/cbradar\/a-fruta-mais-poderosa-para-combater-diabetes-e-inflamacoes\/#primaryimage","url":"https:\/\/www.correiobraziliense.com.br\/cbradar\/wp-content\/uploads\/2025\/08\/nespera_1755718596542.jpg","contentUrl":"https:\/\/www.correiobraziliense.com.br\/cbradar\/wp-content\/uploads\/2025\/08\/nespera_1755718596542.jpg","width":1279,"height":720,"caption":"n\u00easpera. Cr\u00e9ditos: depositphotos.com \/ Iness_la_luz"},{"@type":"BreadcrumbList","@id":"https:\/\/www.correiobraziliense.com.br\/cbradar\/a-fruta-mais-poderosa-para-combater-diabetes-e-inflamacoes\/#breadcrumb","itemListElement":[{"@type":"ListItem","position":1,"name":"In\u00edcio","item":"https:\/\/www.correiobraziliense.com.br\/cbradar\/"},{"@type":"ListItem","position":2,"name":"A fruta mais poderosa para combater diabetes e inflama\u00e7\u00f5es"}]},{"@type":"WebSite","@id":"https:\/\/www.correiobraziliense.com.br\/cbradar\/#website","url":"https:\/\/www.correiobraziliense.com.br\/cbradar\/","name":"Correio Braziliense - Radar","description":"Acompanhe as \u00faltimas not\u00edcias e fique bem informado sobre tudo o que acontece no Brasil e no mundo.","potentialAction":[{"@type":"SearchAction","target":{"@type":"EntryPoint","urlTemplate":"https:\/\/www.correiobraziliense.com.br\/cbradar\/?s={search_term_string}"},"query-input":{"@type":"PropertyValueSpecification","valueRequired":true,"valueName":"search_term_string"}}],"inLanguage":"pt-BR"},{"@type":"Person","@id":"https:\/\/www.correiobraziliense.com.br\/cbradar\/#\/schema\/person\/58422787644df994b53a19d3e56c1513","name":"Larissa Carvalho","image":{"@type":"ImageObject","inLanguage":"pt-BR","@id":"https:\/\/www.correiobraziliense.com.br\/cbradar\/#\/schema\/person\/image\/","url":"https:\/\/secure.gravatar.com\/avatar\/fe4f91a0de32b52a838d0d612abdc1aa?s=96&d=mm&r=g","contentUrl":"https:\/\/secure.gravatar.com\/avatar\/fe4f91a0de32b52a838d0d612abdc1aa?s=96&d=mm&r=g","caption":"Larissa Carvalho"},"url":"https:\/\/www.correiobraziliense.com.br\/cbradar\/author\/larissamyth\/"}]}},"_links":{"self":[{"href":"https:\/\/www.correiobraziliense.com.br\/cbradar\/wp-json\/wp\/v2\/posts\/106812","targetHints":{"allow":["GET"]}}],"collection":[{"href":"https:\/\/www.correiobraziliense.com.br\/cbradar\/wp-json\/wp\/v2\/posts"}],"about":[{"href":"https:\/\/www.correiobraziliense.com.br\/cbradar\/wp-json\/wp\/v2\/types\/post"}],"author":[{"embeddable":true,"href":"https:\/\/www.correiobraziliense.com.br\/cbradar\/wp-json\/wp\/v2\/users\/3"}],"replies":[{"embeddable":true,"href":"https:\/\/www.correiobraziliense.com.br\/cbradar\/wp-json\/wp\/v2\/comments?post=106812"}],"version-history":[{"count":1,"href":"https:\/\/www.correiobraziliense.com.br\/cbradar\/wp-json\/wp\/v2\/posts\/106812\/revisions"}],"predecessor-version":[{"id":106813,"href":"https:\/\/www.correiobraziliense.com.br\/cbradar\/wp-json\/wp\/v2\/posts\/106812\/revisions\/106813"}],"wp:featuredmedia":[{"embeddable":true,"href":"https:\/\/www.correiobraziliense.com.br\/cbradar\/wp-json\/wp\/v2\/media\/89974"}],"wp:attachment":[{"href":"https:\/\/www.correiobraziliense.com.br\/cbradar\/wp-json\/wp\/v2\/media?parent=106812"}],"wp:term":[{"taxonomy":"category","embeddable":true,"href":"https:\/\/www.correiobraziliense.com.br\/cbradar\/wp-json\/wp\/v2\/categories?post=106812"},{"taxonomy":"post_tag","embeddable":true,"href":"https:\/\/www.correiobraziliense.com.br\/cbradar\/wp-json\/wp\/v2\/post_tag?post=106812"}],"curies":[{"name":"wp","href":"https:\/\/api.w.org\/{rel}","templated":true}]}}