{"id":106880,"date":"2025-09-21T19:03:00","date_gmt":"2025-09-21T22:03:00","guid":{"rendered":"https:\/\/www.correiobraziliense.com.br\/cbradar\/?p=106880"},"modified":"2025-09-20T14:04:44","modified_gmt":"2025-09-20T17:04:44","slug":"esta-e-a-fruta-mais-poderosa-para-ossos-e-musculos-na-maturidade","status":"publish","type":"post","link":"https:\/\/www.correiobraziliense.com.br\/cbradar\/esta-e-a-fruta-mais-poderosa-para-ossos-e-musculos-na-maturidade\/","title":{"rendered":"Est\u00e1 \u00e9 a fruta mais poderosa para ossos e m\u00fasculos na maturidade"},"content":{"rendered":"\n<p>O processo de envelhecimento traz consigo diversas transforma\u00e7\u00f5es no corpo, uma das mais significativas \u00e9 a redu\u00e7\u00e3o da massa muscular. Esta perda \u00e9 bastante comum entre pessoas idosas, o que enfatiza a relev\u00e2ncia de uma dieta adequada para manuten\u00e7\u00e3o da sa\u00fade e vitalidade. Um plano alimentar que inclui boas fontes de nutrientes pode colaborar no fortalecimento dos ossos e na conserva\u00e7\u00e3o da massa muscular, sendo indispens\u00e1vel para assegurar mobilidade e qualidade de vida na terceira idade.<\/p>\n\n\n\n<p>Particularmente para mulheres que passaram pela menopausa, a nutri\u00e7\u00e3o adequada pode fazer uma diferen\u00e7a consider\u00e1vel na redu\u00e7\u00e3o de riscos associados ao envelhecimento. Nesse sentido, a ameixa seca tem se destacado por seus benef\u00edcios amplamente documentados para a <a href=\"https:\/\/www.correiobraziliense.com.br\/cbradar\/dra-tayuane-pinto-oftalmologistao-que-ninguem-te-contou-sobre-tuberculose-e-saude-dos-olhos\/\" target=\"_blank\" rel=\"noreferrer noopener\">sa\u00fade <\/a>muscular e dos ossos. Ela \u00e9 rica em boro, c\u00e1lcio e vitamina K, nutrientes fundamentais na promo\u00e7\u00e3o de ossos saud\u00e1veis e na preven\u00e7\u00e3o de doen\u00e7as como a osteoporose.<\/p>\n\n\n\n<h2 class=\"wp-block-heading\">Como est\u00e3o relacionadas as sa\u00fades \u00f3ssea e muscular?<\/h2>\n\n\n\n<p>A intera\u00e7\u00e3o entre a <strong>Sa\u00fade Muscular e \u00d3ssea<\/strong> \u00e9 essencial, j\u00e1 que uma boa estrutura \u00f3ssea oferece o suporte necess\u00e1rio para os m\u00fasculos funcionarem adequadamente. Nutrientes presentes na ameixa seca auxiliam no fortalecimento dessa interdepend\u00eancia, garantindo que uma base \u00f3ssea saud\u00e1vel suporte eficazmente os m\u00fasculos, contribuindo assim para uma redu\u00e7\u00e3o no risco de les\u00f5es e melhorando a capacidade de movimenta\u00e7\u00e3o.<\/p>\n\n\n<div class=\"wp-block-image\">\n<figure class=\"aligncenter size-large\"><img decoding=\"async\" width=\"1024\" height=\"576\" src=\"https:\/\/www.correiobraziliense.com.br\/cbradar\/wp-content\/uploads\/2025\/07\/ameixas-secas_1751462955575-1024x576.jpg\" alt=\"\" class=\"wp-image-63207\" srcset=\"https:\/\/www.correiobraziliense.com.br\/cbradar\/wp-content\/uploads\/2025\/07\/ameixas-secas_1751462955575-1024x576.jpg 1024w, https:\/\/www.correiobraziliense.com.br\/cbradar\/wp-content\/uploads\/2025\/07\/ameixas-secas_1751462955575-300x169.jpg 300w, https:\/\/www.correiobraziliense.com.br\/cbradar\/wp-content\/uploads\/2025\/07\/ameixas-secas_1751462955575-768x432.jpg 768w, https:\/\/www.correiobraziliense.com.br\/cbradar\/wp-content\/uploads\/2025\/07\/ameixas-secas_1751462955575-750x422.jpg 750w, https:\/\/www.correiobraziliense.com.br\/cbradar\/wp-content\/uploads\/2025\/07\/ameixas-secas_1751462955575-1140x641.jpg 1140w, https:\/\/www.correiobraziliense.com.br\/cbradar\/wp-content\/uploads\/2025\/07\/ameixas-secas_1751462955575.jpg 1280w\" sizes=\"(max-width: 1024px) 100vw, 1024px\" \/><figcaption class=\"wp-element-caption\">Ameixas secas -Cr\u00e9ditos: depositphotos.com \/ iaroshenko.marina.gmail.com<\/figcaption><\/figure><\/div>\n\n\n<h2 class=\"wp-block-heading\">Quais vantagens adicionais a ameixa seca oferece \u00e0 sa\u00fade?<\/h2>\n\n\n\n<p>Al\u00e9m de vantagens para m\u00fasculos e ossos, a ameixa seca \u00e9 conhecida por trazer outros benef\u00edcios ao organismo. A presen\u00e7a de fibras alimentares ajuda a regular o sistema digestivo e evitar a constipa\u00e7\u00e3o, especialmente quando se mant\u00e9m uma boa hidrata\u00e7\u00e3o. Este alimento tamb\u00e9m promove a s\u00edntese de prote\u00ednas, um fator importante para a manuten\u00e7\u00e3o da for\u00e7a muscular em idades avan\u00e7adas.<\/p>\n\n\n\n<h2 class=\"wp-block-heading\">Qual a melhor maneira de incorporar a ameixa seca na dieta di\u00e1ria?<\/h2>\n\n\n\n<p>\u00c9 f\u00e1cil adicionar a ameixa seca \u00e0 alimenta\u00e7\u00e3o cotidiana devido \u00e0 sua versatilidade. Ela pode ser consumida como um lanche pr\u00e1tico, incorporada em saladas, combinada com iogurtes ou usada em sobremesas. Ao optar por ameixas secas, \u00e9 importante escolher aquelas que s\u00e3o macias e livres de sinais de deteriora\u00e7\u00e3o, armazenando-as em recipientes herm\u00e9ticos e locais frescos para preservar seus nutrientes.<\/p>\n\n\n\n<p>Incorporar ameixas secas na alimenta\u00e7\u00e3o di\u00e1ria \u00e9 uma estrat\u00e9gia eficaz para apoiar a sa\u00fade dos ossos e m\u00fasculos, proporcionando ainda uma s\u00e9rie de outros benef\u00edcios importantes para o organismo. Uma dieta equilibrada representa uma funda\u00e7\u00e3o s\u00f3lida para uma vida ativa e saud\u00e1vel na terceira idade, ajudando a minimizar os impactos naturais do envelhecimento.<\/p>\n\n\n<a href=\"https:\/\/www.instagram.com\/dra.annaluisabf\/\" target=\"_blank\" rel=\"noopener\" style=\"text-decoration: none; color: inherit;\">\n    <span style=\"display: inline-block; border: 1px solid #ccc; border-radius: 10px; padding: 15px; max-width: 550px; font-family: sans-serif; box-shadow: 0 2px 5px rgba(0,0,0,0.1); width: 100%;\">\n\n      <!-- T\u00edtulo -->\n      <span style=\"display: block; margin: 0 0 15px 0; font-weight: bold; color: #2c3e50; text-align: center;\">\n        Entre em contato:\n      <\/span>\n\n      <!-- Linha do perfil -->\n      <span style=\"display: flex; align-items: center; gap: 15px;\">\n        <img decoding=\"async\"\n          src=\"https:\/\/www.correiobraziliense.com.br\/cbradar\/wp-content\/uploads\/2025\/08\/dra_anna_luisa.jpeg\"\n          alt=\"Foto da Dra. Anna Lu\u00edsa\"\n          style=\"border-radius: 50%; width: 80px; height: 80px; object-fit: cover;\"\n        \/>\n        <span style=\"display: flex; flex-direction: column;\">\n          <span style=\"font-size: 18px; font-weight: 700; color: #2c3e50;\">Dra. Anna Lu\u00edsa Barbosa Fernandes<\/span>\n          <span style=\"color: #555;\">CRM-GO 33.271<\/span>\n        <\/span>\n      <\/span>\n\n      <!-- Redes -->\n      <span style=\"display: flex; align-items: center; gap: 10px; margin-top: 12px;\">\n        <img decoding=\"async\" src=\"https:\/\/cdn-icons-png.flaticon.com\/24\/1384\/1384063.png\" alt=\"Instagram\" width=\"24\" height=\"24\" \/>\n        <span style=\"text-decoration: underline; color: #2c3e50;\">@dra.annaluisabf<\/span>\n      <\/span>\n\n    <\/span>\n  <\/a>","protected":false},"excerpt":{"rendered":"<p>O processo de envelhecimento traz consigo diversas transforma\u00e7\u00f5es no corpo, uma das mais significativas \u00e9 a redu\u00e7\u00e3o da massa muscular. Esta perda \u00e9 bastante comum entre pessoas idosas, o que enfatiza a relev\u00e2ncia de uma dieta adequada para manuten\u00e7\u00e3o da sa\u00fade e vitalidade. Um plano alimentar que inclui boas fontes de nutrientes pode colaborar no [&hellip;]<\/p>\n","protected":false},"author":14,"featured_media":39435,"comment_status":"open","ping_status":"open","sticky":false,"template":"","format":"standard","meta":{"_yoast_wpseo_focuskw":"Sa\u00fade Muscular e \u00d3ssea","_yoast_wpseo_title":"","_yoast_wpseo_metadesc":"Ameixa seca rica em boro, c\u00e1lcio e vitamina K pode reduzir riscos e aliviar constipa\u00e7\u00e3o veja o passo simples que eleva os benef\u00edcios","jnews-multi-image_gallery":[],"jnews_single_post":{"format":"standard"},"jnews_primary_category":[],"jnews_social_meta":[],"jnews_override_counter":[],"footnotes":""},"categories":[4404],"post_tag":[1423,120,1318],"class_list":["post-106880","post","type-post","status-publish","format-standard","has-post-thumbnail","hentry","category-saude","tag-alimentos","tag-bem-estar","tag-saude-2"],"yoast_head":"<!-- This site is optimized with the Yoast SEO plugin v24.6 - https:\/\/yoast.com\/wordpress\/plugins\/seo\/ -->\n<title>Est\u00e1 \u00e9 a fruta mais poderosa para ossos e m\u00fasculos na maturidade - Correio Braziliense - Radar<\/title>\n<meta name=\"description\" content=\"Ameixa seca rica em boro, c\u00e1lcio e vitamina K pode reduzir riscos e aliviar constipa\u00e7\u00e3o veja o passo simples que eleva os benef\u00edcios\" \/>\n<meta name=\"robots\" content=\"index, follow, max-snippet:-1, max-image-preview:large, max-video-preview:-1\" \/>\n<link rel=\"canonical\" href=\"https:\/\/www.correiobraziliense.com.br\/cbradar\/esta-e-a-fruta-mais-poderosa-para-ossos-e-musculos-na-maturidade\/\" \/>\n<meta property=\"og:locale\" content=\"pt_BR\" \/>\n<meta property=\"og:type\" content=\"article\" \/>\n<meta property=\"og:title\" content=\"Est\u00e1 \u00e9 a fruta mais poderosa para ossos e m\u00fasculos na maturidade - Correio Braziliense - Radar\" \/>\n<meta property=\"og:description\" content=\"Ameixa seca rica em boro, c\u00e1lcio e vitamina K pode reduzir riscos e aliviar constipa\u00e7\u00e3o veja o passo simples que eleva os benef\u00edcios\" \/>\n<meta property=\"og:url\" content=\"https:\/\/www.correiobraziliense.com.br\/cbradar\/esta-e-a-fruta-mais-poderosa-para-ossos-e-musculos-na-maturidade\/\" \/>\n<meta property=\"og:site_name\" content=\"Correio Braziliense - Radar\" \/>\n<meta property=\"article:published_time\" content=\"2025-09-21T22:03:00+00:00\" \/>\n<meta property=\"og:image\" content=\"https:\/\/www.correiobraziliense.com.br\/cbradar\/wp-content\/uploads\/2025\/05\/ameixa-seca_1747673758261.jpg\" \/>\n\t<meta property=\"og:image:width\" content=\"1280\" \/>\n\t<meta property=\"og:image:height\" content=\"720\" \/>\n\t<meta property=\"og:image:type\" content=\"image\/jpeg\" \/>\n<meta name=\"author\" content=\"guilherme_saude\" \/>\n<meta name=\"twitter:card\" content=\"summary_large_image\" \/>\n<meta name=\"twitter:label1\" content=\"Escrito por\" \/>\n\t<meta name=\"twitter:data1\" content=\"guilherme_saude\" \/>\n\t<meta name=\"twitter:label2\" content=\"Est. tempo de leitura\" \/>\n\t<meta name=\"twitter:data2\" content=\"4 minutos\" \/>\n<!-- \/ Yoast SEO plugin. -->","yoast_head_json":{"title":"Est\u00e1 \u00e9 a fruta mais poderosa para ossos e m\u00fasculos na maturidade - Correio Braziliense - Radar","description":"Ameixa seca rica em boro, c\u00e1lcio e vitamina K pode reduzir riscos e aliviar constipa\u00e7\u00e3o veja o passo simples que eleva os benef\u00edcios","robots":{"index":"index","follow":"follow","max-snippet":"max-snippet:-1","max-image-preview":"max-image-preview:large","max-video-preview":"max-video-preview:-1"},"canonical":"https:\/\/www.correiobraziliense.com.br\/cbradar\/esta-e-a-fruta-mais-poderosa-para-ossos-e-musculos-na-maturidade\/","og_locale":"pt_BR","og_type":"article","og_title":"Est\u00e1 \u00e9 a fruta mais poderosa para ossos e m\u00fasculos na maturidade - Correio Braziliense - Radar","og_description":"Ameixa seca rica em boro, c\u00e1lcio e vitamina K pode reduzir riscos e aliviar constipa\u00e7\u00e3o veja o passo simples que eleva os benef\u00edcios","og_url":"https:\/\/www.correiobraziliense.com.br\/cbradar\/esta-e-a-fruta-mais-poderosa-para-ossos-e-musculos-na-maturidade\/","og_site_name":"Correio Braziliense - Radar","article_published_time":"2025-09-21T22:03:00+00:00","og_image":[{"width":1280,"height":720,"url":"https:\/\/www.correiobraziliense.com.br\/cbradar\/wp-content\/uploads\/2025\/05\/ameixa-seca_1747673758261.jpg","type":"image\/jpeg"}],"author":"guilherme_saude","twitter_card":"summary_large_image","twitter_misc":{"Escrito por":"guilherme_saude","Est. tempo de leitura":"4 minutos"},"schema":{"@context":"https:\/\/schema.org","@graph":[{"@type":"WebPage","@id":"https:\/\/www.correiobraziliense.com.br\/cbradar\/esta-e-a-fruta-mais-poderosa-para-ossos-e-musculos-na-maturidade\/","url":"https:\/\/www.correiobraziliense.com.br\/cbradar\/esta-e-a-fruta-mais-poderosa-para-ossos-e-musculos-na-maturidade\/","name":"Est\u00e1 \u00e9 a fruta mais poderosa para ossos e m\u00fasculos na maturidade - Correio Braziliense - Radar","isPartOf":{"@id":"https:\/\/www.correiobraziliense.com.br\/cbradar\/#website"},"primaryImageOfPage":{"@id":"https:\/\/www.correiobraziliense.com.br\/cbradar\/esta-e-a-fruta-mais-poderosa-para-ossos-e-musculos-na-maturidade\/#primaryimage"},"image":{"@id":"https:\/\/www.correiobraziliense.com.br\/cbradar\/esta-e-a-fruta-mais-poderosa-para-ossos-e-musculos-na-maturidade\/#primaryimage"},"thumbnailUrl":"https:\/\/www.correiobraziliense.com.br\/cbradar\/wp-content\/uploads\/2025\/05\/ameixa-seca_1747673758261.jpg","datePublished":"2025-09-21T22:03:00+00:00","author":{"@id":"https:\/\/www.correiobraziliense.com.br\/cbradar\/#\/schema\/person\/5aa4bf3c8fa699c267933611de12978b"},"description":"Ameixa seca rica em boro, c\u00e1lcio e vitamina K pode reduzir riscos e aliviar constipa\u00e7\u00e3o veja o passo simples que eleva os benef\u00edcios","breadcrumb":{"@id":"https:\/\/www.correiobraziliense.com.br\/cbradar\/esta-e-a-fruta-mais-poderosa-para-ossos-e-musculos-na-maturidade\/#breadcrumb"},"inLanguage":"pt-BR","potentialAction":[{"@type":"ReadAction","target":["https:\/\/www.correiobraziliense.com.br\/cbradar\/esta-e-a-fruta-mais-poderosa-para-ossos-e-musculos-na-maturidade\/"]}]},{"@type":"ImageObject","inLanguage":"pt-BR","@id":"https:\/\/www.correiobraziliense.com.br\/cbradar\/esta-e-a-fruta-mais-poderosa-para-ossos-e-musculos-na-maturidade\/#primaryimage","url":"https:\/\/www.correiobraziliense.com.br\/cbradar\/wp-content\/uploads\/2025\/05\/ameixa-seca_1747673758261.jpg","contentUrl":"https:\/\/www.correiobraziliense.com.br\/cbradar\/wp-content\/uploads\/2025\/05\/ameixa-seca_1747673758261.jpg","width":1280,"height":720,"caption":"benef\u00edcios da ameixa seca - Cr\u00e9ditos: depositphotos.com \/ valery121283"},{"@type":"BreadcrumbList","@id":"https:\/\/www.correiobraziliense.com.br\/cbradar\/esta-e-a-fruta-mais-poderosa-para-ossos-e-musculos-na-maturidade\/#breadcrumb","itemListElement":[{"@type":"ListItem","position":1,"name":"In\u00edcio","item":"https:\/\/www.correiobraziliense.com.br\/cbradar\/"},{"@type":"ListItem","position":2,"name":"Est\u00e1 \u00e9 a fruta mais poderosa para ossos e m\u00fasculos na maturidade"}]},{"@type":"WebSite","@id":"https:\/\/www.correiobraziliense.com.br\/cbradar\/#website","url":"https:\/\/www.correiobraziliense.com.br\/cbradar\/","name":"Correio Braziliense - Radar","description":"Acompanhe as \u00faltimas not\u00edcias e fique bem informado sobre tudo o que acontece no Brasil e no mundo.","potentialAction":[{"@type":"SearchAction","target":{"@type":"EntryPoint","urlTemplate":"https:\/\/www.correiobraziliense.com.br\/cbradar\/?s={search_term_string}"},"query-input":{"@type":"PropertyValueSpecification","valueRequired":true,"valueName":"search_term_string"}}],"inLanguage":"pt-BR"},{"@type":"Person","@id":"https:\/\/www.correiobraziliense.com.br\/cbradar\/#\/schema\/person\/5aa4bf3c8fa699c267933611de12978b","name":"guilherme_saude","image":{"@type":"ImageObject","inLanguage":"pt-BR","@id":"https:\/\/www.correiobraziliense.com.br\/cbradar\/#\/schema\/person\/image\/","url":"https:\/\/secure.gravatar.com\/avatar\/df9adfb835d344bc0af109d41756253f?s=96&d=mm&r=g","contentUrl":"https:\/\/secure.gravatar.com\/avatar\/df9adfb835d344bc0af109d41756253f?s=96&d=mm&r=g","caption":"guilherme_saude"},"url":"https:\/\/www.correiobraziliense.com.br\/cbradar\/author\/guilherme_saude\/"}]}},"_links":{"self":[{"href":"https:\/\/www.correiobraziliense.com.br\/cbradar\/wp-json\/wp\/v2\/posts\/106880","targetHints":{"allow":["GET"]}}],"collection":[{"href":"https:\/\/www.correiobraziliense.com.br\/cbradar\/wp-json\/wp\/v2\/posts"}],"about":[{"href":"https:\/\/www.correiobraziliense.com.br\/cbradar\/wp-json\/wp\/v2\/types\/post"}],"author":[{"embeddable":true,"href":"https:\/\/www.correiobraziliense.com.br\/cbradar\/wp-json\/wp\/v2\/users\/14"}],"replies":[{"embeddable":true,"href":"https:\/\/www.correiobraziliense.com.br\/cbradar\/wp-json\/wp\/v2\/comments?post=106880"}],"version-history":[{"count":1,"href":"https:\/\/www.correiobraziliense.com.br\/cbradar\/wp-json\/wp\/v2\/posts\/106880\/revisions"}],"predecessor-version":[{"id":106881,"href":"https:\/\/www.correiobraziliense.com.br\/cbradar\/wp-json\/wp\/v2\/posts\/106880\/revisions\/106881"}],"wp:featuredmedia":[{"embeddable":true,"href":"https:\/\/www.correiobraziliense.com.br\/cbradar\/wp-json\/wp\/v2\/media\/39435"}],"wp:attachment":[{"href":"https:\/\/www.correiobraziliense.com.br\/cbradar\/wp-json\/wp\/v2\/media?parent=106880"}],"wp:term":[{"taxonomy":"category","embeddable":true,"href":"https:\/\/www.correiobraziliense.com.br\/cbradar\/wp-json\/wp\/v2\/categories?post=106880"},{"taxonomy":"post_tag","embeddable":true,"href":"https:\/\/www.correiobraziliense.com.br\/cbradar\/wp-json\/wp\/v2\/post_tag?post=106880"}],"curies":[{"name":"wp","href":"https:\/\/api.w.org\/{rel}","templated":true}]}}