{"id":106892,"date":"2025-09-22T06:23:00","date_gmt":"2025-09-22T09:23:00","guid":{"rendered":"https:\/\/www.correiobraziliense.com.br\/cbradar\/?p=106892"},"modified":"2025-09-20T14:19:57","modified_gmt":"2025-09-20T17:19:57","slug":"o-guia-definitivo-das-plantas-que-espantam-mosquitos","status":"publish","type":"post","link":"https:\/\/www.correiobraziliense.com.br\/cbradar\/o-guia-definitivo-das-plantas-que-espantam-mosquitos\/","title":{"rendered":"O guia definitivo das plantas que espantam mosquitos"},"content":{"rendered":"\n<p>Nos per\u00edodos de calor intenso, a presen\u00e7a de mosquitos e pernilongos pode transformar momentos agrad\u00e1veis ao ar livre em uma experi\u00eancia desgastante. Al\u00e9m das picadas dolorosas, esses insetos s\u00e3o vetores de diversas doen\u00e7as, o que fortalece a busca por m\u00e9todos eficazes de preven\u00e7\u00e3o. Uma alternativa que tem ganhado destaque \u00e9 o uso de plantas com propriedades <strong>Repelentes <\/strong>naturais. Posicionadas estrategicamente ao redor da casa, especialmente perto da entrada, essas plantas atuam como uma barreira natural, afastando os insetos indesejados.<\/p>\n\n\n\n<p>Essas plantas emitem aromas que incomodam os mosquitos, ao mesmo tempo que s\u00e3o agrad\u00e1veis aos humanos. Ao plantar variedades espec\u00edficas, \u00e9 poss\u00edvel criar uma linha de defesa sem o uso de produtos qu\u00edmicos nocivos. Essa abordagem n\u00e3o s\u00f3 contribui para a sa\u00fade do ambiente dom\u00e9stico, como tamb\u00e9m enriquece a decora\u00e7\u00e3o do espa\u00e7o com um toque verde e agrad\u00e1vel.<\/p>\n\n\n\n<h2 class=\"wp-block-heading\">Por que utilizar plantas Repelentes?<\/h2>\n\n\n\n<p>M\u00e9todos naturais de controle de insetos t\u00eam sido cada vez mais valorizados por quem procura manter a resid\u00eancia livre de produtos sint\u00e9ticos. Plantas Repelentes funcionam atrav\u00e9s da emiss\u00e3o de compostos vol\u00e1teis que interferem na capacidade dos insetos de localizar suas presas. Esta combina\u00e7\u00e3o de beleza e funcionalidade transforma o jardim em uma solu\u00e7\u00e3o eficaz e ecol\u00f3gica contra pragas.<\/p>\n\n\n\n<h2 class=\"wp-block-heading\">Quais plantas s\u00e3o mais eficazes contra mosquitos?<\/h2>\n\n\n\n<p>Entre as op\u00e7\u00f5es mais populares est\u00e1 a citronela, uma planta famosa por seu forte aroma c\u00edtrico, capaz de desorientar mosquitos. Cultivada em vasos ou diretamente no solo, ela requer exposi\u00e7\u00e3o solar e solo bem drenado para crescer saud\u00e1vel. Al\u00e9m da citronela, a lavanda e o manjeric\u00e3o tamb\u00e9m s\u00e3o eficazes. Lavanda oferece flores vibrantes e perfumadas, enquanto o manjeric\u00e3o, al\u00e9m de repelir insetos, pode ser utilizado na cozinha.<\/p>\n\n\n<div class=\"wp-block-image\">\n<figure class=\"aligncenter size-large\"><img decoding=\"async\" width=\"1024\" height=\"576\" src=\"https:\/\/www.correiobraziliense.com.br\/cbradar\/wp-content\/uploads\/2025\/09\/citronella_1758294862612-1024x576.jpg\" alt=\"\" class=\"wp-image-106226\" srcset=\"https:\/\/www.correiobraziliense.com.br\/cbradar\/wp-content\/uploads\/2025\/09\/citronella_1758294862612-1024x576.jpg 1024w, https:\/\/www.correiobraziliense.com.br\/cbradar\/wp-content\/uploads\/2025\/09\/citronella_1758294862612-300x169.jpg 300w, https:\/\/www.correiobraziliense.com.br\/cbradar\/wp-content\/uploads\/2025\/09\/citronella_1758294862612-768x432.jpg 768w, https:\/\/www.correiobraziliense.com.br\/cbradar\/wp-content\/uploads\/2025\/09\/citronella_1758294862612-750x422.jpg 750w, https:\/\/www.correiobraziliense.com.br\/cbradar\/wp-content\/uploads\/2025\/09\/citronella_1758294862612-1140x641.jpg 1140w, https:\/\/www.correiobraziliense.com.br\/cbradar\/wp-content\/uploads\/2025\/09\/citronella_1758294862612.jpg 1280w\" sizes=\"(max-width: 1024px) 100vw, 1024px\" \/><figcaption class=\"wp-element-caption\">Citronela &#8211; Cr\u00e9ditos: depositphotos.com \/ gioiak2<\/figcaption><\/figure><\/div>\n\n\n<h2 class=\"wp-block-heading\">Como integrar plantas Repelentes na decora\u00e7\u00e3o?<\/h2>\n\n\n\n<p>Combinar diferentes tipos de plantas Repelentes n\u00e3o apenas intensifica sua efetividade, mas tamb\u00e9m adiciona diversidade ao jardim. Elas podem ser organizadas em conjuntos harm\u00f4nicos, maximizando sua capacidade de repelir mosquitos. Plante essas variedades em \u00e1reas estrat\u00e9gicas, como bordas de caminhos e proximidades de portas e janelas, para criar uma camada adicional de prote\u00e7\u00e3o efetiva.<\/p>\n\n\n\n<p>Em resumo, adotar plantas Repelentes de mosquitos \u00e9 uma forma sustent\u00e1vel de proteger a casa contra insetos. Este m\u00e9todo incorpora a beleza e a funcionalidade, transformando os ambientes de conviv\u00eancia em espa\u00e7o de <a href=\"https:\/\/www.correiobraziliense.com.br\/cbradar\/dra-tayuane-pinto-oftalmologistao-que-ninguem-te-contou-sobre-tuberculose-e-saude-dos-olhos\/\" target=\"_blank\" rel=\"noreferrer noopener\">sa\u00fade <\/a>e tranquilidade. A medida se destaca n\u00e3o s\u00f3 como uma solu\u00e7\u00e3o pr\u00e1tica e natural, mas tamb\u00e9m como um investimento no bem-estar da fam\u00edlia e no cuidado com o meio ambiente.<\/p>\n\n\n<a href=\"https:\/\/www.instagram.com\/dra.annaluisabf\/\" target=\"_blank\" rel=\"noopener\" style=\"text-decoration: none; color: inherit;\">\n    <span style=\"display: inline-block; border: 1px solid #ccc; border-radius: 10px; padding: 15px; max-width: 550px; font-family: sans-serif; box-shadow: 0 2px 5px rgba(0,0,0,0.1); width: 100%;\">\n\n      <!-- T\u00edtulo -->\n      <span style=\"display: block; margin: 0 0 15px 0; font-weight: bold; color: #2c3e50; text-align: center;\">\n        Entre em contato:\n      <\/span>\n\n      <!-- Linha do perfil -->\n      <span style=\"display: flex; align-items: center; gap: 15px;\">\n        <img decoding=\"async\"\n          src=\"https:\/\/www.correiobraziliense.com.br\/cbradar\/wp-content\/uploads\/2025\/08\/dra_anna_luisa.jpeg\"\n          alt=\"Foto da Dra. Anna Lu\u00edsa\"\n          style=\"border-radius: 50%; width: 80px; height: 80px; object-fit: cover;\"\n        \/>\n        <span style=\"display: flex; flex-direction: column;\">\n          <span style=\"font-size: 18px; font-weight: 700; color: #2c3e50;\">Dra. Anna Lu\u00edsa Barbosa Fernandes<\/span>\n          <span style=\"color: #555;\">CRM-GO 33.271<\/span>\n        <\/span>\n      <\/span>\n\n      <!-- Redes -->\n      <span style=\"display: flex; align-items: center; gap: 10px; margin-top: 12px;\">\n        <img decoding=\"async\" src=\"https:\/\/cdn-icons-png.flaticon.com\/24\/1384\/1384063.png\" alt=\"Instagram\" width=\"24\" height=\"24\" \/>\n        <span style=\"text-decoration: underline; color: #2c3e50;\">@dra.annaluisabf<\/span>\n      <\/span>\n\n    <\/span>\n  <\/a>\n\n\n<p><\/p>\n","protected":false},"excerpt":{"rendered":"<p>Nos per\u00edodos de calor intenso, a presen\u00e7a de mosquitos e pernilongos pode transformar momentos agrad\u00e1veis ao ar livre em uma experi\u00eancia desgastante. Al\u00e9m das picadas dolorosas, esses insetos s\u00e3o vetores de diversas doen\u00e7as, o que fortalece a busca por m\u00e9todos eficazes de preven\u00e7\u00e3o. Uma alternativa que tem ganhado destaque \u00e9 o uso de plantas com [&hellip;]<\/p>\n","protected":false},"author":14,"featured_media":86812,"comment_status":"open","ping_status":"open","sticky":false,"template":"","format":"standard","meta":{"_yoast_wpseo_focuskw":"Repelentes","_yoast_wpseo_title":"","_yoast_wpseo_metadesc":"Plantas repelentes de mosquitos unem beleza e prote\u00e7\u00e3o conhe\u00e7a o arranjo que refor\u00e7a a defesa perto de portas e janelas","jnews-multi-image_gallery":[],"jnews_single_post":{"format":"standard"},"jnews_primary_category":[],"jnews_social_meta":[],"jnews_override_counter":[],"footnotes":""},"categories":[4404],"post_tag":[120,224,1318],"class_list":["post-106892","post","type-post","status-publish","format-standard","has-post-thumbnail","hentry","category-saude","tag-bem-estar","tag-plantas","tag-saude-2"],"yoast_head":"<!-- This site is optimized with the Yoast SEO plugin v24.6 - https:\/\/yoast.com\/wordpress\/plugins\/seo\/ -->\n<title>O guia definitivo das plantas que espantam mosquitos - Correio Braziliense - Radar<\/title>\n<meta name=\"description\" content=\"Plantas repelentes de mosquitos unem beleza e prote\u00e7\u00e3o conhe\u00e7a o arranjo que refor\u00e7a a defesa perto de portas e janelas\" \/>\n<meta name=\"robots\" content=\"index, follow, max-snippet:-1, max-image-preview:large, max-video-preview:-1\" \/>\n<link rel=\"canonical\" href=\"https:\/\/www.correiobraziliense.com.br\/cbradar\/o-guia-definitivo-das-plantas-que-espantam-mosquitos\/\" \/>\n<meta property=\"og:locale\" content=\"pt_BR\" \/>\n<meta property=\"og:type\" content=\"article\" \/>\n<meta property=\"og:title\" content=\"O guia definitivo das plantas que espantam mosquitos - Correio Braziliense - Radar\" \/>\n<meta property=\"og:description\" content=\"Plantas repelentes de mosquitos unem beleza e prote\u00e7\u00e3o conhe\u00e7a o arranjo que refor\u00e7a a defesa perto de portas e janelas\" \/>\n<meta property=\"og:url\" content=\"https:\/\/www.correiobraziliense.com.br\/cbradar\/o-guia-definitivo-das-plantas-que-espantam-mosquitos\/\" \/>\n<meta property=\"og:site_name\" content=\"Correio Braziliense - Radar\" \/>\n<meta property=\"article:published_time\" content=\"2025-09-22T09:23:00+00:00\" \/>\n<meta property=\"og:image\" content=\"https:\/\/www.correiobraziliense.com.br\/cbradar\/wp-content\/uploads\/2025\/08\/mosquito_1755197565666.jpg\" \/>\n\t<meta property=\"og:image:width\" content=\"1280\" \/>\n\t<meta property=\"og:image:height\" content=\"720\" \/>\n\t<meta property=\"og:image:type\" content=\"image\/jpeg\" \/>\n<meta name=\"author\" content=\"guilherme_saude\" \/>\n<meta name=\"twitter:card\" content=\"summary_large_image\" \/>\n<meta name=\"twitter:label1\" content=\"Escrito por\" \/>\n\t<meta name=\"twitter:data1\" content=\"guilherme_saude\" \/>\n\t<meta name=\"twitter:label2\" content=\"Est. tempo de leitura\" \/>\n\t<meta name=\"twitter:data2\" content=\"4 minutos\" \/>\n<!-- \/ Yoast SEO plugin. -->","yoast_head_json":{"title":"O guia definitivo das plantas que espantam mosquitos - Correio Braziliense - Radar","description":"Plantas repelentes de mosquitos unem beleza e prote\u00e7\u00e3o conhe\u00e7a o arranjo que refor\u00e7a a defesa perto de portas e janelas","robots":{"index":"index","follow":"follow","max-snippet":"max-snippet:-1","max-image-preview":"max-image-preview:large","max-video-preview":"max-video-preview:-1"},"canonical":"https:\/\/www.correiobraziliense.com.br\/cbradar\/o-guia-definitivo-das-plantas-que-espantam-mosquitos\/","og_locale":"pt_BR","og_type":"article","og_title":"O guia definitivo das plantas que espantam mosquitos - Correio Braziliense - Radar","og_description":"Plantas repelentes de mosquitos unem beleza e prote\u00e7\u00e3o conhe\u00e7a o arranjo que refor\u00e7a a defesa perto de portas e janelas","og_url":"https:\/\/www.correiobraziliense.com.br\/cbradar\/o-guia-definitivo-das-plantas-que-espantam-mosquitos\/","og_site_name":"Correio Braziliense - Radar","article_published_time":"2025-09-22T09:23:00+00:00","og_image":[{"width":1280,"height":720,"url":"https:\/\/www.correiobraziliense.com.br\/cbradar\/wp-content\/uploads\/2025\/08\/mosquito_1755197565666.jpg","type":"image\/jpeg"}],"author":"guilherme_saude","twitter_card":"summary_large_image","twitter_misc":{"Escrito por":"guilherme_saude","Est. tempo de leitura":"4 minutos"},"schema":{"@context":"https:\/\/schema.org","@graph":[{"@type":"WebPage","@id":"https:\/\/www.correiobraziliense.com.br\/cbradar\/o-guia-definitivo-das-plantas-que-espantam-mosquitos\/","url":"https:\/\/www.correiobraziliense.com.br\/cbradar\/o-guia-definitivo-das-plantas-que-espantam-mosquitos\/","name":"O guia definitivo das plantas que espantam mosquitos - Correio Braziliense - Radar","isPartOf":{"@id":"https:\/\/www.correiobraziliense.com.br\/cbradar\/#website"},"primaryImageOfPage":{"@id":"https:\/\/www.correiobraziliense.com.br\/cbradar\/o-guia-definitivo-das-plantas-que-espantam-mosquitos\/#primaryimage"},"image":{"@id":"https:\/\/www.correiobraziliense.com.br\/cbradar\/o-guia-definitivo-das-plantas-que-espantam-mosquitos\/#primaryimage"},"thumbnailUrl":"https:\/\/www.correiobraziliense.com.br\/cbradar\/wp-content\/uploads\/2025\/08\/mosquito_1755197565666.jpg","datePublished":"2025-09-22T09:23:00+00:00","author":{"@id":"https:\/\/www.correiobraziliense.com.br\/cbradar\/#\/schema\/person\/5aa4bf3c8fa699c267933611de12978b"},"description":"Plantas repelentes de mosquitos unem beleza e prote\u00e7\u00e3o conhe\u00e7a o arranjo que refor\u00e7a a defesa perto de portas e janelas","breadcrumb":{"@id":"https:\/\/www.correiobraziliense.com.br\/cbradar\/o-guia-definitivo-das-plantas-que-espantam-mosquitos\/#breadcrumb"},"inLanguage":"pt-BR","potentialAction":[{"@type":"ReadAction","target":["https:\/\/www.correiobraziliense.com.br\/cbradar\/o-guia-definitivo-das-plantas-que-espantam-mosquitos\/"]}]},{"@type":"ImageObject","inLanguage":"pt-BR","@id":"https:\/\/www.correiobraziliense.com.br\/cbradar\/o-guia-definitivo-das-plantas-que-espantam-mosquitos\/#primaryimage","url":"https:\/\/www.correiobraziliense.com.br\/cbradar\/wp-content\/uploads\/2025\/08\/mosquito_1755197565666.jpg","contentUrl":"https:\/\/www.correiobraziliense.com.br\/cbradar\/wp-content\/uploads\/2025\/08\/mosquito_1755197565666.jpg","width":1280,"height":720,"caption":"Mosquitos - Cr\u00e9ditos: depositphotos.com \/ Kwangmoozaa"},{"@type":"BreadcrumbList","@id":"https:\/\/www.correiobraziliense.com.br\/cbradar\/o-guia-definitivo-das-plantas-que-espantam-mosquitos\/#breadcrumb","itemListElement":[{"@type":"ListItem","position":1,"name":"In\u00edcio","item":"https:\/\/www.correiobraziliense.com.br\/cbradar\/"},{"@type":"ListItem","position":2,"name":"O guia definitivo das plantas que espantam mosquitos"}]},{"@type":"WebSite","@id":"https:\/\/www.correiobraziliense.com.br\/cbradar\/#website","url":"https:\/\/www.correiobraziliense.com.br\/cbradar\/","name":"Correio Braziliense - Radar","description":"Acompanhe as \u00faltimas not\u00edcias e fique bem informado sobre tudo o que acontece no Brasil e no mundo.","potentialAction":[{"@type":"SearchAction","target":{"@type":"EntryPoint","urlTemplate":"https:\/\/www.correiobraziliense.com.br\/cbradar\/?s={search_term_string}"},"query-input":{"@type":"PropertyValueSpecification","valueRequired":true,"valueName":"search_term_string"}}],"inLanguage":"pt-BR"},{"@type":"Person","@id":"https:\/\/www.correiobraziliense.com.br\/cbradar\/#\/schema\/person\/5aa4bf3c8fa699c267933611de12978b","name":"guilherme_saude","image":{"@type":"ImageObject","inLanguage":"pt-BR","@id":"https:\/\/www.correiobraziliense.com.br\/cbradar\/#\/schema\/person\/image\/","url":"https:\/\/secure.gravatar.com\/avatar\/df9adfb835d344bc0af109d41756253f?s=96&d=mm&r=g","contentUrl":"https:\/\/secure.gravatar.com\/avatar\/df9adfb835d344bc0af109d41756253f?s=96&d=mm&r=g","caption":"guilherme_saude"},"url":"https:\/\/www.correiobraziliense.com.br\/cbradar\/author\/guilherme_saude\/"}]}},"_links":{"self":[{"href":"https:\/\/www.correiobraziliense.com.br\/cbradar\/wp-json\/wp\/v2\/posts\/106892","targetHints":{"allow":["GET"]}}],"collection":[{"href":"https:\/\/www.correiobraziliense.com.br\/cbradar\/wp-json\/wp\/v2\/posts"}],"about":[{"href":"https:\/\/www.correiobraziliense.com.br\/cbradar\/wp-json\/wp\/v2\/types\/post"}],"author":[{"embeddable":true,"href":"https:\/\/www.correiobraziliense.com.br\/cbradar\/wp-json\/wp\/v2\/users\/14"}],"replies":[{"embeddable":true,"href":"https:\/\/www.correiobraziliense.com.br\/cbradar\/wp-json\/wp\/v2\/comments?post=106892"}],"version-history":[{"count":1,"href":"https:\/\/www.correiobraziliense.com.br\/cbradar\/wp-json\/wp\/v2\/posts\/106892\/revisions"}],"predecessor-version":[{"id":106893,"href":"https:\/\/www.correiobraziliense.com.br\/cbradar\/wp-json\/wp\/v2\/posts\/106892\/revisions\/106893"}],"wp:featuredmedia":[{"embeddable":true,"href":"https:\/\/www.correiobraziliense.com.br\/cbradar\/wp-json\/wp\/v2\/media\/86812"}],"wp:attachment":[{"href":"https:\/\/www.correiobraziliense.com.br\/cbradar\/wp-json\/wp\/v2\/media?parent=106892"}],"wp:term":[{"taxonomy":"category","embeddable":true,"href":"https:\/\/www.correiobraziliense.com.br\/cbradar\/wp-json\/wp\/v2\/categories?post=106892"},{"taxonomy":"post_tag","embeddable":true,"href":"https:\/\/www.correiobraziliense.com.br\/cbradar\/wp-json\/wp\/v2\/post_tag?post=106892"}],"curies":[{"name":"wp","href":"https:\/\/api.w.org\/{rel}","templated":true}]}}