{"id":106905,"date":"2025-09-22T08:03:00","date_gmt":"2025-09-22T11:03:00","guid":{"rendered":"https:\/\/www.correiobraziliense.com.br\/cbradar\/?p=106905"},"modified":"2025-09-20T14:32:13","modified_gmt":"2025-09-20T17:32:13","slug":"4-plantas-que-ajudam-no-alivio-da-rinite-alergica-e-purificam-o-ar","status":"publish","type":"post","link":"https:\/\/www.correiobraziliense.com.br\/cbradar\/4-plantas-que-ajudam-no-alivio-da-rinite-alergica-e-purificam-o-ar\/","title":{"rendered":"4 Plantas que ajudam no al\u00edvio da Rinite Al\u00e9rgica e purificam o ar"},"content":{"rendered":"\n<p>A <strong>Rinite Al\u00e9rgica <\/strong>\u00e9 uma condi\u00e7\u00e3o bastante prevalente, caracterizada por sintomas como entupimento nasal, coriza, espirros frequentes e coceira no nariz. Os al\u00e9rgenos, subst\u00e2ncias que provocam rea\u00e7\u00f5es al\u00e9rgicas, como poeira, p\u00f3len, e mofo, s\u00e3o os principais respons\u00e1veis por desencadear esses sintomas. Embora o tratamento m\u00e9dico tradicional seja frequentemente necess\u00e1rio para controlar a rinite, muitos procuram alternativas naturais para auxiliar na redu\u00e7\u00e3o dos sintomas.<\/p>\n\n\n\n<p>Entre as alternativas naturais, algumas plantas t\u00eam um papel significativo na melhora da qualidade do ar dentro de casa. Quando corretamente escolhidas e utilizadas, essas plantas podem contribuir para um al\u00edvio consider\u00e1vel dos sintomas al\u00e9rgicos associados \u00e0 rinite. No entanto, \u00e9 crucial selecionar as plantas apropriadas e garantir que s\u00e3o mantidas em \u00f3timas condi\u00e7\u00f5es para evitar qualquer agravamento dos sintomas.<\/p>\n\n\n\n<h2 class=\"wp-block-heading\">Quais plantas podem ajudar na Rinite Al\u00e9rgica?<\/h2>\n\n\n\n<p>A escolha de plantas que purificam o ar pode ser ben\u00e9fica para aqueles que sofrem de Rinite Al\u00e9rgica. Essas plantas s\u00e3o conhecidas por sua habilidade de remover toxinas e melhorar a qualidade do ar, contribuindo para uma diminui\u00e7\u00e3o dos irritantes al\u00e9rgicos presentes no ambiente. Entre as plantas mais recomendadas est\u00e3o o\u00a0<strong>Espada-de-S\u00e3o-Jorge<\/strong>, que libera oxig\u00eanio \u00e0 noite, e a\u00a0<strong>Palmeira-bambu<\/strong>, conhecida por sua efici\u00eancia na remo\u00e7\u00e3o de poluentes. Plantas como a\u00a0<strong>Babosa<\/strong>\u00a0tamb\u00e9m s\u00e3o valiosas, oferecendo benef\u00edcios adicionais ao ambiente.<\/p>\n\n\n<div class=\"wp-block-image\">\n<figure class=\"aligncenter size-large\"><img decoding=\"async\" width=\"1024\" height=\"576\" src=\"https:\/\/www.correiobraziliense.com.br\/cbradar\/wp-content\/uploads\/2025\/07\/babosa_1753205139464-1024x576.jpg\" alt=\"\" class=\"wp-image-73670\" srcset=\"https:\/\/www.correiobraziliense.com.br\/cbradar\/wp-content\/uploads\/2025\/07\/babosa_1753205139464-1024x576.jpg 1024w, https:\/\/www.correiobraziliense.com.br\/cbradar\/wp-content\/uploads\/2025\/07\/babosa_1753205139464-300x169.jpg 300w, https:\/\/www.correiobraziliense.com.br\/cbradar\/wp-content\/uploads\/2025\/07\/babosa_1753205139464-768x432.jpg 768w, https:\/\/www.correiobraziliense.com.br\/cbradar\/wp-content\/uploads\/2025\/07\/babosa_1753205139464-750x422.jpg 750w, https:\/\/www.correiobraziliense.com.br\/cbradar\/wp-content\/uploads\/2025\/07\/babosa_1753205139464-1140x641.jpg 1140w, https:\/\/www.correiobraziliense.com.br\/cbradar\/wp-content\/uploads\/2025\/07\/babosa_1753205139464.jpg 1280w\" sizes=\"(max-width: 1024px) 100vw, 1024px\" \/><figcaption class=\"wp-element-caption\">Babosa &#8211; Cr\u00e9ditos: depositphotos.com \/ nenovbrothers<\/figcaption><\/figure><\/div>\n\n\n<h2 class=\"wp-block-heading\">Como utilizar as plantas de forma eficiente para aliviar a rinite?<\/h2>\n\n\n\n<p>Para que as plantas sejam eficazes no al\u00edvio dos sintomas de Rinite Al\u00e9rgica, \u00e9 importante que sejam distribu\u00eddas adequadamente por todo ambiente. Recomenda-se que haja uma planta a cada 10 metros quadrados. Manter as plantas livres de poeira \u00e9 essencial, assim como reg\u00e1-las conforme necess\u00e1rio para que se mantenham saud\u00e1veis. Posicionar as plantas perto de janelas pode potencializar o efeito purificador, uma vez que permite uma melhor circula\u00e7\u00e3o de ar.<\/p>\n\n\n\n<h2 class=\"wp-block-heading\">Existem outras medidas para reduzir al\u00e9rgenos em casa?<\/h2>\n\n\n\n<p>Al\u00e9m do uso de plantas, outras estrat\u00e9gias podem ser implementadas para minimizar a presen\u00e7a de al\u00e9rgenos no lar. Dentre elas est\u00e3o a manuten\u00e7\u00e3o regular da limpeza do ambiente com aspiradores de p\u00f3 equipados com filtros HEPA e a instala\u00e7\u00e3o de purificadores de ar de alta efici\u00eancia. Al\u00e9m disso, evitar o ac\u00famulo de objetos que possam reter poeira pode ajudar a criar um ambiente mais saud\u00e1vel para quem sofre de alergias.<\/p>\n\n\n\n<h2 class=\"wp-block-heading\">\u00c9 fundamental procurar orienta\u00e7\u00e3o m\u00e9dica?<\/h2>\n\n\n\n<p>Enquanto as alternativas naturais e medidas dom\u00e9sticas podem oferecer algum al\u00edvio dos sintomas da Rinite Al\u00e9rgica, \u00e9 sempre importante buscar orienta\u00e7\u00e3o m\u00e9dica para um diagn\u00f3stico preciso e tratamento adequado. Profissionais de <a href=\"https:\/\/www.correiobraziliense.com.br\/cbradar\/dra-tayuane-pinto-oftalmologistao-que-ninguem-te-contou-sobre-tuberculose-e-saude-dos-olhos\/\" target=\"_blank\" rel=\"noreferrer noopener\">sa\u00fade <\/a>podem prescrever medicamentos ou terapias personalizadas para melhor controlar a condi\u00e7\u00e3o, garantindo o bem-estar e a qualidade de vida do paciente.<\/p>\n\n\n\n<p>Para aqueles que desejam entender melhor como lidar com a Rinite Al\u00e9rgica, a consulta com um especialista em alergias pode fornecer informa\u00e7\u00f5es valiosas e direcionadas, assegurando que todas as op\u00e7\u00f5es de tratamento sejam exploradas.<\/p>\n\n\n<a href=\"https:\/\/www.instagram.com\/dra.annaluisabf\/\" target=\"_blank\" rel=\"noopener\" style=\"text-decoration: none; color: inherit;\">\n    <span style=\"display: inline-block; border: 1px solid #ccc; border-radius: 10px; padding: 15px; max-width: 550px; font-family: sans-serif; box-shadow: 0 2px 5px rgba(0,0,0,0.1); width: 100%;\">\n\n      <!-- T\u00edtulo -->\n      <span style=\"display: block; margin: 0 0 15px 0; font-weight: bold; color: #2c3e50; text-align: center;\">\n        Entre em contato:\n      <\/span>\n\n      <!-- Linha do perfil -->\n      <span style=\"display: flex; align-items: center; gap: 15px;\">\n        <img decoding=\"async\"\n          src=\"https:\/\/www.correiobraziliense.com.br\/cbradar\/wp-content\/uploads\/2025\/08\/dra_anna_luisa.jpeg\"\n          alt=\"Foto da Dra. Anna Lu\u00edsa\"\n          style=\"border-radius: 50%; width: 80px; height: 80px; object-fit: cover;\"\n        \/>\n        <span style=\"display: flex; flex-direction: column;\">\n          <span style=\"font-size: 18px; font-weight: 700; color: #2c3e50;\">Dra. Anna Lu\u00edsa Barbosa Fernandes<\/span>\n          <span style=\"color: #555;\">CRM-GO 33.271<\/span>\n        <\/span>\n      <\/span>\n\n      <!-- Redes -->\n      <span style=\"display: flex; align-items: center; gap: 10px; margin-top: 12px;\">\n        <img decoding=\"async\" src=\"https:\/\/cdn-icons-png.flaticon.com\/24\/1384\/1384063.png\" alt=\"Instagram\" width=\"24\" height=\"24\" \/>\n        <span style=\"text-decoration: underline; color: #2c3e50;\">@dra.annaluisabf<\/span>\n      <\/span>\n\n    <\/span>\n  <\/a>","protected":false},"excerpt":{"rendered":"<p>A Rinite Al\u00e9rgica \u00e9 uma condi\u00e7\u00e3o bastante prevalente, caracterizada por sintomas como entupimento nasal, coriza, espirros frequentes e coceira no nariz. Os al\u00e9rgenos, subst\u00e2ncias que provocam rea\u00e7\u00f5es al\u00e9rgicas, como poeira, p\u00f3len, e mofo, s\u00e3o os principais respons\u00e1veis por desencadear esses sintomas. Embora o tratamento m\u00e9dico tradicional seja frequentemente necess\u00e1rio para controlar a rinite, muitos procuram [&hellip;]<\/p>\n","protected":false},"author":14,"featured_media":49022,"comment_status":"open","ping_status":"open","sticky":false,"template":"","format":"standard","meta":{"_yoast_wpseo_focuskw":"Rinite Al\u00e9rgica","_yoast_wpseo_title":"","_yoast_wpseo_metadesc":"Rinite al\u00e9rgica pode ceder com purifica\u00e7\u00e3o natural do ar mas um erro comum derruba resultados aprenda onde colocar e como manter as plantas","jnews-multi-image_gallery":[],"jnews_single_post":{"format":"standard"},"jnews_primary_category":[],"jnews_social_meta":[],"jnews_override_counter":[],"footnotes":""},"categories":[4404],"post_tag":[1423,120,565],"class_list":["post-106905","post","type-post","status-publish","format-standard","has-post-thumbnail","hentry","category-saude","tag-alimentos","tag-bem-estar","tag-saude"],"yoast_head":"<!-- This site is optimized with the Yoast SEO plugin v24.6 - https:\/\/yoast.com\/wordpress\/plugins\/seo\/ -->\n<title>4 Plantas que ajudam no al\u00edvio da Rinite Al\u00e9rgica e purificam o ar - Correio Braziliense - Radar<\/title>\n<meta name=\"description\" content=\"Rinite al\u00e9rgica pode ceder com purifica\u00e7\u00e3o natural do ar mas um erro comum derruba resultados aprenda onde colocar e como manter as plantas\" \/>\n<meta name=\"robots\" content=\"index, follow, max-snippet:-1, max-image-preview:large, max-video-preview:-1\" \/>\n<link rel=\"canonical\" href=\"https:\/\/www.correiobraziliense.com.br\/cbradar\/4-plantas-que-ajudam-no-alivio-da-rinite-alergica-e-purificam-o-ar\/\" \/>\n<meta property=\"og:locale\" content=\"pt_BR\" \/>\n<meta property=\"og:type\" content=\"article\" \/>\n<meta property=\"og:title\" content=\"4 Plantas que ajudam no al\u00edvio da Rinite Al\u00e9rgica e purificam o ar - Correio Braziliense - Radar\" \/>\n<meta property=\"og:description\" content=\"Rinite al\u00e9rgica pode ceder com purifica\u00e7\u00e3o natural do ar mas um erro comum derruba resultados aprenda onde colocar e como manter as plantas\" \/>\n<meta property=\"og:url\" content=\"https:\/\/www.correiobraziliense.com.br\/cbradar\/4-plantas-que-ajudam-no-alivio-da-rinite-alergica-e-purificam-o-ar\/\" \/>\n<meta property=\"og:site_name\" content=\"Correio Braziliense - Radar\" \/>\n<meta property=\"article:published_time\" content=\"2025-09-22T11:03:00+00:00\" \/>\n<meta property=\"og:image\" content=\"https:\/\/www.correiobraziliense.com.br\/cbradar\/wp-content\/uploads\/2025\/06\/Rinite-Alergica_1749238188242.jpg\" \/>\n\t<meta property=\"og:image:width\" content=\"1280\" \/>\n\t<meta property=\"og:image:height\" content=\"720\" \/>\n\t<meta property=\"og:image:type\" content=\"image\/jpeg\" \/>\n<meta name=\"author\" content=\"guilherme_saude\" \/>\n<meta name=\"twitter:card\" content=\"summary_large_image\" \/>\n<meta name=\"twitter:label1\" content=\"Escrito por\" \/>\n\t<meta name=\"twitter:data1\" content=\"guilherme_saude\" \/>\n\t<meta name=\"twitter:label2\" content=\"Est. tempo de leitura\" \/>\n\t<meta name=\"twitter:data2\" content=\"4 minutos\" \/>\n<!-- \/ Yoast SEO plugin. -->","yoast_head_json":{"title":"4 Plantas que ajudam no al\u00edvio da Rinite Al\u00e9rgica e purificam o ar - Correio Braziliense - Radar","description":"Rinite al\u00e9rgica pode ceder com purifica\u00e7\u00e3o natural do ar mas um erro comum derruba resultados aprenda onde colocar e como manter as plantas","robots":{"index":"index","follow":"follow","max-snippet":"max-snippet:-1","max-image-preview":"max-image-preview:large","max-video-preview":"max-video-preview:-1"},"canonical":"https:\/\/www.correiobraziliense.com.br\/cbradar\/4-plantas-que-ajudam-no-alivio-da-rinite-alergica-e-purificam-o-ar\/","og_locale":"pt_BR","og_type":"article","og_title":"4 Plantas que ajudam no al\u00edvio da Rinite Al\u00e9rgica e purificam o ar - Correio Braziliense - Radar","og_description":"Rinite al\u00e9rgica pode ceder com purifica\u00e7\u00e3o natural do ar mas um erro comum derruba resultados aprenda onde colocar e como manter as plantas","og_url":"https:\/\/www.correiobraziliense.com.br\/cbradar\/4-plantas-que-ajudam-no-alivio-da-rinite-alergica-e-purificam-o-ar\/","og_site_name":"Correio Braziliense - Radar","article_published_time":"2025-09-22T11:03:00+00:00","og_image":[{"width":1280,"height":720,"url":"https:\/\/www.correiobraziliense.com.br\/cbradar\/wp-content\/uploads\/2025\/06\/Rinite-Alergica_1749238188242.jpg","type":"image\/jpeg"}],"author":"guilherme_saude","twitter_card":"summary_large_image","twitter_misc":{"Escrito por":"guilherme_saude","Est. tempo de leitura":"4 minutos"},"schema":{"@context":"https:\/\/schema.org","@graph":[{"@type":"WebPage","@id":"https:\/\/www.correiobraziliense.com.br\/cbradar\/4-plantas-que-ajudam-no-alivio-da-rinite-alergica-e-purificam-o-ar\/","url":"https:\/\/www.correiobraziliense.com.br\/cbradar\/4-plantas-que-ajudam-no-alivio-da-rinite-alergica-e-purificam-o-ar\/","name":"4 Plantas que ajudam no al\u00edvio da Rinite Al\u00e9rgica e purificam o ar - Correio Braziliense - Radar","isPartOf":{"@id":"https:\/\/www.correiobraziliense.com.br\/cbradar\/#website"},"primaryImageOfPage":{"@id":"https:\/\/www.correiobraziliense.com.br\/cbradar\/4-plantas-que-ajudam-no-alivio-da-rinite-alergica-e-purificam-o-ar\/#primaryimage"},"image":{"@id":"https:\/\/www.correiobraziliense.com.br\/cbradar\/4-plantas-que-ajudam-no-alivio-da-rinite-alergica-e-purificam-o-ar\/#primaryimage"},"thumbnailUrl":"https:\/\/www.correiobraziliense.com.br\/cbradar\/wp-content\/uploads\/2025\/06\/Rinite-Alergica_1749238188242.jpg","datePublished":"2025-09-22T11:03:00+00:00","author":{"@id":"https:\/\/www.correiobraziliense.com.br\/cbradar\/#\/schema\/person\/5aa4bf3c8fa699c267933611de12978b"},"description":"Rinite al\u00e9rgica pode ceder com purifica\u00e7\u00e3o natural do ar mas um erro comum derruba resultados aprenda onde colocar e como manter as plantas","breadcrumb":{"@id":"https:\/\/www.correiobraziliense.com.br\/cbradar\/4-plantas-que-ajudam-no-alivio-da-rinite-alergica-e-purificam-o-ar\/#breadcrumb"},"inLanguage":"pt-BR","potentialAction":[{"@type":"ReadAction","target":["https:\/\/www.correiobraziliense.com.br\/cbradar\/4-plantas-que-ajudam-no-alivio-da-rinite-alergica-e-purificam-o-ar\/"]}]},{"@type":"ImageObject","inLanguage":"pt-BR","@id":"https:\/\/www.correiobraziliense.com.br\/cbradar\/4-plantas-que-ajudam-no-alivio-da-rinite-alergica-e-purificam-o-ar\/#primaryimage","url":"https:\/\/www.correiobraziliense.com.br\/cbradar\/wp-content\/uploads\/2025\/06\/Rinite-Alergica_1749238188242.jpg","contentUrl":"https:\/\/www.correiobraziliense.com.br\/cbradar\/wp-content\/uploads\/2025\/06\/Rinite-Alergica_1749238188242.jpg","width":1280,"height":720,"caption":"A t\u00e9cnica respirat\u00f3ria mais eficaz para aliviar congest\u00e3o nasal - Cr\u00e9ditos: depositphotos.com \/ Milkos"},{"@type":"BreadcrumbList","@id":"https:\/\/www.correiobraziliense.com.br\/cbradar\/4-plantas-que-ajudam-no-alivio-da-rinite-alergica-e-purificam-o-ar\/#breadcrumb","itemListElement":[{"@type":"ListItem","position":1,"name":"In\u00edcio","item":"https:\/\/www.correiobraziliense.com.br\/cbradar\/"},{"@type":"ListItem","position":2,"name":"4 Plantas que ajudam no al\u00edvio da Rinite Al\u00e9rgica e purificam o ar"}]},{"@type":"WebSite","@id":"https:\/\/www.correiobraziliense.com.br\/cbradar\/#website","url":"https:\/\/www.correiobraziliense.com.br\/cbradar\/","name":"Correio Braziliense - Radar","description":"Acompanhe as \u00faltimas not\u00edcias e fique bem informado sobre tudo o que acontece no Brasil e no mundo.","potentialAction":[{"@type":"SearchAction","target":{"@type":"EntryPoint","urlTemplate":"https:\/\/www.correiobraziliense.com.br\/cbradar\/?s={search_term_string}"},"query-input":{"@type":"PropertyValueSpecification","valueRequired":true,"valueName":"search_term_string"}}],"inLanguage":"pt-BR"},{"@type":"Person","@id":"https:\/\/www.correiobraziliense.com.br\/cbradar\/#\/schema\/person\/5aa4bf3c8fa699c267933611de12978b","name":"guilherme_saude","image":{"@type":"ImageObject","inLanguage":"pt-BR","@id":"https:\/\/www.correiobraziliense.com.br\/cbradar\/#\/schema\/person\/image\/","url":"https:\/\/secure.gravatar.com\/avatar\/df9adfb835d344bc0af109d41756253f?s=96&d=mm&r=g","contentUrl":"https:\/\/secure.gravatar.com\/avatar\/df9adfb835d344bc0af109d41756253f?s=96&d=mm&r=g","caption":"guilherme_saude"},"url":"https:\/\/www.correiobraziliense.com.br\/cbradar\/author\/guilherme_saude\/"}]}},"_links":{"self":[{"href":"https:\/\/www.correiobraziliense.com.br\/cbradar\/wp-json\/wp\/v2\/posts\/106905","targetHints":{"allow":["GET"]}}],"collection":[{"href":"https:\/\/www.correiobraziliense.com.br\/cbradar\/wp-json\/wp\/v2\/posts"}],"about":[{"href":"https:\/\/www.correiobraziliense.com.br\/cbradar\/wp-json\/wp\/v2\/types\/post"}],"author":[{"embeddable":true,"href":"https:\/\/www.correiobraziliense.com.br\/cbradar\/wp-json\/wp\/v2\/users\/14"}],"replies":[{"embeddable":true,"href":"https:\/\/www.correiobraziliense.com.br\/cbradar\/wp-json\/wp\/v2\/comments?post=106905"}],"version-history":[{"count":1,"href":"https:\/\/www.correiobraziliense.com.br\/cbradar\/wp-json\/wp\/v2\/posts\/106905\/revisions"}],"predecessor-version":[{"id":106907,"href":"https:\/\/www.correiobraziliense.com.br\/cbradar\/wp-json\/wp\/v2\/posts\/106905\/revisions\/106907"}],"wp:featuredmedia":[{"embeddable":true,"href":"https:\/\/www.correiobraziliense.com.br\/cbradar\/wp-json\/wp\/v2\/media\/49022"}],"wp:attachment":[{"href":"https:\/\/www.correiobraziliense.com.br\/cbradar\/wp-json\/wp\/v2\/media?parent=106905"}],"wp:term":[{"taxonomy":"category","embeddable":true,"href":"https:\/\/www.correiobraziliense.com.br\/cbradar\/wp-json\/wp\/v2\/categories?post=106905"},{"taxonomy":"post_tag","embeddable":true,"href":"https:\/\/www.correiobraziliense.com.br\/cbradar\/wp-json\/wp\/v2\/post_tag?post=106905"}],"curies":[{"name":"wp","href":"https:\/\/api.w.org\/{rel}","templated":true}]}}