{"id":106929,"date":"2025-09-22T15:53:00","date_gmt":"2025-09-22T18:53:00","guid":{"rendered":"https:\/\/www.correiobraziliense.com.br\/cbradar\/?p=106929"},"modified":"2025-09-20T15:14:17","modified_gmt":"2025-09-20T18:14:17","slug":"leite-sem-lactose-e-a-melhor-saida-ou-armadilha","status":"publish","type":"post","link":"https:\/\/www.correiobraziliense.com.br\/cbradar\/leite-sem-lactose-e-a-melhor-saida-ou-armadilha\/","title":{"rendered":"Leite sem lactose \u00e9 a melhor sa\u00edda ou armadilha"},"content":{"rendered":"\n<p>A <strong>Intoler\u00e2ncia \u00e0 Lactose<\/strong> \u00e9 uma condi\u00e7\u00e3o digestiva que ocorre quando o corpo n\u00e3o consegue processar a\u00a0<strong>lactose<\/strong>, um a\u00e7\u00facar presente no leite e seus derivados. Essa incapacidade \u00e9 causada pela defici\u00eancia de\u00a0<em>lactase<\/em>, uma enzima respons\u00e1vel pela quebra da lactose no intestino delgado. Sem a lactase, a lactose n\u00e3o digerida pode causar uma s\u00e9rie de sintomas indesej\u00e1veis.<\/p>\n\n\n\n<p>Apesar de ser bastante comum, a Intoler\u00e2ncia \u00e0 Lactose pode variar em gravidade entre as pessoas. Algumas experimentam apenas desconforto leve, enquanto outras podem ter rea\u00e7\u00f5es mais intensas ap\u00f3s consumir produtos l\u00e1cteos. Reconhecer os sintomas \u00e9 essencial para buscar um tratamento adequado.<\/p>\n\n\n\n<h2 class=\"wp-block-heading\">Quais os sintomas comuns da Intoler\u00e2ncia \u00e0 Lactose?<\/h2>\n\n\n\n<p>Os sintomas associados \u00e0 Intoler\u00e2ncia \u00e0 Lactose geralmente surgem de 30 minutos a duas horas ap\u00f3s a ingest\u00e3o de alimentos que cont\u00eam lactose. Estes podem incluir n\u00e1useas,\u00a0<strong>incha\u00e7o abdominal<\/strong>, dores e diarreia. Se n\u00e3o tratada, a condi\u00e7\u00e3o pode impactar seriamente a qualidade de vida e at\u00e9 levar a defici\u00eancias nutricionais.<\/p>\n\n\n\n<p>\u00c9 importante observar que a Intoler\u00e2ncia \u00e0 Lactose \u00e9 diferente de uma alergia ao leite, que envolve o sistema imunol\u00f3gico e pode ser potencialmente grave. Para o diagn\u00f3stico e manejo correto, \u00e9 recomendado consultar um especialista em <a href=\"https:\/\/www.correiobraziliense.com.br\/cbradar\/dra-tayuane-pinto-oftalmologistao-que-ninguem-te-contou-sobre-tuberculose-e-saude-dos-olhos\/\" target=\"_blank\" rel=\"noreferrer noopener\">sa\u00fade<\/a>.<\/p>\n\n\n<div class=\"wp-block-image\">\n<figure class=\"aligncenter size-large\"><img decoding=\"async\" width=\"1024\" height=\"576\" src=\"https:\/\/www.correiobraziliense.com.br\/cbradar\/wp-content\/uploads\/2025\/06\/lactose_1749054925492-1024x576.jpg\" alt=\"\" class=\"wp-image-48010\" srcset=\"https:\/\/www.correiobraziliense.com.br\/cbradar\/wp-content\/uploads\/2025\/06\/lactose_1749054925492-1024x576.jpg 1024w, https:\/\/www.correiobraziliense.com.br\/cbradar\/wp-content\/uploads\/2025\/06\/lactose_1749054925492-300x169.jpg 300w, https:\/\/www.correiobraziliense.com.br\/cbradar\/wp-content\/uploads\/2025\/06\/lactose_1749054925492-768x432.jpg 768w, https:\/\/www.correiobraziliense.com.br\/cbradar\/wp-content\/uploads\/2025\/06\/lactose_1749054925492-750x422.jpg 750w, https:\/\/www.correiobraziliense.com.br\/cbradar\/wp-content\/uploads\/2025\/06\/lactose_1749054925492-1140x641.jpg 1140w, https:\/\/www.correiobraziliense.com.br\/cbradar\/wp-content\/uploads\/2025\/06\/lactose_1749054925492.jpg 1280w\" sizes=\"(max-width: 1024px) 100vw, 1024px\" \/><figcaption class=\"wp-element-caption\">Lactose &#8211; Cr\u00e9ditos: depositphotos.com \/ AndrewLozovyi<\/figcaption><\/figure><\/div>\n\n\n<h2 class=\"wp-block-heading\">Quais s\u00e3o as alternativas de tratamento?<\/h2>\n\n\n\n<p>Existem v\u00e1rias solu\u00e7\u00f5es dispon\u00edveis para aqueles que convivem com a Intoler\u00e2ncia \u00e0 Lactose. Medicamentos contendo lactase podem auxiliar na digest\u00e3o da lactose presente nos alimentos, oferecendo uma forma de aliviar os sintomas indesejados. Esses produtos s\u00e3o acess\u00edveis em c\u00e1psulas, comprimidos ou gotas e geralmente s\u00e3o utilizados no in\u00edcio das refei\u00e7\u00f5es.<\/p>\n\n\n\n<p>Al\u00e9m dos medicamentos, ajustar a dieta pode ser uma estrat\u00e9gia eficaz. Isso inclui preferir produtos l\u00e1cteos sem lactose ou optar por alternativas \u00e0 base de vegetais, como leites de am\u00eandoas, soja ou aveia. Gradualmente introduzir pequenas quantidades de lactose pode tamb\u00e9m ajudar algumas pessoas a desenvolver uma toler\u00e2ncia maior.<\/p>\n\n\n\n<h2 class=\"wp-block-heading\">Quem deve evitar medicamentos com lactase?<\/h2>\n\n\n\n<p>Embora os medicamentos para Intoler\u00e2ncia \u00e0 Lactose possam ser comprados sem receita, nem todos devem us\u00e1-los indiscriminadamente. Mulheres gr\u00e1vidas, lactantes, indiv\u00edduos com diabetes ou\u00a0<strong>galactosemia<\/strong>\u00a0devem consultar um m\u00e9dico antes de usar esses produtos. A supervis\u00e3o pedi\u00e1trica \u00e9 crucial para o uso em crian\u00e7as, e aqueles com alergias a componentes da f\u00f3rmula devem ser cautelosos.<\/p>\n\n\n\n<p>A automedica\u00e7\u00e3o \u00e9 arriscada, e o aconselhamento m\u00e9dico garante que o tratamento seja seguro e eficaz. \u00c9 fundamental seguir orienta\u00e7\u00f5es profissionais para ajustar o tratamento conforme necess\u00e1rio.<\/p>\n\n\n\n<h2 class=\"wp-block-heading\">Como gerir a Intoler\u00e2ncia \u00e0 Lactose no dia a dia?<\/h2>\n\n\n\n<p>Gerenciar a Intoler\u00e2ncia \u00e0 Lactose requer uma abordagem conjunta entre mudan\u00e7as no estilo de vida e acompanhamento m\u00e9dico. Adotar uma dieta flex\u00edvel, que inclua produtos adequados e modifica\u00e7\u00e3o na ingest\u00e3o de lactose, pode melhorar significativamente o bem-estar geral.<\/p>\n\n\n\n<p>Manter-se informado e consultar regularmente profissionais de <a href=\"https:\/\/www.correiobraziliense.com.br\/cbradar\/dra-tayuane-pinto-oftalmologistao-que-ninguem-te-contou-sobre-tuberculose-e-saude-dos-olhos\/\" target=\"_blank\" rel=\"noreferrer noopener\">sa\u00fade <\/a>ajuda a prevenir complica\u00e7\u00f5es e a integrar de forma segura alimentos desejados na dieta. Para mais recursos e informa\u00e7\u00f5es confi\u00e1veis sobre Intoler\u00e2ncia \u00e0 Lactose, considera-se essencial buscar especialistas e fontes confi\u00e1veis sobre o tema.<\/p>\n\n\n<a href=\"https:\/\/www.instagram.com\/dra.annaluisabf\/\" target=\"_blank\" rel=\"noopener\" style=\"text-decoration: none; color: inherit;\">\n    <span style=\"display: inline-block; border: 1px solid #ccc; border-radius: 10px; padding: 15px; max-width: 550px; font-family: sans-serif; box-shadow: 0 2px 5px rgba(0,0,0,0.1); width: 100%;\">\n\n      <!-- T\u00edtulo -->\n      <span style=\"display: block; margin: 0 0 15px 0; font-weight: bold; color: #2c3e50; text-align: center;\">\n        Entre em contato:\n      <\/span>\n\n      <!-- Linha do perfil -->\n      <span style=\"display: flex; align-items: center; gap: 15px;\">\n        <img decoding=\"async\"\n          src=\"https:\/\/www.correiobraziliense.com.br\/cbradar\/wp-content\/uploads\/2025\/08\/dra_anna_luisa.jpeg\"\n          alt=\"Foto da Dra. Anna Lu\u00edsa\"\n          style=\"border-radius: 50%; width: 80px; height: 80px; object-fit: cover;\"\n        \/>\n        <span style=\"display: flex; flex-direction: column;\">\n          <span style=\"font-size: 18px; font-weight: 700; color: #2c3e50;\">Dra. Anna Lu\u00edsa Barbosa Fernandes<\/span>\n          <span style=\"color: #555;\">CRM-GO 33.271<\/span>\n        <\/span>\n      <\/span>\n\n      <!-- Redes -->\n      <span style=\"display: flex; align-items: center; gap: 10px; margin-top: 12px;\">\n        <img decoding=\"async\" src=\"https:\/\/cdn-icons-png.flaticon.com\/24\/1384\/1384063.png\" alt=\"Instagram\" width=\"24\" height=\"24\" \/>\n        <span style=\"text-decoration: underline; color: #2c3e50;\">@dra.annaluisabf<\/span>\n      <\/span>\n\n    <\/span>\n  <\/a>","protected":false},"excerpt":{"rendered":"<p>A Intoler\u00e2ncia \u00e0 Lactose \u00e9 uma condi\u00e7\u00e3o digestiva que ocorre quando o corpo n\u00e3o consegue processar a\u00a0lactose, um a\u00e7\u00facar presente no leite e seus derivados. Essa incapacidade \u00e9 causada pela defici\u00eancia de\u00a0lactase, uma enzima respons\u00e1vel pela quebra da lactose no intestino delgado. Sem a lactase, a lactose n\u00e3o digerida pode causar uma s\u00e9rie de sintomas [&hellip;]<\/p>\n","protected":false},"author":14,"featured_media":48009,"comment_status":"open","ping_status":"open","sticky":false,"template":"","format":"standard","meta":{"_yoast_wpseo_focuskw":"Intoler\u00e2ncia \u00e0 Lactose","_yoast_wpseo_title":"","_yoast_wpseo_metadesc":"Intoler\u00e2ncia \u00e0 lactose no dia a dia fica mais f\u00e1cil com leites vegetais, doses pequenas e estrat\u00e9gia por\u00e9m um erro comum derruba resultados","jnews-multi-image_gallery":[],"jnews_single_post":{"format":"standard"},"jnews_primary_category":[],"jnews_social_meta":[],"jnews_override_counter":[],"footnotes":""},"categories":[4404],"post_tag":[281,1423,120,1318],"class_list":["post-106929","post","type-post","status-publish","format-standard","has-post-thumbnail","hentry","category-saude","tag-alimentacao","tag-alimentos","tag-bem-estar","tag-saude-2"],"yoast_head":"<!-- This site is optimized with the Yoast SEO plugin v24.6 - https:\/\/yoast.com\/wordpress\/plugins\/seo\/ -->\n<title>Leite sem lactose \u00e9 a melhor sa\u00edda ou armadilha - Correio Braziliense - Radar<\/title>\n<meta name=\"description\" content=\"Intoler\u00e2ncia \u00e0 lactose no dia a dia fica mais f\u00e1cil com leites vegetais, doses pequenas e estrat\u00e9gia por\u00e9m um erro comum derruba resultados\" \/>\n<meta name=\"robots\" content=\"index, follow, max-snippet:-1, max-image-preview:large, max-video-preview:-1\" \/>\n<link rel=\"canonical\" href=\"https:\/\/www.correiobraziliense.com.br\/cbradar\/leite-sem-lactose-e-a-melhor-saida-ou-armadilha\/\" \/>\n<meta property=\"og:locale\" content=\"pt_BR\" \/>\n<meta property=\"og:type\" content=\"article\" \/>\n<meta property=\"og:title\" content=\"Leite sem lactose \u00e9 a melhor sa\u00edda ou armadilha - Correio Braziliense - Radar\" \/>\n<meta property=\"og:description\" content=\"Intoler\u00e2ncia \u00e0 lactose no dia a dia fica mais f\u00e1cil com leites vegetais, doses pequenas e estrat\u00e9gia por\u00e9m um erro comum derruba resultados\" \/>\n<meta property=\"og:url\" content=\"https:\/\/www.correiobraziliense.com.br\/cbradar\/leite-sem-lactose-e-a-melhor-saida-ou-armadilha\/\" \/>\n<meta property=\"og:site_name\" content=\"Correio Braziliense - Radar\" \/>\n<meta property=\"article:published_time\" content=\"2025-09-22T18:53:00+00:00\" \/>\n<meta property=\"og:image\" content=\"https:\/\/www.correiobraziliense.com.br\/cbradar\/wp-content\/uploads\/2025\/06\/lactose_1749054895411.jpg\" \/>\n\t<meta property=\"og:image:width\" content=\"1280\" \/>\n\t<meta property=\"og:image:height\" content=\"720\" \/>\n\t<meta property=\"og:image:type\" content=\"image\/jpeg\" \/>\n<meta name=\"author\" content=\"guilherme_saude\" \/>\n<meta name=\"twitter:card\" content=\"summary_large_image\" \/>\n<meta name=\"twitter:label1\" content=\"Escrito por\" \/>\n\t<meta name=\"twitter:data1\" content=\"guilherme_saude\" \/>\n\t<meta name=\"twitter:label2\" content=\"Est. tempo de leitura\" \/>\n\t<meta name=\"twitter:data2\" content=\"4 minutos\" \/>\n<!-- \/ Yoast SEO plugin. -->","yoast_head_json":{"title":"Leite sem lactose \u00e9 a melhor sa\u00edda ou armadilha - Correio Braziliense - Radar","description":"Intoler\u00e2ncia \u00e0 lactose no dia a dia fica mais f\u00e1cil com leites vegetais, doses pequenas e estrat\u00e9gia por\u00e9m um erro comum derruba resultados","robots":{"index":"index","follow":"follow","max-snippet":"max-snippet:-1","max-image-preview":"max-image-preview:large","max-video-preview":"max-video-preview:-1"},"canonical":"https:\/\/www.correiobraziliense.com.br\/cbradar\/leite-sem-lactose-e-a-melhor-saida-ou-armadilha\/","og_locale":"pt_BR","og_type":"article","og_title":"Leite sem lactose \u00e9 a melhor sa\u00edda ou armadilha - Correio Braziliense - Radar","og_description":"Intoler\u00e2ncia \u00e0 lactose no dia a dia fica mais f\u00e1cil com leites vegetais, doses pequenas e estrat\u00e9gia por\u00e9m um erro comum derruba resultados","og_url":"https:\/\/www.correiobraziliense.com.br\/cbradar\/leite-sem-lactose-e-a-melhor-saida-ou-armadilha\/","og_site_name":"Correio Braziliense - Radar","article_published_time":"2025-09-22T18:53:00+00:00","og_image":[{"width":1280,"height":720,"url":"https:\/\/www.correiobraziliense.com.br\/cbradar\/wp-content\/uploads\/2025\/06\/lactose_1749054895411.jpg","type":"image\/jpeg"}],"author":"guilherme_saude","twitter_card":"summary_large_image","twitter_misc":{"Escrito por":"guilherme_saude","Est. tempo de leitura":"4 minutos"},"schema":{"@context":"https:\/\/schema.org","@graph":[{"@type":"WebPage","@id":"https:\/\/www.correiobraziliense.com.br\/cbradar\/leite-sem-lactose-e-a-melhor-saida-ou-armadilha\/","url":"https:\/\/www.correiobraziliense.com.br\/cbradar\/leite-sem-lactose-e-a-melhor-saida-ou-armadilha\/","name":"Leite sem lactose \u00e9 a melhor sa\u00edda ou armadilha - Correio Braziliense - Radar","isPartOf":{"@id":"https:\/\/www.correiobraziliense.com.br\/cbradar\/#website"},"primaryImageOfPage":{"@id":"https:\/\/www.correiobraziliense.com.br\/cbradar\/leite-sem-lactose-e-a-melhor-saida-ou-armadilha\/#primaryimage"},"image":{"@id":"https:\/\/www.correiobraziliense.com.br\/cbradar\/leite-sem-lactose-e-a-melhor-saida-ou-armadilha\/#primaryimage"},"thumbnailUrl":"https:\/\/www.correiobraziliense.com.br\/cbradar\/wp-content\/uploads\/2025\/06\/lactose_1749054895411.jpg","datePublished":"2025-09-22T18:53:00+00:00","author":{"@id":"https:\/\/www.correiobraziliense.com.br\/cbradar\/#\/schema\/person\/5aa4bf3c8fa699c267933611de12978b"},"description":"Intoler\u00e2ncia \u00e0 lactose no dia a dia fica mais f\u00e1cil com leites vegetais, doses pequenas e estrat\u00e9gia por\u00e9m um erro comum derruba resultados","breadcrumb":{"@id":"https:\/\/www.correiobraziliense.com.br\/cbradar\/leite-sem-lactose-e-a-melhor-saida-ou-armadilha\/#breadcrumb"},"inLanguage":"pt-BR","potentialAction":[{"@type":"ReadAction","target":["https:\/\/www.correiobraziliense.com.br\/cbradar\/leite-sem-lactose-e-a-melhor-saida-ou-armadilha\/"]}]},{"@type":"ImageObject","inLanguage":"pt-BR","@id":"https:\/\/www.correiobraziliense.com.br\/cbradar\/leite-sem-lactose-e-a-melhor-saida-ou-armadilha\/#primaryimage","url":"https:\/\/www.correiobraziliense.com.br\/cbradar\/wp-content\/uploads\/2025\/06\/lactose_1749054895411.jpg","contentUrl":"https:\/\/www.correiobraziliense.com.br\/cbradar\/wp-content\/uploads\/2025\/06\/lactose_1749054895411.jpg","width":1280,"height":720,"caption":"Lactose - Cr\u00e9ditos: depositphotos.com \/ HayDmitriy"},{"@type":"BreadcrumbList","@id":"https:\/\/www.correiobraziliense.com.br\/cbradar\/leite-sem-lactose-e-a-melhor-saida-ou-armadilha\/#breadcrumb","itemListElement":[{"@type":"ListItem","position":1,"name":"In\u00edcio","item":"https:\/\/www.correiobraziliense.com.br\/cbradar\/"},{"@type":"ListItem","position":2,"name":"Leite sem lactose \u00e9 a melhor sa\u00edda ou armadilha"}]},{"@type":"WebSite","@id":"https:\/\/www.correiobraziliense.com.br\/cbradar\/#website","url":"https:\/\/www.correiobraziliense.com.br\/cbradar\/","name":"Correio Braziliense - Radar","description":"Acompanhe as \u00faltimas not\u00edcias e fique bem informado sobre tudo o que acontece no Brasil e no mundo.","potentialAction":[{"@type":"SearchAction","target":{"@type":"EntryPoint","urlTemplate":"https:\/\/www.correiobraziliense.com.br\/cbradar\/?s={search_term_string}"},"query-input":{"@type":"PropertyValueSpecification","valueRequired":true,"valueName":"search_term_string"}}],"inLanguage":"pt-BR"},{"@type":"Person","@id":"https:\/\/www.correiobraziliense.com.br\/cbradar\/#\/schema\/person\/5aa4bf3c8fa699c267933611de12978b","name":"guilherme_saude","image":{"@type":"ImageObject","inLanguage":"pt-BR","@id":"https:\/\/www.correiobraziliense.com.br\/cbradar\/#\/schema\/person\/image\/","url":"https:\/\/secure.gravatar.com\/avatar\/df9adfb835d344bc0af109d41756253f?s=96&d=mm&r=g","contentUrl":"https:\/\/secure.gravatar.com\/avatar\/df9adfb835d344bc0af109d41756253f?s=96&d=mm&r=g","caption":"guilherme_saude"},"url":"https:\/\/www.correiobraziliense.com.br\/cbradar\/author\/guilherme_saude\/"}]}},"_links":{"self":[{"href":"https:\/\/www.correiobraziliense.com.br\/cbradar\/wp-json\/wp\/v2\/posts\/106929","targetHints":{"allow":["GET"]}}],"collection":[{"href":"https:\/\/www.correiobraziliense.com.br\/cbradar\/wp-json\/wp\/v2\/posts"}],"about":[{"href":"https:\/\/www.correiobraziliense.com.br\/cbradar\/wp-json\/wp\/v2\/types\/post"}],"author":[{"embeddable":true,"href":"https:\/\/www.correiobraziliense.com.br\/cbradar\/wp-json\/wp\/v2\/users\/14"}],"replies":[{"embeddable":true,"href":"https:\/\/www.correiobraziliense.com.br\/cbradar\/wp-json\/wp\/v2\/comments?post=106929"}],"version-history":[{"count":1,"href":"https:\/\/www.correiobraziliense.com.br\/cbradar\/wp-json\/wp\/v2\/posts\/106929\/revisions"}],"predecessor-version":[{"id":106940,"href":"https:\/\/www.correiobraziliense.com.br\/cbradar\/wp-json\/wp\/v2\/posts\/106929\/revisions\/106940"}],"wp:featuredmedia":[{"embeddable":true,"href":"https:\/\/www.correiobraziliense.com.br\/cbradar\/wp-json\/wp\/v2\/media\/48009"}],"wp:attachment":[{"href":"https:\/\/www.correiobraziliense.com.br\/cbradar\/wp-json\/wp\/v2\/media?parent=106929"}],"wp:term":[{"taxonomy":"category","embeddable":true,"href":"https:\/\/www.correiobraziliense.com.br\/cbradar\/wp-json\/wp\/v2\/categories?post=106929"},{"taxonomy":"post_tag","embeddable":true,"href":"https:\/\/www.correiobraziliense.com.br\/cbradar\/wp-json\/wp\/v2\/post_tag?post=106929"}],"curies":[{"name":"wp","href":"https:\/\/api.w.org\/{rel}","templated":true}]}}