{"id":107131,"date":"2025-09-22T09:03:00","date_gmt":"2025-09-22T12:03:00","guid":{"rendered":"https:\/\/www.correiobraziliense.com.br\/cbradar\/?p=107131"},"modified":"2025-09-20T22:21:12","modified_gmt":"2025-09-21T01:21:12","slug":"o-melhor-exercicio-para-evitar-perda-muscular-apos-os-50-anos-e-se-manter-forte","status":"publish","type":"post","link":"https:\/\/www.correiobraziliense.com.br\/cbradar\/o-melhor-exercicio-para-evitar-perda-muscular-apos-os-50-anos-e-se-manter-forte\/","title":{"rendered":"O melhor exerc\u00edcio para evitar perda muscular ap\u00f3s os 50 anos e se manter forte"},"content":{"rendered":"\n<p>A perda de massa muscular ap\u00f3s os 50 anos \u00e9 uma realidade que preocupa muitas pessoas. Esse processo, chamado de sarcopenia, ocorre naturalmente, mas pode ser desacelerado com h\u00e1bitos saud\u00e1veis. Entre todos os recursos dispon\u00edveis, <strong>o treino de resist\u00eancia \u00e9 considerado o melhor exerc\u00edcio para evitar a perda muscular ap\u00f3s os 50 anos<\/strong>, ajudando n\u00e3o s\u00f3 na preserva\u00e7\u00e3o da for\u00e7a, mas tamb\u00e9m na manuten\u00e7\u00e3o da sa\u00fade e da autonomia.<\/p>\n\n\n\n<h2 class=\"wp-block-heading\">Por que ocorre a perda muscular depois dos 50 anos?<\/h2>\n\n\n\n<p>A partir dos 50 anos, o corpo passa por mudan\u00e7as hormonais que influenciam diretamente na sa\u00fade dos m\u00fasculos. A produ\u00e7\u00e3o de testosterona, estrog\u00eanio e horm\u00f4nio do crescimento diminui, e isso contribui para a redu\u00e7\u00e3o da massa magra. Al\u00e9m disso, o metabolismo se torna mais lento, e o sedentarismo agrava ainda mais o processo.<\/p>\n\n\n\n<p>Estudos cient\u00edficos apontam que pessoas sedent\u00e1rias perdem cerca de 1% da massa muscular por ano ap\u00f3s essa idade. Essa perda pode comprometer n\u00e3o s\u00f3 a for\u00e7a, mas tamb\u00e9m a mobilidade, aumentando o risco de quedas e fraturas.<\/p>\n\n\n<div class=\"wp-block-image\">\n<figure class=\"aligncenter size-large\"><img decoding=\"async\" width=\"1024\" height=\"576\" src=\"https:\/\/www.correiobraziliense.com.br\/cbradar\/wp-content\/uploads\/2025\/06\/old-at-gym_1748846783083-1024x576.jpg\" alt=\"O melhor exerc\u00edcio para evitar perda muscular ap\u00f3s os 50 anos e se manter forte\" class=\"wp-image-46678\" srcset=\"https:\/\/www.correiobraziliense.com.br\/cbradar\/wp-content\/uploads\/2025\/06\/old-at-gym_1748846783083-1024x576.jpg 1024w, https:\/\/www.correiobraziliense.com.br\/cbradar\/wp-content\/uploads\/2025\/06\/old-at-gym_1748846783083-300x169.jpg 300w, https:\/\/www.correiobraziliense.com.br\/cbradar\/wp-content\/uploads\/2025\/06\/old-at-gym_1748846783083-768x432.jpg 768w, https:\/\/www.correiobraziliense.com.br\/cbradar\/wp-content\/uploads\/2025\/06\/old-at-gym_1748846783083-750x422.jpg 750w, https:\/\/www.correiobraziliense.com.br\/cbradar\/wp-content\/uploads\/2025\/06\/old-at-gym_1748846783083-1140x641.jpg 1140w, https:\/\/www.correiobraziliense.com.br\/cbradar\/wp-content\/uploads\/2025\/06\/old-at-gym_1748846783083.jpg 1280w\" sizes=\"(max-width: 1024px) 100vw, 1024px\" \/><figcaption class=\"wp-element-caption\">Academia \/\/ Cr\u00e9ditos: depositphotos.com \/ IgorVetushko<\/figcaption><\/figure><\/div>\n\n\n<h2 class=\"wp-block-heading\">Como o treino de resist\u00eancia ajuda?<\/h2>\n\n\n\n<p>O treino de resist\u00eancia inclui atividades como muscula\u00e7\u00e3o, exerc\u00edcios com el\u00e1sticos, pesos livres ou at\u00e9 mesmo o uso do peso do corpo. Esse tipo de pr\u00e1tica estimula a s\u00edntese de prote\u00ednas musculares, fortalecendo as fibras e aumentando a densidade dos m\u00fasculos.<\/p>\n\n\n\n<p><strong>Pesquisas mostram que a muscula\u00e7\u00e3o \u00e9 capaz de reverter parte da perda muscular mesmo em pessoas idosas.<\/strong> Al\u00e9m de preservar a massa magra, esse tipo de exerc\u00edcio melhora a postura, fortalece ossos e auxilia no controle do peso corporal.<\/p>\n\n\n\n<h2 class=\"wp-block-heading\">Benef\u00edcios extras para quem pratica<\/h2>\n\n\n\n<p>Os ganhos do treino de resist\u00eancia v\u00e3o al\u00e9m do fortalecimento muscular. Ele tamb\u00e9m:<\/p>\n\n\n\n<ul class=\"wp-block-list\">\n<li>Melhora o equil\u00edbrio e a coordena\u00e7\u00e3o motora.<\/li>\n\n\n\n<li>Aumenta a densidade \u00f3ssea, prevenindo a osteoporose.<\/li>\n\n\n\n<li>Reduz dores articulares ao fortalecer os m\u00fasculos de suporte.<\/li>\n\n\n\n<li>Contribui para a sa\u00fade do cora\u00e7\u00e3o e controle da press\u00e3o arterial.<\/li>\n\n\n\n<li>Aumenta a disposi\u00e7\u00e3o e a sensa\u00e7\u00e3o de bem-estar.<\/li>\n<\/ul>\n\n\n\n<p>Esses benef\u00edcios tornam o exerc\u00edcio um aliado completo para quem busca qualidade de vida ap\u00f3s os 50.<\/p>\n\n\n\n<h2 class=\"wp-block-heading\">Exerc\u00edcios simples para come\u00e7ar em casa<\/h2>\n\n\n\n<p>Quem n\u00e3o pode ir a uma academia ainda assim pode praticar exerc\u00edcios de resist\u00eancia em casa. Alguns exemplos s\u00e3o:<\/p>\n\n\n\n<ul class=\"wp-block-list\">\n<li><strong>Agachamento:<\/strong> usa o peso do pr\u00f3prio corpo e fortalece pernas e gl\u00fateos.<\/li>\n\n\n\n<li><strong>Flex\u00e3o de bra\u00e7o:<\/strong> trabalha peito, tr\u00edceps e ombros.<\/li>\n\n\n\n<li><strong>Levantamento de garrafas de \u00e1gua:<\/strong> substitui halteres e fortalece bra\u00e7os.<\/li>\n\n\n\n<li><strong>Prancha abdominal:<\/strong> fortalece o core e melhora a postura.<\/li>\n\n\n\n<li><strong>Eleva\u00e7\u00e3o de panturrilha:<\/strong> melhora equil\u00edbrio e resist\u00eancia das pernas.<\/li>\n<\/ul>\n\n\n\n<p><strong>Esses exerc\u00edcios simples j\u00e1 ajudam a preservar massa muscular quando feitos com regularidade.<\/strong><\/p>\n\n\n\n<h2 class=\"wp-block-heading\">Dicas importantes para quem tem mais de 50 anos<\/h2>\n\n\n\n<p>Manter um treino seguro exige aten\u00e7\u00e3o a detalhes que podem fazer diferen\u00e7a. Especialistas recomendam:<\/p>\n\n\n\n<ul class=\"wp-block-list\">\n<li>Buscar orienta\u00e7\u00e3o profissional antes de iniciar.<\/li>\n\n\n\n<li>Respeitar os limites do corpo, evitando exageros.<\/li>\n\n\n\n<li>Priorizar a execu\u00e7\u00e3o correta ao inv\u00e9s de peso excessivo.<\/li>\n\n\n\n<li>Associar o treino a uma dieta rica em prote\u00ednas.<\/li>\n\n\n\n<li>Fazer alongamentos antes e depois da pr\u00e1tica.<\/li>\n<\/ul>\n\n\n\n<p>Esses cuidados ajudam a prevenir les\u00f5es e garantem melhores resultados a longo prazo.<\/p>\n\n\n\n<p><strong>Leia tamb\u00e9m: <a href=\"https:\/\/www.correiobraziliense.com.br\/cbradar\/por-que-beber-agua-antes-das-refeicoes-pode-reduzir-a-fome\/\" target=\"_blank\" rel=\"noreferrer noopener\">Por que beber \u00e1gua antes das refei\u00e7\u00f5es pode reduzir a fome?<\/a><\/strong><\/p>\n\n\n\n<h2 class=\"wp-block-heading\">O papel da alimenta\u00e7\u00e3o na preserva\u00e7\u00e3o dos m\u00fasculos<\/h2>\n\n\n\n<p>O exerc\u00edcio sozinho n\u00e3o basta para combater a sarcopenia. A alimenta\u00e7\u00e3o \u00e9 parte fundamental do processo. Uma dieta rica em prote\u00ednas, vitaminas e minerais \u00e9 essencial para reparar e construir fibras musculares.<\/p>\n\n\n\n<p>Fontes recomendadas incluem:<\/p>\n\n\n\n<ul class=\"wp-block-list\">\n<li>Carnes magras como frango e peixe.<\/li>\n\n\n\n<li>Ovos e latic\u00ednios.<\/li>\n\n\n\n<li>Leguminosas como feij\u00e3o e lentilha.<\/li>\n\n\n\n<li>Oleaginosas como nozes e am\u00eandoas.<\/li>\n\n\n\n<li>Frutas e vegetais ricos em antioxidantes.<\/li>\n<\/ul>\n\n\n\n<p><strong>Combinar treino de resist\u00eancia com uma nutri\u00e7\u00e3o adequada \u00e9 a f\u00f3rmula mais eficaz para manter m\u00fasculos fortes ap\u00f3s os 50.<\/strong><\/p>\n\n\n\n<h2 class=\"wp-block-heading\">A import\u00e2ncia da regularidade<\/h2>\n\n\n\n<p>Muitas pessoas acreditam que alguns treinos espor\u00e1dicos j\u00e1 s\u00e3o suficientes, mas a ci\u00eancia mostra que a regularidade \u00e9 o que garante resultados duradouros. O ideal \u00e9 praticar exerc\u00edcios de resist\u00eancia pelo menos 2 a 3 vezes por semana, intercalando com dias de descanso.<\/p>\n\n\n\n<p>Esse h\u00e1bito cria est\u00edmulos constantes aos m\u00fasculos, mantendo-os ativos e preservando sua estrutura por mais tempo.<\/p>\n","protected":false},"excerpt":{"rendered":"<p>A perda de massa muscular ap\u00f3s os 50 anos \u00e9 uma realidade que preocupa muitas pessoas. Esse processo, chamado de sarcopenia, ocorre naturalmente, mas pode ser desacelerado com h\u00e1bitos saud\u00e1veis. Entre todos os recursos dispon\u00edveis, o treino de resist\u00eancia \u00e9 considerado o melhor exerc\u00edcio para evitar a perda muscular ap\u00f3s os 50 anos, ajudando n\u00e3o [&hellip;]<\/p>\n","protected":false},"author":8,"featured_media":73008,"comment_status":"open","ping_status":"open","sticky":false,"template":"","format":"standard","meta":{"jnews-multi-image_gallery":[],"jnews_single_post":{"format":"standard"},"jnews_primary_category":[],"jnews_social_meta":[],"jnews_override_counter":[],"footnotes":""},"categories":[119,4404],"post_tag":[10383,6207,10382],"class_list":["post-107131","post","type-post","status-publish","format-standard","has-post-thumbnail","hentry","category-bem-estar","category-saude","tag-50-anos","tag-exercicios-2","tag-perda-muscular"],"yoast_head":"<!-- This site is optimized with the Yoast SEO plugin v24.6 - https:\/\/yoast.com\/wordpress\/plugins\/seo\/ -->\n<title>O melhor exerc\u00edcio para evitar perda muscular ap\u00f3s os 50 anos e se manter forte - Correio Braziliense - Radar<\/title>\n<meta name=\"description\" content=\"Descubra o exerc\u00edcio recomendado para manter m\u00fasculos fortes e prevenir perda muscular ap\u00f3s os 50 anos, garantindo sa\u00fade e bem-estar.\" \/>\n<meta name=\"robots\" content=\"index, follow, max-snippet:-1, max-image-preview:large, max-video-preview:-1\" \/>\n<link rel=\"canonical\" href=\"https:\/\/www.correiobraziliense.com.br\/cbradar\/o-melhor-exercicio-para-evitar-perda-muscular-apos-os-50-anos-e-se-manter-forte\/\" \/>\n<meta property=\"og:locale\" content=\"pt_BR\" \/>\n<meta property=\"og:type\" content=\"article\" \/>\n<meta property=\"og:title\" content=\"O melhor exerc\u00edcio para evitar perda muscular ap\u00f3s os 50 anos e se manter forte - Correio Braziliense - Radar\" \/>\n<meta property=\"og:description\" content=\"Descubra o exerc\u00edcio recomendado para manter m\u00fasculos fortes e prevenir perda muscular ap\u00f3s os 50 anos, garantindo sa\u00fade e bem-estar.\" \/>\n<meta property=\"og:url\" content=\"https:\/\/www.correiobraziliense.com.br\/cbradar\/o-melhor-exercicio-para-evitar-perda-muscular-apos-os-50-anos-e-se-manter-forte\/\" \/>\n<meta property=\"og:site_name\" content=\"Correio Braziliense - Radar\" \/>\n<meta property=\"article:published_time\" content=\"2025-09-22T12:03:00+00:00\" \/>\n<meta property=\"og:image\" content=\"https:\/\/www.correiobraziliense.com.br\/cbradar\/wp-content\/uploads\/2025\/07\/idoso-academia_1753052988919.jpg\" \/>\n\t<meta property=\"og:image:width\" content=\"1280\" \/>\n\t<meta property=\"og:image:height\" content=\"720\" \/>\n\t<meta property=\"og:image:type\" content=\"image\/jpeg\" \/>\n<meta name=\"author\" content=\"Maura Pereira\" \/>\n<meta name=\"twitter:card\" content=\"summary_large_image\" \/>\n<meta name=\"twitter:label1\" content=\"Escrito por\" \/>\n\t<meta name=\"twitter:data1\" content=\"Maura Pereira\" \/>\n\t<meta name=\"twitter:label2\" content=\"Est. tempo de leitura\" \/>\n\t<meta name=\"twitter:data2\" content=\"5 minutos\" \/>\n<!-- \/ Yoast SEO plugin. -->","yoast_head_json":{"title":"O melhor exerc\u00edcio para evitar perda muscular ap\u00f3s os 50 anos e se manter forte - Correio Braziliense - Radar","description":"Descubra o exerc\u00edcio recomendado para manter m\u00fasculos fortes e prevenir perda muscular ap\u00f3s os 50 anos, garantindo sa\u00fade e bem-estar.","robots":{"index":"index","follow":"follow","max-snippet":"max-snippet:-1","max-image-preview":"max-image-preview:large","max-video-preview":"max-video-preview:-1"},"canonical":"https:\/\/www.correiobraziliense.com.br\/cbradar\/o-melhor-exercicio-para-evitar-perda-muscular-apos-os-50-anos-e-se-manter-forte\/","og_locale":"pt_BR","og_type":"article","og_title":"O melhor exerc\u00edcio para evitar perda muscular ap\u00f3s os 50 anos e se manter forte - Correio Braziliense - Radar","og_description":"Descubra o exerc\u00edcio recomendado para manter m\u00fasculos fortes e prevenir perda muscular ap\u00f3s os 50 anos, garantindo sa\u00fade e bem-estar.","og_url":"https:\/\/www.correiobraziliense.com.br\/cbradar\/o-melhor-exercicio-para-evitar-perda-muscular-apos-os-50-anos-e-se-manter-forte\/","og_site_name":"Correio Braziliense - Radar","article_published_time":"2025-09-22T12:03:00+00:00","og_image":[{"width":1280,"height":720,"url":"https:\/\/www.correiobraziliense.com.br\/cbradar\/wp-content\/uploads\/2025\/07\/idoso-academia_1753052988919.jpg","type":"image\/jpeg"}],"author":"Maura Pereira","twitter_card":"summary_large_image","twitter_misc":{"Escrito por":"Maura Pereira","Est. tempo de leitura":"5 minutos"},"schema":{"@context":"https:\/\/schema.org","@graph":[{"@type":"WebPage","@id":"https:\/\/www.correiobraziliense.com.br\/cbradar\/o-melhor-exercicio-para-evitar-perda-muscular-apos-os-50-anos-e-se-manter-forte\/","url":"https:\/\/www.correiobraziliense.com.br\/cbradar\/o-melhor-exercicio-para-evitar-perda-muscular-apos-os-50-anos-e-se-manter-forte\/","name":"O melhor exerc\u00edcio para evitar perda muscular ap\u00f3s os 50 anos e se manter forte - Correio Braziliense - Radar","isPartOf":{"@id":"https:\/\/www.correiobraziliense.com.br\/cbradar\/#website"},"primaryImageOfPage":{"@id":"https:\/\/www.correiobraziliense.com.br\/cbradar\/o-melhor-exercicio-para-evitar-perda-muscular-apos-os-50-anos-e-se-manter-forte\/#primaryimage"},"image":{"@id":"https:\/\/www.correiobraziliense.com.br\/cbradar\/o-melhor-exercicio-para-evitar-perda-muscular-apos-os-50-anos-e-se-manter-forte\/#primaryimage"},"thumbnailUrl":"https:\/\/www.correiobraziliense.com.br\/cbradar\/wp-content\/uploads\/2025\/07\/idoso-academia_1753052988919.jpg","datePublished":"2025-09-22T12:03:00+00:00","author":{"@id":"https:\/\/www.correiobraziliense.com.br\/cbradar\/#\/schema\/person\/4053c651a9bfc785afc6f4cbc9032fd3"},"description":"Descubra o exerc\u00edcio recomendado para manter m\u00fasculos fortes e prevenir perda muscular ap\u00f3s os 50 anos, garantindo sa\u00fade e bem-estar.","breadcrumb":{"@id":"https:\/\/www.correiobraziliense.com.br\/cbradar\/o-melhor-exercicio-para-evitar-perda-muscular-apos-os-50-anos-e-se-manter-forte\/#breadcrumb"},"inLanguage":"pt-BR","potentialAction":[{"@type":"ReadAction","target":["https:\/\/www.correiobraziliense.com.br\/cbradar\/o-melhor-exercicio-para-evitar-perda-muscular-apos-os-50-anos-e-se-manter-forte\/"]}]},{"@type":"ImageObject","inLanguage":"pt-BR","@id":"https:\/\/www.correiobraziliense.com.br\/cbradar\/o-melhor-exercicio-para-evitar-perda-muscular-apos-os-50-anos-e-se-manter-forte\/#primaryimage","url":"https:\/\/www.correiobraziliense.com.br\/cbradar\/wp-content\/uploads\/2025\/07\/idoso-academia_1753052988919.jpg","contentUrl":"https:\/\/www.correiobraziliense.com.br\/cbradar\/wp-content\/uploads\/2025\/07\/idoso-academia_1753052988919.jpg","width":1280,"height":720,"caption":"O treino na terceira idade fortalece m\u00fasculos, melhora o equil\u00edbrio e previne doen\u00e7as cr\u00f4nicas. \/\/ Cr\u00e9ditos: depositphotos.com \/ IgorVetushko"},{"@type":"BreadcrumbList","@id":"https:\/\/www.correiobraziliense.com.br\/cbradar\/o-melhor-exercicio-para-evitar-perda-muscular-apos-os-50-anos-e-se-manter-forte\/#breadcrumb","itemListElement":[{"@type":"ListItem","position":1,"name":"In\u00edcio","item":"https:\/\/www.correiobraziliense.com.br\/cbradar\/"},{"@type":"ListItem","position":2,"name":"O melhor exerc\u00edcio para evitar perda muscular ap\u00f3s os 50 anos e se manter forte"}]},{"@type":"WebSite","@id":"https:\/\/www.correiobraziliense.com.br\/cbradar\/#website","url":"https:\/\/www.correiobraziliense.com.br\/cbradar\/","name":"Correio Braziliense - Radar","description":"Acompanhe as \u00faltimas not\u00edcias e fique bem informado sobre tudo o que acontece no Brasil e no mundo.","potentialAction":[{"@type":"SearchAction","target":{"@type":"EntryPoint","urlTemplate":"https:\/\/www.correiobraziliense.com.br\/cbradar\/?s={search_term_string}"},"query-input":{"@type":"PropertyValueSpecification","valueRequired":true,"valueName":"search_term_string"}}],"inLanguage":"pt-BR"},{"@type":"Person","@id":"https:\/\/www.correiobraziliense.com.br\/cbradar\/#\/schema\/person\/4053c651a9bfc785afc6f4cbc9032fd3","name":"Maura Pereira","image":{"@type":"ImageObject","inLanguage":"pt-BR","@id":"https:\/\/www.correiobraziliense.com.br\/cbradar\/#\/schema\/person\/image\/","url":"https:\/\/secure.gravatar.com\/avatar\/3effd6bdadfa447f15089c7f7144eaa6?s=96&d=mm&r=g","contentUrl":"https:\/\/secure.gravatar.com\/avatar\/3effd6bdadfa447f15089c7f7144eaa6?s=96&d=mm&r=g","caption":"Maura Pereira"},"sameAs":["https:\/\/www.correiobraziliense.com.br\/"],"url":"https:\/\/www.correiobraziliense.com.br\/cbradar\/author\/mauramyth\/"}]}},"_links":{"self":[{"href":"https:\/\/www.correiobraziliense.com.br\/cbradar\/wp-json\/wp\/v2\/posts\/107131","targetHints":{"allow":["GET"]}}],"collection":[{"href":"https:\/\/www.correiobraziliense.com.br\/cbradar\/wp-json\/wp\/v2\/posts"}],"about":[{"href":"https:\/\/www.correiobraziliense.com.br\/cbradar\/wp-json\/wp\/v2\/types\/post"}],"author":[{"embeddable":true,"href":"https:\/\/www.correiobraziliense.com.br\/cbradar\/wp-json\/wp\/v2\/users\/8"}],"replies":[{"embeddable":true,"href":"https:\/\/www.correiobraziliense.com.br\/cbradar\/wp-json\/wp\/v2\/comments?post=107131"}],"version-history":[{"count":6,"href":"https:\/\/www.correiobraziliense.com.br\/cbradar\/wp-json\/wp\/v2\/posts\/107131\/revisions"}],"predecessor-version":[{"id":107149,"href":"https:\/\/www.correiobraziliense.com.br\/cbradar\/wp-json\/wp\/v2\/posts\/107131\/revisions\/107149"}],"wp:featuredmedia":[{"embeddable":true,"href":"https:\/\/www.correiobraziliense.com.br\/cbradar\/wp-json\/wp\/v2\/media\/73008"}],"wp:attachment":[{"href":"https:\/\/www.correiobraziliense.com.br\/cbradar\/wp-json\/wp\/v2\/media?parent=107131"}],"wp:term":[{"taxonomy":"category","embeddable":true,"href":"https:\/\/www.correiobraziliense.com.br\/cbradar\/wp-json\/wp\/v2\/categories?post=107131"},{"taxonomy":"post_tag","embeddable":true,"href":"https:\/\/www.correiobraziliense.com.br\/cbradar\/wp-json\/wp\/v2\/post_tag?post=107131"}],"curies":[{"name":"wp","href":"https:\/\/api.w.org\/{rel}","templated":true}]}}