{"id":107319,"date":"2025-09-22T12:23:00","date_gmt":"2025-09-22T15:23:00","guid":{"rendered":"https:\/\/www.correiobraziliense.com.br\/cbradar\/?p=107319"},"modified":"2025-09-21T01:56:24","modified_gmt":"2025-09-21T04:56:24","slug":"o-alimento-sagrado-milenar-usado-por-todas-geracoes","status":"publish","type":"post","link":"https:\/\/www.correiobraziliense.com.br\/cbradar\/o-alimento-sagrado-milenar-usado-por-todas-geracoes\/","title":{"rendered":"O alimento sagrado milenar usado por todas gera\u00e7\u00f5es"},"content":{"rendered":"\n<p>Ao longo da hist\u00f3ria da humanidade, alguns alimentos atravessaram fronteiras, civiliza\u00e7\u00f5es e tradi\u00e7\u00f5es, tornando-se verdadeiros s\u00edmbolos de sobreviv\u00eancia e uni\u00e3o entre povos. O <strong>arroz<\/strong> \u00e9 um desses exemplos. Considerado sagrado em v\u00e1rias culturas, ele \u00e9 cultivado e consumido h\u00e1 mil\u00eanios, sendo at\u00e9 hoje a base da alimenta\u00e7\u00e3o de bilh\u00f5es de pessoas em todo o mundo. Mais do que simples gr\u00e3os, carrega consigo hist\u00f3rias, rituais e um papel essencial na nutri\u00e7\u00e3o global.<\/p>\n\n\n\n<h2 class=\"wp-block-heading\">A origem do alimento sagrado<\/h2>\n\n\n\n<p><strong>O arroz surgiu h\u00e1 mais de 10 mil anos na \u00c1sia, em regi\u00f5es pr\u00f3ximas ao atual territ\u00f3rio da China.<\/strong> Desde ent\u00e3o, espalhou-se pelo mundo, adaptando-se a diferentes climas e t\u00e9cnicas de cultivo. Tornou-se n\u00e3o apenas um alimento, mas um s\u00edmbolo de abund\u00e2ncia e prosperidade em diversas culturas.<\/p>\n\n\n\n<p>Para os povos orientais, o arroz sempre esteve presente em cerim\u00f4nias religiosas e rituais familiares. No Jap\u00e3o, por exemplo, ele era considerado um presente dos deuses. No Brasil, chegou com os portugueses e rapidamente se integrou \u00e0 culin\u00e1ria local, especialmente quando combinado com o feij\u00e3o, formando uma dupla insepar\u00e1vel no prato do brasileiro.<\/p>\n\n\n<div class=\"wp-block-image\">\n<figure class=\"aligncenter size-large\"><img decoding=\"async\" width=\"1024\" height=\"576\" src=\"https:\/\/www.correiobraziliense.com.br\/cbradar\/wp-content\/uploads\/2025\/09\/sagrado-alimento_1758430306141-1024x576.jpg\" alt=\"O alimento sagrado milenar usado por todas gera\u00e7\u00f5es\" class=\"wp-image-107326\" srcset=\"https:\/\/www.correiobraziliense.com.br\/cbradar\/wp-content\/uploads\/2025\/09\/sagrado-alimento_1758430306141-1024x576.jpg 1024w, https:\/\/www.correiobraziliense.com.br\/cbradar\/wp-content\/uploads\/2025\/09\/sagrado-alimento_1758430306141-300x169.jpg 300w, https:\/\/www.correiobraziliense.com.br\/cbradar\/wp-content\/uploads\/2025\/09\/sagrado-alimento_1758430306141-768x432.jpg 768w, https:\/\/www.correiobraziliense.com.br\/cbradar\/wp-content\/uploads\/2025\/09\/sagrado-alimento_1758430306141-750x422.jpg 750w, https:\/\/www.correiobraziliense.com.br\/cbradar\/wp-content\/uploads\/2025\/09\/sagrado-alimento_1758430306141-1140x641.jpg 1140w, https:\/\/www.correiobraziliense.com.br\/cbradar\/wp-content\/uploads\/2025\/09\/sagrado-alimento_1758430306141.jpg 1280w\" sizes=\"(max-width: 1024px) 100vw, 1024px\" \/><figcaption class=\"wp-element-caption\">Arroz \/\/ Cr\u00e9ditos: depositphotos.com \/ Ale33<\/figcaption><\/figure><\/div>\n\n\n<h2 class=\"wp-block-heading\">O papel cultural do arroz<\/h2>\n\n\n\n<p>Em muitos pa\u00edses, o arroz transcende a fun\u00e7\u00e3o de alimento. Ele \u00e9 parte de tradi\u00e7\u00f5es que celebram a vida, a fertilidade e a uni\u00e3o. Em casamentos, \u00e9 comum lan\u00e7ar gr\u00e3os de arroz sobre os noivos, simbolizando fartura. Em festivais asi\u00e1ticos, o arroz aparece em oferendas aos ancestrais.<\/p>\n\n\n\n<p>Essa liga\u00e7\u00e3o cultural se fortaleceu porque o arroz \u00e9 democr\u00e1tico: pode ser preparado de in\u00fameras formas, desde pratos simples do dia a dia at\u00e9 receitas sofisticadas da alta gastronomia.<\/p>\n\n\n\n<h2 class=\"wp-block-heading\">Benef\u00edcios nutricionais<\/h2>\n\n\n\n<p><strong>O arroz \u00e9 uma fonte rica de energia e nutrientes essenciais para o corpo.<\/strong> Ele \u00e9 composto majoritariamente por carboidratos complexos, que fornecem energia de libera\u00e7\u00e3o gradual, al\u00e9m de conter prote\u00ednas, fibras e minerais importantes.<\/p>\n\n\n\n<p>Entre os benef\u00edcios do arroz para a sa\u00fade, destacam-se:<\/p>\n\n\n\n<ul class=\"wp-block-list\">\n<li>Fonte de energia para o funcionamento do c\u00e9rebro e m\u00fasculos.<\/li>\n\n\n\n<li>Contribui\u00e7\u00e3o para a sa\u00fade intestinal, especialmente nas vers\u00f5es integrais.<\/li>\n\n\n\n<li>Aus\u00eancia de gl\u00faten, sendo ideal para cel\u00edacos.<\/li>\n\n\n\n<li>Rico em vitaminas do complexo B, fundamentais para o metabolismo.<\/li>\n<\/ul>\n\n\n\n<p>Sua versatilidade o torna um alimento indispens\u00e1vel para todas as idades.<\/p>\n\n\n\n<p><strong>Leia tamb\u00e9m: <a href=\"https:\/\/www.correiobraziliense.com.br\/cbradar\/estudo-revela-o-motivo-da-gripe-ser-mais-grave-em-idosos\/\" target=\"_blank\" rel=\"noreferrer noopener\">Estudo revela o motivo da gripe ser mais grave em idosos.<\/a><\/strong><\/p>\n\n\n\n<h2 class=\"wp-block-heading\">As varia\u00e7\u00f5es do arroz ao redor do mundo<\/h2>\n\n\n\n<p>O arroz possui diversas variedades, cada uma com caracter\u00edsticas \u00fanicas de sabor, textura e nutrientes. Entre as principais est\u00e3o:<\/p>\n\n\n\n<ul class=\"wp-block-list\">\n<li>Arroz branco: o mais consumido, com preparo r\u00e1pido.<\/li>\n\n\n\n<li>Arroz integral: preserva o farelo e o g\u00e9rmen, sendo mais nutritivo.<\/li>\n\n\n\n<li>Arroz basmati: arom\u00e1tico e tradicional na \u00cdndia.<\/li>\n\n\n\n<li>Arroz negro e vermelho: ricos em antioxidantes naturais.<\/li>\n<\/ul>\n\n\n\n<p><strong>Essa diversidade faz com que o arroz seja um alimento que atravessa gera\u00e7\u00f5es e culturas sem perder import\u00e2ncia.<\/strong><\/p>\n\n\n\n<h2 class=\"wp-block-heading\">Um alimento que conecta gera\u00e7\u00f5es<\/h2>\n\n\n\n<p>De pratos simples preparados por av\u00f3s at\u00e9 receitas modernas em restaurantes estrelados, o arroz est\u00e1 sempre presente. \u00c9 um elo entre passado, presente e futuro, refor\u00e7ando sua posi\u00e7\u00e3o como o alimento sagrado e milenar usado por todas as gera\u00e7\u00f5es.<\/p>\n","protected":false},"excerpt":{"rendered":"<p>Ao longo da hist\u00f3ria da humanidade, alguns alimentos atravessaram fronteiras, civiliza\u00e7\u00f5es e tradi\u00e7\u00f5es, tornando-se verdadeiros s\u00edmbolos de sobreviv\u00eancia e uni\u00e3o entre povos. O arroz \u00e9 um desses exemplos. Considerado sagrado em v\u00e1rias culturas, ele \u00e9 cultivado e consumido h\u00e1 mil\u00eanios, sendo at\u00e9 hoje a base da alimenta\u00e7\u00e3o de bilh\u00f5es de pessoas em todo o mundo. [&hellip;]<\/p>\n","protected":false},"author":8,"featured_media":107328,"comment_status":"open","ping_status":"open","sticky":false,"template":"","format":"standard","meta":{"_yoast_wpseo_focuskw":"alimento","_yoast_wpseo_title":"","_yoast_wpseo_metadesc":"Conhe\u00e7a o alimento sagrado e milenar usado por todas as gera\u00e7\u00f5es, que atravessou culturas, hist\u00f3rias e tradi\u00e7\u00f5es sem perder seu valor.","jnews-multi-image_gallery":[],"jnews_single_post":{"format":"standard"},"jnews_primary_category":[],"jnews_social_meta":[],"jnews_override_counter":[],"footnotes":""},"categories":[112],"post_tag":[10403,899,10404],"class_list":["post-107319","post","type-post","status-publish","format-standard","has-post-thumbnail","hentry","category-curiosidades","tag-alimento-sagrado","tag-arroz","tag-milenar"],"yoast_head":"<!-- This site is optimized with the Yoast SEO plugin v24.6 - https:\/\/yoast.com\/wordpress\/plugins\/seo\/ -->\n<title>O alimento sagrado milenar usado por todas gera\u00e7\u00f5es - Correio Braziliense - Radar<\/title>\n<meta name=\"description\" content=\"Conhe\u00e7a o alimento sagrado e milenar usado por todas as gera\u00e7\u00f5es, que atravessou culturas, hist\u00f3rias e tradi\u00e7\u00f5es sem perder seu valor.\" \/>\n<meta name=\"robots\" content=\"index, follow, max-snippet:-1, max-image-preview:large, max-video-preview:-1\" \/>\n<link rel=\"canonical\" href=\"https:\/\/www.correiobraziliense.com.br\/cbradar\/o-alimento-sagrado-milenar-usado-por-todas-geracoes\/\" \/>\n<meta property=\"og:locale\" content=\"pt_BR\" \/>\n<meta property=\"og:type\" content=\"article\" \/>\n<meta property=\"og:title\" content=\"O alimento sagrado milenar usado por todas gera\u00e7\u00f5es - Correio Braziliense - Radar\" \/>\n<meta property=\"og:description\" content=\"Conhe\u00e7a o alimento sagrado e milenar usado por todas as gera\u00e7\u00f5es, que atravessou culturas, hist\u00f3rias e tradi\u00e7\u00f5es sem perder seu valor.\" \/>\n<meta property=\"og:url\" content=\"https:\/\/www.correiobraziliense.com.br\/cbradar\/o-alimento-sagrado-milenar-usado-por-todas-geracoes\/\" \/>\n<meta property=\"og:site_name\" content=\"Correio Braziliense - Radar\" \/>\n<meta property=\"article:published_time\" content=\"2025-09-22T15:23:00+00:00\" \/>\n<meta property=\"og:image\" content=\"https:\/\/www.correiobraziliense.com.br\/cbradar\/wp-content\/uploads\/2025\/09\/luz-maos_1758430429672.jpg\" \/>\n\t<meta property=\"og:image:width\" content=\"1280\" \/>\n\t<meta property=\"og:image:height\" content=\"720\" \/>\n\t<meta property=\"og:image:type\" content=\"image\/jpeg\" \/>\n<meta name=\"author\" content=\"Maura Pereira\" \/>\n<meta name=\"twitter:card\" content=\"summary_large_image\" \/>\n<meta name=\"twitter:label1\" content=\"Escrito por\" \/>\n\t<meta name=\"twitter:data1\" content=\"Maura Pereira\" \/>\n\t<meta name=\"twitter:label2\" content=\"Est. tempo de leitura\" \/>\n\t<meta name=\"twitter:data2\" content=\"4 minutos\" \/>\n<!-- \/ Yoast SEO plugin. -->","yoast_head_json":{"title":"O alimento sagrado milenar usado por todas gera\u00e7\u00f5es - Correio Braziliense - Radar","description":"Conhe\u00e7a o alimento sagrado e milenar usado por todas as gera\u00e7\u00f5es, que atravessou culturas, hist\u00f3rias e tradi\u00e7\u00f5es sem perder seu valor.","robots":{"index":"index","follow":"follow","max-snippet":"max-snippet:-1","max-image-preview":"max-image-preview:large","max-video-preview":"max-video-preview:-1"},"canonical":"https:\/\/www.correiobraziliense.com.br\/cbradar\/o-alimento-sagrado-milenar-usado-por-todas-geracoes\/","og_locale":"pt_BR","og_type":"article","og_title":"O alimento sagrado milenar usado por todas gera\u00e7\u00f5es - Correio Braziliense - Radar","og_description":"Conhe\u00e7a o alimento sagrado e milenar usado por todas as gera\u00e7\u00f5es, que atravessou culturas, hist\u00f3rias e tradi\u00e7\u00f5es sem perder seu valor.","og_url":"https:\/\/www.correiobraziliense.com.br\/cbradar\/o-alimento-sagrado-milenar-usado-por-todas-geracoes\/","og_site_name":"Correio Braziliense - Radar","article_published_time":"2025-09-22T15:23:00+00:00","og_image":[{"width":1280,"height":720,"url":"https:\/\/www.correiobraziliense.com.br\/cbradar\/wp-content\/uploads\/2025\/09\/luz-maos_1758430429672.jpg","type":"image\/jpeg"}],"author":"Maura Pereira","twitter_card":"summary_large_image","twitter_misc":{"Escrito por":"Maura Pereira","Est. tempo de leitura":"4 minutos"},"schema":{"@context":"https:\/\/schema.org","@graph":[{"@type":"WebPage","@id":"https:\/\/www.correiobraziliense.com.br\/cbradar\/o-alimento-sagrado-milenar-usado-por-todas-geracoes\/","url":"https:\/\/www.correiobraziliense.com.br\/cbradar\/o-alimento-sagrado-milenar-usado-por-todas-geracoes\/","name":"O alimento sagrado milenar usado por todas gera\u00e7\u00f5es - Correio Braziliense - Radar","isPartOf":{"@id":"https:\/\/www.correiobraziliense.com.br\/cbradar\/#website"},"primaryImageOfPage":{"@id":"https:\/\/www.correiobraziliense.com.br\/cbradar\/o-alimento-sagrado-milenar-usado-por-todas-geracoes\/#primaryimage"},"image":{"@id":"https:\/\/www.correiobraziliense.com.br\/cbradar\/o-alimento-sagrado-milenar-usado-por-todas-geracoes\/#primaryimage"},"thumbnailUrl":"https:\/\/www.correiobraziliense.com.br\/cbradar\/wp-content\/uploads\/2025\/09\/luz-maos_1758430429672.jpg","datePublished":"2025-09-22T15:23:00+00:00","author":{"@id":"https:\/\/www.correiobraziliense.com.br\/cbradar\/#\/schema\/person\/4053c651a9bfc785afc6f4cbc9032fd3"},"description":"Conhe\u00e7a o alimento sagrado e milenar usado por todas as gera\u00e7\u00f5es, que atravessou culturas, hist\u00f3rias e tradi\u00e7\u00f5es sem perder seu valor.","breadcrumb":{"@id":"https:\/\/www.correiobraziliense.com.br\/cbradar\/o-alimento-sagrado-milenar-usado-por-todas-geracoes\/#breadcrumb"},"inLanguage":"pt-BR","potentialAction":[{"@type":"ReadAction","target":["https:\/\/www.correiobraziliense.com.br\/cbradar\/o-alimento-sagrado-milenar-usado-por-todas-geracoes\/"]}]},{"@type":"ImageObject","inLanguage":"pt-BR","@id":"https:\/\/www.correiobraziliense.com.br\/cbradar\/o-alimento-sagrado-milenar-usado-por-todas-geracoes\/#primaryimage","url":"https:\/\/www.correiobraziliense.com.br\/cbradar\/wp-content\/uploads\/2025\/09\/luz-maos_1758430429672.jpg","contentUrl":"https:\/\/www.correiobraziliense.com.br\/cbradar\/wp-content\/uploads\/2025\/09\/luz-maos_1758430429672.jpg","width":1280,"height":720,"caption":"Luz solar nas m\u00e3os \/\/ Cr\u00e9ditos: depositphotos.com \/ artitcom"},{"@type":"BreadcrumbList","@id":"https:\/\/www.correiobraziliense.com.br\/cbradar\/o-alimento-sagrado-milenar-usado-por-todas-geracoes\/#breadcrumb","itemListElement":[{"@type":"ListItem","position":1,"name":"In\u00edcio","item":"https:\/\/www.correiobraziliense.com.br\/cbradar\/"},{"@type":"ListItem","position":2,"name":"O alimento sagrado milenar usado por todas gera\u00e7\u00f5es"}]},{"@type":"WebSite","@id":"https:\/\/www.correiobraziliense.com.br\/cbradar\/#website","url":"https:\/\/www.correiobraziliense.com.br\/cbradar\/","name":"Correio Braziliense - Radar","description":"Acompanhe as \u00faltimas not\u00edcias e fique bem informado sobre tudo o que acontece no Brasil e no mundo.","potentialAction":[{"@type":"SearchAction","target":{"@type":"EntryPoint","urlTemplate":"https:\/\/www.correiobraziliense.com.br\/cbradar\/?s={search_term_string}"},"query-input":{"@type":"PropertyValueSpecification","valueRequired":true,"valueName":"search_term_string"}}],"inLanguage":"pt-BR"},{"@type":"Person","@id":"https:\/\/www.correiobraziliense.com.br\/cbradar\/#\/schema\/person\/4053c651a9bfc785afc6f4cbc9032fd3","name":"Maura Pereira","image":{"@type":"ImageObject","inLanguage":"pt-BR","@id":"https:\/\/www.correiobraziliense.com.br\/cbradar\/#\/schema\/person\/image\/","url":"https:\/\/secure.gravatar.com\/avatar\/3effd6bdadfa447f15089c7f7144eaa6?s=96&d=mm&r=g","contentUrl":"https:\/\/secure.gravatar.com\/avatar\/3effd6bdadfa447f15089c7f7144eaa6?s=96&d=mm&r=g","caption":"Maura Pereira"},"sameAs":["https:\/\/www.correiobraziliense.com.br\/"],"url":"https:\/\/www.correiobraziliense.com.br\/cbradar\/author\/mauramyth\/"}]}},"_links":{"self":[{"href":"https:\/\/www.correiobraziliense.com.br\/cbradar\/wp-json\/wp\/v2\/posts\/107319","targetHints":{"allow":["GET"]}}],"collection":[{"href":"https:\/\/www.correiobraziliense.com.br\/cbradar\/wp-json\/wp\/v2\/posts"}],"about":[{"href":"https:\/\/www.correiobraziliense.com.br\/cbradar\/wp-json\/wp\/v2\/types\/post"}],"author":[{"embeddable":true,"href":"https:\/\/www.correiobraziliense.com.br\/cbradar\/wp-json\/wp\/v2\/users\/8"}],"replies":[{"embeddable":true,"href":"https:\/\/www.correiobraziliense.com.br\/cbradar\/wp-json\/wp\/v2\/comments?post=107319"}],"version-history":[{"count":7,"href":"https:\/\/www.correiobraziliense.com.br\/cbradar\/wp-json\/wp\/v2\/posts\/107319\/revisions"}],"predecessor-version":[{"id":107330,"href":"https:\/\/www.correiobraziliense.com.br\/cbradar\/wp-json\/wp\/v2\/posts\/107319\/revisions\/107330"}],"wp:featuredmedia":[{"embeddable":true,"href":"https:\/\/www.correiobraziliense.com.br\/cbradar\/wp-json\/wp\/v2\/media\/107328"}],"wp:attachment":[{"href":"https:\/\/www.correiobraziliense.com.br\/cbradar\/wp-json\/wp\/v2\/media?parent=107319"}],"wp:term":[{"taxonomy":"category","embeddable":true,"href":"https:\/\/www.correiobraziliense.com.br\/cbradar\/wp-json\/wp\/v2\/categories?post=107319"},{"taxonomy":"post_tag","embeddable":true,"href":"https:\/\/www.correiobraziliense.com.br\/cbradar\/wp-json\/wp\/v2\/post_tag?post=107319"}],"curies":[{"name":"wp","href":"https:\/\/api.w.org\/{rel}","templated":true}]}}