{"id":107377,"date":"2025-09-22T22:03:00","date_gmt":"2025-09-23T01:03:00","guid":{"rendered":"https:\/\/www.correiobraziliense.com.br\/cbradar\/?p=107377"},"modified":"2025-09-21T02:33:27","modified_gmt":"2025-09-21T05:33:27","slug":"o-erro-que-quase-todo-mundo-comete-ao-limpar-oculos","status":"publish","type":"post","link":"https:\/\/www.correiobraziliense.com.br\/cbradar\/o-erro-que-quase-todo-mundo-comete-ao-limpar-oculos\/","title":{"rendered":"O erro que quase todo mundo comete ao limpar \u00f3culos"},"content":{"rendered":"\n<p>Muitas pessoas n\u00e3o percebem, mas a forma como limpamos os \u00f3culos pode danificar lentes e arma\u00e7\u00e3o. <strong>Limpar \u00f3culos de maneira incorreta reduz a vida \u00fatil das lentes e prejudica a vis\u00e3o<\/strong>, gerando riscos de arranh\u00f5es e manchas permanentes. Conhecer t\u00e9cnicas corretas de higieniza\u00e7\u00e3o \u00e9 essencial para manter a clareza da vis\u00e3o e prolongar a durabilidade dos \u00f3culos.<\/p>\n\n\n\n<h2 class=\"wp-block-heading\">Por que a limpeza errada prejudica os \u00f3culos?<\/h2>\n\n\n\n<p><strong>Usar panos sujos, toalhas de papel ou produtos inadequados pode arranhar as lentes.<\/strong> Al\u00e9m disso, subst\u00e2ncias qu\u00edmicas de produtos dom\u00e9sticos podem danificar tratamentos antirreflexo e filtros UV.<\/p>\n\n\n\n<p>Entre os h\u00e1bitos prejudiciais mais comuns est\u00e3o:<\/p>\n\n\n\n<ul class=\"wp-block-list\">\n<li>Passar a camiseta ou toalha na lente.<\/li>\n\n\n\n<li>Usar \u00e1lcool ou detergentes comuns diretamente.<\/li>\n\n\n\n<li>Esfregar com for\u00e7a, aumentando o risco de microarranh\u00f5es.<\/li>\n\n\n\n<li>N\u00e3o enxaguar poeira ou part\u00edculas antes da limpeza.<\/li>\n<\/ul>\n\n\n\n<p>Esses erros podem causar danos permanentes que comprometem a nitidez da vis\u00e3o.<\/p>\n\n\n<div class=\"wp-block-image\">\n<figure class=\"aligncenter size-large\"><img decoding=\"async\" width=\"1024\" height=\"576\" src=\"https:\/\/www.correiobraziliense.com.br\/cbradar\/wp-content\/uploads\/2025\/08\/oculos-limpar_1754886307484-1024x576.jpg\" alt=\"Quantos graus de miopia j\u00e1 pode ser considerado quase cego?\" class=\"wp-image-84319\" srcset=\"https:\/\/www.correiobraziliense.com.br\/cbradar\/wp-content\/uploads\/2025\/08\/oculos-limpar_1754886307484-1024x576.jpg 1024w, https:\/\/www.correiobraziliense.com.br\/cbradar\/wp-content\/uploads\/2025\/08\/oculos-limpar_1754886307484-300x169.jpg 300w, https:\/\/www.correiobraziliense.com.br\/cbradar\/wp-content\/uploads\/2025\/08\/oculos-limpar_1754886307484-768x432.jpg 768w, https:\/\/www.correiobraziliense.com.br\/cbradar\/wp-content\/uploads\/2025\/08\/oculos-limpar_1754886307484-750x422.jpg 750w, https:\/\/www.correiobraziliense.com.br\/cbradar\/wp-content\/uploads\/2025\/08\/oculos-limpar_1754886307484-1140x641.jpg 1140w, https:\/\/www.correiobraziliense.com.br\/cbradar\/wp-content\/uploads\/2025\/08\/oculos-limpar_1754886307484.jpg 1280w\" sizes=\"(max-width: 1024px) 100vw, 1024px\" \/><figcaption class=\"wp-element-caption\">\u00f3culos \/ Cr\u00e9ditos: depositphotos.com \/ AllaSerebrina<\/figcaption><\/figure><\/div>\n\n\n<h2 class=\"wp-block-heading\">Como limpar os \u00f3culos corretamente?<\/h2>\n\n\n\n<p>Para preservar lentes e arma\u00e7\u00f5es, siga estas recomenda\u00e7\u00f5es:<\/p>\n\n\n\n<ul class=\"wp-block-list\">\n<li><strong>Enx\u00e1gue os \u00f3culos em \u00e1gua corrente<\/strong> para remover poeira e part\u00edculas soltas.<\/li>\n\n\n\n<li>Aplique <strong>sab\u00e3o neutro<\/strong> em pequenas quantidades nas lentes.<\/li>\n\n\n\n<li>Use <strong>panos de microfibra limpos<\/strong> para secar e polir, evitando arranh\u00f5es.<\/li>\n\n\n\n<li>Evite produtos abrasivos ou toalhas comuns, que podem danificar o revestimento.<\/li>\n<\/ul>\n\n\n\n<p><strong>Limpar os \u00f3culos dessa forma garante vis\u00e3o mais n\u00edtida e aumenta a durabilidade do acess\u00f3rio.<\/strong><\/p>\n\n\n\n<p><strong>Leia tamb\u00e9m: <a href=\"https:\/\/www.correiobraziliense.com.br\/cbradar\/estudo-revela-o-motivo-da-gripe-ser-mais-grave-em-idosos\/\" target=\"_blank\" rel=\"noreferrer noopener\">Estudo revela o motivo da gripe ser mais grave em idosos.<\/a><\/strong><\/p>\n\n\n\n<h2 class=\"wp-block-heading\">Dicas extras de cuidado<\/h2>\n\n\n\n<p>Al\u00e9m da limpeza, alguns h\u00e1bitos ajudam a manter os \u00f3culos sempre em bom estado:<\/p>\n\n\n\n<ul class=\"wp-block-list\">\n<li>Armazenar os \u00f3culos em <strong>estojo r\u00edgido<\/strong> quando n\u00e3o estiver usando.<\/li>\n\n\n\n<li>Evitar deixar \u00f3culos sobre superf\u00edcies de risco.<\/li>\n\n\n\n<li>Fazer manuten\u00e7\u00e3o regular com \u00f3ticas especializadas.<\/li>\n\n\n\n<li>N\u00e3o colocar \u00f3culos no topo da cabe\u00e7a, que pode deformar a arma\u00e7\u00e3o.<\/li>\n<\/ul>\n\n\n\n<p>Esses cuidados simples evitam problemas frequentes e preservam a qualidade das lentes.<\/p>\n\n\n\n<p><strong>Limpar \u00f3culos corretamente \u00e9 mais do que est\u00e9tica, \u00e9 quest\u00e3o de sa\u00fade visual.<\/strong> Com t\u00e9cnicas simples e h\u00e1bitos conscientes, \u00e9 poss\u00edvel manter a vis\u00e3o n\u00edtida e proteger o investimento feito em lentes e arma\u00e7\u00f5es.<\/p>\n","protected":false},"excerpt":{"rendered":"<p>Muitas pessoas n\u00e3o percebem, mas a forma como limpamos os \u00f3culos pode danificar lentes e arma\u00e7\u00e3o. Limpar \u00f3culos de maneira incorreta reduz a vida \u00fatil das lentes e prejudica a vis\u00e3o, gerando riscos de arranh\u00f5es e manchas permanentes. Conhecer t\u00e9cnicas corretas de higieniza\u00e7\u00e3o \u00e9 essencial para manter a clareza da vis\u00e3o e prolongar a durabilidade [&hellip;]<\/p>\n","protected":false},"author":8,"featured_media":84318,"comment_status":"open","ping_status":"open","sticky":false,"template":"","format":"standard","meta":{"_yoast_wpseo_focuskw":"limpar \u00f3culos","_yoast_wpseo_title":"","_yoast_wpseo_metadesc":"Voc\u00ea limpa seus \u00f3culos errado! Descubra t\u00e9cnicas f\u00e1ceis e eficazes para limp\u00e1-los sem arranhar e manter a vis\u00e3o sempre clara.","jnews-multi-image_gallery":[],"jnews_single_post":{"format":"standard"},"jnews_primary_category":[],"jnews_social_meta":[],"jnews_override_counter":[],"footnotes":""},"categories":[112],"post_tag":[10418,10416,10417],"class_list":["post-107377","post","type-post","status-publish","format-standard","has-post-thumbnail","hentry","category-curiosidades","tag-arranhar","tag-como-limpar-oculos","tag-oculos-de-grau"],"yoast_head":"<!-- This site is optimized with the Yoast SEO plugin v24.6 - https:\/\/yoast.com\/wordpress\/plugins\/seo\/ -->\n<title>O erro que quase todo mundo comete ao limpar \u00f3culos - Correio Braziliense - Radar<\/title>\n<meta name=\"description\" content=\"Voc\u00ea limpa seus \u00f3culos errado! Descubra t\u00e9cnicas f\u00e1ceis e eficazes para limp\u00e1-los sem arranhar e manter a vis\u00e3o sempre clara.\" \/>\n<meta name=\"robots\" content=\"index, follow, max-snippet:-1, max-image-preview:large, max-video-preview:-1\" \/>\n<link rel=\"canonical\" href=\"https:\/\/www.correiobraziliense.com.br\/cbradar\/o-erro-que-quase-todo-mundo-comete-ao-limpar-oculos\/\" \/>\n<meta property=\"og:locale\" content=\"pt_BR\" \/>\n<meta property=\"og:type\" content=\"article\" \/>\n<meta property=\"og:title\" content=\"O erro que quase todo mundo comete ao limpar \u00f3culos - Correio Braziliense - Radar\" \/>\n<meta property=\"og:description\" content=\"Voc\u00ea limpa seus \u00f3culos errado! Descubra t\u00e9cnicas f\u00e1ceis e eficazes para limp\u00e1-los sem arranhar e manter a vis\u00e3o sempre clara.\" \/>\n<meta property=\"og:url\" content=\"https:\/\/www.correiobraziliense.com.br\/cbradar\/o-erro-que-quase-todo-mundo-comete-ao-limpar-oculos\/\" \/>\n<meta property=\"og:site_name\" content=\"Correio Braziliense - Radar\" \/>\n<meta property=\"article:published_time\" content=\"2025-09-23T01:03:00+00:00\" \/>\n<meta property=\"og:image\" content=\"https:\/\/www.correiobraziliense.com.br\/cbradar\/wp-content\/uploads\/2025\/08\/oculos-limpar_1754886323763.jpg\" \/>\n\t<meta property=\"og:image:width\" content=\"1280\" \/>\n\t<meta property=\"og:image:height\" content=\"720\" \/>\n\t<meta property=\"og:image:type\" content=\"image\/jpeg\" \/>\n<meta name=\"author\" content=\"Maura Pereira\" \/>\n<meta name=\"twitter:card\" content=\"summary_large_image\" \/>\n<meta name=\"twitter:label1\" content=\"Escrito por\" \/>\n\t<meta name=\"twitter:data1\" content=\"Maura Pereira\" \/>\n\t<meta name=\"twitter:label2\" content=\"Est. tempo de leitura\" \/>\n\t<meta name=\"twitter:data2\" content=\"3 minutos\" \/>\n<!-- \/ Yoast SEO plugin. -->","yoast_head_json":{"title":"O erro que quase todo mundo comete ao limpar \u00f3culos - Correio Braziliense - Radar","description":"Voc\u00ea limpa seus \u00f3culos errado! Descubra t\u00e9cnicas f\u00e1ceis e eficazes para limp\u00e1-los sem arranhar e manter a vis\u00e3o sempre clara.","robots":{"index":"index","follow":"follow","max-snippet":"max-snippet:-1","max-image-preview":"max-image-preview:large","max-video-preview":"max-video-preview:-1"},"canonical":"https:\/\/www.correiobraziliense.com.br\/cbradar\/o-erro-que-quase-todo-mundo-comete-ao-limpar-oculos\/","og_locale":"pt_BR","og_type":"article","og_title":"O erro que quase todo mundo comete ao limpar \u00f3culos - Correio Braziliense - Radar","og_description":"Voc\u00ea limpa seus \u00f3culos errado! Descubra t\u00e9cnicas f\u00e1ceis e eficazes para limp\u00e1-los sem arranhar e manter a vis\u00e3o sempre clara.","og_url":"https:\/\/www.correiobraziliense.com.br\/cbradar\/o-erro-que-quase-todo-mundo-comete-ao-limpar-oculos\/","og_site_name":"Correio Braziliense - Radar","article_published_time":"2025-09-23T01:03:00+00:00","og_image":[{"width":1280,"height":720,"url":"https:\/\/www.correiobraziliense.com.br\/cbradar\/wp-content\/uploads\/2025\/08\/oculos-limpar_1754886323763.jpg","type":"image\/jpeg"}],"author":"Maura Pereira","twitter_card":"summary_large_image","twitter_misc":{"Escrito por":"Maura Pereira","Est. tempo de leitura":"3 minutos"},"schema":{"@context":"https:\/\/schema.org","@graph":[{"@type":"WebPage","@id":"https:\/\/www.correiobraziliense.com.br\/cbradar\/o-erro-que-quase-todo-mundo-comete-ao-limpar-oculos\/","url":"https:\/\/www.correiobraziliense.com.br\/cbradar\/o-erro-que-quase-todo-mundo-comete-ao-limpar-oculos\/","name":"O erro que quase todo mundo comete ao limpar \u00f3culos - Correio Braziliense - Radar","isPartOf":{"@id":"https:\/\/www.correiobraziliense.com.br\/cbradar\/#website"},"primaryImageOfPage":{"@id":"https:\/\/www.correiobraziliense.com.br\/cbradar\/o-erro-que-quase-todo-mundo-comete-ao-limpar-oculos\/#primaryimage"},"image":{"@id":"https:\/\/www.correiobraziliense.com.br\/cbradar\/o-erro-que-quase-todo-mundo-comete-ao-limpar-oculos\/#primaryimage"},"thumbnailUrl":"https:\/\/www.correiobraziliense.com.br\/cbradar\/wp-content\/uploads\/2025\/08\/oculos-limpar_1754886323763.jpg","datePublished":"2025-09-23T01:03:00+00:00","author":{"@id":"https:\/\/www.correiobraziliense.com.br\/cbradar\/#\/schema\/person\/4053c651a9bfc785afc6f4cbc9032fd3"},"description":"Voc\u00ea limpa seus \u00f3culos errado! Descubra t\u00e9cnicas f\u00e1ceis e eficazes para limp\u00e1-los sem arranhar e manter a vis\u00e3o sempre clara.","breadcrumb":{"@id":"https:\/\/www.correiobraziliense.com.br\/cbradar\/o-erro-que-quase-todo-mundo-comete-ao-limpar-oculos\/#breadcrumb"},"inLanguage":"pt-BR","potentialAction":[{"@type":"ReadAction","target":["https:\/\/www.correiobraziliense.com.br\/cbradar\/o-erro-que-quase-todo-mundo-comete-ao-limpar-oculos\/"]}]},{"@type":"ImageObject","inLanguage":"pt-BR","@id":"https:\/\/www.correiobraziliense.com.br\/cbradar\/o-erro-que-quase-todo-mundo-comete-ao-limpar-oculos\/#primaryimage","url":"https:\/\/www.correiobraziliense.com.br\/cbradar\/wp-content\/uploads\/2025\/08\/oculos-limpar_1754886323763.jpg","contentUrl":"https:\/\/www.correiobraziliense.com.br\/cbradar\/wp-content\/uploads\/2025\/08\/oculos-limpar_1754886323763.jpg","width":1280,"height":720,"caption":"\u00d3culos \/\/ Cr\u00e9ditos: depositphotos.com \/ NEW_PHOTOS"},{"@type":"BreadcrumbList","@id":"https:\/\/www.correiobraziliense.com.br\/cbradar\/o-erro-que-quase-todo-mundo-comete-ao-limpar-oculos\/#breadcrumb","itemListElement":[{"@type":"ListItem","position":1,"name":"In\u00edcio","item":"https:\/\/www.correiobraziliense.com.br\/cbradar\/"},{"@type":"ListItem","position":2,"name":"O erro que quase todo mundo comete ao limpar \u00f3culos"}]},{"@type":"WebSite","@id":"https:\/\/www.correiobraziliense.com.br\/cbradar\/#website","url":"https:\/\/www.correiobraziliense.com.br\/cbradar\/","name":"Correio Braziliense - Radar","description":"Acompanhe as \u00faltimas not\u00edcias e fique bem informado sobre tudo o que acontece no Brasil e no mundo.","potentialAction":[{"@type":"SearchAction","target":{"@type":"EntryPoint","urlTemplate":"https:\/\/www.correiobraziliense.com.br\/cbradar\/?s={search_term_string}"},"query-input":{"@type":"PropertyValueSpecification","valueRequired":true,"valueName":"search_term_string"}}],"inLanguage":"pt-BR"},{"@type":"Person","@id":"https:\/\/www.correiobraziliense.com.br\/cbradar\/#\/schema\/person\/4053c651a9bfc785afc6f4cbc9032fd3","name":"Maura Pereira","image":{"@type":"ImageObject","inLanguage":"pt-BR","@id":"https:\/\/www.correiobraziliense.com.br\/cbradar\/#\/schema\/person\/image\/","url":"https:\/\/secure.gravatar.com\/avatar\/3effd6bdadfa447f15089c7f7144eaa6?s=96&d=mm&r=g","contentUrl":"https:\/\/secure.gravatar.com\/avatar\/3effd6bdadfa447f15089c7f7144eaa6?s=96&d=mm&r=g","caption":"Maura Pereira"},"sameAs":["https:\/\/www.correiobraziliense.com.br\/"],"url":"https:\/\/www.correiobraziliense.com.br\/cbradar\/author\/mauramyth\/"}]}},"_links":{"self":[{"href":"https:\/\/www.correiobraziliense.com.br\/cbradar\/wp-json\/wp\/v2\/posts\/107377","targetHints":{"allow":["GET"]}}],"collection":[{"href":"https:\/\/www.correiobraziliense.com.br\/cbradar\/wp-json\/wp\/v2\/posts"}],"about":[{"href":"https:\/\/www.correiobraziliense.com.br\/cbradar\/wp-json\/wp\/v2\/types\/post"}],"author":[{"embeddable":true,"href":"https:\/\/www.correiobraziliense.com.br\/cbradar\/wp-json\/wp\/v2\/users\/8"}],"replies":[{"embeddable":true,"href":"https:\/\/www.correiobraziliense.com.br\/cbradar\/wp-json\/wp\/v2\/comments?post=107377"}],"version-history":[{"count":5,"href":"https:\/\/www.correiobraziliense.com.br\/cbradar\/wp-json\/wp\/v2\/posts\/107377\/revisions"}],"predecessor-version":[{"id":107386,"href":"https:\/\/www.correiobraziliense.com.br\/cbradar\/wp-json\/wp\/v2\/posts\/107377\/revisions\/107386"}],"wp:featuredmedia":[{"embeddable":true,"href":"https:\/\/www.correiobraziliense.com.br\/cbradar\/wp-json\/wp\/v2\/media\/84318"}],"wp:attachment":[{"href":"https:\/\/www.correiobraziliense.com.br\/cbradar\/wp-json\/wp\/v2\/media?parent=107377"}],"wp:term":[{"taxonomy":"category","embeddable":true,"href":"https:\/\/www.correiobraziliense.com.br\/cbradar\/wp-json\/wp\/v2\/categories?post=107377"},{"taxonomy":"post_tag","embeddable":true,"href":"https:\/\/www.correiobraziliense.com.br\/cbradar\/wp-json\/wp\/v2\/post_tag?post=107377"}],"curies":[{"name":"wp","href":"https:\/\/api.w.org\/{rel}","templated":true}]}}