{"id":107405,"date":"2025-09-22T14:53:00","date_gmt":"2025-09-22T17:53:00","guid":{"rendered":"https:\/\/www.correiobraziliense.com.br\/cbradar\/?p=107405"},"modified":"2025-09-21T02:58:03","modified_gmt":"2025-09-21T05:58:03","slug":"o-treino-de-respiracao-para-acalmar-a-ansiedade-em-minutos","status":"publish","type":"post","link":"https:\/\/www.correiobraziliense.com.br\/cbradar\/o-treino-de-respiracao-para-acalmar-a-ansiedade-em-minutos\/","title":{"rendered":"O treino de respira\u00e7\u00e3o para acalmar a ansiedade em minutos"},"content":{"rendered":"\n<p>Respirar parece simples, mas \u00e9 uma ferramenta poderosa para controlar o estresse e a ansiedade. <strong>Um treino de respira\u00e7\u00e3o bem aplicado pode reduzir a tens\u00e3o corporal e acalmar a mente em poucos minutos<\/strong>, ativando o sistema nervoso parassimp\u00e1tico e diminuindo a libera\u00e7\u00e3o de horm\u00f4nios do estresse. Aprender a respirar corretamente \u00e9 uma habilidade que beneficia a sa\u00fade mental e f\u00edsica.<\/p>\n\n\n\n<h2 class=\"wp-block-heading\">Como a respira\u00e7\u00e3o influencia a ansiedade?<\/h2>\n\n\n\n<p>Quando estamos ansiosos, a respira\u00e7\u00e3o tende a ficar r\u00e1pida e superficial. <strong>Esse padr\u00e3o aumenta o batimento card\u00edaco e deixa o corpo em alerta constante<\/strong>, refor\u00e7ando a sensa\u00e7\u00e3o de nervosismo. Ao regular a respira\u00e7\u00e3o, enviamos sinais ao c\u00e9rebro de que estamos seguros, o que ajuda a reduzir a adrenalina e o cortisol circulantes.<\/p>\n\n\n\n<p>Al\u00e9m disso, respirar profundamente aumenta a oxigena\u00e7\u00e3o do c\u00e9rebro, melhora o foco e reduz a tens\u00e3o muscular, tornando a pr\u00e1tica um m\u00e9todo eficiente e natural de autocontrole emocional.<\/p>\n\n\n<div class=\"wp-block-image\">\n<figure class=\"aligncenter size-large\"><img decoding=\"async\" width=\"1024\" height=\"576\" src=\"https:\/\/www.correiobraziliense.com.br\/cbradar\/wp-content\/uploads\/2025\/06\/Ansiedade_1750645705683-1024x576.jpg\" alt=\"Por que trememos quando ficamos ansiosos?\" class=\"wp-image-57783\" srcset=\"https:\/\/www.correiobraziliense.com.br\/cbradar\/wp-content\/uploads\/2025\/06\/Ansiedade_1750645705683-1024x576.jpg 1024w, https:\/\/www.correiobraziliense.com.br\/cbradar\/wp-content\/uploads\/2025\/06\/Ansiedade_1750645705683-300x169.jpg 300w, https:\/\/www.correiobraziliense.com.br\/cbradar\/wp-content\/uploads\/2025\/06\/Ansiedade_1750645705683-768x432.jpg 768w, https:\/\/www.correiobraziliense.com.br\/cbradar\/wp-content\/uploads\/2025\/06\/Ansiedade_1750645705683-750x422.jpg 750w, https:\/\/www.correiobraziliense.com.br\/cbradar\/wp-content\/uploads\/2025\/06\/Ansiedade_1750645705683-1140x641.jpg 1140w, https:\/\/www.correiobraziliense.com.br\/cbradar\/wp-content\/uploads\/2025\/06\/Ansiedade_1750645705683.jpg 1280w\" sizes=\"(max-width: 1024px) 100vw, 1024px\" \/><figcaption class=\"wp-element-caption\">Ansiedade \/\/ Cr\u00e9ditos: depositphotos.com \/ AndrewLozovyi<\/figcaption><\/figure><\/div>\n\n\n<h2 class=\"wp-block-heading\">Treino de respira\u00e7\u00e3o 4-7-8<\/h2>\n\n\n\n<p>Uma das t\u00e9cnicas mais recomendadas \u00e9 a respira\u00e7\u00e3o 4-7-8:<\/p>\n\n\n\n<ol class=\"wp-block-list\">\n<li>Inspire lentamente pelo nariz contando at\u00e9 4.<\/li>\n\n\n\n<li>Segure a respira\u00e7\u00e3o contando at\u00e9 7.<\/li>\n\n\n\n<li>Expire completamente pela boca contando at\u00e9 8.<\/li>\n\n\n\n<li>Repita o ciclo 4 a 5 vezes ou at\u00e9 sentir relaxamento.<\/li>\n<\/ol>\n\n\n\n<p><strong>Esse treino reduz a frequ\u00eancia card\u00edaca, alivia a tens\u00e3o e promove sensa\u00e7\u00e3o imediata de calma.<\/strong> Pode ser usado antes de situa\u00e7\u00f5es estressantes, como apresenta\u00e7\u00f5es ou reuni\u00f5es, ou em qualquer momento de ansiedade.<\/p>\n\n\n\n<h2 class=\"wp-block-heading\">Outros exerc\u00edcios de respira\u00e7\u00e3o<\/h2>\n\n\n\n<p>Al\u00e9m do 4-7-8, existem outras t\u00e9cnicas eficazes:<\/p>\n\n\n\n<ul class=\"wp-block-list\">\n<li>Respira\u00e7\u00e3o diafragm\u00e1tica: expandir o abd\u00f4men na inspira\u00e7\u00e3o e contrair na expira\u00e7\u00e3o, promovendo relaxamento profundo.<\/li>\n\n\n\n<li>Respira\u00e7\u00e3o alternada pelas narinas: alternar a inspira\u00e7\u00e3o e expira\u00e7\u00e3o entre as narinas melhora equil\u00edbrio emocional e foco.<\/li>\n\n\n\n<li>Contagem simples: inspirar por 5 segundos, expirar por 5 segundos, mantendo ritmo constante.<\/li>\n<\/ul>\n\n\n\n<p><strong>Praticar essas t\u00e9cnicas diariamente fortalece o controle sobre a ansiedade e melhora a resposta do corpo ao estresse.<\/strong><\/p>\n\n\n\n<p><strong>Leia tamb\u00e9m: <a href=\"https:\/\/www.correiobraziliense.com.br\/cbradar\/estudo-revela-o-motivo-da-gripe-ser-mais-grave-em-idosos\/\" target=\"_blank\" rel=\"noreferrer noopener\">Estudo revela o motivo da gripe ser mais grave em idosos.<\/a><\/strong><\/p>\n\n\n\n<h2 class=\"wp-block-heading\">Benef\u00edcios adicionais da respira\u00e7\u00e3o consciente<\/h2>\n\n\n\n<p>Treinar a respira\u00e7\u00e3o traz efeitos positivos al\u00e9m do controle da ansiedade:<\/p>\n\n\n\n<ul class=\"wp-block-list\">\n<li>Reduz press\u00e3o arterial.<\/li>\n\n\n\n<li>Melhora o sono e a qualidade do descanso.<\/li>\n\n\n\n<li>Auxilia na digest\u00e3o, por estimular o nervo vago.<\/li>\n\n\n\n<li>Aumenta a clareza mental e capacidade de concentra\u00e7\u00e3o.<\/li>\n<\/ul>\n\n\n\n<p>Esses benef\u00edcios refor\u00e7am a import\u00e2ncia de transformar a respira\u00e7\u00e3o consciente em h\u00e1bito di\u00e1rio.<\/p>\n\n\n\n<h2 class=\"wp-block-heading\">Dicas para pr\u00e1tica di\u00e1ria<\/h2>\n\n\n\n<p>Para incorporar o treino de respira\u00e7\u00e3o na rotina:<\/p>\n\n\n\n<ul class=\"wp-block-list\">\n<li>Reserve 5 a 10 minutos por dia em ambiente tranquilo.<\/li>\n\n\n\n<li>Utilize aplicativos ou alarmes para lembrar da pr\u00e1tica.<\/li>\n\n\n\n<li>Combine com alongamento leve ou medita\u00e7\u00e3o.<\/li>\n\n\n\n<li>Observe sensa\u00e7\u00f5es do corpo, ajustando intensidade conforme necess\u00e1rio.<\/li>\n<\/ul>\n\n\n\n<p><strong>A consist\u00eancia \u00e9 o segredo para resultados duradouros e melhor controle emocional.<\/strong><\/p>\n\n\n\n<p><strong>O treino de respira\u00e7\u00e3o \u00e9 uma t\u00e9cnica pr\u00e1tica, segura e poderosa para acalmar a ansiedade em minutos.<\/strong> Aplicando m\u00e9todo como o 4-7-8, respira\u00e7\u00e3o diafragm\u00e1tica ou alternada, \u00e9 poss\u00edvel reduzir estresse, melhorar foco e fortalecer a sa\u00fade mental. Com pr\u00e1tica di\u00e1ria, a respira\u00e7\u00e3o se torna uma ferramenta confi\u00e1vel para lidar com os desafios da vida moderna.<\/p>\n","protected":false},"excerpt":{"rendered":"<p>Respirar parece simples, mas \u00e9 uma ferramenta poderosa para controlar o estresse e a ansiedade. Um treino de respira\u00e7\u00e3o bem aplicado pode reduzir a tens\u00e3o corporal e acalmar a mente em poucos minutos, ativando o sistema nervoso parassimp\u00e1tico e diminuindo a libera\u00e7\u00e3o de horm\u00f4nios do estresse. Aprender a respirar corretamente \u00e9 uma habilidade que beneficia [&hellip;]<\/p>\n","protected":false},"author":8,"featured_media":96597,"comment_status":"open","ping_status":"open","sticky":false,"template":"","format":"standard","meta":{"_yoast_wpseo_focuskw":"treino de respira\u00e7\u00e3o","_yoast_wpseo_title":"","_yoast_wpseo_metadesc":"Aprenda um treino de respira\u00e7\u00e3o simples que acalma a ansiedade em minutos e traz sensa\u00e7\u00e3o de controle imediato.","jnews-multi-image_gallery":[],"jnews_single_post":{"format":"standard"},"jnews_primary_category":[],"jnews_social_meta":[],"jnews_override_counter":[],"footnotes":""},"categories":[112],"post_tag":[812,10422],"class_list":["post-107405","post","type-post","status-publish","format-standard","has-post-thumbnail","hentry","category-curiosidades","tag-ansiedade","tag-treino-de-respiracao"],"yoast_head":"<!-- This site is optimized with the Yoast SEO plugin v24.6 - https:\/\/yoast.com\/wordpress\/plugins\/seo\/ -->\n<title>O treino de respira\u00e7\u00e3o para acalmar a ansiedade em minutos - Correio Braziliense - Radar<\/title>\n<meta name=\"description\" content=\"Aprenda um treino de respira\u00e7\u00e3o simples que acalma a ansiedade em minutos e traz sensa\u00e7\u00e3o de controle imediato.\" \/>\n<meta name=\"robots\" content=\"index, follow, max-snippet:-1, max-image-preview:large, max-video-preview:-1\" \/>\n<link rel=\"canonical\" href=\"https:\/\/www.correiobraziliense.com.br\/cbradar\/o-treino-de-respiracao-para-acalmar-a-ansiedade-em-minutos\/\" \/>\n<meta property=\"og:locale\" content=\"pt_BR\" \/>\n<meta property=\"og:type\" content=\"article\" \/>\n<meta property=\"og:title\" content=\"O treino de respira\u00e7\u00e3o para acalmar a ansiedade em minutos - Correio Braziliense - Radar\" \/>\n<meta property=\"og:description\" content=\"Aprenda um treino de respira\u00e7\u00e3o simples que acalma a ansiedade em minutos e traz sensa\u00e7\u00e3o de controle imediato.\" \/>\n<meta property=\"og:url\" content=\"https:\/\/www.correiobraziliense.com.br\/cbradar\/o-treino-de-respiracao-para-acalmar-a-ansiedade-em-minutos\/\" \/>\n<meta property=\"og:site_name\" content=\"Correio Braziliense - Radar\" \/>\n<meta property=\"article:published_time\" content=\"2025-09-22T17:53:00+00:00\" \/>\n<meta property=\"og:image\" content=\"https:\/\/www.correiobraziliense.com.br\/cbradar\/wp-content\/uploads\/2025\/09\/raiva-_1756707309882.jpg\" \/>\n\t<meta property=\"og:image:width\" content=\"1280\" \/>\n\t<meta property=\"og:image:height\" content=\"720\" \/>\n\t<meta property=\"og:image:type\" content=\"image\/jpeg\" \/>\n<meta name=\"author\" content=\"Maura Pereira\" \/>\n<meta name=\"twitter:card\" content=\"summary_large_image\" \/>\n<meta name=\"twitter:label1\" content=\"Escrito por\" \/>\n\t<meta name=\"twitter:data1\" content=\"Maura Pereira\" \/>\n\t<meta name=\"twitter:label2\" content=\"Est. tempo de leitura\" \/>\n\t<meta name=\"twitter:data2\" content=\"4 minutos\" \/>\n<!-- \/ Yoast SEO plugin. -->","yoast_head_json":{"title":"O treino de respira\u00e7\u00e3o para acalmar a ansiedade em minutos - Correio Braziliense - Radar","description":"Aprenda um treino de respira\u00e7\u00e3o simples que acalma a ansiedade em minutos e traz sensa\u00e7\u00e3o de controle imediato.","robots":{"index":"index","follow":"follow","max-snippet":"max-snippet:-1","max-image-preview":"max-image-preview:large","max-video-preview":"max-video-preview:-1"},"canonical":"https:\/\/www.correiobraziliense.com.br\/cbradar\/o-treino-de-respiracao-para-acalmar-a-ansiedade-em-minutos\/","og_locale":"pt_BR","og_type":"article","og_title":"O treino de respira\u00e7\u00e3o para acalmar a ansiedade em minutos - Correio Braziliense - Radar","og_description":"Aprenda um treino de respira\u00e7\u00e3o simples que acalma a ansiedade em minutos e traz sensa\u00e7\u00e3o de controle imediato.","og_url":"https:\/\/www.correiobraziliense.com.br\/cbradar\/o-treino-de-respiracao-para-acalmar-a-ansiedade-em-minutos\/","og_site_name":"Correio Braziliense - Radar","article_published_time":"2025-09-22T17:53:00+00:00","og_image":[{"width":1280,"height":720,"url":"https:\/\/www.correiobraziliense.com.br\/cbradar\/wp-content\/uploads\/2025\/09\/raiva-_1756707309882.jpg","type":"image\/jpeg"}],"author":"Maura Pereira","twitter_card":"summary_large_image","twitter_misc":{"Escrito por":"Maura Pereira","Est. tempo de leitura":"4 minutos"},"schema":{"@context":"https:\/\/schema.org","@graph":[{"@type":"WebPage","@id":"https:\/\/www.correiobraziliense.com.br\/cbradar\/o-treino-de-respiracao-para-acalmar-a-ansiedade-em-minutos\/","url":"https:\/\/www.correiobraziliense.com.br\/cbradar\/o-treino-de-respiracao-para-acalmar-a-ansiedade-em-minutos\/","name":"O treino de respira\u00e7\u00e3o para acalmar a ansiedade em minutos - Correio Braziliense - Radar","isPartOf":{"@id":"https:\/\/www.correiobraziliense.com.br\/cbradar\/#website"},"primaryImageOfPage":{"@id":"https:\/\/www.correiobraziliense.com.br\/cbradar\/o-treino-de-respiracao-para-acalmar-a-ansiedade-em-minutos\/#primaryimage"},"image":{"@id":"https:\/\/www.correiobraziliense.com.br\/cbradar\/o-treino-de-respiracao-para-acalmar-a-ansiedade-em-minutos\/#primaryimage"},"thumbnailUrl":"https:\/\/www.correiobraziliense.com.br\/cbradar\/wp-content\/uploads\/2025\/09\/raiva-_1756707309882.jpg","datePublished":"2025-09-22T17:53:00+00:00","author":{"@id":"https:\/\/www.correiobraziliense.com.br\/cbradar\/#\/schema\/person\/4053c651a9bfc785afc6f4cbc9032fd3"},"description":"Aprenda um treino de respira\u00e7\u00e3o simples que acalma a ansiedade em minutos e traz sensa\u00e7\u00e3o de controle imediato.","breadcrumb":{"@id":"https:\/\/www.correiobraziliense.com.br\/cbradar\/o-treino-de-respiracao-para-acalmar-a-ansiedade-em-minutos\/#breadcrumb"},"inLanguage":"pt-BR","potentialAction":[{"@type":"ReadAction","target":["https:\/\/www.correiobraziliense.com.br\/cbradar\/o-treino-de-respiracao-para-acalmar-a-ansiedade-em-minutos\/"]}]},{"@type":"ImageObject","inLanguage":"pt-BR","@id":"https:\/\/www.correiobraziliense.com.br\/cbradar\/o-treino-de-respiracao-para-acalmar-a-ansiedade-em-minutos\/#primaryimage","url":"https:\/\/www.correiobraziliense.com.br\/cbradar\/wp-content\/uploads\/2025\/09\/raiva-_1756707309882.jpg","contentUrl":"https:\/\/www.correiobraziliense.com.br\/cbradar\/wp-content\/uploads\/2025\/09\/raiva-_1756707309882.jpg","width":1280,"height":720,"caption":"Pensar demais ativa o sistema nervoso, provoca fadiga mental e dificulta a concentra\u00e7\u00e3o. \/\/ Cr\u00e9ditos: depositphotos.com \/ VitalikRadko"},{"@type":"BreadcrumbList","@id":"https:\/\/www.correiobraziliense.com.br\/cbradar\/o-treino-de-respiracao-para-acalmar-a-ansiedade-em-minutos\/#breadcrumb","itemListElement":[{"@type":"ListItem","position":1,"name":"In\u00edcio","item":"https:\/\/www.correiobraziliense.com.br\/cbradar\/"},{"@type":"ListItem","position":2,"name":"O treino de respira\u00e7\u00e3o para acalmar a ansiedade em minutos"}]},{"@type":"WebSite","@id":"https:\/\/www.correiobraziliense.com.br\/cbradar\/#website","url":"https:\/\/www.correiobraziliense.com.br\/cbradar\/","name":"Correio Braziliense - Radar","description":"Acompanhe as \u00faltimas not\u00edcias e fique bem informado sobre tudo o que acontece no Brasil e no mundo.","potentialAction":[{"@type":"SearchAction","target":{"@type":"EntryPoint","urlTemplate":"https:\/\/www.correiobraziliense.com.br\/cbradar\/?s={search_term_string}"},"query-input":{"@type":"PropertyValueSpecification","valueRequired":true,"valueName":"search_term_string"}}],"inLanguage":"pt-BR"},{"@type":"Person","@id":"https:\/\/www.correiobraziliense.com.br\/cbradar\/#\/schema\/person\/4053c651a9bfc785afc6f4cbc9032fd3","name":"Maura Pereira","image":{"@type":"ImageObject","inLanguage":"pt-BR","@id":"https:\/\/www.correiobraziliense.com.br\/cbradar\/#\/schema\/person\/image\/","url":"https:\/\/secure.gravatar.com\/avatar\/3effd6bdadfa447f15089c7f7144eaa6?s=96&d=mm&r=g","contentUrl":"https:\/\/secure.gravatar.com\/avatar\/3effd6bdadfa447f15089c7f7144eaa6?s=96&d=mm&r=g","caption":"Maura Pereira"},"sameAs":["https:\/\/www.correiobraziliense.com.br\/"],"url":"https:\/\/www.correiobraziliense.com.br\/cbradar\/author\/mauramyth\/"}]}},"_links":{"self":[{"href":"https:\/\/www.correiobraziliense.com.br\/cbradar\/wp-json\/wp\/v2\/posts\/107405","targetHints":{"allow":["GET"]}}],"collection":[{"href":"https:\/\/www.correiobraziliense.com.br\/cbradar\/wp-json\/wp\/v2\/posts"}],"about":[{"href":"https:\/\/www.correiobraziliense.com.br\/cbradar\/wp-json\/wp\/v2\/types\/post"}],"author":[{"embeddable":true,"href":"https:\/\/www.correiobraziliense.com.br\/cbradar\/wp-json\/wp\/v2\/users\/8"}],"replies":[{"embeddable":true,"href":"https:\/\/www.correiobraziliense.com.br\/cbradar\/wp-json\/wp\/v2\/comments?post=107405"}],"version-history":[{"count":3,"href":"https:\/\/www.correiobraziliense.com.br\/cbradar\/wp-json\/wp\/v2\/posts\/107405\/revisions"}],"predecessor-version":[{"id":107418,"href":"https:\/\/www.correiobraziliense.com.br\/cbradar\/wp-json\/wp\/v2\/posts\/107405\/revisions\/107418"}],"wp:featuredmedia":[{"embeddable":true,"href":"https:\/\/www.correiobraziliense.com.br\/cbradar\/wp-json\/wp\/v2\/media\/96597"}],"wp:attachment":[{"href":"https:\/\/www.correiobraziliense.com.br\/cbradar\/wp-json\/wp\/v2\/media?parent=107405"}],"wp:term":[{"taxonomy":"category","embeddable":true,"href":"https:\/\/www.correiobraziliense.com.br\/cbradar\/wp-json\/wp\/v2\/categories?post=107405"},{"taxonomy":"post_tag","embeddable":true,"href":"https:\/\/www.correiobraziliense.com.br\/cbradar\/wp-json\/wp\/v2\/post_tag?post=107405"}],"curies":[{"name":"wp","href":"https:\/\/api.w.org\/{rel}","templated":true}]}}