{"id":107410,"date":"2025-09-22T11:13:00","date_gmt":"2025-09-22T14:13:00","guid":{"rendered":"https:\/\/www.correiobraziliense.com.br\/cbradar\/?p=107410"},"modified":"2025-09-21T03:16:05","modified_gmt":"2025-09-21T06:16:05","slug":"o-que-significa-sonhar-com-suas-preocupacoes-do-dia","status":"publish","type":"post","link":"https:\/\/www.correiobraziliense.com.br\/cbradar\/o-que-significa-sonhar-com-suas-preocupacoes-do-dia\/","title":{"rendered":"O que significa sonhar com suas preocupa\u00e7\u00f5es do dia?"},"content":{"rendered":"\n<p>Sonhar \u00e9 uma experi\u00eancia universal e misteriosa, mas <strong>sonhar com preocupa\u00e7\u00f5es \u00e9 muito mais comum do que se imagina<\/strong>. Esses sonhos refletem ansiedades, medos e situa\u00e7\u00f5es n\u00e3o resolvidas do dia a dia. Compreender por que isso acontece ajuda a interpretar mensagens do subconsciente e a lidar melhor com emo\u00e7\u00f5es, reduzindo impacto negativo sobre o sono e o bem-estar.<\/p>\n\n\n\n<h2 class=\"wp-block-heading\">Como os sonhos funcionam?<\/h2>\n\n\n\n<p><strong>Sonhos s\u00e3o manifesta\u00e7\u00f5es do c\u00e9rebro durante o sono REM (movimento r\u00e1pido dos olhos), fase na qual a atividade cerebral \u00e9 intensa.<\/strong> Durante esse per\u00edodo, mem\u00f3rias recentes e emo\u00e7\u00f5es s\u00e3o processadas, organizadas e integradas \u00e0 experi\u00eancia emocional do indiv\u00edduo.<\/p>\n\n\n\n<p>Sonhos com preocupa\u00e7\u00f5es frequentemente envolvem:<\/p>\n\n\n\n<ul class=\"wp-block-list\">\n<li>Situa\u00e7\u00f5es de estresse ou conflito.<\/li>\n\n\n\n<li>Medos sobre o futuro.<\/li>\n\n\n\n<li>Problemas n\u00e3o resolvidos em relacionamentos ou trabalho.<\/li>\n\n\n\n<li>Preocupa\u00e7\u00f5es financeiras ou de sa\u00fade.<\/li>\n<\/ul>\n\n\n\n<p><strong>Esses sonhos s\u00e3o uma forma de o c\u00e9rebro ensaiar respostas a poss\u00edveis desafios e organizar informa\u00e7\u00f5es emocionalmente relevantes.<\/strong><\/p>\n\n\n<div class=\"wp-block-image\">\n<figure class=\"aligncenter size-large\"><img decoding=\"async\" width=\"1024\" height=\"576\" src=\"https:\/\/www.correiobraziliense.com.br\/cbradar\/wp-content\/uploads\/2025\/04\/pesadelo_1744594230067-1024x576.jpg\" alt=\"N\u00e3o sonhar pode ser um alerta de depress\u00e3o? Saiba mais\" class=\"wp-image-23162\" srcset=\"https:\/\/www.correiobraziliense.com.br\/cbradar\/wp-content\/uploads\/2025\/04\/pesadelo_1744594230067-1024x576.jpg 1024w, https:\/\/www.correiobraziliense.com.br\/cbradar\/wp-content\/uploads\/2025\/04\/pesadelo_1744594230067-300x169.jpg 300w, https:\/\/www.correiobraziliense.com.br\/cbradar\/wp-content\/uploads\/2025\/04\/pesadelo_1744594230067-768x432.jpg 768w, https:\/\/www.correiobraziliense.com.br\/cbradar\/wp-content\/uploads\/2025\/04\/pesadelo_1744594230067-750x422.jpg 750w, https:\/\/www.correiobraziliense.com.br\/cbradar\/wp-content\/uploads\/2025\/04\/pesadelo_1744594230067-1140x641.jpg 1140w, https:\/\/www.correiobraziliense.com.br\/cbradar\/wp-content\/uploads\/2025\/04\/pesadelo_1744594230067.jpg 1280w\" sizes=\"(max-width: 1024px) 100vw, 1024px\" \/><figcaption class=\"wp-element-caption\">Ins\u00f4nia \/\/ Cr\u00e9ditos: depositphotos.com \/ IgorVetushko<\/figcaption><\/figure><\/div>\n\n\n<h2 class=\"wp-block-heading\">A rela\u00e7\u00e3o entre ansiedade e sonhos<\/h2>\n\n\n\n<p>Pessoas com n\u00edveis elevados de ansiedade tendem a ter sonhos mais frequentes e intensos sobre preocupa\u00e7\u00f5es. <strong>O c\u00e9rebro processa preocupa\u00e7\u00f5es durante o sono, e o conte\u00fado do sonho reflete tens\u00f5es emocionais n\u00e3o resolvidas.<\/strong><\/p>\n\n\n\n<p>Entre os efeitos da ansiedade nos sonhos est\u00e3o:<\/p>\n\n\n\n<ul class=\"wp-block-list\">\n<li>Pesadelos recorrentes, geralmente relacionados a medos pessoais.<\/li>\n\n\n\n<li>Sensa\u00e7\u00e3o de impot\u00eancia ou frustra\u00e7\u00e3o dentro do sonho.<\/li>\n\n\n\n<li>Maior despertar durante a noite, prejudicando a qualidade do sono.<\/li>\n<\/ul>\n\n\n\n<p>Reconhecer essa rela\u00e7\u00e3o ajuda a compreender que os sonhos n\u00e3o s\u00e3o aleat\u00f3rios, mas sim reflexos do estado emocional.<\/p>\n\n\n\n<h2 class=\"wp-block-heading\">Fun\u00e7\u00f5es dos sonhos preocupantes<\/h2>\n\n\n\n<p>Embora possam ser desconfort\u00e1veis, <strong>sonhos com preocupa\u00e7\u00f5es t\u00eam fun\u00e7\u00f5es importantes no processamento emocional<\/strong>:<\/p>\n\n\n\n<ul class=\"wp-block-list\">\n<li>Organizam mem\u00f3rias e sentimentos ligados a eventos recentes.<\/li>\n\n\n\n<li>Testam estrat\u00e9gias de enfrentamento, como ensaiar decis\u00f5es dif\u00edceis.<\/li>\n\n\n\n<li>Permitem express\u00e3o simb\u00f3lica de medos e tens\u00f5es que podem ser reprimidos durante o dia.<\/li>\n\n\n\n<li>Auxiliam na resolu\u00e7\u00e3o emocional de problemas complexos, ainda que inconscientemente.<\/li>\n<\/ul>\n\n\n\n<p><strong>Sonhar com preocupa\u00e7\u00f5es, portanto, \u00e9 um mecanismo adaptativo do c\u00e9rebro para lidar com estresse.<\/strong><\/p>\n\n\n\n<h2 class=\"wp-block-heading\">Estrat\u00e9gias para reduzir sonhos ansiosos<\/h2>\n\n\n\n<p>Embora os sonhos com preocupa\u00e7\u00f5es sejam naturais, algumas pr\u00e1ticas ajudam a diminuir sua frequ\u00eancia e intensidade:<\/p>\n\n\n\n<ul class=\"wp-block-list\">\n<li><strong>Relaxamento antes de dormir:<\/strong> t\u00e9cnicas de respira\u00e7\u00e3o, medita\u00e7\u00e3o ou yoga promovem sono mais tranquilo.<\/li>\n\n\n\n<li>Rotina de sono consistente: hor\u00e1rios regulares fortalecem o ciclo circadiano e reduzem ansiedade.<\/li>\n\n\n\n<li>Evitar est\u00edmulos estressantes antes de dormir: notici\u00e1rios, discuss\u00f5es e uso excessivo de telas podem aumentar preocupa\u00e7\u00f5es.<\/li>\n\n\n\n<li>Registro de preocupa\u00e7\u00f5es: escrever sobre problemas antes de dormir ajuda a liberar a mente.<\/li>\n\n\n\n<li>Atividade f\u00edsica regular: melhora qualidade do sono e reduz n\u00edveis de cortisol.<\/li>\n<\/ul>\n\n\n\n<p><strong>Essas medidas ajudam a criar um ambiente prop\u00edcio ao sono reparador e diminuem sonhos desagrad\u00e1veis.<\/strong><\/p>\n\n\n\n<h2 class=\"wp-block-heading\">Interpretando sonhos preocupantes<\/h2>\n\n\n\n<p>Algumas abordagens sugerem que sonhos ansiosos podem trazer mensagens \u00fateis:<\/p>\n\n\n\n<ul class=\"wp-block-list\">\n<li>Identificar medos recorrentes pode revelar padr\u00f5es de comportamento que precisam ser ajustados.<\/li>\n\n\n\n<li>Analisar simbolismos presentes no sonho ajuda a compreender conflitos internos.<\/li>\n\n\n\n<li>Usar sonhos como ferramenta de autoconhecimento permite desenvolver estrat\u00e9gias emocionais mais eficazes.<\/li>\n<\/ul>\n\n\n\n<p>No entanto, <strong>\u00e9 importante n\u00e3o se apegar ao conte\u00fado literal do sonho<\/strong>, mas compreender a fun\u00e7\u00e3o emocional por tr\u00e1s dele.<\/p>\n\n\n\n<p><strong>Leia tamb\u00e9m: <a href=\"https:\/\/www.correiobraziliense.com.br\/cbradar\/estudo-revela-o-motivo-da-gripe-ser-mais-grave-em-idosos\/\" target=\"_blank\" rel=\"noreferrer noopener\">Estudo revela o motivo da gripe ser mais grave em idosos.<\/a><\/strong><\/p>\n\n\n\n<h2 class=\"wp-block-heading\">Quando procurar ajuda profissional?<\/h2>\n\n\n\n<p>Sonhos com preocupa\u00e7\u00f5es se tornam preocupantes quando:<\/p>\n\n\n\n<ul class=\"wp-block-list\">\n<li>Interferem na qualidade do sono de forma cr\u00f4nica.<\/li>\n\n\n\n<li>Causam estresse intenso ou sintomas de ansiedade durante o dia.<\/li>\n\n\n\n<li>Est\u00e3o associados a depress\u00e3o ou transtornos de estresse p\u00f3s-traum\u00e1tico (TEPT).<\/li>\n<\/ul>\n\n\n\n<p>Nestes casos, consultar psic\u00f3logo ou psiquiatra \u00e9 recomendado. <strong>Profissionais podem ensinar t\u00e9cnicas de controle de ansiedade, higiene do sono e terapias cognitivas<\/strong> que ajudam a reduzir pesadelos recorrentes e melhorar bem-estar.<\/p>\n\n\n\n<p><strong>Sonhar com preocupa\u00e7\u00f5es \u00e9 uma resposta natural do c\u00e9rebro a tens\u00f5es emocionais e ansiedades do dia a dia.<\/strong> Embora possa gerar desconforto, esses sonhos t\u00eam fun\u00e7\u00f5es adaptativas, ajudando a processar emo\u00e7\u00f5es e organizar mem\u00f3rias. Com t\u00e9cnicas de relaxamento, higiene do sono e autoconhecimento, \u00e9 poss\u00edvel reduzir o impacto desses sonhos, melhorar a qualidade do sono e transformar experi\u00eancias noturnas em aliadas do equil\u00edbrio emocional.<\/p>\n","protected":false},"excerpt":{"rendered":"<p>Sonhar \u00e9 uma experi\u00eancia universal e misteriosa, mas sonhar com preocupa\u00e7\u00f5es \u00e9 muito mais comum do que se imagina. Esses sonhos refletem ansiedades, medos e situa\u00e7\u00f5es n\u00e3o resolvidas do dia a dia. Compreender por que isso acontece ajuda a interpretar mensagens do subconsciente e a lidar melhor com emo\u00e7\u00f5es, reduzindo impacto negativo sobre o sono [&hellip;]<\/p>\n","protected":false},"author":8,"featured_media":23163,"comment_status":"open","ping_status":"open","sticky":false,"template":"","format":"standard","meta":{"_yoast_wpseo_focuskw":"preocupa\u00e7\u00f5es","_yoast_wpseo_title":"","_yoast_wpseo_metadesc":"Descubra por que sonhamos com preocupa\u00e7\u00f5es e como esses sonhos refletem nossos medos, ansiedades e pensamentos di\u00e1rios surpreendentemente.","jnews-multi-image_gallery":[],"jnews_single_post":{"format":"standard"},"jnews_primary_category":[],"jnews_social_meta":[],"jnews_override_counter":[],"footnotes":""},"categories":[112],"post_tag":[10429,404,3907],"class_list":["post-107410","post","type-post","status-publish","format-standard","has-post-thumbnail","hentry","category-curiosidades","tag-preocupacoes","tag-psicologia","tag-sonhar"],"yoast_head":"<!-- This site is optimized with the Yoast SEO plugin v24.6 - https:\/\/yoast.com\/wordpress\/plugins\/seo\/ -->\n<title>O que significa sonhar com suas preocupa\u00e7\u00f5es do dia? - Correio Braziliense - Radar<\/title>\n<meta name=\"description\" content=\"Descubra por que sonhamos com preocupa\u00e7\u00f5es e como esses sonhos refletem nossos medos, ansiedades e pensamentos di\u00e1rios surpreendentemente.\" \/>\n<meta name=\"robots\" content=\"index, follow, max-snippet:-1, max-image-preview:large, max-video-preview:-1\" \/>\n<link rel=\"canonical\" href=\"https:\/\/www.correiobraziliense.com.br\/cbradar\/o-que-significa-sonhar-com-suas-preocupacoes-do-dia\/\" \/>\n<meta property=\"og:locale\" content=\"pt_BR\" \/>\n<meta property=\"og:type\" content=\"article\" \/>\n<meta property=\"og:title\" content=\"O que significa sonhar com suas preocupa\u00e7\u00f5es do dia? - Correio Braziliense - Radar\" \/>\n<meta property=\"og:description\" content=\"Descubra por que sonhamos com preocupa\u00e7\u00f5es e como esses sonhos refletem nossos medos, ansiedades e pensamentos di\u00e1rios surpreendentemente.\" \/>\n<meta property=\"og:url\" content=\"https:\/\/www.correiobraziliense.com.br\/cbradar\/o-que-significa-sonhar-com-suas-preocupacoes-do-dia\/\" \/>\n<meta property=\"og:site_name\" content=\"Correio Braziliense - Radar\" \/>\n<meta property=\"article:published_time\" content=\"2025-09-22T14:13:00+00:00\" \/>\n<meta property=\"og:image\" content=\"https:\/\/www.correiobraziliense.com.br\/cbradar\/wp-content\/uploads\/2025\/04\/pesadelo_1744594239545.jpg\" \/>\n\t<meta property=\"og:image:width\" content=\"1280\" \/>\n\t<meta property=\"og:image:height\" content=\"720\" \/>\n\t<meta property=\"og:image:type\" content=\"image\/jpeg\" \/>\n<meta name=\"author\" content=\"Maura Pereira\" \/>\n<meta name=\"twitter:card\" content=\"summary_large_image\" \/>\n<meta name=\"twitter:label1\" content=\"Escrito por\" \/>\n\t<meta name=\"twitter:data1\" content=\"Maura Pereira\" \/>\n\t<meta name=\"twitter:label2\" content=\"Est. tempo de leitura\" \/>\n\t<meta name=\"twitter:data2\" content=\"4 minutos\" \/>\n<!-- \/ Yoast SEO plugin. -->","yoast_head_json":{"title":"O que significa sonhar com suas preocupa\u00e7\u00f5es do dia? - Correio Braziliense - Radar","description":"Descubra por que sonhamos com preocupa\u00e7\u00f5es e como esses sonhos refletem nossos medos, ansiedades e pensamentos di\u00e1rios surpreendentemente.","robots":{"index":"index","follow":"follow","max-snippet":"max-snippet:-1","max-image-preview":"max-image-preview:large","max-video-preview":"max-video-preview:-1"},"canonical":"https:\/\/www.correiobraziliense.com.br\/cbradar\/o-que-significa-sonhar-com-suas-preocupacoes-do-dia\/","og_locale":"pt_BR","og_type":"article","og_title":"O que significa sonhar com suas preocupa\u00e7\u00f5es do dia? - Correio Braziliense - Radar","og_description":"Descubra por que sonhamos com preocupa\u00e7\u00f5es e como esses sonhos refletem nossos medos, ansiedades e pensamentos di\u00e1rios surpreendentemente.","og_url":"https:\/\/www.correiobraziliense.com.br\/cbradar\/o-que-significa-sonhar-com-suas-preocupacoes-do-dia\/","og_site_name":"Correio Braziliense - Radar","article_published_time":"2025-09-22T14:13:00+00:00","og_image":[{"width":1280,"height":720,"url":"https:\/\/www.correiobraziliense.com.br\/cbradar\/wp-content\/uploads\/2025\/04\/pesadelo_1744594239545.jpg","type":"image\/jpeg"}],"author":"Maura Pereira","twitter_card":"summary_large_image","twitter_misc":{"Escrito por":"Maura Pereira","Est. tempo de leitura":"4 minutos"},"schema":{"@context":"https:\/\/schema.org","@graph":[{"@type":"WebPage","@id":"https:\/\/www.correiobraziliense.com.br\/cbradar\/o-que-significa-sonhar-com-suas-preocupacoes-do-dia\/","url":"https:\/\/www.correiobraziliense.com.br\/cbradar\/o-que-significa-sonhar-com-suas-preocupacoes-do-dia\/","name":"O que significa sonhar com suas preocupa\u00e7\u00f5es do dia? - Correio Braziliense - Radar","isPartOf":{"@id":"https:\/\/www.correiobraziliense.com.br\/cbradar\/#website"},"primaryImageOfPage":{"@id":"https:\/\/www.correiobraziliense.com.br\/cbradar\/o-que-significa-sonhar-com-suas-preocupacoes-do-dia\/#primaryimage"},"image":{"@id":"https:\/\/www.correiobraziliense.com.br\/cbradar\/o-que-significa-sonhar-com-suas-preocupacoes-do-dia\/#primaryimage"},"thumbnailUrl":"https:\/\/www.correiobraziliense.com.br\/cbradar\/wp-content\/uploads\/2025\/04\/pesadelo_1744594239545.jpg","datePublished":"2025-09-22T14:13:00+00:00","author":{"@id":"https:\/\/www.correiobraziliense.com.br\/cbradar\/#\/schema\/person\/4053c651a9bfc785afc6f4cbc9032fd3"},"description":"Descubra por que sonhamos com preocupa\u00e7\u00f5es e como esses sonhos refletem nossos medos, ansiedades e pensamentos di\u00e1rios surpreendentemente.","breadcrumb":{"@id":"https:\/\/www.correiobraziliense.com.br\/cbradar\/o-que-significa-sonhar-com-suas-preocupacoes-do-dia\/#breadcrumb"},"inLanguage":"pt-BR","potentialAction":[{"@type":"ReadAction","target":["https:\/\/www.correiobraziliense.com.br\/cbradar\/o-que-significa-sonhar-com-suas-preocupacoes-do-dia\/"]}]},{"@type":"ImageObject","inLanguage":"pt-BR","@id":"https:\/\/www.correiobraziliense.com.br\/cbradar\/o-que-significa-sonhar-com-suas-preocupacoes-do-dia\/#primaryimage","url":"https:\/\/www.correiobraziliense.com.br\/cbradar\/wp-content\/uploads\/2025\/04\/pesadelo_1744594239545.jpg","contentUrl":"https:\/\/www.correiobraziliense.com.br\/cbradar\/wp-content\/uploads\/2025\/04\/pesadelo_1744594239545.jpg","width":1280,"height":720,"caption":"A ins\u00f4nia pode afetar concentra\u00e7\u00e3o, humor, mem\u00f3ria e aumentar risco de doen\u00e7as quando cr\u00f4nica. \/\/ Cr\u00e9ditos: depositphotos.com \/ focuspocusltd"},{"@type":"BreadcrumbList","@id":"https:\/\/www.correiobraziliense.com.br\/cbradar\/o-que-significa-sonhar-com-suas-preocupacoes-do-dia\/#breadcrumb","itemListElement":[{"@type":"ListItem","position":1,"name":"In\u00edcio","item":"https:\/\/www.correiobraziliense.com.br\/cbradar\/"},{"@type":"ListItem","position":2,"name":"O que significa sonhar com suas preocupa\u00e7\u00f5es do dia?"}]},{"@type":"WebSite","@id":"https:\/\/www.correiobraziliense.com.br\/cbradar\/#website","url":"https:\/\/www.correiobraziliense.com.br\/cbradar\/","name":"Correio Braziliense - Radar","description":"Acompanhe as \u00faltimas not\u00edcias e fique bem informado sobre tudo o que acontece no Brasil e no mundo.","potentialAction":[{"@type":"SearchAction","target":{"@type":"EntryPoint","urlTemplate":"https:\/\/www.correiobraziliense.com.br\/cbradar\/?s={search_term_string}"},"query-input":{"@type":"PropertyValueSpecification","valueRequired":true,"valueName":"search_term_string"}}],"inLanguage":"pt-BR"},{"@type":"Person","@id":"https:\/\/www.correiobraziliense.com.br\/cbradar\/#\/schema\/person\/4053c651a9bfc785afc6f4cbc9032fd3","name":"Maura Pereira","image":{"@type":"ImageObject","inLanguage":"pt-BR","@id":"https:\/\/www.correiobraziliense.com.br\/cbradar\/#\/schema\/person\/image\/","url":"https:\/\/secure.gravatar.com\/avatar\/3effd6bdadfa447f15089c7f7144eaa6?s=96&d=mm&r=g","contentUrl":"https:\/\/secure.gravatar.com\/avatar\/3effd6bdadfa447f15089c7f7144eaa6?s=96&d=mm&r=g","caption":"Maura Pereira"},"sameAs":["https:\/\/www.correiobraziliense.com.br\/"],"url":"https:\/\/www.correiobraziliense.com.br\/cbradar\/author\/mauramyth\/"}]}},"_links":{"self":[{"href":"https:\/\/www.correiobraziliense.com.br\/cbradar\/wp-json\/wp\/v2\/posts\/107410","targetHints":{"allow":["GET"]}}],"collection":[{"href":"https:\/\/www.correiobraziliense.com.br\/cbradar\/wp-json\/wp\/v2\/posts"}],"about":[{"href":"https:\/\/www.correiobraziliense.com.br\/cbradar\/wp-json\/wp\/v2\/types\/post"}],"author":[{"embeddable":true,"href":"https:\/\/www.correiobraziliense.com.br\/cbradar\/wp-json\/wp\/v2\/users\/8"}],"replies":[{"embeddable":true,"href":"https:\/\/www.correiobraziliense.com.br\/cbradar\/wp-json\/wp\/v2\/comments?post=107410"}],"version-history":[{"count":3,"href":"https:\/\/www.correiobraziliense.com.br\/cbradar\/wp-json\/wp\/v2\/posts\/107410\/revisions"}],"predecessor-version":[{"id":107446,"href":"https:\/\/www.correiobraziliense.com.br\/cbradar\/wp-json\/wp\/v2\/posts\/107410\/revisions\/107446"}],"wp:featuredmedia":[{"embeddable":true,"href":"https:\/\/www.correiobraziliense.com.br\/cbradar\/wp-json\/wp\/v2\/media\/23163"}],"wp:attachment":[{"href":"https:\/\/www.correiobraziliense.com.br\/cbradar\/wp-json\/wp\/v2\/media?parent=107410"}],"wp:term":[{"taxonomy":"category","embeddable":true,"href":"https:\/\/www.correiobraziliense.com.br\/cbradar\/wp-json\/wp\/v2\/categories?post=107410"},{"taxonomy":"post_tag","embeddable":true,"href":"https:\/\/www.correiobraziliense.com.br\/cbradar\/wp-json\/wp\/v2\/post_tag?post=107410"}],"curies":[{"name":"wp","href":"https:\/\/api.w.org\/{rel}","templated":true}]}}