{"id":107462,"date":"2025-09-23T11:43:00","date_gmt":"2025-09-23T14:43:00","guid":{"rendered":"https:\/\/www.correiobraziliense.com.br\/cbradar\/?p=107462"},"modified":"2025-09-21T13:09:32","modified_gmt":"2025-09-21T16:09:32","slug":"a-cidade-paulista-que-virou-sonho-para-morar-bem-e-com-tranquilidade","status":"publish","type":"post","link":"https:\/\/www.correiobraziliense.com.br\/cbradar\/a-cidade-paulista-que-virou-sonho-para-morar-bem-e-com-tranquilidade\/","title":{"rendered":"A cidade paulista que virou sonho para morar bem e com tranquilidade"},"content":{"rendered":"\n<p><strong>Sorocaba<\/strong>, no interior de <strong>S\u00e3o Paulo<\/strong>, <strong>Brasil<\/strong>, a 87 km da capital <strong>S\u00e3o Paulo<\/strong> e pr\u00f3xima a <strong>Itu<\/strong> e <strong>Votorantim<\/strong>, \u00e9 conhecida como \u201cManchester Paulista\u201d. Com IDH de 0,798 e a maior cidade do interior do <strong>Brasil<\/strong> em desenvolvimento populacional e econ\u00f4mico, <strong>Sorocaba<\/strong> \u00e9 ideal para morar. Conhe\u00e7a o que torna esta metr\u00f3pole regional um destino de excel\u00eancia para estabelecer resid\u00eancia no <strong>Estado de S\u00e3o Paulo<\/strong>.<\/p>\n\n\n\n<ul class=\"wp-block-list\">\n<li>Economia robusta com parque industrial diversificado e setor de servi\u00e7os.<\/li>\n\n\n\n<li>Qualidade de vida com IDH de 0,798, entre os melhores do pa\u00eds.<\/li>\n\n\n\n<li>Localiza\u00e7\u00e3o estrat\u00e9gica no eixo <strong>S\u00e3o Paulo-Campinas<\/strong> com infraestrutura metropolitana.<\/li>\n<\/ul>\n\n\n\n<h2 class=\"wp-block-heading\">Por que morar em Sorocaba?<\/h2>\n\n\n\n<p><strong>Sorocaba<\/strong> possui um IDH de 0,798, segundo o <strong><strong>Programa\u00a0das\u00a0Na\u00e7\u00f5es\u00a0Unidas\u00a0para\u00a0o\u00a0Desenvolvimento<\/strong><\/strong>, ocupando a 47\u00aa posi\u00e7\u00e3o nacional entre mais de 5,5 mil munic\u00edpios. A economia \u00e9 impulsionada pela ind\u00fastria, agroneg\u00f3cios e setor terci\u00e1rio, conforme a <a href=\"https:\/\/www.sorocaba.sp.gov.br\/\" target=\"_blank\" rel=\"noreferrer noopener\"><strong>Prefeitura de Sorocaba<\/strong>.<\/a><\/p>\n\n\n\n<p>Com cerca de 762.172 habitantes, segundo o <strong>IBGE<\/strong>, a cidade registrou crescimento de 136.949 habitantes desde 2010. A seguran\u00e7a \u00e9 mantida atrav\u00e9s da <strong>Guarda Civil Metropolitana<\/strong> e sistema integrado de monitoramento urbano.<\/p>\n\n\n\n<p>O custo de vida \u00e9 competitivo comparado \u00e0 <strong>Grande S\u00e3o Paulo<\/strong>, oferecendo oportunidades imobili\u00e1rias diversificadas. O sistema de sa\u00fade conta com o <strong>Hospital Santa Lucinda<\/strong> e <strong>Conjunto Hospitalar de Sorocaba<\/strong> como refer\u00eancias regionais.<\/p>\n\n\n\n<p>A educa\u00e7\u00e3o apresenta taxa de escolariza\u00e7\u00e3o de 98,66% para crian\u00e7as de 6 a 14 anos. A <strong>Universidade de Sorocaba (UNISO)<\/strong> e <strong>FATEC Sorocaba<\/strong> oferecem ensino superior reconhecido nacionalmente.<\/p>\n\n\n<div class=\"wp-block-image\">\n<figure class=\"aligncenter size-large\"><img decoding=\"async\" width=\"1024\" height=\"576\" src=\"https:\/\/www.correiobraziliense.com.br\/cbradar\/wp-content\/uploads\/2025\/02\/Sorocaba_1740204500202-1024x576.jpg\" alt=\"Esssa cidade do interior de S\u00e3o Paulo encanta brasileiros e o mundo!\" class=\"wp-image-5003\" srcset=\"https:\/\/www.correiobraziliense.com.br\/cbradar\/wp-content\/uploads\/2025\/02\/Sorocaba_1740204500202-1024x576.jpg 1024w, https:\/\/www.correiobraziliense.com.br\/cbradar\/wp-content\/uploads\/2025\/02\/Sorocaba_1740204500202-300x169.jpg 300w, https:\/\/www.correiobraziliense.com.br\/cbradar\/wp-content\/uploads\/2025\/02\/Sorocaba_1740204500202-768x432.jpg 768w, https:\/\/www.correiobraziliense.com.br\/cbradar\/wp-content\/uploads\/2025\/02\/Sorocaba_1740204500202-750x422.jpg 750w, https:\/\/www.correiobraziliense.com.br\/cbradar\/wp-content\/uploads\/2025\/02\/Sorocaba_1740204500202-1140x641.jpg 1140w, https:\/\/www.correiobraziliense.com.br\/cbradar\/wp-content\/uploads\/2025\/02\/Sorocaba_1740204500202.jpg 1280w\" sizes=\"(max-width: 1024px) 100vw, 1024px\" \/><figcaption class=\"wp-element-caption\">Sorocaba \/\/ Cr\u00e9ditos: depositphotos.com \/ snehitdesign<\/figcaption><\/figure><\/div>\n\n\n<h2 class=\"wp-block-heading\">Quais s\u00e3o os melhores bairros para morar em Sorocaba?<\/h2>\n\n\n\n<ul class=\"wp-block-list\">\n<li>O <strong>Centro<\/strong> \u00e9 hist\u00f3rico e comercial, com arquitetura preservada e acesso completo a servi\u00e7os p\u00fablicos. Ideal para quem busca praticidade e vida urbana din\u00e2mica no cora\u00e7\u00e3o da cidade.<\/li>\n\n\n\n<li><strong>Jardim Vergueiro<\/strong> \u00e9 nobre, com resid\u00eancias de alto padr\u00e3o e infraestrutura consolidada. O bairro atrai executivos e profissionais liberais que valorizam qualidade habitacional.<\/li>\n\n\n\n<li><strong>Vila Hort\u00eancia<\/strong> combina tradi\u00e7\u00e3o residencial e crescimento imobili\u00e1rio planejado. Perfeito para fam\u00edlias que desejam tranquilidade com proximidade aos principais corredores comerciais.<\/li>\n\n\n\n<li><strong>Al\u00e9m Ponte<\/strong> apresenta desenvolvimento acelerado, com novos empreendimentos e centros comerciais. \u00c9 escolha estrat\u00e9gica para quem busca valoriza\u00e7\u00e3o imobili\u00e1ria e modernidade.<\/li>\n\n\n\n<li><strong>Wanel Ville<\/strong> oferece condom\u00ednios fechados e padr\u00e3o residencial elevado. O bairro une seguran\u00e7a, paisagismo e proximidade com o <strong>Parque Zool\u00f3gico Municipal Quinzinho de Barros<\/strong>.<\/li>\n<\/ul>\n\n\n\n<figure class=\"wp-block-embed aligncenter is-type-video is-provider-youtube wp-block-embed-youtube wp-embed-aspect-16-9 wp-has-aspect-ratio\"><div class=\"wp-block-embed__wrapper\">\n<div class=\"jeg_video_container jeg_video_content\"><iframe loading=\"lazy\" title=\"SOROCABA - SP - MANCHESTER PAULISTA\" width=\"500\" height=\"281\" src=\"https:\/\/www.youtube.com\/embed\/JH4T-kpq_Gk?start=1&#038;feature=oembed\" frameborder=\"0\" allow=\"accelerometer; autoplay; clipboard-write; encrypted-media; gyroscope; picture-in-picture; web-share\" referrerpolicy=\"strict-origin-when-cross-origin\" allowfullscreen><\/iframe><\/div>\n<\/div><figcaption class=\"wp-element-caption\">Sorocaba \/\/ Cr\u00e9ditos: YouTube @BRASILVISTOPORDRONE<\/figcaption><\/figure>\n\n\n\n<h2 class=\"wp-block-heading\">Quais s\u00e3o as principais atra\u00e7\u00f5es tur\u00edsticas de Sorocaba?<\/h2>\n\n\n\n<p>O <strong>Parque Zool\u00f3gico Municipal Quinzinho de Barros<\/strong> encanta com mais de 1.200 animais de 300 esp\u00e9cies em 128 hectares. \u00c9 considerado um dos melhores zool\u00f3gicos do <strong>Brasil<\/strong>, segundo o <strong>TripAdvisor<\/strong>.<\/p>\n\n\n\n<p>O <strong>Mosteiro de S\u00e3o Bento<\/strong> impressiona com arquitetura beneditina de 1660 e programa\u00e7\u00e3o religiosa centen\u00e1ria. O complexo oferece retiros espirituais e visitas guiadas ao patrim\u00f4nio hist\u00f3rico.<\/p>\n\n\n\n<p>A <strong>Estrada de Ferro Sorocabana<\/strong> preserva o patrim\u00f4nio ferrovi\u00e1rio com locomotivas hist\u00f3ricas e esta\u00e7\u00e3o centen\u00e1ria. \u00c9 marco da industrializa\u00e7\u00e3o regional que transformou <strong>Sorocaba<\/strong> na \u201cManchester Paulista\u201d.<\/p>\n\n\n\n<p>O <strong>Teatro Municipal Teot\u00f4nio Vilela<\/strong> mant\u00e9m programa\u00e7\u00e3o cultural diversificada em arquitetura moderna de refer\u00eancia. Recebe espet\u00e1culos nacionais e internacionais com capacidade para 1.500 espectadores.<\/p>\n\n\n\n<p>O <strong>Shopping Iguatemi Esplanada<\/strong> representa o centro comercial metropolitano com mais de 250 lojas. Concentra gastronomia, entretenimento e servi\u00e7os em complexo arquitet\u00f4nico premiado.<\/p>\n\n\n\n<ul class=\"wp-block-list\">\n<li><strong>Parque Zool\u00f3gico Quinzinho de Barros<\/strong>: 1.200 animais em 128 hectares preservados.<\/li>\n\n\n\n<li><strong>Mosteiro de S\u00e3o Bento<\/strong>: Arquitetura beneditina de 1660.<\/li>\n\n\n\n<li><strong>Estrada de Ferro Sorocabana<\/strong>: Patrim\u00f4nio ferrovi\u00e1rio da industrializa\u00e7\u00e3o.<\/li>\n\n\n\n<li><strong>Teatro Municipal Teot\u00f4nio Vilela<\/strong>: Programa\u00e7\u00e3o cultural com 1.500 lugares.<\/li>\n\n\n\n<li><strong>Shopping Iguatemi Esplanada<\/strong>: Complexo comercial com mais de 250 lojas.<\/li>\n<\/ul>\n\n\n<div class=\"wp-block-image\">\n<figure class=\"aligncenter size-large\"><img decoding=\"async\" width=\"1024\" height=\"576\" src=\"https:\/\/www.correiobraziliense.com.br\/cbradar\/wp-content\/uploads\/2025\/02\/Sorocaba_1740204490407-1024x576.jpg\" alt=\"Esssa cidade do interior de S\u00e3o Paulo encanta brasileiros e o mundo!\" class=\"wp-image-5001\" srcset=\"https:\/\/www.correiobraziliense.com.br\/cbradar\/wp-content\/uploads\/2025\/02\/Sorocaba_1740204490407-1024x576.jpg 1024w, https:\/\/www.correiobraziliense.com.br\/cbradar\/wp-content\/uploads\/2025\/02\/Sorocaba_1740204490407-300x169.jpg 300w, https:\/\/www.correiobraziliense.com.br\/cbradar\/wp-content\/uploads\/2025\/02\/Sorocaba_1740204490407-768x432.jpg 768w, https:\/\/www.correiobraziliense.com.br\/cbradar\/wp-content\/uploads\/2025\/02\/Sorocaba_1740204490407-750x422.jpg 750w, https:\/\/www.correiobraziliense.com.br\/cbradar\/wp-content\/uploads\/2025\/02\/Sorocaba_1740204490407-1140x641.jpg 1140w, https:\/\/www.correiobraziliense.com.br\/cbradar\/wp-content\/uploads\/2025\/02\/Sorocaba_1740204490407.jpg 1280w\" sizes=\"(max-width: 1024px) 100vw, 1024px\" \/><figcaption class=\"wp-element-caption\">Sorocaba \/\/ Cr\u00e9ditos: depositphotos.com \/ snehitdesign<\/figcaption><\/figure><\/div>\n\n\n<h2 class=\"wp-block-heading\">Como \u00e9 a vida cultural em Sorocaba?<\/h2>\n\n\n\n<p><strong>Sorocaba<\/strong> vibra com a <strong>Feira de Artesanato da Pra\u00e7a Carlos Alberto<\/strong>, que re\u00fane mais de 150 expositores aos fins de semana. A **Festa Junina do <strong>Mosteiro de S\u00e3o Bento<\/strong> preserva tradi\u00e7\u00f5es caipiras com quitutes e apresenta\u00e7\u00f5es folcl\u00f3ricas.<\/p>\n\n\n\n<p>O <strong>virado \u00e0 paulista<\/strong> e a <strong>pa\u00e7oca de amendoim<\/strong> s\u00e3o patrim\u00f4nios gastron\u00f4micos servidos em restaurantes tradicionais. O <strong>Mercado Municipal<\/strong> oferece produtos regionais e culin\u00e1ria t\u00edpica do interior paulista.<\/p>\n\n\n\n<p>O **Festival de Inverno de <strong>Sorocaba<\/strong> movimenta a cena musical com artistas nacionais em espa\u00e7os hist\u00f3ricos. A <strong>Casa da Cultura Padre Caf\u00e9<\/strong> programa exposi\u00e7\u00f5es, oficinas e saraus liter\u00e1rios.<\/p>\n\n\n\n<p>A <strong>Corpora\u00e7\u00e3o Musical Uni\u00e3o Sorocabana<\/strong> mant\u00e9m tradi\u00e7\u00e3o centen\u00e1ria com apresenta\u00e7\u00f5es em pra\u00e7as e eventos c\u00edvicos. A banda sinf\u00f4nica \u00e9 patrim\u00f4nio cultural que forma m\u00fasicos h\u00e1 mais de 130 anos.<\/p>\n\n\n\n<h2 class=\"wp-block-heading\">Por que Sorocaba \u00e9 refer\u00eancia industrial nacional?<\/h2>\n\n\n\n<p><strong>Sorocaba<\/strong> \u00e9 conhecida como polo industrial diversificado com mais de 1.600 empresas instaladas, segundo a <strong>Secretaria de Desenvolvimento Econ\u00f4mico de Sorocaba<\/strong>. A cidade produz t\u00eaxtil, metalurgia, qu\u00edmica e alimentos para mais de 120 pa\u00edses.<\/p>\n\n\n\n<p>O <strong>Distrito Industrial<\/strong> abriga multinacionais como <strong>Toyota<\/strong>, <strong>ZF<\/strong> e <strong>Schaeffler<\/strong> em \u00e1rea de 2.400 hectares. O complexo oferece infraestrutura log\u00edstica privilegiada entre as regi\u00f5es <strong>Sudeste<\/strong> e <strong>Sul<\/strong>.<\/p>\n\n\n\n<p>A posi\u00e7\u00e3o estrat\u00e9gica no cruzamento das rodovias <strong>Castello Branco<\/strong> e <strong>Raposo Tavares<\/strong> facilita escoamento da produ\u00e7\u00e3o. <strong>Sorocaba<\/strong> conecta-se aos principais portos e aeroportos do pa\u00eds com efici\u00eancia log\u00edstica.<\/p>\n\n\n\n<h2 class=\"wp-block-heading\">A origem do apelido \u201cManchester Paulista\u201d<\/h2>\n\n\n\n<p><strong>Sorocaba<\/strong> ganhou o apelido \u201cManchester Paulista\u201d pela pujan\u00e7a industrial t\u00eaxtil desenvolvida no s\u00e9culo XIX. A compara\u00e7\u00e3o com <strong>Manchester<\/strong>, <strong>Inglaterra<\/strong>, destacava a import\u00e2ncia fabril da cidade no cen\u00e1rio nacional.<\/p>\n\n\n\n<p>As f\u00e1bricas de tecidos <strong>Nossa Senhora da Ponte<\/strong> e <strong>Santa Ros\u00e1lia<\/strong> empregavam milhares de oper\u00e1rios e modernizaram a produ\u00e7\u00e3o. A industrializa\u00e7\u00e3o atraiu imigrantes europeus que contribu\u00edram para o desenvolvimento urbano.<\/p>\n\n\n\n<p>O <strong>Real F\u00e1brica de Ferro S\u00e3o Jo\u00e3o de Ipanema<\/strong> foi a primeira sider\u00fargica do <strong>Brasil<\/strong>, instalada em 1810. O empreendimento pioneiro consolidou <strong>Sorocaba<\/strong> como ber\u00e7o da ind\u00fastria nacional.<\/p>\n\n\n<div class=\"wp-block-image\">\n<figure class=\"aligncenter size-large\"><img decoding=\"async\" width=\"1024\" height=\"576\" src=\"https:\/\/www.correiobraziliense.com.br\/cbradar\/wp-content\/uploads\/2025\/06\/Sorocaba_1750482701932-1024x576.jpg\" alt=\"\" class=\"wp-image-56748\" srcset=\"https:\/\/www.correiobraziliense.com.br\/cbradar\/wp-content\/uploads\/2025\/06\/Sorocaba_1750482701932-1024x576.jpg 1024w, https:\/\/www.correiobraziliense.com.br\/cbradar\/wp-content\/uploads\/2025\/06\/Sorocaba_1750482701932-300x169.jpg 300w, https:\/\/www.correiobraziliense.com.br\/cbradar\/wp-content\/uploads\/2025\/06\/Sorocaba_1750482701932-768x432.jpg 768w, https:\/\/www.correiobraziliense.com.br\/cbradar\/wp-content\/uploads\/2025\/06\/Sorocaba_1750482701932-750x422.jpg 750w, https:\/\/www.correiobraziliense.com.br\/cbradar\/wp-content\/uploads\/2025\/06\/Sorocaba_1750482701932-1140x641.jpg 1140w, https:\/\/www.correiobraziliense.com.br\/cbradar\/wp-content\/uploads\/2025\/06\/Sorocaba_1750482701932.jpg 1280w\" sizes=\"(max-width: 1024px) 100vw, 1024px\" \/><figcaption class=\"wp-element-caption\">Sorocaba \/\/ Cr\u00e9ditos: depositphotos.com \/ snehitdesign<\/figcaption><\/figure><\/div>\n\n\n<h2 class=\"wp-block-heading\">Melhor \u00e9poca para visitar Sorocaba?<\/h2>\n\n\n\n<p>Entre <strong>mar\u00e7o<\/strong> e <strong>maio<\/strong>, <strong>Sorocaba<\/strong> tem temperaturas entre 16\u202f\u00b0C e 26\u202f\u00b0C, segundo o <strong>Climatempo<\/strong>. O outono oferece clima est\u00e1vel para atividades ao ar livre e eventos culturais nos parques urbanos.<\/p>\n\n\n\n<p><strong>Junho<\/strong> a <strong>agosto<\/strong> marca o inverno seco com temperaturas m\u00ednimas de 8\u202f\u00b0C. \u00c9 \u00e9poca perfeita para explorar o <strong>Zool\u00f3gico Municipal<\/strong> e trilhas no <strong>Parque Natural Municipal Corredores de Biodiversidade<\/strong>.<\/p>\n\n\n\n<p>A <strong>Festa Junina<\/strong> em <strong>junho<\/strong> aquece a agenda cultural com tradi\u00e7\u00f5es caipiras. <strong>Setembro<\/strong> e <strong>outubro<\/strong> proporcionam clima ameno para descobrir a arquitetura hist\u00f3rica do <strong>Centro<\/strong>.<\/p>\n\n\n\n<p><strong>Novembro<\/strong> a <strong>fevereiro<\/strong> combina temperatura elevada e chuvas de ver\u00e3o. A esta\u00e7\u00e3o \u00e9 ideal para atividades aqu\u00e1ticas no <strong>Parque Aqu\u00e1tico<\/strong> e eventos ao ar livre nos fins de semana.<\/p>\n\n\n\n<p><strong><strong>Leia tamb\u00e9m: <a href=\"https:\/\/www.correiobraziliense.com.br\/cbradar\/esse-fruto-do-brasil-e-cada-vez-mais-valorizado-na-medicina-natural\/\" target=\"_blank\" rel=\"noreferrer noopener\">Esse fruto do Brasil \u00e9 cada vez mais valorizado na medicina natural<\/a>.<\/strong><\/strong><\/p>\n\n\n\n<h2 class=\"wp-block-heading\">Vivencie Sorocaba<\/h2>\n\n\n\n<p><strong>Sorocaba<\/strong> une tradi\u00e7\u00e3o industrial e qualidade metropolitana no interior de <strong>S\u00e3o Paulo<\/strong>. Do <strong>Parque Zool\u00f3gico Quinzinho de Barros<\/strong> ao <strong>Teatro Municipal<\/strong>, \u00e9 uma cidade que oferece oportunidades profissionais e infraestrutura de metr\u00f3pole regional. Planeje sua mudan\u00e7a para viver o desenvolvimento da &#8220;Manchester Paulista&#8221; e descobrir por que <strong>Sorocaba<\/strong> tem IDH de 0,798, entre os melhores do <strong>Brasil<\/strong>.<\/p>\n\n\n\n<ul class=\"wp-block-list\">\n<li>Economia industrial diversificada com mais de 1.600 empresas.<\/li>\n\n\n\n<li>Qualidade metropolitana com IDH de 0,798 e infraestrutura consolidada.<\/li>\n\n\n\n<li>Localiza\u00e7\u00e3o estrat\u00e9gica no eixo <strong>S\u00e3o Paulo-Campinas<\/strong> com log\u00edstica eficiente.<\/li>\n<\/ul>\n","protected":false},"excerpt":{"rendered":"<p>Sorocaba, no interior de S\u00e3o Paulo, Brasil, a 87 km da capital S\u00e3o Paulo e pr\u00f3xima a Itu e Votorantim, \u00e9 conhecida como \u201cManchester Paulista\u201d. Com IDH de 0,798 e a maior cidade do interior do Brasil em desenvolvimento populacional e econ\u00f4mico, Sorocaba \u00e9 ideal para morar. Conhe\u00e7a o que torna esta metr\u00f3pole regional um [&hellip;]<\/p>\n","protected":false},"author":8,"featured_media":82062,"comment_status":"open","ping_status":"open","sticky":false,"template":"","format":"standard","meta":{"_yoast_wpseo_focuskw":"cidade","_yoast_wpseo_title":"","_yoast_wpseo_metadesc":"Uma cidade paulista tem se destacado pela alta qualidade de vida e conquista moradores que buscam bem-estar e tranquilidade no dia a dia.","jnews-multi-image_gallery":[],"jnews_single_post":{"format":"standard"},"jnews_primary_category":[],"jnews_social_meta":[],"jnews_override_counter":[],"footnotes":""},"categories":[108,111],"post_tag":[247,278,6866],"class_list":["post-107462","post","type-post","status-publish","format-standard","has-post-thumbnail","hentry","category-cidades","category-turismo","tag-qualidade-de-vida","tag-sao-paulo","tag-sorocaba"],"yoast_head":"<!-- This site is optimized with the Yoast SEO plugin v24.6 - https:\/\/yoast.com\/wordpress\/plugins\/seo\/ -->\n<title>A cidade paulista que virou sonho para morar bem e com tranquilidade - Correio Braziliense - Radar<\/title>\n<meta name=\"description\" content=\"Uma cidade paulista tem se destacado pela alta qualidade de vida e conquista moradores que buscam bem-estar e tranquilidade no dia a dia.\" \/>\n<meta name=\"robots\" content=\"index, follow, max-snippet:-1, max-image-preview:large, max-video-preview:-1\" \/>\n<link rel=\"canonical\" href=\"https:\/\/www.correiobraziliense.com.br\/cbradar\/a-cidade-paulista-que-virou-sonho-para-morar-bem-e-com-tranquilidade\/\" \/>\n<meta property=\"og:locale\" content=\"pt_BR\" \/>\n<meta property=\"og:type\" content=\"article\" \/>\n<meta property=\"og:title\" content=\"A cidade paulista que virou sonho para morar bem e com tranquilidade - Correio Braziliense - Radar\" \/>\n<meta property=\"og:description\" content=\"Uma cidade paulista tem se destacado pela alta qualidade de vida e conquista moradores que buscam bem-estar e tranquilidade no dia a dia.\" \/>\n<meta property=\"og:url\" content=\"https:\/\/www.correiobraziliense.com.br\/cbradar\/a-cidade-paulista-que-virou-sonho-para-morar-bem-e-com-tranquilidade\/\" \/>\n<meta property=\"og:site_name\" content=\"Correio Braziliense - Radar\" \/>\n<meta property=\"article:published_time\" content=\"2025-09-23T14:43:00+00:00\" \/>\n<meta property=\"og:image\" content=\"https:\/\/www.correiobraziliense.com.br\/cbradar\/wp-content\/uploads\/2025\/08\/Edicoes-2025-08-06T155411.565.png\" \/>\n\t<meta property=\"og:image:width\" content=\"1280\" \/>\n\t<meta property=\"og:image:height\" content=\"720\" \/>\n\t<meta property=\"og:image:type\" content=\"image\/png\" \/>\n<meta name=\"author\" content=\"Maura Pereira\" \/>\n<meta name=\"twitter:card\" content=\"summary_large_image\" \/>\n<meta name=\"twitter:label1\" content=\"Escrito por\" \/>\n\t<meta name=\"twitter:data1\" content=\"Maura Pereira\" \/>\n\t<meta name=\"twitter:label2\" content=\"Est. tempo de leitura\" \/>\n\t<meta name=\"twitter:data2\" content=\"7 minutos\" \/>\n<!-- \/ Yoast SEO plugin. -->","yoast_head_json":{"title":"A cidade paulista que virou sonho para morar bem e com tranquilidade - Correio Braziliense - Radar","description":"Uma cidade paulista tem se destacado pela alta qualidade de vida e conquista moradores que buscam bem-estar e tranquilidade no dia a dia.","robots":{"index":"index","follow":"follow","max-snippet":"max-snippet:-1","max-image-preview":"max-image-preview:large","max-video-preview":"max-video-preview:-1"},"canonical":"https:\/\/www.correiobraziliense.com.br\/cbradar\/a-cidade-paulista-que-virou-sonho-para-morar-bem-e-com-tranquilidade\/","og_locale":"pt_BR","og_type":"article","og_title":"A cidade paulista que virou sonho para morar bem e com tranquilidade - Correio Braziliense - Radar","og_description":"Uma cidade paulista tem se destacado pela alta qualidade de vida e conquista moradores que buscam bem-estar e tranquilidade no dia a dia.","og_url":"https:\/\/www.correiobraziliense.com.br\/cbradar\/a-cidade-paulista-que-virou-sonho-para-morar-bem-e-com-tranquilidade\/","og_site_name":"Correio Braziliense - Radar","article_published_time":"2025-09-23T14:43:00+00:00","og_image":[{"width":1280,"height":720,"url":"https:\/\/www.correiobraziliense.com.br\/cbradar\/wp-content\/uploads\/2025\/08\/Edicoes-2025-08-06T155411.565.png","type":"image\/png"}],"author":"Maura Pereira","twitter_card":"summary_large_image","twitter_misc":{"Escrito por":"Maura Pereira","Est. tempo de leitura":"7 minutos"},"schema":{"@context":"https:\/\/schema.org","@graph":[{"@type":"WebPage","@id":"https:\/\/www.correiobraziliense.com.br\/cbradar\/a-cidade-paulista-que-virou-sonho-para-morar-bem-e-com-tranquilidade\/","url":"https:\/\/www.correiobraziliense.com.br\/cbradar\/a-cidade-paulista-que-virou-sonho-para-morar-bem-e-com-tranquilidade\/","name":"A cidade paulista que virou sonho para morar bem e com tranquilidade - Correio Braziliense - Radar","isPartOf":{"@id":"https:\/\/www.correiobraziliense.com.br\/cbradar\/#website"},"primaryImageOfPage":{"@id":"https:\/\/www.correiobraziliense.com.br\/cbradar\/a-cidade-paulista-que-virou-sonho-para-morar-bem-e-com-tranquilidade\/#primaryimage"},"image":{"@id":"https:\/\/www.correiobraziliense.com.br\/cbradar\/a-cidade-paulista-que-virou-sonho-para-morar-bem-e-com-tranquilidade\/#primaryimage"},"thumbnailUrl":"https:\/\/www.correiobraziliense.com.br\/cbradar\/wp-content\/uploads\/2025\/08\/Edicoes-2025-08-06T155411.565.png","datePublished":"2025-09-23T14:43:00+00:00","author":{"@id":"https:\/\/www.correiobraziliense.com.br\/cbradar\/#\/schema\/person\/4053c651a9bfc785afc6f4cbc9032fd3"},"description":"Uma cidade paulista tem se destacado pela alta qualidade de vida e conquista moradores que buscam bem-estar e tranquilidade no dia a dia.","breadcrumb":{"@id":"https:\/\/www.correiobraziliense.com.br\/cbradar\/a-cidade-paulista-que-virou-sonho-para-morar-bem-e-com-tranquilidade\/#breadcrumb"},"inLanguage":"pt-BR","potentialAction":[{"@type":"ReadAction","target":["https:\/\/www.correiobraziliense.com.br\/cbradar\/a-cidade-paulista-que-virou-sonho-para-morar-bem-e-com-tranquilidade\/"]}]},{"@type":"ImageObject","inLanguage":"pt-BR","@id":"https:\/\/www.correiobraziliense.com.br\/cbradar\/a-cidade-paulista-que-virou-sonho-para-morar-bem-e-com-tranquilidade\/#primaryimage","url":"https:\/\/www.correiobraziliense.com.br\/cbradar\/wp-content\/uploads\/2025\/08\/Edicoes-2025-08-06T155411.565.png","contentUrl":"https:\/\/www.correiobraziliense.com.br\/cbradar\/wp-content\/uploads\/2025\/08\/Edicoes-2025-08-06T155411.565.png","width":1280,"height":720,"caption":"Sorocaba oferece lazer, espa\u00e7os verdes e vida cultural din\u00e2mica para moradores e visitantes.\/\/ Cr\u00e9ditos: YouTube @BRASILVISTOPORDRONE"},{"@type":"BreadcrumbList","@id":"https:\/\/www.correiobraziliense.com.br\/cbradar\/a-cidade-paulista-que-virou-sonho-para-morar-bem-e-com-tranquilidade\/#breadcrumb","itemListElement":[{"@type":"ListItem","position":1,"name":"In\u00edcio","item":"https:\/\/www.correiobraziliense.com.br\/cbradar\/"},{"@type":"ListItem","position":2,"name":"A cidade paulista que virou sonho para morar bem e com tranquilidade"}]},{"@type":"WebSite","@id":"https:\/\/www.correiobraziliense.com.br\/cbradar\/#website","url":"https:\/\/www.correiobraziliense.com.br\/cbradar\/","name":"Correio Braziliense - Radar","description":"Acompanhe as \u00faltimas not\u00edcias e fique bem informado sobre tudo o que acontece no Brasil e no mundo.","potentialAction":[{"@type":"SearchAction","target":{"@type":"EntryPoint","urlTemplate":"https:\/\/www.correiobraziliense.com.br\/cbradar\/?s={search_term_string}"},"query-input":{"@type":"PropertyValueSpecification","valueRequired":true,"valueName":"search_term_string"}}],"inLanguage":"pt-BR"},{"@type":"Person","@id":"https:\/\/www.correiobraziliense.com.br\/cbradar\/#\/schema\/person\/4053c651a9bfc785afc6f4cbc9032fd3","name":"Maura Pereira","image":{"@type":"ImageObject","inLanguage":"pt-BR","@id":"https:\/\/www.correiobraziliense.com.br\/cbradar\/#\/schema\/person\/image\/","url":"https:\/\/secure.gravatar.com\/avatar\/3effd6bdadfa447f15089c7f7144eaa6?s=96&d=mm&r=g","contentUrl":"https:\/\/secure.gravatar.com\/avatar\/3effd6bdadfa447f15089c7f7144eaa6?s=96&d=mm&r=g","caption":"Maura Pereira"},"sameAs":["https:\/\/www.correiobraziliense.com.br\/"],"url":"https:\/\/www.correiobraziliense.com.br\/cbradar\/author\/mauramyth\/"}]}},"_links":{"self":[{"href":"https:\/\/www.correiobraziliense.com.br\/cbradar\/wp-json\/wp\/v2\/posts\/107462","targetHints":{"allow":["GET"]}}],"collection":[{"href":"https:\/\/www.correiobraziliense.com.br\/cbradar\/wp-json\/wp\/v2\/posts"}],"about":[{"href":"https:\/\/www.correiobraziliense.com.br\/cbradar\/wp-json\/wp\/v2\/types\/post"}],"author":[{"embeddable":true,"href":"https:\/\/www.correiobraziliense.com.br\/cbradar\/wp-json\/wp\/v2\/users\/8"}],"replies":[{"embeddable":true,"href":"https:\/\/www.correiobraziliense.com.br\/cbradar\/wp-json\/wp\/v2\/comments?post=107462"}],"version-history":[{"count":13,"href":"https:\/\/www.correiobraziliense.com.br\/cbradar\/wp-json\/wp\/v2\/posts\/107462\/revisions"}],"predecessor-version":[{"id":107542,"href":"https:\/\/www.correiobraziliense.com.br\/cbradar\/wp-json\/wp\/v2\/posts\/107462\/revisions\/107542"}],"wp:featuredmedia":[{"embeddable":true,"href":"https:\/\/www.correiobraziliense.com.br\/cbradar\/wp-json\/wp\/v2\/media\/82062"}],"wp:attachment":[{"href":"https:\/\/www.correiobraziliense.com.br\/cbradar\/wp-json\/wp\/v2\/media?parent=107462"}],"wp:term":[{"taxonomy":"category","embeddable":true,"href":"https:\/\/www.correiobraziliense.com.br\/cbradar\/wp-json\/wp\/v2\/categories?post=107462"},{"taxonomy":"post_tag","embeddable":true,"href":"https:\/\/www.correiobraziliense.com.br\/cbradar\/wp-json\/wp\/v2\/post_tag?post=107462"}],"curies":[{"name":"wp","href":"https:\/\/api.w.org\/{rel}","templated":true}]}}