{"id":107597,"date":"2025-09-21T16:00:00","date_gmt":"2025-09-21T19:00:00","guid":{"rendered":"https:\/\/www.correiobraziliense.com.br\/cbradar\/?p=107597"},"modified":"2025-09-21T15:45:56","modified_gmt":"2025-09-21T18:45:56","slug":"aqui-esta-o-que-os-especialistas-em-longevidade-comem-no-cafe-da-manha-para-adicionar-anos-as-suas-vidas","status":"publish","type":"post","link":"https:\/\/www.correiobraziliense.com.br\/cbradar\/aqui-esta-o-que-os-especialistas-em-longevidade-comem-no-cafe-da-manha-para-adicionar-anos-as-suas-vidas\/","title":{"rendered":"Aqui est\u00e1 o que os especialistas em longevidade comem no caf\u00e9 da manh\u00e3 para adicionar anos \u00e0s suas vidas"},"content":{"rendered":"\n<p>Transformar o caf\u00e9 da manh\u00e3 na refei\u00e7\u00e3o mais importante do dia pode realmente adicionar anos \u00e0 sua vida. Segundo especialistas em longevidade, consumir uma refei\u00e7\u00e3o matinal equilibrada e rica em nutrientes pode fazer a diferen\u00e7a.<\/p>\n\n\n\n<ul class=\"wp-block-list\">\n<li><strong>Alimentos integrais<\/strong> e n\u00e3o processados podem aumentar a expectativa de vida.<\/li>\n\n\n\n<li><strong>Evitar a\u00e7\u00facares adicionados<\/strong> \u00e9 crucial para um caf\u00e9 da manh\u00e3 saud\u00e1vel.<\/li>\n\n\n\n<li>Incluir <strong>vegetais no caf\u00e9 da manh\u00e3<\/strong> \u00e9 uma pr\u00e1tica recomendada por especialistas.<\/li>\n<\/ul>\n\n\n\n<h2 class=\"wp-block-heading\">Qual \u00e9 o melhor caf\u00e9 da manh\u00e3 para a longevidade?<\/h2>\n\n\n\n<p>Especialistas como Dr. Suzanne J. Ferree e Raghav Sehgal, sugerem que uma combina\u00e7\u00e3o de <strong>ovos e vegetais<\/strong> \u00e9 ideal. Essa refei\u00e7\u00e3o rica em prote\u00ednas, vitaminas e antioxidantes fortalece a sa\u00fade muscular e do cora\u00e7\u00e3o. Al\u00e9m disso, incluir fontes de fibras como aveia ou chia pode ajudar a regular o intestino e proporcionar maior saciedade, contribuindo para um in\u00edcio de dia ainda mais saud\u00e1vel.<\/p>\n\n\n\n<h2 class=\"wp-block-heading\">Por que evitar alimentos processados?<\/h2>\n\n\n\n<p>Uma alimenta\u00e7\u00e3o rica em ultraprocessados est\u00e1 diretamente ligada \u00e0 redu\u00e7\u00e3o da longevidade. Evitar embutidos e cereais a\u00e7ucarados \u00e9 um passo importante para viver mais. Optar por p\u00e3es integrais no lugar de p\u00e3es brancos ou industrializados tamb\u00e9m \u00e9 uma excelente escolha para promover a sa\u00fade e o bem-estar.<\/p>\n\n\n\n<h2 class=\"wp-block-heading\">Quais s\u00e3o os benef\u00edcios das gorduras saud\u00e1veis no caf\u00e9 da manh\u00e3?<\/h2>\n\n\n\n<p>Gorduras saud\u00e1veis encontradas em <strong>abacates e nozes<\/strong> s\u00e3o aliados do cora\u00e7\u00e3o e da sa\u00fade mental. Elas complementam um caf\u00e9 da manh\u00e3 que adicione anos \u00e0 sua vida. Al\u00e9m disso, \u00f3leos vegetais extra virgens, como azeite de oliva, tamb\u00e9m podem ser inclu\u00eddos em prepara\u00e7\u00f5es, garantindo sabor e prote\u00e7\u00e3o cardiovascular.<\/p>\n\n\n\n<figure class=\"wp-block-image size-large\"><img decoding=\"async\" width=\"1024\" height=\"576\" src=\"https:\/\/www.correiobraziliense.com.br\/cbradar\/wp-content\/uploads\/2025\/09\/cafe-da-manha_1758480340771-1024x576.jpg\" alt=\"Aqui est\u00e1 o que os especialistas em longevidade comem no caf\u00e9 da manh\u00e3 para adicionar anos \u00e0s suas vidas\" class=\"wp-image-107600\" srcset=\"https:\/\/www.correiobraziliense.com.br\/cbradar\/wp-content\/uploads\/2025\/09\/cafe-da-manha_1758480340771-1024x576.jpg 1024w, https:\/\/www.correiobraziliense.com.br\/cbradar\/wp-content\/uploads\/2025\/09\/cafe-da-manha_1758480340771-300x169.jpg 300w, https:\/\/www.correiobraziliense.com.br\/cbradar\/wp-content\/uploads\/2025\/09\/cafe-da-manha_1758480340771-768x432.jpg 768w, https:\/\/www.correiobraziliense.com.br\/cbradar\/wp-content\/uploads\/2025\/09\/cafe-da-manha_1758480340771-750x422.jpg 750w, https:\/\/www.correiobraziliense.com.br\/cbradar\/wp-content\/uploads\/2025\/09\/cafe-da-manha_1758480340771-1140x641.jpg 1140w, https:\/\/www.correiobraziliense.com.br\/cbradar\/wp-content\/uploads\/2025\/09\/cafe-da-manha_1758480340771.jpg 1280w\" sizes=\"(max-width: 1024px) 100vw, 1024px\" \/><figcaption class=\"wp-element-caption\">caf\u00e9 da manh\u00e3. Cr\u00e9ditos: depositphotos.com \/ VadimVasenin<\/figcaption><\/figure>\n\n\n\n<h2 class=\"wp-block-heading\">Como incluir vegetais no caf\u00e9 da manh\u00e3?<\/h2>\n\n\n\n<p>Al\u00e9m dos ovos, vegetais como espinafre ou tomates podem ser incorporados de maneira deliciosa. Dr. Monisha Bhanote recomenda um iogurte de coco com sementes de c\u00e2nhamo, que \u00e9 pr\u00e1tico e nutritivo. Uma outra sugest\u00e3o \u00e9 utilizar vegetais refogados em omeletes, ou at\u00e9 mesmo preparar um smoothie de folhas verdes, que s\u00e3o ricos em micronutrientes e antioxidantes.<\/p>\n\n\n\n<h2 class=\"wp-block-heading\">Integre alimentos probi\u00f3ticos na sua refei\u00e7\u00e3o matinal<\/h2>\n\n\n\n<p>Probi\u00f3ticos em <strong>iogurtes ou miss\u00f4<\/strong> contribuem para a sa\u00fade intestinal e s\u00e3o essenciais para uma vida longa. Essa pr\u00e1tica pode ser facilmente adotada no caf\u00e9 da manh\u00e3. Lembre-se tamb\u00e9m de variar o consumo de diferentes tipos de probi\u00f3ticos para manter a diversidade da flora intestinal.<\/p>\n\n\n\n<h2 class=\"wp-block-heading\">Ao final do dia, cada escolha conta!<\/h2>\n\n\n\n<ul class=\"wp-block-list\">\n<li>Priorize <strong>alimentos integrais<\/strong> e evite os ultraprocessados.<\/li>\n\n\n\n<li>Adicione <strong>vegetais<\/strong> ao seu caf\u00e9 da manh\u00e3 para mais nutrientes.<\/li>\n\n\n\n<li>Reduza o consumo de <strong>a\u00e7\u00facares adicionados<\/strong> para promover a longevidade.<\/li>\n<\/ul>\n","protected":false},"excerpt":{"rendered":"<p>Descubra como um caf\u00e9 da manh\u00e3 nutritivo pode aumentar sua longevidade em at\u00e9 uma d\u00e9cada. Aprenda dicas de especialistas para viver mais e melhor.<\/p>\n","protected":false},"author":3,"featured_media":107599,"comment_status":"open","ping_status":"open","sticky":false,"template":"","format":"standard","meta":{"_yoast_wpseo_focuskw":"especialistas longevidade comem caf\u00e9 da manh\u00e3","_yoast_wpseo_title":"%%title%%","_yoast_wpseo_metadesc":"Descubra como um caf\u00e9 da manh\u00e3 nutritivo pode aumentar sua longevidade em at\u00e9 uma d\u00e9cada. Aprenda dicas de especialistas para viver mais e melhor.","jnews-multi-image_gallery":[],"jnews_single_post":{"format":"standard"},"jnews_primary_category":[],"jnews_social_meta":[],"jnews_override_counter":[],"footnotes":""},"categories":[112],"post_tag":[281,1423,4319,144],"class_list":["post-107597","post","type-post","status-publish","format-standard","has-post-thumbnail","hentry","category-curiosidades","tag-alimentacao","tag-alimentos","tag-cafe-da-manha","tag-curiosidades"],"yoast_head":"<!-- This site is optimized with the Yoast SEO plugin v24.6 - https:\/\/yoast.com\/wordpress\/plugins\/seo\/ -->\n<title>Aqui est\u00e1 o que os especialistas em longevidade comem no caf\u00e9 da manh\u00e3 para adicionar anos \u00e0s suas vidas<\/title>\n<meta name=\"description\" content=\"Descubra como um caf\u00e9 da manh\u00e3 nutritivo pode aumentar sua longevidade em at\u00e9 uma d\u00e9cada. Aprenda dicas de especialistas para viver mais e melhor.\" \/>\n<meta name=\"robots\" content=\"index, follow, max-snippet:-1, max-image-preview:large, max-video-preview:-1\" \/>\n<link rel=\"canonical\" href=\"https:\/\/www.correiobraziliense.com.br\/cbradar\/aqui-esta-o-que-os-especialistas-em-longevidade-comem-no-cafe-da-manha-para-adicionar-anos-as-suas-vidas\/\" \/>\n<meta property=\"og:locale\" content=\"pt_BR\" \/>\n<meta property=\"og:type\" content=\"article\" \/>\n<meta property=\"og:title\" content=\"Aqui est\u00e1 o que os especialistas em longevidade comem no caf\u00e9 da manh\u00e3 para adicionar anos \u00e0s suas vidas\" \/>\n<meta property=\"og:description\" content=\"Descubra como um caf\u00e9 da manh\u00e3 nutritivo pode aumentar sua longevidade em at\u00e9 uma d\u00e9cada. Aprenda dicas de especialistas para viver mais e melhor.\" \/>\n<meta property=\"og:url\" content=\"https:\/\/www.correiobraziliense.com.br\/cbradar\/aqui-esta-o-que-os-especialistas-em-longevidade-comem-no-cafe-da-manha-para-adicionar-anos-as-suas-vidas\/\" \/>\n<meta property=\"og:site_name\" content=\"Correio Braziliense - Radar\" \/>\n<meta property=\"article:published_time\" content=\"2025-09-21T19:00:00+00:00\" \/>\n<meta property=\"og:image\" content=\"https:\/\/www.correiobraziliense.com.br\/cbradar\/wp-content\/uploads\/2025\/09\/cafe-da-manha_1758480138751.jpg\" \/>\n\t<meta property=\"og:image:width\" content=\"1280\" \/>\n\t<meta property=\"og:image:height\" content=\"720\" \/>\n\t<meta property=\"og:image:type\" content=\"image\/jpeg\" \/>\n<meta name=\"author\" content=\"Larissa Carvalho\" \/>\n<meta name=\"twitter:card\" content=\"summary_large_image\" \/>\n<meta name=\"twitter:label1\" content=\"Escrito por\" \/>\n\t<meta name=\"twitter:data1\" content=\"Larissa Carvalho\" \/>\n\t<meta name=\"twitter:label2\" content=\"Est. tempo de leitura\" \/>\n\t<meta name=\"twitter:data2\" content=\"3 minutos\" \/>\n<!-- \/ Yoast SEO plugin. -->","yoast_head_json":{"title":"Aqui est\u00e1 o que os especialistas em longevidade comem no caf\u00e9 da manh\u00e3 para adicionar anos \u00e0s suas vidas","description":"Descubra como um caf\u00e9 da manh\u00e3 nutritivo pode aumentar sua longevidade em at\u00e9 uma d\u00e9cada. Aprenda dicas de especialistas para viver mais e melhor.","robots":{"index":"index","follow":"follow","max-snippet":"max-snippet:-1","max-image-preview":"max-image-preview:large","max-video-preview":"max-video-preview:-1"},"canonical":"https:\/\/www.correiobraziliense.com.br\/cbradar\/aqui-esta-o-que-os-especialistas-em-longevidade-comem-no-cafe-da-manha-para-adicionar-anos-as-suas-vidas\/","og_locale":"pt_BR","og_type":"article","og_title":"Aqui est\u00e1 o que os especialistas em longevidade comem no caf\u00e9 da manh\u00e3 para adicionar anos \u00e0s suas vidas","og_description":"Descubra como um caf\u00e9 da manh\u00e3 nutritivo pode aumentar sua longevidade em at\u00e9 uma d\u00e9cada. Aprenda dicas de especialistas para viver mais e melhor.","og_url":"https:\/\/www.correiobraziliense.com.br\/cbradar\/aqui-esta-o-que-os-especialistas-em-longevidade-comem-no-cafe-da-manha-para-adicionar-anos-as-suas-vidas\/","og_site_name":"Correio Braziliense - Radar","article_published_time":"2025-09-21T19:00:00+00:00","og_image":[{"width":1280,"height":720,"url":"https:\/\/www.correiobraziliense.com.br\/cbradar\/wp-content\/uploads\/2025\/09\/cafe-da-manha_1758480138751.jpg","type":"image\/jpeg"}],"author":"Larissa Carvalho","twitter_card":"summary_large_image","twitter_misc":{"Escrito por":"Larissa Carvalho","Est. tempo de leitura":"3 minutos"},"schema":{"@context":"https:\/\/schema.org","@graph":[{"@type":"WebPage","@id":"https:\/\/www.correiobraziliense.com.br\/cbradar\/aqui-esta-o-que-os-especialistas-em-longevidade-comem-no-cafe-da-manha-para-adicionar-anos-as-suas-vidas\/","url":"https:\/\/www.correiobraziliense.com.br\/cbradar\/aqui-esta-o-que-os-especialistas-em-longevidade-comem-no-cafe-da-manha-para-adicionar-anos-as-suas-vidas\/","name":"Aqui est\u00e1 o que os especialistas em longevidade comem no caf\u00e9 da manh\u00e3 para adicionar anos \u00e0s suas vidas","isPartOf":{"@id":"https:\/\/www.correiobraziliense.com.br\/cbradar\/#website"},"primaryImageOfPage":{"@id":"https:\/\/www.correiobraziliense.com.br\/cbradar\/aqui-esta-o-que-os-especialistas-em-longevidade-comem-no-cafe-da-manha-para-adicionar-anos-as-suas-vidas\/#primaryimage"},"image":{"@id":"https:\/\/www.correiobraziliense.com.br\/cbradar\/aqui-esta-o-que-os-especialistas-em-longevidade-comem-no-cafe-da-manha-para-adicionar-anos-as-suas-vidas\/#primaryimage"},"thumbnailUrl":"https:\/\/www.correiobraziliense.com.br\/cbradar\/wp-content\/uploads\/2025\/09\/cafe-da-manha_1758480138751.jpg","datePublished":"2025-09-21T19:00:00+00:00","author":{"@id":"https:\/\/www.correiobraziliense.com.br\/cbradar\/#\/schema\/person\/58422787644df994b53a19d3e56c1513"},"description":"Descubra como um caf\u00e9 da manh\u00e3 nutritivo pode aumentar sua longevidade em at\u00e9 uma d\u00e9cada. Aprenda dicas de especialistas para viver mais e melhor.","breadcrumb":{"@id":"https:\/\/www.correiobraziliense.com.br\/cbradar\/aqui-esta-o-que-os-especialistas-em-longevidade-comem-no-cafe-da-manha-para-adicionar-anos-as-suas-vidas\/#breadcrumb"},"inLanguage":"pt-BR","potentialAction":[{"@type":"ReadAction","target":["https:\/\/www.correiobraziliense.com.br\/cbradar\/aqui-esta-o-que-os-especialistas-em-longevidade-comem-no-cafe-da-manha-para-adicionar-anos-as-suas-vidas\/"]}]},{"@type":"ImageObject","inLanguage":"pt-BR","@id":"https:\/\/www.correiobraziliense.com.br\/cbradar\/aqui-esta-o-que-os-especialistas-em-longevidade-comem-no-cafe-da-manha-para-adicionar-anos-as-suas-vidas\/#primaryimage","url":"https:\/\/www.correiobraziliense.com.br\/cbradar\/wp-content\/uploads\/2025\/09\/cafe-da-manha_1758480138751.jpg","contentUrl":"https:\/\/www.correiobraziliense.com.br\/cbradar\/wp-content\/uploads\/2025\/09\/cafe-da-manha_1758480138751.jpg","width":1280,"height":720,"caption":"caf\u00e9 da manh\u00e3. Cr\u00e9ditos: depositphotos.com \/ fudio"},{"@type":"BreadcrumbList","@id":"https:\/\/www.correiobraziliense.com.br\/cbradar\/aqui-esta-o-que-os-especialistas-em-longevidade-comem-no-cafe-da-manha-para-adicionar-anos-as-suas-vidas\/#breadcrumb","itemListElement":[{"@type":"ListItem","position":1,"name":"In\u00edcio","item":"https:\/\/www.correiobraziliense.com.br\/cbradar\/"},{"@type":"ListItem","position":2,"name":"Aqui est\u00e1 o que os especialistas em longevidade comem no caf\u00e9 da manh\u00e3 para adicionar anos \u00e0s suas vidas"}]},{"@type":"WebSite","@id":"https:\/\/www.correiobraziliense.com.br\/cbradar\/#website","url":"https:\/\/www.correiobraziliense.com.br\/cbradar\/","name":"Correio Braziliense - Radar","description":"Acompanhe as \u00faltimas not\u00edcias e fique bem informado sobre tudo o que acontece no Brasil e no mundo.","potentialAction":[{"@type":"SearchAction","target":{"@type":"EntryPoint","urlTemplate":"https:\/\/www.correiobraziliense.com.br\/cbradar\/?s={search_term_string}"},"query-input":{"@type":"PropertyValueSpecification","valueRequired":true,"valueName":"search_term_string"}}],"inLanguage":"pt-BR"},{"@type":"Person","@id":"https:\/\/www.correiobraziliense.com.br\/cbradar\/#\/schema\/person\/58422787644df994b53a19d3e56c1513","name":"Larissa Carvalho","image":{"@type":"ImageObject","inLanguage":"pt-BR","@id":"https:\/\/www.correiobraziliense.com.br\/cbradar\/#\/schema\/person\/image\/","url":"https:\/\/secure.gravatar.com\/avatar\/fe4f91a0de32b52a838d0d612abdc1aa?s=96&d=mm&r=g","contentUrl":"https:\/\/secure.gravatar.com\/avatar\/fe4f91a0de32b52a838d0d612abdc1aa?s=96&d=mm&r=g","caption":"Larissa Carvalho"},"url":"https:\/\/www.correiobraziliense.com.br\/cbradar\/author\/larissamyth\/"}]}},"_links":{"self":[{"href":"https:\/\/www.correiobraziliense.com.br\/cbradar\/wp-json\/wp\/v2\/posts\/107597","targetHints":{"allow":["GET"]}}],"collection":[{"href":"https:\/\/www.correiobraziliense.com.br\/cbradar\/wp-json\/wp\/v2\/posts"}],"about":[{"href":"https:\/\/www.correiobraziliense.com.br\/cbradar\/wp-json\/wp\/v2\/types\/post"}],"author":[{"embeddable":true,"href":"https:\/\/www.correiobraziliense.com.br\/cbradar\/wp-json\/wp\/v2\/users\/3"}],"replies":[{"embeddable":true,"href":"https:\/\/www.correiobraziliense.com.br\/cbradar\/wp-json\/wp\/v2\/comments?post=107597"}],"version-history":[{"count":2,"href":"https:\/\/www.correiobraziliense.com.br\/cbradar\/wp-json\/wp\/v2\/posts\/107597\/revisions"}],"predecessor-version":[{"id":107601,"href":"https:\/\/www.correiobraziliense.com.br\/cbradar\/wp-json\/wp\/v2\/posts\/107597\/revisions\/107601"}],"wp:featuredmedia":[{"embeddable":true,"href":"https:\/\/www.correiobraziliense.com.br\/cbradar\/wp-json\/wp\/v2\/media\/107599"}],"wp:attachment":[{"href":"https:\/\/www.correiobraziliense.com.br\/cbradar\/wp-json\/wp\/v2\/media?parent=107597"}],"wp:term":[{"taxonomy":"category","embeddable":true,"href":"https:\/\/www.correiobraziliense.com.br\/cbradar\/wp-json\/wp\/v2\/categories?post=107597"},{"taxonomy":"post_tag","embeddable":true,"href":"https:\/\/www.correiobraziliense.com.br\/cbradar\/wp-json\/wp\/v2\/post_tag?post=107597"}],"curies":[{"name":"wp","href":"https:\/\/api.w.org\/{rel}","templated":true}]}}