{"id":107624,"date":"2025-09-23T18:13:00","date_gmt":"2025-09-23T21:13:00","guid":{"rendered":"https:\/\/www.correiobraziliense.com.br\/cbradar\/?p=107624"},"modified":"2025-09-21T19:46:40","modified_gmt":"2025-09-21T22:46:40","slug":"a-bebida-popular-que-faz-mal-aos-ossos-com-mais-de-60-anos-segundo-medicos","status":"publish","type":"post","link":"https:\/\/www.correiobraziliense.com.br\/cbradar\/a-bebida-popular-que-faz-mal-aos-ossos-com-mais-de-60-anos-segundo-medicos\/","title":{"rendered":"A bebida popular que faz mal aos ossos com mais de 60 anos, segundo m\u00e9dicos"},"content":{"rendered":"\n<p>O impacto dos <strong>refrigerantes<\/strong> na <strong>sa\u00fade \u00f3ssea<\/strong> \u00e9 um tema que merece aten\u00e7\u00e3o especial. Embora populares, sua composi\u00e7\u00e3o pode trazer s\u00e9rios riscos aos ossos. Vamos explorar os motivos pelos quais esses h\u00e1bitos precisam ser repensados.<\/p>\n\n\n\n<ul class=\"wp-block-list\">\n<li>O \u00e1cido fosf\u00f3rico presente nos refrigerantes prejudica o equil\u00edbrio de c\u00e1lcio e f\u00f3sforo.<\/li>\n\n\n\n<li>A substitui\u00e7\u00e3o de bebidas nutritivas por refrigerantes pode enfraquecer os ossos.<\/li>\n\n\n\n<li>At\u00e9 mesmo refrigerantes diet\u00e9ticos carregam riscos similares aos ossos.<\/li>\n<\/ul>\n\n\n\n<h2 class=\"wp-block-heading\">Como o \u00e1cido fosf\u00f3rico afeta seus ossos?<\/h2>\n\n\n\n<p>A presen\u00e7a de <strong>\u00e1cido fosf\u00f3rico<\/strong> nos refrigerantes causa um desequil\u00edbrio entre <strong>c\u00e1lcio<\/strong> e f\u00f3sforo no corpo. Este desequil\u00edbrio promove a degrada\u00e7\u00e3o \u00f3ssea por meio da libera\u00e7\u00e3o do horm\u00f4nio paratireoide e suprime a forma\u00e7\u00e3o \u00f3ssea.<\/p>\n\n\n\n<h2 class=\"wp-block-heading\">Por que escolher bebidas mais nutritivas \u00e9 importante?<\/h2>\n\n\n\n<p>Ao optar por refrigerantes ao inv\u00e9s de bebidas mais saud\u00e1veis, voc\u00ea perde a oportunidade de fortalecer seus ossos com <strong>op\u00e7\u00f5es ricas em c\u00e1lcio<\/strong> e vitaminas essenciais. A inclus\u00e3o de leite ou \u00e1gua pode ser ben\u00e9fica para o metabolismo do c\u00e1lcio.<\/p>\n\n\n\n<figure class=\"wp-block-image size-large\"><img decoding=\"async\" width=\"1024\" height=\"576\" src=\"https:\/\/www.correiobraziliense.com.br\/cbradar\/wp-content\/uploads\/2025\/09\/idosos_1758494782691-1024x576.jpg\" alt=\"A bebida popular que faz mal aos ossos com mais de 60 anos, segundo m\u00e9dicos\" class=\"wp-image-107627\" srcset=\"https:\/\/www.correiobraziliense.com.br\/cbradar\/wp-content\/uploads\/2025\/09\/idosos_1758494782691-1024x576.jpg 1024w, https:\/\/www.correiobraziliense.com.br\/cbradar\/wp-content\/uploads\/2025\/09\/idosos_1758494782691-300x169.jpg 300w, https:\/\/www.correiobraziliense.com.br\/cbradar\/wp-content\/uploads\/2025\/09\/idosos_1758494782691-768x432.jpg 768w, https:\/\/www.correiobraziliense.com.br\/cbradar\/wp-content\/uploads\/2025\/09\/idosos_1758494782691-750x422.jpg 750w, https:\/\/www.correiobraziliense.com.br\/cbradar\/wp-content\/uploads\/2025\/09\/idosos_1758494782691-1140x641.jpg 1140w, https:\/\/www.correiobraziliense.com.br\/cbradar\/wp-content\/uploads\/2025\/09\/idosos_1758494782691.jpg 1280w\" sizes=\"(max-width: 1024px) 100vw, 1024px\" \/><figcaption class=\"wp-element-caption\">idosos. Cr\u00e9ditos: depositphotos.com \/ NatashaFedorova<\/figcaption><\/figure>\n\n\n\n<h2 class=\"wp-block-heading\">Os refrigerantes diet t\u00eam o mesmo impacto?<\/h2>\n\n\n\n<p>Infelizmente, <strong>refrigerantes diet<\/strong> tamb\u00e9m possuem n\u00edveis significativos de \u00e1cido fosf\u00f3rico. Al\u00e9m disso, os <em>ado\u00e7antes artificiais<\/em> podem afetar a sa\u00fade intestinal e a regula\u00e7\u00e3o da glicose, fatores importantes na remodela\u00e7\u00e3o \u00f3ssea.<\/p>\n\n\n\n<h2 class=\"wp-block-heading\">Alternativas saud\u00e1veis aos refrigerantes<\/h2>\n\n\n\n<p>Substitua refrigerantes por leite de vaca, ch\u00e1s de ervas sem a\u00e7\u00facar e \u00e1gua. Essas alternativas n\u00e3o apenas beneficiam a hidrata\u00e7\u00e3o, mas tamb\u00e9m favorecem a absor\u00e7\u00e3o de nutrientes essenciais para a sa\u00fade \u00f3ssea.<\/p>\n\n\n\n<p>Para fortalecer seus ossos, adote uma dieta rica em <strong>alimentos com c\u00e1lcio<\/strong>, como vegetais de folhas verdes, produtos l\u00e1cteos e am\u00eandoas. Al\u00e9m disso, pratique exerc\u00edcios de peso e esteja atento \u00e0 ingest\u00e3o de vitamina D.<\/p>\n\n\n\n<h2 class=\"wp-block-heading\">Fortale\u00e7a seus ossos com h\u00e1bitos saud\u00e1veis<\/h2>\n\n\n\n<ul class=\"wp-block-list\">\n<li>Evitar refrigerantes ajuda a manter o equil\u00edbrio de c\u00e1lcio e f\u00f3sforo.<\/li>\n\n\n\n<li>Produtos l\u00e1cteos, legumes e oleaginosas s\u00e3o excelentes fontes de c\u00e1lcio.<\/li>\n\n\n\n<li>Exerc\u00edcios regulares e sono adequado s\u00e3o fundamentais para a sa\u00fade \u00f3ssea.<\/li>\n<\/ul>\n","protected":false},"excerpt":{"rendered":"<p>Descubra como a redu\u00e7\u00e3o do consumo de refrigerantes pode fortalecer seus ossos e prevenir osteoporose. Adote h\u00e1bitos saud\u00e1veis para ossos mais fortes!<\/p>\n","protected":false},"author":3,"featured_media":107626,"comment_status":"open","ping_status":"open","sticky":false,"template":"","format":"standard","meta":{"_yoast_wpseo_focuskw":"bebida mal ossos 60 anos","_yoast_wpseo_title":"%%title%%","_yoast_wpseo_metadesc":"Descubra como a redu\u00e7\u00e3o do consumo de refrigerantes pode fortalecer seus ossos e prevenir osteoporose. Adote h\u00e1bitos saud\u00e1veis para ossos mais fortes!","jnews-multi-image_gallery":[],"jnews_single_post":{"format":"standard"},"jnews_primary_category":[],"jnews_social_meta":[],"jnews_override_counter":[],"footnotes":""},"categories":[112],"tags":[3559,144,565],"class_list":["post-107624","post","type-post","status-publish","format-standard","has-post-thumbnail","hentry","category-curiosidades","tag-corpo-humano","tag-curiosidades","tag-saude"],"yoast_head":"<!-- This site is optimized with the Yoast SEO plugin v24.6 - https:\/\/yoast.com\/wordpress\/plugins\/seo\/ -->\n<title>A bebida popular que faz mal aos ossos com mais de 60 anos, segundo m\u00e9dicos<\/title>\n<meta name=\"description\" content=\"Descubra como a redu\u00e7\u00e3o do consumo de refrigerantes pode fortalecer seus ossos e prevenir osteoporose. Adote h\u00e1bitos saud\u00e1veis para ossos mais fortes!\" \/>\n<meta name=\"robots\" content=\"index, follow, max-snippet:-1, max-image-preview:large, max-video-preview:-1\" \/>\n<link rel=\"canonical\" href=\"https:\/\/www.correiobraziliense.com.br\/cbradar\/a-bebida-popular-que-faz-mal-aos-ossos-com-mais-de-60-anos-segundo-medicos\/\" \/>\n<meta property=\"og:locale\" content=\"pt_BR\" \/>\n<meta property=\"og:type\" content=\"article\" \/>\n<meta property=\"og:title\" content=\"A bebida popular que faz mal aos ossos com mais de 60 anos, segundo m\u00e9dicos\" \/>\n<meta property=\"og:description\" content=\"Descubra como a redu\u00e7\u00e3o do consumo de refrigerantes pode fortalecer seus ossos e prevenir osteoporose. Adote h\u00e1bitos saud\u00e1veis para ossos mais fortes!\" \/>\n<meta property=\"og:url\" content=\"https:\/\/www.correiobraziliense.com.br\/cbradar\/a-bebida-popular-que-faz-mal-aos-ossos-com-mais-de-60-anos-segundo-medicos\/\" \/>\n<meta property=\"og:site_name\" content=\"Correio Braziliense - Radar\" \/>\n<meta property=\"article:published_time\" content=\"2025-09-23T21:13:00+00:00\" \/>\n<meta property=\"og:image\" content=\"https:\/\/www.correiobraziliense.com.br\/cbradar\/wp-content\/uploads\/2025\/09\/idosos_1758494721368.jpg\" \/>\n\t<meta property=\"og:image:width\" content=\"1280\" \/>\n\t<meta property=\"og:image:height\" content=\"720\" \/>\n\t<meta property=\"og:image:type\" content=\"image\/jpeg\" \/>\n<meta name=\"author\" content=\"Larissa Carvalho\" \/>\n<meta name=\"twitter:card\" content=\"summary_large_image\" \/>\n<meta name=\"twitter:label1\" content=\"Escrito por\" \/>\n\t<meta name=\"twitter:data1\" content=\"Larissa Carvalho\" \/>\n\t<meta name=\"twitter:label2\" content=\"Est. tempo de leitura\" \/>\n\t<meta name=\"twitter:data2\" content=\"3 minutos\" \/>\n<!-- \/ Yoast SEO plugin. -->","yoast_head_json":{"title":"A bebida popular que faz mal aos ossos com mais de 60 anos, segundo m\u00e9dicos","description":"Descubra como a redu\u00e7\u00e3o do consumo de refrigerantes pode fortalecer seus ossos e prevenir osteoporose. Adote h\u00e1bitos saud\u00e1veis para ossos mais fortes!","robots":{"index":"index","follow":"follow","max-snippet":"max-snippet:-1","max-image-preview":"max-image-preview:large","max-video-preview":"max-video-preview:-1"},"canonical":"https:\/\/www.correiobraziliense.com.br\/cbradar\/a-bebida-popular-que-faz-mal-aos-ossos-com-mais-de-60-anos-segundo-medicos\/","og_locale":"pt_BR","og_type":"article","og_title":"A bebida popular que faz mal aos ossos com mais de 60 anos, segundo m\u00e9dicos","og_description":"Descubra como a redu\u00e7\u00e3o do consumo de refrigerantes pode fortalecer seus ossos e prevenir osteoporose. Adote h\u00e1bitos saud\u00e1veis para ossos mais fortes!","og_url":"https:\/\/www.correiobraziliense.com.br\/cbradar\/a-bebida-popular-que-faz-mal-aos-ossos-com-mais-de-60-anos-segundo-medicos\/","og_site_name":"Correio Braziliense - Radar","article_published_time":"2025-09-23T21:13:00+00:00","og_image":[{"width":1280,"height":720,"url":"https:\/\/www.correiobraziliense.com.br\/cbradar\/wp-content\/uploads\/2025\/09\/idosos_1758494721368.jpg","type":"image\/jpeg"}],"author":"Larissa Carvalho","twitter_card":"summary_large_image","twitter_misc":{"Escrito por":"Larissa Carvalho","Est. tempo de leitura":"3 minutos"},"schema":{"@context":"https:\/\/schema.org","@graph":[{"@type":"WebPage","@id":"https:\/\/www.correiobraziliense.com.br\/cbradar\/a-bebida-popular-que-faz-mal-aos-ossos-com-mais-de-60-anos-segundo-medicos\/","url":"https:\/\/www.correiobraziliense.com.br\/cbradar\/a-bebida-popular-que-faz-mal-aos-ossos-com-mais-de-60-anos-segundo-medicos\/","name":"A bebida popular que faz mal aos ossos com mais de 60 anos, segundo m\u00e9dicos","isPartOf":{"@id":"https:\/\/www.correiobraziliense.com.br\/cbradar\/#website"},"primaryImageOfPage":{"@id":"https:\/\/www.correiobraziliense.com.br\/cbradar\/a-bebida-popular-que-faz-mal-aos-ossos-com-mais-de-60-anos-segundo-medicos\/#primaryimage"},"image":{"@id":"https:\/\/www.correiobraziliense.com.br\/cbradar\/a-bebida-popular-que-faz-mal-aos-ossos-com-mais-de-60-anos-segundo-medicos\/#primaryimage"},"thumbnailUrl":"https:\/\/www.correiobraziliense.com.br\/cbradar\/wp-content\/uploads\/2025\/09\/idosos_1758494721368.jpg","datePublished":"2025-09-23T21:13:00+00:00","author":{"@id":"https:\/\/www.correiobraziliense.com.br\/cbradar\/#\/schema\/person\/58422787644df994b53a19d3e56c1513"},"description":"Descubra como a redu\u00e7\u00e3o do consumo de refrigerantes pode fortalecer seus ossos e prevenir osteoporose. Adote h\u00e1bitos saud\u00e1veis para ossos mais fortes!","breadcrumb":{"@id":"https:\/\/www.correiobraziliense.com.br\/cbradar\/a-bebida-popular-que-faz-mal-aos-ossos-com-mais-de-60-anos-segundo-medicos\/#breadcrumb"},"inLanguage":"pt-BR","potentialAction":[{"@type":"ReadAction","target":["https:\/\/www.correiobraziliense.com.br\/cbradar\/a-bebida-popular-que-faz-mal-aos-ossos-com-mais-de-60-anos-segundo-medicos\/"]}]},{"@type":"ImageObject","inLanguage":"pt-BR","@id":"https:\/\/www.correiobraziliense.com.br\/cbradar\/a-bebida-popular-que-faz-mal-aos-ossos-com-mais-de-60-anos-segundo-medicos\/#primaryimage","url":"https:\/\/www.correiobraziliense.com.br\/cbradar\/wp-content\/uploads\/2025\/09\/idosos_1758494721368.jpg","contentUrl":"https:\/\/www.correiobraziliense.com.br\/cbradar\/wp-content\/uploads\/2025\/09\/idosos_1758494721368.jpg","width":1280,"height":720,"caption":"idosos. Cr\u00e9ditos: depositphotos.com \/ HayDmitriy"},{"@type":"BreadcrumbList","@id":"https:\/\/www.correiobraziliense.com.br\/cbradar\/a-bebida-popular-que-faz-mal-aos-ossos-com-mais-de-60-anos-segundo-medicos\/#breadcrumb","itemListElement":[{"@type":"ListItem","position":1,"name":"In\u00edcio","item":"https:\/\/www.correiobraziliense.com.br\/cbradar\/"},{"@type":"ListItem","position":2,"name":"A bebida popular que faz mal aos ossos com mais de 60 anos, segundo m\u00e9dicos"}]},{"@type":"WebSite","@id":"https:\/\/www.correiobraziliense.com.br\/cbradar\/#website","url":"https:\/\/www.correiobraziliense.com.br\/cbradar\/","name":"Correio Braziliense - Radar","description":"Acompanhe as \u00faltimas not\u00edcias e fique bem informado sobre tudo o que acontece no Brasil e no mundo.","potentialAction":[{"@type":"SearchAction","target":{"@type":"EntryPoint","urlTemplate":"https:\/\/www.correiobraziliense.com.br\/cbradar\/?s={search_term_string}"},"query-input":{"@type":"PropertyValueSpecification","valueRequired":true,"valueName":"search_term_string"}}],"inLanguage":"pt-BR"},{"@type":"Person","@id":"https:\/\/www.correiobraziliense.com.br\/cbradar\/#\/schema\/person\/58422787644df994b53a19d3e56c1513","name":"Larissa Carvalho","image":{"@type":"ImageObject","inLanguage":"pt-BR","@id":"https:\/\/www.correiobraziliense.com.br\/cbradar\/#\/schema\/person\/image\/","url":"https:\/\/secure.gravatar.com\/avatar\/fe4f91a0de32b52a838d0d612abdc1aa?s=96&d=mm&r=g","contentUrl":"https:\/\/secure.gravatar.com\/avatar\/fe4f91a0de32b52a838d0d612abdc1aa?s=96&d=mm&r=g","caption":"Larissa Carvalho"},"url":"https:\/\/www.correiobraziliense.com.br\/cbradar\/author\/larissamyth\/"}]}},"_links":{"self":[{"href":"https:\/\/www.correiobraziliense.com.br\/cbradar\/wp-json\/wp\/v2\/posts\/107624","targetHints":{"allow":["GET"]}}],"collection":[{"href":"https:\/\/www.correiobraziliense.com.br\/cbradar\/wp-json\/wp\/v2\/posts"}],"about":[{"href":"https:\/\/www.correiobraziliense.com.br\/cbradar\/wp-json\/wp\/v2\/types\/post"}],"author":[{"embeddable":true,"href":"https:\/\/www.correiobraziliense.com.br\/cbradar\/wp-json\/wp\/v2\/users\/3"}],"replies":[{"embeddable":true,"href":"https:\/\/www.correiobraziliense.com.br\/cbradar\/wp-json\/wp\/v2\/comments?post=107624"}],"version-history":[{"count":2,"href":"https:\/\/www.correiobraziliense.com.br\/cbradar\/wp-json\/wp\/v2\/posts\/107624\/revisions"}],"predecessor-version":[{"id":107628,"href":"https:\/\/www.correiobraziliense.com.br\/cbradar\/wp-json\/wp\/v2\/posts\/107624\/revisions\/107628"}],"wp:featuredmedia":[{"embeddable":true,"href":"https:\/\/www.correiobraziliense.com.br\/cbradar\/wp-json\/wp\/v2\/media\/107626"}],"wp:attachment":[{"href":"https:\/\/www.correiobraziliense.com.br\/cbradar\/wp-json\/wp\/v2\/media?parent=107624"}],"wp:term":[{"taxonomy":"category","embeddable":true,"href":"https:\/\/www.correiobraziliense.com.br\/cbradar\/wp-json\/wp\/v2\/categories?post=107624"},{"taxonomy":"post_tag","embeddable":true,"href":"https:\/\/www.correiobraziliense.com.br\/cbradar\/wp-json\/wp\/v2\/tags?post=107624"}],"curies":[{"name":"wp","href":"https:\/\/api.w.org\/{rel}","templated":true}]}}