{"id":107687,"date":"2025-09-22T22:33:00","date_gmt":"2025-09-23T01:33:00","guid":{"rendered":"https:\/\/www.correiobraziliense.com.br\/cbradar\/?p=107687"},"modified":"2025-09-21T23:49:59","modified_gmt":"2025-09-22T02:49:59","slug":"formas-simples-para-acabar-com-o-inchaco-abdominal-de-uma-vez-por-todas","status":"publish","type":"post","link":"https:\/\/www.correiobraziliense.com.br\/cbradar\/formas-simples-para-acabar-com-o-inchaco-abdominal-de-uma-vez-por-todas\/","title":{"rendered":"Formas simples para acabar com o incha\u00e7o abdominal de uma vez por todas"},"content":{"rendered":"\n<p>O <strong>Incha\u00e7o Abdominal <\/strong>\u00e9 uma queixa comum associada ao desconforto digestivo e pode ocorrer de forma s\u00fabita, prejudicando a disposi\u00e7\u00e3o e a qualidade de vida de muitas pessoas. Embora geralmente seja tempor\u00e1rio, \u00e9 importante prestar aten\u00e7\u00e3o a este sintoma para evitar complica\u00e7\u00f5es maiores. O Incha\u00e7o Abdominal  se caracteriza por sensa\u00e7\u00f5es de estufamento ou excesso de gases, frequentemente associadas a fatores como dieta, h\u00e1bitos alimentares, constipa\u00e7\u00e3o, varia\u00e7\u00f5es hormonais, uso de medicamentos e condi\u00e7\u00f5es m\u00e9dicas como a s\u00edndrome do intestino irrit\u00e1vel ou doen\u00e7a cel\u00edaca.<\/p>\n\n\n\n<p>Um dos fatores recentemente identificados como gatilho para o Incha\u00e7o Abdominal  \u00e9 o uso de canetas emagrecedoras. Esses medicamentos agem retardando o esvaziamento g\u00e1strico e alteram horm\u00f4nios intestinais que regulam o apetite e a glicose, o que pode desacelerar o sistema digestivo, gerando incha\u00e7o principalmente nas primeiras semanas de uso ou ap\u00f3s aumento da dose. \u00c9 fundamental lidar com o desconforto causado por esses medicamentos com aten\u00e7\u00e3o, pois, apesar de geralmente diminuir com o tempo, podem necessitar de ajuste de dose ou alternativa <a href=\"https:\/\/www.correiobraziliense.com.br\/cbradar\/entenda-como-a-injecao-no-olho-pode-tratar-doencas-da-retina\/\" target=\"_blank\" rel=\"noreferrer noopener\">medicamentosa <\/a>se persistente ou acompanhado de sintomas mais intensos.<\/p>\n\n\n\n<h2 class=\"wp-block-heading\">Quais alimentos podem ajudar a aliviar o Incha\u00e7o Abdominal?<\/h2>\n\n\n\n<p>Para mitigar o Incha\u00e7o Abdominal, a incorpora\u00e7\u00e3o de certos alimentos na dieta pode ser ben\u00e9fica. Alimentos diur\u00e9ticos como pepino, abacaxi e melancia reduzem a reten\u00e7\u00e3o de l\u00edquidos. O gengibre \u00e9 eficaz em estimular o esvaziamento do est\u00f4mago, enquanto hortel\u00e3 relaxa o intestino atrav\u00e9s de sua a\u00e7\u00e3o antiespasm\u00f3dica. A camomila serve para acalmar gases e c\u00f3licas, e a erva-doce ajuda na elimina\u00e7\u00e3o de gases. Al\u00e9m disso, alimentos ricos em fibras sol\u00faveis, como aveia, mam\u00e3o e ameixa, favorecem o tr\u00e2nsito intestinal sem provocar fermenta\u00e7\u00e3o excessiva.<\/p>\n\n\n\n<figure class=\"wp-block-image aligncenter size-large\"><img decoding=\"async\" width=\"1024\" height=\"576\" src=\"https:\/\/www.correiobraziliense.com.br\/cbradar\/wp-content\/uploads\/2025\/05\/inchaco-abdominal_1747244654615-1024x576.jpg\" alt=\"\" class=\"wp-image-36938\" srcset=\"https:\/\/www.correiobraziliense.com.br\/cbradar\/wp-content\/uploads\/2025\/05\/inchaco-abdominal_1747244654615-1024x576.jpg 1024w, https:\/\/www.correiobraziliense.com.br\/cbradar\/wp-content\/uploads\/2025\/05\/inchaco-abdominal_1747244654615-300x169.jpg 300w, https:\/\/www.correiobraziliense.com.br\/cbradar\/wp-content\/uploads\/2025\/05\/inchaco-abdominal_1747244654615-768x432.jpg 768w, https:\/\/www.correiobraziliense.com.br\/cbradar\/wp-content\/uploads\/2025\/05\/inchaco-abdominal_1747244654615-750x422.jpg 750w, https:\/\/www.correiobraziliense.com.br\/cbradar\/wp-content\/uploads\/2025\/05\/inchaco-abdominal_1747244654615-1140x641.jpg 1140w, https:\/\/www.correiobraziliense.com.br\/cbradar\/wp-content\/uploads\/2025\/05\/inchaco-abdominal_1747244654615.jpg 1280w\" sizes=\"(max-width: 1024px) 100vw, 1024px\" \/><figcaption class=\"wp-element-caption\">Incha\u00e7o Abdominal &#8211; Cr\u00e9ditos: depositphotos.com \/ sergio_pulp\n\n<\/figcaption><\/figure>\n\n\n\n<h2 class=\"wp-block-heading\">Qual \u00e9 o papel dos probi\u00f3ticos no al\u00edvio do incha\u00e7o?<\/h2>\n\n\n\n<p>Probi\u00f3ticos desempenham um papel crucial em equilibrar a flora intestinal e reduzir a fermenta\u00e7\u00e3o, o que pode resultar em menor Incha\u00e7o Abdominal. Exemplos de alimentos ricos em probi\u00f3ticos incluem iogurte natural com lactobacilos, kefir e condimentos fermentados como chucrute e kimchi, sendo recomendado consumi-los em pequenas quantidades para benef\u00edcios gastrointestinais.<\/p>\n\n\n\n<h2 class=\"wp-block-heading\">Quais alimentos devem ser evitados para prevenir o incha\u00e7o?<\/h2>\n\n\n\n<p>Al\u00e9m dos alimentos ben\u00e9ficos, \u00e9 importante reconhecer quais itens devem ser consumidos com modera\u00e7\u00e3o para prevenir o incha\u00e7o. Alimentos que tendem a causar gases ou que s\u00e3o de dif\u00edcil digest\u00e3o podem exacerbar a sensa\u00e7\u00e3o de estufamento. Compreender e ajustar a dieta de forma equilibrada \u00e9 uma estrat\u00e9gia essencial para manter um sistema digestivo saud\u00e1vel e minimizar o desconforto abdominal.<\/p>\n\n\n\n<p>O manejo do Incha\u00e7o Abdominal  passa por uma compreens\u00e3o clara das causas subjacentes e uma abordagem diet\u00e9tica cuidadosa. Incorporar alimentos ben\u00e9ficos, limitar aqueles que exacerbam os sintomas e considerar ajustes no uso de medicamentos s\u00e3o passos proativos para aliviar o desconforto e promover o bem-estar digestivo integral.<\/p>\n\n\n<a href=\"https:\/\/www.instagram.com\/dra.annaluisabf\/\" target=\"_blank\" rel=\"noopener\" style=\"text-decoration: none; color: inherit;\">\n    <span style=\"display: inline-block; border: 1px solid #ccc; border-radius: 10px; padding: 15px; max-width: 550px; font-family: sans-serif; box-shadow: 0 2px 5px rgba(0,0,0,0.1); width: 100%;\">\n\n      <!-- T\u00edtulo -->\n      <span style=\"display: block; margin: 0 0 15px 0; font-weight: bold; color: #2c3e50; text-align: center;\">\n        Entre em contato:\n      <\/span>\n\n      <!-- Linha do perfil -->\n      <span style=\"display: flex; align-items: center; gap: 15px;\">\n        <img decoding=\"async\"\n          src=\"https:\/\/www.correiobraziliense.com.br\/cbradar\/wp-content\/uploads\/2025\/08\/dra_anna_luisa.jpeg\"\n          alt=\"Foto da Dra. Anna Lu\u00edsa\"\n          style=\"border-radius: 50%; width: 80px; height: 80px; object-fit: cover;\"\n        \/>\n        <span style=\"display: flex; flex-direction: column;\">\n          <span style=\"font-size: 18px; font-weight: 700; color: #2c3e50;\">Dra. Anna Lu\u00edsa Barbosa Fernandes<\/span>\n          <span style=\"color: #555;\">CRM-GO 33.271<\/span>\n        <\/span>\n      <\/span>\n\n      <!-- Redes -->\n      <span style=\"display: flex; align-items: center; gap: 10px; margin-top: 12px;\">\n        <img decoding=\"async\" src=\"https:\/\/cdn-icons-png.flaticon.com\/24\/1384\/1384063.png\" alt=\"Instagram\" width=\"24\" height=\"24\" \/>\n        <span style=\"text-decoration: underline; color: #2c3e50;\">@dra.annaluisabf<\/span>\n      <\/span>\n\n    <\/span>\n  <\/a>","protected":false},"excerpt":{"rendered":"<p>O Incha\u00e7o Abdominal \u00e9 uma queixa comum associada ao desconforto digestivo e pode ocorrer de forma s\u00fabita, prejudicando a disposi\u00e7\u00e3o e a qualidade de vida de muitas pessoas. Embora geralmente seja tempor\u00e1rio, \u00e9 importante prestar aten\u00e7\u00e3o a este sintoma para evitar complica\u00e7\u00f5es maiores. O Incha\u00e7o Abdominal se caracteriza por sensa\u00e7\u00f5es de estufamento ou excesso de [&hellip;]<\/p>\n","protected":false},"author":14,"featured_media":36937,"comment_status":"open","ping_status":"open","sticky":false,"template":"","format":"standard","meta":{"_yoast_wpseo_focuskw":"Incha\u00e7o Abdominal","_yoast_wpseo_title":"","_yoast_wpseo_metadesc":"Incha\u00e7o abdominal alivia com ajustes simples e um detalhe na dieta e nos probi\u00f3ticos muda tudo descubra o passo que acelera resultados","jnews-multi-image_gallery":[],"jnews_single_post":{"format":"standard"},"jnews_primary_category":[],"jnews_social_meta":[],"jnews_override_counter":[],"footnotes":""},"categories":[4404],"post_tag":[281,120,1318],"class_list":["post-107687","post","type-post","status-publish","format-standard","has-post-thumbnail","hentry","category-saude","tag-alimentacao","tag-bem-estar","tag-saude-2"],"yoast_head":"<!-- This site is optimized with the Yoast SEO plugin v24.6 - https:\/\/yoast.com\/wordpress\/plugins\/seo\/ -->\n<title>Formas simples para acabar com o incha\u00e7o abdominal de uma vez por todas - Correio Braziliense - Radar<\/title>\n<meta name=\"description\" content=\"Incha\u00e7o abdominal alivia com ajustes simples e um detalhe na dieta e nos probi\u00f3ticos muda tudo descubra o passo que acelera resultados\" \/>\n<meta name=\"robots\" content=\"index, follow, max-snippet:-1, max-image-preview:large, max-video-preview:-1\" \/>\n<link rel=\"canonical\" href=\"https:\/\/www.correiobraziliense.com.br\/cbradar\/formas-simples-para-acabar-com-o-inchaco-abdominal-de-uma-vez-por-todas\/\" \/>\n<meta property=\"og:locale\" content=\"pt_BR\" \/>\n<meta property=\"og:type\" content=\"article\" \/>\n<meta property=\"og:title\" content=\"Formas simples para acabar com o incha\u00e7o abdominal de uma vez por todas - Correio Braziliense - Radar\" \/>\n<meta property=\"og:description\" content=\"Incha\u00e7o abdominal alivia com ajustes simples e um detalhe na dieta e nos probi\u00f3ticos muda tudo descubra o passo que acelera resultados\" \/>\n<meta property=\"og:url\" content=\"https:\/\/www.correiobraziliense.com.br\/cbradar\/formas-simples-para-acabar-com-o-inchaco-abdominal-de-uma-vez-por-todas\/\" \/>\n<meta property=\"og:site_name\" content=\"Correio Braziliense - Radar\" \/>\n<meta property=\"article:published_time\" content=\"2025-09-23T01:33:00+00:00\" \/>\n<meta property=\"og:image\" content=\"https:\/\/www.correiobraziliense.com.br\/cbradar\/wp-content\/uploads\/2025\/05\/inchaco-abdominal_1747244615850.jpg\" \/>\n\t<meta property=\"og:image:width\" content=\"1280\" \/>\n\t<meta property=\"og:image:height\" content=\"720\" \/>\n\t<meta property=\"og:image:type\" content=\"image\/jpeg\" \/>\n<meta name=\"author\" content=\"guilherme_saude\" \/>\n<meta name=\"twitter:card\" content=\"summary_large_image\" \/>\n<meta name=\"twitter:label1\" content=\"Escrito por\" \/>\n\t<meta name=\"twitter:data1\" content=\"guilherme_saude\" \/>\n\t<meta name=\"twitter:label2\" content=\"Est. tempo de leitura\" \/>\n\t<meta name=\"twitter:data2\" content=\"4 minutos\" \/>\n<!-- \/ Yoast SEO plugin. -->","yoast_head_json":{"title":"Formas simples para acabar com o incha\u00e7o abdominal de uma vez por todas - Correio Braziliense - Radar","description":"Incha\u00e7o abdominal alivia com ajustes simples e um detalhe na dieta e nos probi\u00f3ticos muda tudo descubra o passo que acelera resultados","robots":{"index":"index","follow":"follow","max-snippet":"max-snippet:-1","max-image-preview":"max-image-preview:large","max-video-preview":"max-video-preview:-1"},"canonical":"https:\/\/www.correiobraziliense.com.br\/cbradar\/formas-simples-para-acabar-com-o-inchaco-abdominal-de-uma-vez-por-todas\/","og_locale":"pt_BR","og_type":"article","og_title":"Formas simples para acabar com o incha\u00e7o abdominal de uma vez por todas - Correio Braziliense - Radar","og_description":"Incha\u00e7o abdominal alivia com ajustes simples e um detalhe na dieta e nos probi\u00f3ticos muda tudo descubra o passo que acelera resultados","og_url":"https:\/\/www.correiobraziliense.com.br\/cbradar\/formas-simples-para-acabar-com-o-inchaco-abdominal-de-uma-vez-por-todas\/","og_site_name":"Correio Braziliense - Radar","article_published_time":"2025-09-23T01:33:00+00:00","og_image":[{"width":1280,"height":720,"url":"https:\/\/www.correiobraziliense.com.br\/cbradar\/wp-content\/uploads\/2025\/05\/inchaco-abdominal_1747244615850.jpg","type":"image\/jpeg"}],"author":"guilherme_saude","twitter_card":"summary_large_image","twitter_misc":{"Escrito por":"guilherme_saude","Est. tempo de leitura":"4 minutos"},"schema":{"@context":"https:\/\/schema.org","@graph":[{"@type":"WebPage","@id":"https:\/\/www.correiobraziliense.com.br\/cbradar\/formas-simples-para-acabar-com-o-inchaco-abdominal-de-uma-vez-por-todas\/","url":"https:\/\/www.correiobraziliense.com.br\/cbradar\/formas-simples-para-acabar-com-o-inchaco-abdominal-de-uma-vez-por-todas\/","name":"Formas simples para acabar com o incha\u00e7o abdominal de uma vez por todas - Correio Braziliense - Radar","isPartOf":{"@id":"https:\/\/www.correiobraziliense.com.br\/cbradar\/#website"},"primaryImageOfPage":{"@id":"https:\/\/www.correiobraziliense.com.br\/cbradar\/formas-simples-para-acabar-com-o-inchaco-abdominal-de-uma-vez-por-todas\/#primaryimage"},"image":{"@id":"https:\/\/www.correiobraziliense.com.br\/cbradar\/formas-simples-para-acabar-com-o-inchaco-abdominal-de-uma-vez-por-todas\/#primaryimage"},"thumbnailUrl":"https:\/\/www.correiobraziliense.com.br\/cbradar\/wp-content\/uploads\/2025\/05\/inchaco-abdominal_1747244615850.jpg","datePublished":"2025-09-23T01:33:00+00:00","author":{"@id":"https:\/\/www.correiobraziliense.com.br\/cbradar\/#\/schema\/person\/5aa4bf3c8fa699c267933611de12978b"},"description":"Incha\u00e7o abdominal alivia com ajustes simples e um detalhe na dieta e nos probi\u00f3ticos muda tudo descubra o passo que acelera resultados","breadcrumb":{"@id":"https:\/\/www.correiobraziliense.com.br\/cbradar\/formas-simples-para-acabar-com-o-inchaco-abdominal-de-uma-vez-por-todas\/#breadcrumb"},"inLanguage":"pt-BR","potentialAction":[{"@type":"ReadAction","target":["https:\/\/www.correiobraziliense.com.br\/cbradar\/formas-simples-para-acabar-com-o-inchaco-abdominal-de-uma-vez-por-todas\/"]}]},{"@type":"ImageObject","inLanguage":"pt-BR","@id":"https:\/\/www.correiobraziliense.com.br\/cbradar\/formas-simples-para-acabar-com-o-inchaco-abdominal-de-uma-vez-por-todas\/#primaryimage","url":"https:\/\/www.correiobraziliense.com.br\/cbradar\/wp-content\/uploads\/2025\/05\/inchaco-abdominal_1747244615850.jpg","contentUrl":"https:\/\/www.correiobraziliense.com.br\/cbradar\/wp-content\/uploads\/2025\/05\/inchaco-abdominal_1747244615850.jpg","width":1280,"height":720,"caption":"ch\u00e1, probi\u00f3ticos e exerc\u00edcios: como acabar com o incha\u00e7o abdominal - Cr\u00e9ditos: depositphotos.com \/ ruigsantos"},{"@type":"BreadcrumbList","@id":"https:\/\/www.correiobraziliense.com.br\/cbradar\/formas-simples-para-acabar-com-o-inchaco-abdominal-de-uma-vez-por-todas\/#breadcrumb","itemListElement":[{"@type":"ListItem","position":1,"name":"In\u00edcio","item":"https:\/\/www.correiobraziliense.com.br\/cbradar\/"},{"@type":"ListItem","position":2,"name":"Formas simples para acabar com o incha\u00e7o abdominal de uma vez por todas"}]},{"@type":"WebSite","@id":"https:\/\/www.correiobraziliense.com.br\/cbradar\/#website","url":"https:\/\/www.correiobraziliense.com.br\/cbradar\/","name":"Correio Braziliense - Radar","description":"Acompanhe as \u00faltimas not\u00edcias e fique bem informado sobre tudo o que acontece no Brasil e no mundo.","potentialAction":[{"@type":"SearchAction","target":{"@type":"EntryPoint","urlTemplate":"https:\/\/www.correiobraziliense.com.br\/cbradar\/?s={search_term_string}"},"query-input":{"@type":"PropertyValueSpecification","valueRequired":true,"valueName":"search_term_string"}}],"inLanguage":"pt-BR"},{"@type":"Person","@id":"https:\/\/www.correiobraziliense.com.br\/cbradar\/#\/schema\/person\/5aa4bf3c8fa699c267933611de12978b","name":"guilherme_saude","image":{"@type":"ImageObject","inLanguage":"pt-BR","@id":"https:\/\/www.correiobraziliense.com.br\/cbradar\/#\/schema\/person\/image\/","url":"https:\/\/secure.gravatar.com\/avatar\/df9adfb835d344bc0af109d41756253f?s=96&d=mm&r=g","contentUrl":"https:\/\/secure.gravatar.com\/avatar\/df9adfb835d344bc0af109d41756253f?s=96&d=mm&r=g","caption":"guilherme_saude"},"url":"https:\/\/www.correiobraziliense.com.br\/cbradar\/author\/guilherme_saude\/"}]}},"_links":{"self":[{"href":"https:\/\/www.correiobraziliense.com.br\/cbradar\/wp-json\/wp\/v2\/posts\/107687","targetHints":{"allow":["GET"]}}],"collection":[{"href":"https:\/\/www.correiobraziliense.com.br\/cbradar\/wp-json\/wp\/v2\/posts"}],"about":[{"href":"https:\/\/www.correiobraziliense.com.br\/cbradar\/wp-json\/wp\/v2\/types\/post"}],"author":[{"embeddable":true,"href":"https:\/\/www.correiobraziliense.com.br\/cbradar\/wp-json\/wp\/v2\/users\/14"}],"replies":[{"embeddable":true,"href":"https:\/\/www.correiobraziliense.com.br\/cbradar\/wp-json\/wp\/v2\/comments?post=107687"}],"version-history":[{"count":1,"href":"https:\/\/www.correiobraziliense.com.br\/cbradar\/wp-json\/wp\/v2\/posts\/107687\/revisions"}],"predecessor-version":[{"id":107688,"href":"https:\/\/www.correiobraziliense.com.br\/cbradar\/wp-json\/wp\/v2\/posts\/107687\/revisions\/107688"}],"wp:featuredmedia":[{"embeddable":true,"href":"https:\/\/www.correiobraziliense.com.br\/cbradar\/wp-json\/wp\/v2\/media\/36937"}],"wp:attachment":[{"href":"https:\/\/www.correiobraziliense.com.br\/cbradar\/wp-json\/wp\/v2\/media?parent=107687"}],"wp:term":[{"taxonomy":"category","embeddable":true,"href":"https:\/\/www.correiobraziliense.com.br\/cbradar\/wp-json\/wp\/v2\/categories?post=107687"},{"taxonomy":"post_tag","embeddable":true,"href":"https:\/\/www.correiobraziliense.com.br\/cbradar\/wp-json\/wp\/v2\/post_tag?post=107687"}],"curies":[{"name":"wp","href":"https:\/\/api.w.org\/{rel}","templated":true}]}}