{"id":107694,"date":"2025-09-23T06:23:00","date_gmt":"2025-09-23T09:23:00","guid":{"rendered":"https:\/\/www.correiobraziliense.com.br\/cbradar\/?p=107694"},"modified":"2025-09-22T00:02:10","modified_gmt":"2025-09-22T03:02:10","slug":"planos-cobrirao-remedios-de-lupus-a-partir-de-novembro","status":"publish","type":"post","link":"https:\/\/www.correiobraziliense.com.br\/cbradar\/planos-cobrirao-remedios-de-lupus-a-partir-de-novembro\/","title":{"rendered":"Planos cobrir\u00e3o rem\u00e9dios de l\u00fapus a partir de novembro"},"content":{"rendered":"\n<p>Recentemente, a <strong>Ag\u00eancia Nacional de Sa\u00fade Suplementar (ANS)<\/strong> anunciou uma significativa atualiza\u00e7\u00e3o no rol de procedimentos cobertos pelos <a href=\"https:\/\/www.gov.br\/saude\/pt-br\" target=\"_blank\" rel=\"noreferrer noopener\">planos de sa\u00fade <\/a>brasileiros. Essa inclus\u00e3o contempla dois medicamentos especializados para o tratamento do <strong>L\u00fapus <\/strong>eritematoso sist\u00eamico: o anifrolumabe e o belimumabe. A partir de novembro de 2025, esses medicamentos estar\u00e3o dispon\u00edveis para pacientes que enfrentam crises frequentes, mesmo com o uso de terapias padr\u00e3o.<\/p>\n\n\n\n<p>O L\u00fapus eritematoso sist\u00eamico \u00e9 uma doen\u00e7a autoimune cr\u00f4nica que afeta um n\u00famero expressivo de pessoas no Brasil, especialmente mulheres jovens, de 20 a 45 anos. Caracterizada pela inflama\u00e7\u00e3o de tecidos e \u00f3rg\u00e3os, essa condi\u00e7\u00e3o pode resultar em dores agudas e limita\u00e7\u00f5es nas atividades di\u00e1rias. A inclus\u00e3o dos medicamentos anifrolumabe e belimumabe no rol de procedimentos visa melhorar tanto a qualidade de vida dos pacientes quanto a efic\u00e1cia do tratamento.<\/p>\n\n\n\n<h2 class=\"wp-block-heading\">Quais os impactos da novidade nos planos de Sa\u00fade?<\/h2>\n\n\n\n<p>A decis\u00e3o de incorporar esses medicamentos ao rol de procedimentos obrigat\u00f3rios marca a primeira vez que tratamentos exclusivos para o L\u00fapus s\u00e3o reconhecidos pelas operadoras de sa\u00fade. A inclus\u00e3o \u00e9 um avan\u00e7o importante, j\u00e1 que os medicamentos beneficiariam diretamente cerca de 2 mil pacientes atualmente. Essa mudan\u00e7a representa um al\u00edvio significativo para aqueles cujas terapias atuais n\u00e3o conseguem controlar os sintomas da doen\u00e7a.<\/p>\n\n\n<div class=\"wp-block-image\">\n<figure class=\"aligncenter size-large\"><img decoding=\"async\" width=\"1024\" height=\"576\" src=\"https:\/\/www.correiobraziliense.com.br\/cbradar\/wp-content\/uploads\/2025\/09\/lupus_1758510085185-1024x576.jpg\" alt=\"\" class=\"wp-image-107696\" srcset=\"https:\/\/www.correiobraziliense.com.br\/cbradar\/wp-content\/uploads\/2025\/09\/lupus_1758510085185-1024x576.jpg 1024w, https:\/\/www.correiobraziliense.com.br\/cbradar\/wp-content\/uploads\/2025\/09\/lupus_1758510085185-300x169.jpg 300w, https:\/\/www.correiobraziliense.com.br\/cbradar\/wp-content\/uploads\/2025\/09\/lupus_1758510085185-768x432.jpg 768w, https:\/\/www.correiobraziliense.com.br\/cbradar\/wp-content\/uploads\/2025\/09\/lupus_1758510085185-750x422.jpg 750w, https:\/\/www.correiobraziliense.com.br\/cbradar\/wp-content\/uploads\/2025\/09\/lupus_1758510085185-1140x641.jpg 1140w, https:\/\/www.correiobraziliense.com.br\/cbradar\/wp-content\/uploads\/2025\/09\/lupus_1758510085185.jpg 1280w\" sizes=\"(max-width: 1024px) 100vw, 1024px\" \/><figcaption class=\"wp-element-caption\">L\u00fapus &#8211; Cr\u00e9ditos: depositphotos.com \/ VadimVasenin<\/figcaption><\/figure><\/div>\n\n\n<p>Estima-se que entre 150 mil e 300 mil brasileiros convivam com o L\u00fapus, de acordo com dados da Sociedade Brasileira de Reumatologia. Entretanto, esses n\u00fameros ainda precisam de confirma\u00e7\u00e3o por meio de estudos epidemiol\u00f3gicos amplos que possam oferecer um entendimento mais claro do impacto da condi\u00e7\u00e3o no pa\u00eds.<\/p>\n\n\n\n<h2 class=\"wp-block-heading\">Por que o foco no L\u00fapus eritematoso sist\u00eamico?<\/h2>\n\n\n\n<p>A escolha dos medicamentos para o L\u00fapus est\u00e1 diretamente relacionada \u00e0 natureza complexa e imprevis\u00edvel da doen\u00e7a. O L\u00fapus eritematoso sist\u00eamico \u00e9 um desafio m\u00e9dico devido \u00e0 sua capacidade de afetar diversas partes do corpo e sua preval\u00eancia em grupos espec\u00edficos, como mulheres jovens e pessoas negras, tanto no Brasil quanto globalmente. Para muitos destes pacientes, os tratamentos convencionais n\u00e3o s\u00e3o suficientes.<\/p>\n\n\n\n<p>A inclus\u00e3o dos medicamentos no rol de procedimentos obrigat\u00f3rios evidencia um compromisso com a pesquisa m\u00e9dica e com os pacientes que vivem com a doen\u00e7a. Al\u00e9m disso, refor\u00e7a a necessidade cont\u00ednua de sensibiliza\u00e7\u00e3o e educa\u00e7\u00e3o sobre a import\u00e2ncia do diagn\u00f3stico precoce e do tratamento eficaz do L\u00fapus.<\/p>\n\n\n\n<h2 class=\"wp-block-heading\">Como a sociedade de reumatologia visualiza o futuro dos pacientes?<\/h2>\n\n\n\n<p>A Sociedade Brasileira de Reumatologia, e outras entidades m\u00e9dicas, veem a inclus\u00e3o desses medicamentos como um passo significante na dire\u00e7\u00e3o correta. Destacam-se as possibilidades de promover um al\u00edvio mais r\u00e1pido dos sintomas e prevenir complica\u00e7\u00f5es s\u00e9rias, como problemas renais e dist\u00farbios cardiovasculares. Igualmente cr\u00edtico \u00e9 o apoio oferecido aos pacientes que precisam de ajustes em seus tratamentos.<\/p>\n\n\n\n<p>Essa mudan\u00e7a pol\u00edtica e pr\u00e1tica refor\u00e7a a import\u00e2ncia de uma gest\u00e3o m\u00e9dica cuidadosa e personalizada para cada caso de L\u00fapus, al\u00e9m da necessidade de pol\u00edticas de <a href=\"https:\/\/www.correiobraziliense.com.br\/cbradar\/entenda-como-a-injecao-no-olho-pode-tratar-doencas-da-retina\/\" target=\"_blank\" rel=\"noreferrer noopener\">sa\u00fade <\/a>mais inclusivas e eficazes no Brasil.<\/p>\n\n\n\n<h2 class=\"wp-block-heading\">\u00c9 um novo caminho de para o tratamento do L\u00fapus?<\/h2>\n\n\n\n<p>Com a disponibilidade dos novos medicamentos, o campo da reumatologia no Brasil d\u00e1 um passo importante rumo \u00e0 moderniza\u00e7\u00e3o de suas abordagens terap\u00eauticas. Esse \u00e9 mais um exemplo de como as pol\u00edticas de sa\u00fade p\u00fablica podem ser adaptadas para satisfazer as necessidades dos pacientes com doen\u00e7as complexas. A esperan\u00e7a \u00e9 que tais avan\u00e7os tragam n\u00e3o apenas melhorias nos tratamentos j\u00e1 existentes, mas tamb\u00e9m na conscientiza\u00e7\u00e3o p\u00fablica sobre as dificuldades enfrentadas por quem vive com L\u00fapus.<\/p>\n\n\n\n<p>Com estas mudan\u00e7as, o futuro se desenha mais promissor para as pessoas que convivem com essa doen\u00e7a desafiadora, potencialmente transformando suas perspectivas de sa\u00fade e bem-estar.<\/p>\n\n\n<a href=\"https:\/\/www.instagram.com\/dra.annaluisabf\/\" target=\"_blank\" rel=\"noopener\" style=\"text-decoration: none; color: inherit;\">\n    <span style=\"display: inline-block; border: 1px solid #ccc; border-radius: 10px; padding: 15px; max-width: 550px; font-family: sans-serif; box-shadow: 0 2px 5px rgba(0,0,0,0.1); width: 100%;\">\n\n      <!-- T\u00edtulo -->\n      <span style=\"display: block; margin: 0 0 15px 0; font-weight: bold; color: #2c3e50; text-align: center;\">\n        Entre em contato:\n      <\/span>\n\n      <!-- Linha do perfil -->\n      <span style=\"display: flex; align-items: center; gap: 15px;\">\n        <img decoding=\"async\"\n          src=\"https:\/\/www.correiobraziliense.com.br\/cbradar\/wp-content\/uploads\/2025\/08\/dra_anna_luisa.jpeg\"\n          alt=\"Foto da Dra. Anna Lu\u00edsa\"\n          style=\"border-radius: 50%; width: 80px; height: 80px; object-fit: cover;\"\n        \/>\n        <span style=\"display: flex; flex-direction: column;\">\n          <span style=\"font-size: 18px; font-weight: 700; color: #2c3e50;\">Dra. Anna Lu\u00edsa Barbosa Fernandes<\/span>\n          <span style=\"color: #555;\">CRM-GO 33.271<\/span>\n        <\/span>\n      <\/span>\n\n      <!-- Redes -->\n      <span style=\"display: flex; align-items: center; gap: 10px; margin-top: 12px;\">\n        <img decoding=\"async\" src=\"https:\/\/cdn-icons-png.flaticon.com\/24\/1384\/1384063.png\" alt=\"Instagram\" width=\"24\" height=\"24\" \/>\n        <span style=\"text-decoration: underline; color: #2c3e50;\">@dra.annaluisabf<\/span>\n      <\/span>\n\n    <\/span>\n  <\/a>","protected":false},"excerpt":{"rendered":"<p>Recentemente, a Ag\u00eancia Nacional de Sa\u00fade Suplementar (ANS) anunciou uma significativa atualiza\u00e7\u00e3o no rol de procedimentos cobertos pelos planos de sa\u00fade brasileiros. Essa inclus\u00e3o contempla dois medicamentos especializados para o tratamento do L\u00fapus eritematoso sist\u00eamico: o anifrolumabe e o belimumabe. A partir de novembro de 2025, esses medicamentos estar\u00e3o dispon\u00edveis para pacientes que enfrentam crises [&hellip;]<\/p>\n","protected":false},"author":14,"featured_media":107695,"comment_status":"open","ping_status":"open","sticky":false,"template":"","format":"standard","meta":{"_yoast_wpseo_focuskw":"L\u00fapus","_yoast_wpseo_title":"","_yoast_wpseo_metadesc":"L\u00fapus eritematoso sist\u00eamico com crises frequentes agora tem op\u00e7\u00e3o nos planos veja o ponto decisivo para garantir a nova terapia","jnews-multi-image_gallery":[],"jnews_single_post":{"format":"standard"},"jnews_primary_category":[],"jnews_social_meta":[],"jnews_override_counter":[],"footnotes":""},"categories":[4404],"post_tag":[120,10438,1318],"class_list":["post-107694","post","type-post","status-publish","format-standard","has-post-thumbnail","hentry","category-saude","tag-bem-estar","tag-lupus-2","tag-saude-2"],"yoast_head":"<!-- This site is optimized with the Yoast SEO plugin v24.6 - https:\/\/yoast.com\/wordpress\/plugins\/seo\/ -->\n<title>Planos cobrir\u00e3o rem\u00e9dios de l\u00fapus a partir de novembro - Correio Braziliense - Radar<\/title>\n<meta name=\"description\" content=\"L\u00fapus eritematoso sist\u00eamico com crises frequentes agora tem op\u00e7\u00e3o nos planos veja o ponto decisivo para garantir a nova terapia\" \/>\n<meta name=\"robots\" content=\"index, follow, max-snippet:-1, max-image-preview:large, max-video-preview:-1\" \/>\n<link rel=\"canonical\" href=\"https:\/\/www.correiobraziliense.com.br\/cbradar\/planos-cobrirao-remedios-de-lupus-a-partir-de-novembro\/\" \/>\n<meta property=\"og:locale\" content=\"pt_BR\" \/>\n<meta property=\"og:type\" content=\"article\" \/>\n<meta property=\"og:title\" content=\"Planos cobrir\u00e3o rem\u00e9dios de l\u00fapus a partir de novembro - Correio Braziliense - Radar\" \/>\n<meta property=\"og:description\" content=\"L\u00fapus eritematoso sist\u00eamico com crises frequentes agora tem op\u00e7\u00e3o nos planos veja o ponto decisivo para garantir a nova terapia\" \/>\n<meta property=\"og:url\" content=\"https:\/\/www.correiobraziliense.com.br\/cbradar\/planos-cobrirao-remedios-de-lupus-a-partir-de-novembro\/\" \/>\n<meta property=\"og:site_name\" content=\"Correio Braziliense - Radar\" \/>\n<meta property=\"article:published_time\" content=\"2025-09-23T09:23:00+00:00\" \/>\n<meta property=\"og:image\" content=\"https:\/\/www.correiobraziliense.com.br\/cbradar\/wp-content\/uploads\/2025\/09\/lupus_1758509992002.jpg\" \/>\n\t<meta property=\"og:image:width\" content=\"1280\" \/>\n\t<meta property=\"og:image:height\" content=\"720\" \/>\n\t<meta property=\"og:image:type\" content=\"image\/jpeg\" \/>\n<meta name=\"author\" content=\"guilherme_saude\" \/>\n<meta name=\"twitter:card\" content=\"summary_large_image\" \/>\n<meta name=\"twitter:label1\" content=\"Escrito por\" \/>\n\t<meta name=\"twitter:data1\" content=\"guilherme_saude\" \/>\n\t<meta name=\"twitter:label2\" content=\"Est. tempo de leitura\" \/>\n\t<meta name=\"twitter:data2\" content=\"5 minutos\" \/>\n<!-- \/ Yoast SEO plugin. -->","yoast_head_json":{"title":"Planos cobrir\u00e3o rem\u00e9dios de l\u00fapus a partir de novembro - Correio Braziliense - Radar","description":"L\u00fapus eritematoso sist\u00eamico com crises frequentes agora tem op\u00e7\u00e3o nos planos veja o ponto decisivo para garantir a nova terapia","robots":{"index":"index","follow":"follow","max-snippet":"max-snippet:-1","max-image-preview":"max-image-preview:large","max-video-preview":"max-video-preview:-1"},"canonical":"https:\/\/www.correiobraziliense.com.br\/cbradar\/planos-cobrirao-remedios-de-lupus-a-partir-de-novembro\/","og_locale":"pt_BR","og_type":"article","og_title":"Planos cobrir\u00e3o rem\u00e9dios de l\u00fapus a partir de novembro - Correio Braziliense - Radar","og_description":"L\u00fapus eritematoso sist\u00eamico com crises frequentes agora tem op\u00e7\u00e3o nos planos veja o ponto decisivo para garantir a nova terapia","og_url":"https:\/\/www.correiobraziliense.com.br\/cbradar\/planos-cobrirao-remedios-de-lupus-a-partir-de-novembro\/","og_site_name":"Correio Braziliense - Radar","article_published_time":"2025-09-23T09:23:00+00:00","og_image":[{"width":1280,"height":720,"url":"https:\/\/www.correiobraziliense.com.br\/cbradar\/wp-content\/uploads\/2025\/09\/lupus_1758509992002.jpg","type":"image\/jpeg"}],"author":"guilherme_saude","twitter_card":"summary_large_image","twitter_misc":{"Escrito por":"guilherme_saude","Est. tempo de leitura":"5 minutos"},"schema":{"@context":"https:\/\/schema.org","@graph":[{"@type":"WebPage","@id":"https:\/\/www.correiobraziliense.com.br\/cbradar\/planos-cobrirao-remedios-de-lupus-a-partir-de-novembro\/","url":"https:\/\/www.correiobraziliense.com.br\/cbradar\/planos-cobrirao-remedios-de-lupus-a-partir-de-novembro\/","name":"Planos cobrir\u00e3o rem\u00e9dios de l\u00fapus a partir de novembro - Correio Braziliense - Radar","isPartOf":{"@id":"https:\/\/www.correiobraziliense.com.br\/cbradar\/#website"},"primaryImageOfPage":{"@id":"https:\/\/www.correiobraziliense.com.br\/cbradar\/planos-cobrirao-remedios-de-lupus-a-partir-de-novembro\/#primaryimage"},"image":{"@id":"https:\/\/www.correiobraziliense.com.br\/cbradar\/planos-cobrirao-remedios-de-lupus-a-partir-de-novembro\/#primaryimage"},"thumbnailUrl":"https:\/\/www.correiobraziliense.com.br\/cbradar\/wp-content\/uploads\/2025\/09\/lupus_1758509992002.jpg","datePublished":"2025-09-23T09:23:00+00:00","author":{"@id":"https:\/\/www.correiobraziliense.com.br\/cbradar\/#\/schema\/person\/5aa4bf3c8fa699c267933611de12978b"},"description":"L\u00fapus eritematoso sist\u00eamico com crises frequentes agora tem op\u00e7\u00e3o nos planos veja o ponto decisivo para garantir a nova terapia","breadcrumb":{"@id":"https:\/\/www.correiobraziliense.com.br\/cbradar\/planos-cobrirao-remedios-de-lupus-a-partir-de-novembro\/#breadcrumb"},"inLanguage":"pt-BR","potentialAction":[{"@type":"ReadAction","target":["https:\/\/www.correiobraziliense.com.br\/cbradar\/planos-cobrirao-remedios-de-lupus-a-partir-de-novembro\/"]}]},{"@type":"ImageObject","inLanguage":"pt-BR","@id":"https:\/\/www.correiobraziliense.com.br\/cbradar\/planos-cobrirao-remedios-de-lupus-a-partir-de-novembro\/#primaryimage","url":"https:\/\/www.correiobraziliense.com.br\/cbradar\/wp-content\/uploads\/2025\/09\/lupus_1758509992002.jpg","contentUrl":"https:\/\/www.correiobraziliense.com.br\/cbradar\/wp-content\/uploads\/2025\/09\/lupus_1758509992002.jpg","width":1280,"height":720,"caption":"L\u00fapus - Cr\u00e9ditos: depositphotos.com \/ VadimVasenin"},{"@type":"BreadcrumbList","@id":"https:\/\/www.correiobraziliense.com.br\/cbradar\/planos-cobrirao-remedios-de-lupus-a-partir-de-novembro\/#breadcrumb","itemListElement":[{"@type":"ListItem","position":1,"name":"In\u00edcio","item":"https:\/\/www.correiobraziliense.com.br\/cbradar\/"},{"@type":"ListItem","position":2,"name":"Planos cobrir\u00e3o rem\u00e9dios de l\u00fapus a partir de novembro"}]},{"@type":"WebSite","@id":"https:\/\/www.correiobraziliense.com.br\/cbradar\/#website","url":"https:\/\/www.correiobraziliense.com.br\/cbradar\/","name":"Correio Braziliense - Radar","description":"Acompanhe as \u00faltimas not\u00edcias e fique bem informado sobre tudo o que acontece no Brasil e no mundo.","potentialAction":[{"@type":"SearchAction","target":{"@type":"EntryPoint","urlTemplate":"https:\/\/www.correiobraziliense.com.br\/cbradar\/?s={search_term_string}"},"query-input":{"@type":"PropertyValueSpecification","valueRequired":true,"valueName":"search_term_string"}}],"inLanguage":"pt-BR"},{"@type":"Person","@id":"https:\/\/www.correiobraziliense.com.br\/cbradar\/#\/schema\/person\/5aa4bf3c8fa699c267933611de12978b","name":"guilherme_saude","image":{"@type":"ImageObject","inLanguage":"pt-BR","@id":"https:\/\/www.correiobraziliense.com.br\/cbradar\/#\/schema\/person\/image\/","url":"https:\/\/secure.gravatar.com\/avatar\/df9adfb835d344bc0af109d41756253f?s=96&d=mm&r=g","contentUrl":"https:\/\/secure.gravatar.com\/avatar\/df9adfb835d344bc0af109d41756253f?s=96&d=mm&r=g","caption":"guilherme_saude"},"url":"https:\/\/www.correiobraziliense.com.br\/cbradar\/author\/guilherme_saude\/"}]}},"_links":{"self":[{"href":"https:\/\/www.correiobraziliense.com.br\/cbradar\/wp-json\/wp\/v2\/posts\/107694","targetHints":{"allow":["GET"]}}],"collection":[{"href":"https:\/\/www.correiobraziliense.com.br\/cbradar\/wp-json\/wp\/v2\/posts"}],"about":[{"href":"https:\/\/www.correiobraziliense.com.br\/cbradar\/wp-json\/wp\/v2\/types\/post"}],"author":[{"embeddable":true,"href":"https:\/\/www.correiobraziliense.com.br\/cbradar\/wp-json\/wp\/v2\/users\/14"}],"replies":[{"embeddable":true,"href":"https:\/\/www.correiobraziliense.com.br\/cbradar\/wp-json\/wp\/v2\/comments?post=107694"}],"version-history":[{"count":1,"href":"https:\/\/www.correiobraziliense.com.br\/cbradar\/wp-json\/wp\/v2\/posts\/107694\/revisions"}],"predecessor-version":[{"id":107697,"href":"https:\/\/www.correiobraziliense.com.br\/cbradar\/wp-json\/wp\/v2\/posts\/107694\/revisions\/107697"}],"wp:featuredmedia":[{"embeddable":true,"href":"https:\/\/www.correiobraziliense.com.br\/cbradar\/wp-json\/wp\/v2\/media\/107695"}],"wp:attachment":[{"href":"https:\/\/www.correiobraziliense.com.br\/cbradar\/wp-json\/wp\/v2\/media?parent=107694"}],"wp:term":[{"taxonomy":"category","embeddable":true,"href":"https:\/\/www.correiobraziliense.com.br\/cbradar\/wp-json\/wp\/v2\/categories?post=107694"},{"taxonomy":"post_tag","embeddable":true,"href":"https:\/\/www.correiobraziliense.com.br\/cbradar\/wp-json\/wp\/v2\/post_tag?post=107694"}],"curies":[{"name":"wp","href":"https:\/\/api.w.org\/{rel}","templated":true}]}}