{"id":107698,"date":"2025-09-23T08:03:00","date_gmt":"2025-09-23T11:03:00","guid":{"rendered":"https:\/\/www.correiobraziliense.com.br\/cbradar\/?p=107698"},"modified":"2025-09-22T00:05:27","modified_gmt":"2025-09-22T03:05:27","slug":"por-que-o-alecrim-e-mais-do-que-so-um-temperinho-conheca-seus-beneficios","status":"publish","type":"post","link":"https:\/\/www.correiobraziliense.com.br\/cbradar\/por-que-o-alecrim-e-mais-do-que-so-um-temperinho-conheca-seus-beneficios\/","title":{"rendered":"Por que o Alecrim \u00e9 mais do que s\u00f3 um temperinho? Conhe\u00e7a seus benef\u00edcios"},"content":{"rendered":"\n<p>O <strong>Alecrim <\/strong>\u00e9 uma erva amplamente utilizada na culin\u00e1ria, mas seus benef\u00edcios v\u00e3o al\u00e9m do sabor que adiciona aos pratos. Ele possui diversos compostos bioativos que podem oferecer prote\u00e7\u00e3o e suporte ao p\u00e2ncreas, um \u00f3rg\u00e3o vital no processo digestivo e no controle do a\u00e7\u00facar no sangue.<\/p>\n\n\n\n<p>Rico em antioxidantes, o Alecrim cont\u00e9m componentes como o \u00e1cido rosmar\u00ednico e o \u00e1cido carn\u00f3sico, que ajudam a neutralizar radicais livres, prevenindo danos celulares. Esses antioxidantes s\u00e3o particularmente ben\u00e9ficos para proteger as c\u00e9lulas pancre\u00e1ticas do estresse oxidativo, uma condi\u00e7\u00e3o que pode dificultar a produ\u00e7\u00e3o de insulina e aumentar a predisposi\u00e7\u00e3o ao diabetes tipo 2.<\/p>\n\n\n\n<h2 class=\"wp-block-heading\">Por que o Alecrim \u00e9 importante para a sa\u00fade do p\u00e2ncreas?<\/h2>\n\n\n\n<p>Os efeitos do Alecrim no p\u00e2ncreas n\u00e3o se limitam apenas \u00e0 neutraliza\u00e7\u00e3o dos radicais livres. Ele tamb\u00e9m demonstra propriedades anti-inflamat\u00f3rias atrav\u00e9s de compostos que podem ajudar a reduzir inflama\u00e7\u00f5es, mantendo o p\u00e2ncreas em melhor condi\u00e7\u00e3o. A inflama\u00e7\u00e3o cr\u00f4nica do p\u00e2ncreas pode comprometer fun\u00e7\u00f5es importantes, mas os compostos do Alecrim auxiliam no al\u00edvio dessa condi\u00e7\u00e3o, promovendo um melhor equil\u00edbrio da glicose no sangue.<\/p>\n\n\n<div class=\"wp-block-image\">\n<figure class=\"aligncenter size-large\"><img decoding=\"async\" width=\"1024\" height=\"576\" src=\"https:\/\/www.correiobraziliense.com.br\/cbradar\/wp-content\/uploads\/2025\/05\/alecrim_1748710816991-1024x576.jpg\" alt=\"\" class=\"wp-image-45729\" srcset=\"https:\/\/www.correiobraziliense.com.br\/cbradar\/wp-content\/uploads\/2025\/05\/alecrim_1748710816991-1024x576.jpg 1024w, https:\/\/www.correiobraziliense.com.br\/cbradar\/wp-content\/uploads\/2025\/05\/alecrim_1748710816991-300x169.jpg 300w, https:\/\/www.correiobraziliense.com.br\/cbradar\/wp-content\/uploads\/2025\/05\/alecrim_1748710816991-768x432.jpg 768w, https:\/\/www.correiobraziliense.com.br\/cbradar\/wp-content\/uploads\/2025\/05\/alecrim_1748710816991-750x422.jpg 750w, https:\/\/www.correiobraziliense.com.br\/cbradar\/wp-content\/uploads\/2025\/05\/alecrim_1748710816991-1140x641.jpg 1140w, https:\/\/www.correiobraziliense.com.br\/cbradar\/wp-content\/uploads\/2025\/05\/alecrim_1748710816991.jpg 1280w\" sizes=\"(max-width: 1024px) 100vw, 1024px\" \/><figcaption class=\"wp-element-caption\">Alecrim &#8211; Cr\u00e9ditos: depositphotos.com \/ MarusiaBO<\/figcaption><\/figure><\/div>\n\n\n<h2 class=\"wp-block-heading\">Como incorporar o Alecrim na dieta?<\/h2>\n\n\n\n<p>O Alecrim pode ser facilmente inserido na dieta di\u00e1ria de diversas maneiras. Uma das formas mais populares \u00e9 atrav\u00e9s de infus\u00f5es ou ch\u00e1s. Para preparar uma infus\u00e3o de Alecrim, pode-se usar alguns ramos da erva em \u00e1gua quente, criando uma bebida que pode ser consumida ap\u00f3s as refei\u00e7\u00f5es. Este h\u00e1bito pode contribuir para a <a href=\"https:\/\/www.correiobraziliense.com.br\/cbradar\/entenda-como-a-injecao-no-olho-pode-tratar-doencas-da-retina\/\" target=\"_blank\" rel=\"noreferrer noopener\">sa\u00fade <\/a>digestiva geral e a fun\u00e7\u00e3o pancre\u00e1tica.<\/p>\n\n\n\n<h2 class=\"wp-block-heading\">Quais cuidados devem ser tomados com o consumo de Alecrim?<\/h2>\n\n\n\n<p>Embora o Alecrim seja ben\u00e9fico, \u00e9 necess\u00e1rio consumi-lo com modera\u00e7\u00e3o. Tomar ch\u00e1 de alecrim em excesso pode ocasionar problemas digestivos, portanto, \u00e9 aconselh\u00e1vel limitar o consumo a tr\u00eas x\u00edcaras por dia. Al\u00e9m disso, pessoas com condi\u00e7\u00f5es de sa\u00fade espec\u00edficas ou que estejam gr\u00e1vidas devem consultar um profissional de sa\u00fade antes de adicionar o Alecrim \u00e0 sua dieta para garantir que ele n\u00e3o interaja negativamente com medicamentos ou condi\u00e7\u00f5es preexistentes.<\/p>\n\n\n\n<p>O uso respons\u00e1vel e informado do Alecrim pode proporcionar benef\u00edcios consider\u00e1veis para o bem-estar geral e, em particular, para a sa\u00fade do p\u00e2ncreas, complementando um estilo de vida saud\u00e1vel e equilibrado.<\/p>\n\n\n<a href=\"https:\/\/www.instagram.com\/dra.annaluisabf\/\" target=\"_blank\" rel=\"noopener\" style=\"text-decoration: none; color: inherit;\">\n    <span style=\"display: inline-block; border: 1px solid #ccc; border-radius: 10px; padding: 15px; max-width: 550px; font-family: sans-serif; box-shadow: 0 2px 5px rgba(0,0,0,0.1); width: 100%;\">\n\n      <!-- T\u00edtulo -->\n      <span style=\"display: block; margin: 0 0 15px 0; font-weight: bold; color: #2c3e50; text-align: center;\">\n        Entre em contato:\n      <\/span>\n\n      <!-- Linha do perfil -->\n      <span style=\"display: flex; align-items: center; gap: 15px;\">\n        <img decoding=\"async\"\n          src=\"https:\/\/www.correiobraziliense.com.br\/cbradar\/wp-content\/uploads\/2025\/08\/dra_anna_luisa.jpeg\"\n          alt=\"Foto da Dra. Anna Lu\u00edsa\"\n          style=\"border-radius: 50%; width: 80px; height: 80px; object-fit: cover;\"\n        \/>\n        <span style=\"display: flex; flex-direction: column;\">\n          <span style=\"font-size: 18px; font-weight: 700; color: #2c3e50;\">Dra. Anna Lu\u00edsa Barbosa Fernandes<\/span>\n          <span style=\"color: #555;\">CRM-GO 33.271<\/span>\n        <\/span>\n      <\/span>\n\n      <!-- Redes -->\n      <span style=\"display: flex; align-items: center; gap: 10px; margin-top: 12px;\">\n        <img decoding=\"async\" src=\"https:\/\/cdn-icons-png.flaticon.com\/24\/1384\/1384063.png\" alt=\"Instagram\" width=\"24\" height=\"24\" \/>\n        <span style=\"text-decoration: underline; color: #2c3e50;\">@dra.annaluisabf<\/span>\n      <\/span>\n\n    <\/span>\n  <\/a>","protected":false},"excerpt":{"rendered":"<p>O Alecrim \u00e9 uma erva amplamente utilizada na culin\u00e1ria, mas seus benef\u00edcios v\u00e3o al\u00e9m do sabor que adiciona aos pratos. Ele possui diversos compostos bioativos que podem oferecer prote\u00e7\u00e3o e suporte ao p\u00e2ncreas, um \u00f3rg\u00e3o vital no processo digestivo e no controle do a\u00e7\u00facar no sangue. Rico em antioxidantes, o Alecrim cont\u00e9m componentes como o [&hellip;]<\/p>\n","protected":false},"author":14,"featured_media":45730,"comment_status":"open","ping_status":"open","sticky":false,"template":"","format":"standard","meta":{"_yoast_wpseo_focuskw":"Alecrim","_yoast_wpseo_title":"","_yoast_wpseo_metadesc":"Alecrim em ch\u00e1 ou na comida apoia digest\u00e3o e equil\u00edbrio glic\u00eamico mas h\u00e1 cuidados para gestantes e intera\u00e7\u00f5es conhe\u00e7a o passo certo","jnews-multi-image_gallery":[],"jnews_single_post":{"format":"standard"},"jnews_primary_category":[],"jnews_social_meta":[],"jnews_override_counter":[],"footnotes":""},"categories":[4404],"post_tag":[1423,120,1318],"class_list":["post-107698","post","type-post","status-publish","format-standard","has-post-thumbnail","hentry","category-saude","tag-alimentos","tag-bem-estar","tag-saude-2"],"yoast_head":"<!-- This site is optimized with the Yoast SEO plugin v24.6 - https:\/\/yoast.com\/wordpress\/plugins\/seo\/ -->\n<title>Por que o Alecrim \u00e9 mais do que s\u00f3 um temperinho? Conhe\u00e7a seus benef\u00edcios - Correio Braziliense - Radar<\/title>\n<meta name=\"description\" content=\"Alecrim em ch\u00e1 ou na comida apoia digest\u00e3o e equil\u00edbrio glic\u00eamico mas h\u00e1 cuidados para gestantes e intera\u00e7\u00f5es conhe\u00e7a o passo certo\" \/>\n<meta name=\"robots\" content=\"index, follow, max-snippet:-1, max-image-preview:large, max-video-preview:-1\" \/>\n<link rel=\"canonical\" href=\"https:\/\/www.correiobraziliense.com.br\/cbradar\/por-que-o-alecrim-e-mais-do-que-so-um-temperinho-conheca-seus-beneficios\/\" \/>\n<meta property=\"og:locale\" content=\"pt_BR\" \/>\n<meta property=\"og:type\" content=\"article\" \/>\n<meta property=\"og:title\" content=\"Por que o Alecrim \u00e9 mais do que s\u00f3 um temperinho? Conhe\u00e7a seus benef\u00edcios - Correio Braziliense - Radar\" \/>\n<meta property=\"og:description\" content=\"Alecrim em ch\u00e1 ou na comida apoia digest\u00e3o e equil\u00edbrio glic\u00eamico mas h\u00e1 cuidados para gestantes e intera\u00e7\u00f5es conhe\u00e7a o passo certo\" \/>\n<meta property=\"og:url\" content=\"https:\/\/www.correiobraziliense.com.br\/cbradar\/por-que-o-alecrim-e-mais-do-que-so-um-temperinho-conheca-seus-beneficios\/\" \/>\n<meta property=\"og:site_name\" content=\"Correio Braziliense - Radar\" \/>\n<meta property=\"article:published_time\" content=\"2025-09-23T11:03:00+00:00\" \/>\n<meta property=\"og:image\" content=\"https:\/\/www.correiobraziliense.com.br\/cbradar\/wp-content\/uploads\/2025\/05\/alecrim_1748710840061.jpg\" \/>\n\t<meta property=\"og:image:width\" content=\"1280\" \/>\n\t<meta property=\"og:image:height\" content=\"720\" \/>\n\t<meta property=\"og:image:type\" content=\"image\/jpeg\" \/>\n<meta name=\"author\" content=\"guilherme_saude\" \/>\n<meta name=\"twitter:card\" content=\"summary_large_image\" \/>\n<meta name=\"twitter:label1\" content=\"Escrito por\" \/>\n\t<meta name=\"twitter:data1\" content=\"guilherme_saude\" \/>\n\t<meta name=\"twitter:label2\" content=\"Est. tempo de leitura\" \/>\n\t<meta name=\"twitter:data2\" content=\"3 minutos\" \/>\n<!-- \/ Yoast SEO plugin. -->","yoast_head_json":{"title":"Por que o Alecrim \u00e9 mais do que s\u00f3 um temperinho? Conhe\u00e7a seus benef\u00edcios - Correio Braziliense - Radar","description":"Alecrim em ch\u00e1 ou na comida apoia digest\u00e3o e equil\u00edbrio glic\u00eamico mas h\u00e1 cuidados para gestantes e intera\u00e7\u00f5es conhe\u00e7a o passo certo","robots":{"index":"index","follow":"follow","max-snippet":"max-snippet:-1","max-image-preview":"max-image-preview:large","max-video-preview":"max-video-preview:-1"},"canonical":"https:\/\/www.correiobraziliense.com.br\/cbradar\/por-que-o-alecrim-e-mais-do-que-so-um-temperinho-conheca-seus-beneficios\/","og_locale":"pt_BR","og_type":"article","og_title":"Por que o Alecrim \u00e9 mais do que s\u00f3 um temperinho? Conhe\u00e7a seus benef\u00edcios - Correio Braziliense - Radar","og_description":"Alecrim em ch\u00e1 ou na comida apoia digest\u00e3o e equil\u00edbrio glic\u00eamico mas h\u00e1 cuidados para gestantes e intera\u00e7\u00f5es conhe\u00e7a o passo certo","og_url":"https:\/\/www.correiobraziliense.com.br\/cbradar\/por-que-o-alecrim-e-mais-do-que-so-um-temperinho-conheca-seus-beneficios\/","og_site_name":"Correio Braziliense - Radar","article_published_time":"2025-09-23T11:03:00+00:00","og_image":[{"width":1280,"height":720,"url":"https:\/\/www.correiobraziliense.com.br\/cbradar\/wp-content\/uploads\/2025\/05\/alecrim_1748710840061.jpg","type":"image\/jpeg"}],"author":"guilherme_saude","twitter_card":"summary_large_image","twitter_misc":{"Escrito por":"guilherme_saude","Est. tempo de leitura":"3 minutos"},"schema":{"@context":"https:\/\/schema.org","@graph":[{"@type":"WebPage","@id":"https:\/\/www.correiobraziliense.com.br\/cbradar\/por-que-o-alecrim-e-mais-do-que-so-um-temperinho-conheca-seus-beneficios\/","url":"https:\/\/www.correiobraziliense.com.br\/cbradar\/por-que-o-alecrim-e-mais-do-que-so-um-temperinho-conheca-seus-beneficios\/","name":"Por que o Alecrim \u00e9 mais do que s\u00f3 um temperinho? Conhe\u00e7a seus benef\u00edcios - Correio Braziliense - Radar","isPartOf":{"@id":"https:\/\/www.correiobraziliense.com.br\/cbradar\/#website"},"primaryImageOfPage":{"@id":"https:\/\/www.correiobraziliense.com.br\/cbradar\/por-que-o-alecrim-e-mais-do-que-so-um-temperinho-conheca-seus-beneficios\/#primaryimage"},"image":{"@id":"https:\/\/www.correiobraziliense.com.br\/cbradar\/por-que-o-alecrim-e-mais-do-que-so-um-temperinho-conheca-seus-beneficios\/#primaryimage"},"thumbnailUrl":"https:\/\/www.correiobraziliense.com.br\/cbradar\/wp-content\/uploads\/2025\/05\/alecrim_1748710840061.jpg","datePublished":"2025-09-23T11:03:00+00:00","author":{"@id":"https:\/\/www.correiobraziliense.com.br\/cbradar\/#\/schema\/person\/5aa4bf3c8fa699c267933611de12978b"},"description":"Alecrim em ch\u00e1 ou na comida apoia digest\u00e3o e equil\u00edbrio glic\u00eamico mas h\u00e1 cuidados para gestantes e intera\u00e7\u00f5es conhe\u00e7a o passo certo","breadcrumb":{"@id":"https:\/\/www.correiobraziliense.com.br\/cbradar\/por-que-o-alecrim-e-mais-do-que-so-um-temperinho-conheca-seus-beneficios\/#breadcrumb"},"inLanguage":"pt-BR","potentialAction":[{"@type":"ReadAction","target":["https:\/\/www.correiobraziliense.com.br\/cbradar\/por-que-o-alecrim-e-mais-do-que-so-um-temperinho-conheca-seus-beneficios\/"]}]},{"@type":"ImageObject","inLanguage":"pt-BR","@id":"https:\/\/www.correiobraziliense.com.br\/cbradar\/por-que-o-alecrim-e-mais-do-que-so-um-temperinho-conheca-seus-beneficios\/#primaryimage","url":"https:\/\/www.correiobraziliense.com.br\/cbradar\/wp-content\/uploads\/2025\/05\/alecrim_1748710840061.jpg","contentUrl":"https:\/\/www.correiobraziliense.com.br\/cbradar\/wp-content\/uploads\/2025\/05\/alecrim_1748710840061.jpg","width":1280,"height":720,"caption":"Alecrim - Cr\u00e9ditos: depositphotos.com \/ Dream79"},{"@type":"BreadcrumbList","@id":"https:\/\/www.correiobraziliense.com.br\/cbradar\/por-que-o-alecrim-e-mais-do-que-so-um-temperinho-conheca-seus-beneficios\/#breadcrumb","itemListElement":[{"@type":"ListItem","position":1,"name":"In\u00edcio","item":"https:\/\/www.correiobraziliense.com.br\/cbradar\/"},{"@type":"ListItem","position":2,"name":"Por que o Alecrim \u00e9 mais do que s\u00f3 um temperinho? Conhe\u00e7a seus benef\u00edcios"}]},{"@type":"WebSite","@id":"https:\/\/www.correiobraziliense.com.br\/cbradar\/#website","url":"https:\/\/www.correiobraziliense.com.br\/cbradar\/","name":"Correio Braziliense - Radar","description":"Acompanhe as \u00faltimas not\u00edcias e fique bem informado sobre tudo o que acontece no Brasil e no mundo.","potentialAction":[{"@type":"SearchAction","target":{"@type":"EntryPoint","urlTemplate":"https:\/\/www.correiobraziliense.com.br\/cbradar\/?s={search_term_string}"},"query-input":{"@type":"PropertyValueSpecification","valueRequired":true,"valueName":"search_term_string"}}],"inLanguage":"pt-BR"},{"@type":"Person","@id":"https:\/\/www.correiobraziliense.com.br\/cbradar\/#\/schema\/person\/5aa4bf3c8fa699c267933611de12978b","name":"guilherme_saude","image":{"@type":"ImageObject","inLanguage":"pt-BR","@id":"https:\/\/www.correiobraziliense.com.br\/cbradar\/#\/schema\/person\/image\/","url":"https:\/\/secure.gravatar.com\/avatar\/df9adfb835d344bc0af109d41756253f?s=96&d=mm&r=g","contentUrl":"https:\/\/secure.gravatar.com\/avatar\/df9adfb835d344bc0af109d41756253f?s=96&d=mm&r=g","caption":"guilherme_saude"},"url":"https:\/\/www.correiobraziliense.com.br\/cbradar\/author\/guilherme_saude\/"}]}},"_links":{"self":[{"href":"https:\/\/www.correiobraziliense.com.br\/cbradar\/wp-json\/wp\/v2\/posts\/107698","targetHints":{"allow":["GET"]}}],"collection":[{"href":"https:\/\/www.correiobraziliense.com.br\/cbradar\/wp-json\/wp\/v2\/posts"}],"about":[{"href":"https:\/\/www.correiobraziliense.com.br\/cbradar\/wp-json\/wp\/v2\/types\/post"}],"author":[{"embeddable":true,"href":"https:\/\/www.correiobraziliense.com.br\/cbradar\/wp-json\/wp\/v2\/users\/14"}],"replies":[{"embeddable":true,"href":"https:\/\/www.correiobraziliense.com.br\/cbradar\/wp-json\/wp\/v2\/comments?post=107698"}],"version-history":[{"count":1,"href":"https:\/\/www.correiobraziliense.com.br\/cbradar\/wp-json\/wp\/v2\/posts\/107698\/revisions"}],"predecessor-version":[{"id":107699,"href":"https:\/\/www.correiobraziliense.com.br\/cbradar\/wp-json\/wp\/v2\/posts\/107698\/revisions\/107699"}],"wp:featuredmedia":[{"embeddable":true,"href":"https:\/\/www.correiobraziliense.com.br\/cbradar\/wp-json\/wp\/v2\/media\/45730"}],"wp:attachment":[{"href":"https:\/\/www.correiobraziliense.com.br\/cbradar\/wp-json\/wp\/v2\/media?parent=107698"}],"wp:term":[{"taxonomy":"category","embeddable":true,"href":"https:\/\/www.correiobraziliense.com.br\/cbradar\/wp-json\/wp\/v2\/categories?post=107698"},{"taxonomy":"post_tag","embeddable":true,"href":"https:\/\/www.correiobraziliense.com.br\/cbradar\/wp-json\/wp\/v2\/post_tag?post=107698"}],"curies":[{"name":"wp","href":"https:\/\/api.w.org\/{rel}","templated":true}]}}