{"id":107708,"date":"2025-09-23T14:23:00","date_gmt":"2025-09-23T17:23:00","guid":{"rendered":"https:\/\/www.correiobraziliense.com.br\/cbradar\/?p=107708"},"modified":"2025-09-22T00:16:49","modified_gmt":"2025-09-22T03:16:49","slug":"diretriz-2025-traz-a-virada-definitiva-na-medicao-da-pressao","status":"publish","type":"post","link":"https:\/\/www.correiobraziliense.com.br\/cbradar\/diretriz-2025-traz-a-virada-definitiva-na-medicao-da-pressao\/","title":{"rendered":"Diretriz 2025 traz a virada definitiva na medi\u00e7\u00e3o da press\u00e3o"},"content":{"rendered":"\n<p>A nova <strong>Diretriz Brasileira de Hipertens\u00e3o Arterial 2025<\/strong> traz importantes atualiza\u00e7\u00f5es para o tratamento e a preven\u00e7\u00e3o de uma condi\u00e7\u00e3o que afeta milhares de pessoas: a hipertens\u00e3o arterial. Reconhecida como um &#8220;mal silencioso&#8221;, a hipertens\u00e3o frequentemente se manifesta sem sintomas aparentes, sendo descoberta somente em situa\u00e7\u00f5es de emerg\u00eancia m\u00e9dica ou durante exames de rotina. Segundo o cardiologista Rafael C\u00f4rtes, muitos pacientes desconhecem a condi\u00e7\u00e3o at\u00e9 enfrentarem complica\u00e7\u00f5es mais s\u00e9rias, como infarto ou acidente vascular cerebral (AVC).<\/p>\n\n\n\n<p>Com o novo foco em\u00a0<strong>Pr\u00e9-Hipertens\u00e3o<\/strong>, a diretriz enfatiza a import\u00e2ncia de monitorar a <a href=\"https:\/\/www.correiobraziliense.com.br\/cbradar\/entenda-como-a-injecao-no-olho-pode-tratar-doencas-da-retina\/\" target=\"_blank\" rel=\"noreferrer noopener\">sa\u00fade <\/a>sob novos par\u00e2metros. Antes considerado normal, o n\u00edvel de press\u00e3o arterial entre 12 por 8 at\u00e9 13,9 por 8,9 agora \u00e9 visto como um alerta para ado\u00e7\u00e3o de mudan\u00e7as no estilo de vida. Este ajuste nos crit\u00e9rios visa incentivar medidas preventivas precoces, diminuindo a incid\u00eancia de problemas cardiovasculares mais graves no futuro.<\/p>\n\n\n\n<h2 class=\"wp-block-heading\">Quais mudan\u00e7as s\u00e3o recomendadas para a Pr\u00e9-Hipertens\u00e3o?<\/h2>\n\n\n\n<p>Os especialistas sugerem que, uma vez atingido o n\u00edvel de Pr\u00e9-Hipertens\u00e3o, \u00e9 crucial implementar mudan\u00e7as no estilo de vida antes de optar por interven\u00e7\u00f5es medicamentosas. A principal orienta\u00e7\u00e3o \u00e9 a perda de peso, juntamente com a redu\u00e7\u00e3o da ingest\u00e3o de sal, o que pode ajudar a controlar os n\u00edveis de press\u00e3o arterial. Al\u00e9m disso, \u00e9 recomendado o aumento da ingest\u00e3o de pot\u00e1ssio, seguindo um regime alimentar balanceado conhecido como\u00a0<em>deita DASH<\/em>\u00a0(Dietary Approaches to Stop Hypertension), que favorece alimentos ricos em nutrientes como pot\u00e1ssio, c\u00e1lcio e magn\u00e9sio.<\/p>\n\n\n<div class=\"wp-block-image\">\n<figure class=\"aligncenter size-large\"><img decoding=\"async\" width=\"1024\" height=\"576\" src=\"https:\/\/www.correiobraziliense.com.br\/cbradar\/wp-content\/uploads\/2025\/08\/Pressao-arterial_1754503683751-1024x576.jpg\" alt=\"\" class=\"wp-image-81983\" srcset=\"https:\/\/www.correiobraziliense.com.br\/cbradar\/wp-content\/uploads\/2025\/08\/Pressao-arterial_1754503683751-1024x576.jpg 1024w, https:\/\/www.correiobraziliense.com.br\/cbradar\/wp-content\/uploads\/2025\/08\/Pressao-arterial_1754503683751-300x169.jpg 300w, https:\/\/www.correiobraziliense.com.br\/cbradar\/wp-content\/uploads\/2025\/08\/Pressao-arterial_1754503683751-768x432.jpg 768w, https:\/\/www.correiobraziliense.com.br\/cbradar\/wp-content\/uploads\/2025\/08\/Pressao-arterial_1754503683751-750x422.jpg 750w, https:\/\/www.correiobraziliense.com.br\/cbradar\/wp-content\/uploads\/2025\/08\/Pressao-arterial_1754503683751-1140x641.jpg 1140w, https:\/\/www.correiobraziliense.com.br\/cbradar\/wp-content\/uploads\/2025\/08\/Pressao-arterial_1754503683751.jpg 1280w\" sizes=\"(max-width: 1024px) 100vw, 1024px\" \/><figcaption class=\"wp-element-caption\">Press\u00e3o arterial &#8211; Cr\u00e9ditos: depositphotos.com \/ VitalikRadko<\/figcaption><\/figure><\/div>\n\n\n<h2 class=\"wp-block-heading\">Quais os benef\u00edcios da dieta DASH para hipertensos?<\/h2>\n\n\n\n<p>A dieta DASH \u00e9 conhecida por seus efeitos ben\u00e9ficos na redu\u00e7\u00e3o da press\u00e3o arterial. Ela enfatiza o consumo de alimentos integrais, como gr\u00e3os, sementes e castanhas, al\u00e9m de um maior consumo de frutas, vegetais de folhas verdes (como espinafre e couve), e latic\u00ednios desnatados. A dieta tamb\u00e9m prop\u00f5e o consumo moderado de carnes brancas, que s\u00e3o fontes de prote\u00edna magra, contribuindo para o equil\u00edbrio nutricional.<\/p>\n\n\n\n<h2 class=\"wp-block-heading\">Qual a import\u00e2ncia de exerc\u00edcio regular no combate \u00e0 hipertens\u00e3o?<\/h2>\n\n\n\n<p>A pr\u00e1tica regular de atividade f\u00edsica \u00e9 tamb\u00e9m um pilar fundamental para o controle da hipertens\u00e3o. Exerc\u00edcios de intensidade moderada, como caminhadas, ciclismo ou nata\u00e7\u00e3o, ajudam a fortalecer o sistema cardiovascular e a manter o peso corporal em n\u00edveis saud\u00e1veis. Esse h\u00e1bito n\u00e3o s\u00f3 melhora a sa\u00fade do cora\u00e7\u00e3o, mas tamb\u00e9m funciona como uma medida preventiva contra o desenvolvimento de comorbidades relacionadas \u00e0 hipertens\u00e3o.<\/p>\n\n\n\n<h2 class=\"wp-block-heading\">Quando buscar orienta\u00e7\u00e3o m\u00e9dica para hipertens\u00e3o?<\/h2>\n\n\n\n<p>Pacientes em estado de Pr\u00e9-Hipertens\u00e3o devem procurar orienta\u00e7\u00e3o m\u00e9dica para um acompanhamento personalizado. Segundo o cardiologista Roberto Kalil Filho, \u00e9 essencial que essas pessoas alcancem um n\u00edvel de press\u00e3o arterial abaixo de 12 por 8 atrav\u00e9s da ado\u00e7\u00e3o de medidas preventivas. \u00c9 fundamental um acompanhamento cont\u00ednuo para evitar complica\u00e7\u00f5es e garantir que o tratamento seja ajustado de acordo com as necessidades individuais de cada paciente, promovendo um impacto positivo na sa\u00fade p\u00fablica em geral.<\/p>\n\n\n<a href=\"https:\/\/www.instagram.com\/dra.annaluisabf\/\" target=\"_blank\" rel=\"noopener\" style=\"text-decoration: none; color: inherit;\">\n    <span style=\"display: inline-block; border: 1px solid #ccc; border-radius: 10px; padding: 15px; max-width: 550px; font-family: sans-serif; box-shadow: 0 2px 5px rgba(0,0,0,0.1); width: 100%;\">\n\n      <!-- T\u00edtulo -->\n      <span style=\"display: block; margin: 0 0 15px 0; font-weight: bold; color: #2c3e50; text-align: center;\">\n        Entre em contato:\n      <\/span>\n\n      <!-- Linha do perfil -->\n      <span style=\"display: flex; align-items: center; gap: 15px;\">\n        <img decoding=\"async\"\n          src=\"https:\/\/www.correiobraziliense.com.br\/cbradar\/wp-content\/uploads\/2025\/08\/dra_anna_luisa.jpeg\"\n          alt=\"Foto da Dra. Anna Lu\u00edsa\"\n          style=\"border-radius: 50%; width: 80px; height: 80px; object-fit: cover;\"\n        \/>\n        <span style=\"display: flex; flex-direction: column;\">\n          <span style=\"font-size: 18px; font-weight: 700; color: #2c3e50;\">Dra. Anna Lu\u00edsa Barbosa Fernandes<\/span>\n          <span style=\"color: #555;\">CRM-GO 33.271<\/span>\n        <\/span>\n      <\/span>\n\n      <!-- Redes -->\n      <span style=\"display: flex; align-items: center; gap: 10px; margin-top: 12px;\">\n        <img decoding=\"async\" src=\"https:\/\/cdn-icons-png.flaticon.com\/24\/1384\/1384063.png\" alt=\"Instagram\" width=\"24\" height=\"24\" \/>\n        <span style=\"text-decoration: underline; color: #2c3e50;\">@dra.annaluisabf<\/span>\n      <\/span>\n\n    <\/span>\n  <\/a>","protected":false},"excerpt":{"rendered":"<p>A nova Diretriz Brasileira de Hipertens\u00e3o Arterial 2025 traz importantes atualiza\u00e7\u00f5es para o tratamento e a preven\u00e7\u00e3o de uma condi\u00e7\u00e3o que afeta milhares de pessoas: a hipertens\u00e3o arterial. Reconhecida como um &#8220;mal silencioso&#8221;, a hipertens\u00e3o frequentemente se manifesta sem sintomas aparentes, sendo descoberta somente em situa\u00e7\u00f5es de emerg\u00eancia m\u00e9dica ou durante exames de rotina. Segundo [&hellip;]<\/p>\n","protected":false},"author":14,"featured_media":51983,"comment_status":"open","ping_status":"open","sticky":false,"template":"","format":"standard","meta":{"_yoast_wpseo_focuskw":"Pr\u00e9-Hipertens\u00e3o","_yoast_wpseo_title":"","_yoast_wpseo_metadesc":"Pr\u00e9-hipertens\u00e3o pede a\u00e7\u00e3o imediata dieta DASH, pot\u00e1ssio e 150 minutos por semana mas h\u00e1 um detalhe no h\u00e1bito que faz a diferen\u00e7a","jnews-multi-image_gallery":[],"jnews_single_post":{"format":"standard"},"jnews_primary_category":[],"jnews_social_meta":[],"jnews_override_counter":[],"footnotes":""},"categories":[4404],"post_tag":[120,4099,1318],"class_list":["post-107708","post","type-post","status-publish","format-standard","has-post-thumbnail","hentry","category-saude","tag-bem-estar","tag-pressao-arterial","tag-saude-2"],"yoast_head":"<!-- This site is optimized with the Yoast SEO plugin v24.6 - https:\/\/yoast.com\/wordpress\/plugins\/seo\/ -->\n<title>Diretriz 2025 traz a virada definitiva na medi\u00e7\u00e3o da press\u00e3o - Correio Braziliense - Radar<\/title>\n<meta name=\"description\" content=\"Pr\u00e9-hipertens\u00e3o pede a\u00e7\u00e3o imediata dieta DASH, pot\u00e1ssio e 150 minutos por semana mas h\u00e1 um detalhe no h\u00e1bito que faz a diferen\u00e7a\" \/>\n<meta name=\"robots\" content=\"index, follow, max-snippet:-1, max-image-preview:large, max-video-preview:-1\" \/>\n<link rel=\"canonical\" href=\"https:\/\/www.correiobraziliense.com.br\/cbradar\/diretriz-2025-traz-a-virada-definitiva-na-medicao-da-pressao\/\" \/>\n<meta property=\"og:locale\" content=\"pt_BR\" \/>\n<meta property=\"og:type\" content=\"article\" \/>\n<meta property=\"og:title\" content=\"Diretriz 2025 traz a virada definitiva na medi\u00e7\u00e3o da press\u00e3o - Correio Braziliense - Radar\" \/>\n<meta property=\"og:description\" content=\"Pr\u00e9-hipertens\u00e3o pede a\u00e7\u00e3o imediata dieta DASH, pot\u00e1ssio e 150 minutos por semana mas h\u00e1 um detalhe no h\u00e1bito que faz a diferen\u00e7a\" \/>\n<meta property=\"og:url\" content=\"https:\/\/www.correiobraziliense.com.br\/cbradar\/diretriz-2025-traz-a-virada-definitiva-na-medicao-da-pressao\/\" \/>\n<meta property=\"og:site_name\" content=\"Correio Braziliense - Radar\" \/>\n<meta property=\"article:published_time\" content=\"2025-09-23T17:23:00+00:00\" \/>\n<meta property=\"og:image\" content=\"https:\/\/www.correiobraziliense.com.br\/cbradar\/wp-content\/uploads\/2025\/06\/pressao-alta_1749661668424.jpg\" \/>\n\t<meta property=\"og:image:width\" content=\"1280\" \/>\n\t<meta property=\"og:image:height\" content=\"720\" \/>\n\t<meta property=\"og:image:type\" content=\"image\/jpeg\" \/>\n<meta name=\"author\" content=\"guilherme_saude\" \/>\n<meta name=\"twitter:card\" content=\"summary_large_image\" \/>\n<meta name=\"twitter:label1\" content=\"Escrito por\" \/>\n\t<meta name=\"twitter:data1\" content=\"guilherme_saude\" \/>\n\t<meta name=\"twitter:label2\" content=\"Est. tempo de leitura\" \/>\n\t<meta name=\"twitter:data2\" content=\"4 minutos\" \/>\n<!-- \/ Yoast SEO plugin. -->","yoast_head_json":{"title":"Diretriz 2025 traz a virada definitiva na medi\u00e7\u00e3o da press\u00e3o - Correio Braziliense - Radar","description":"Pr\u00e9-hipertens\u00e3o pede a\u00e7\u00e3o imediata dieta DASH, pot\u00e1ssio e 150 minutos por semana mas h\u00e1 um detalhe no h\u00e1bito que faz a diferen\u00e7a","robots":{"index":"index","follow":"follow","max-snippet":"max-snippet:-1","max-image-preview":"max-image-preview:large","max-video-preview":"max-video-preview:-1"},"canonical":"https:\/\/www.correiobraziliense.com.br\/cbradar\/diretriz-2025-traz-a-virada-definitiva-na-medicao-da-pressao\/","og_locale":"pt_BR","og_type":"article","og_title":"Diretriz 2025 traz a virada definitiva na medi\u00e7\u00e3o da press\u00e3o - Correio Braziliense - Radar","og_description":"Pr\u00e9-hipertens\u00e3o pede a\u00e7\u00e3o imediata dieta DASH, pot\u00e1ssio e 150 minutos por semana mas h\u00e1 um detalhe no h\u00e1bito que faz a diferen\u00e7a","og_url":"https:\/\/www.correiobraziliense.com.br\/cbradar\/diretriz-2025-traz-a-virada-definitiva-na-medicao-da-pressao\/","og_site_name":"Correio Braziliense - Radar","article_published_time":"2025-09-23T17:23:00+00:00","og_image":[{"width":1280,"height":720,"url":"https:\/\/www.correiobraziliense.com.br\/cbradar\/wp-content\/uploads\/2025\/06\/pressao-alta_1749661668424.jpg","type":"image\/jpeg"}],"author":"guilherme_saude","twitter_card":"summary_large_image","twitter_misc":{"Escrito por":"guilherme_saude","Est. tempo de leitura":"4 minutos"},"schema":{"@context":"https:\/\/schema.org","@graph":[{"@type":"WebPage","@id":"https:\/\/www.correiobraziliense.com.br\/cbradar\/diretriz-2025-traz-a-virada-definitiva-na-medicao-da-pressao\/","url":"https:\/\/www.correiobraziliense.com.br\/cbradar\/diretriz-2025-traz-a-virada-definitiva-na-medicao-da-pressao\/","name":"Diretriz 2025 traz a virada definitiva na medi\u00e7\u00e3o da press\u00e3o - Correio Braziliense - Radar","isPartOf":{"@id":"https:\/\/www.correiobraziliense.com.br\/cbradar\/#website"},"primaryImageOfPage":{"@id":"https:\/\/www.correiobraziliense.com.br\/cbradar\/diretriz-2025-traz-a-virada-definitiva-na-medicao-da-pressao\/#primaryimage"},"image":{"@id":"https:\/\/www.correiobraziliense.com.br\/cbradar\/diretriz-2025-traz-a-virada-definitiva-na-medicao-da-pressao\/#primaryimage"},"thumbnailUrl":"https:\/\/www.correiobraziliense.com.br\/cbradar\/wp-content\/uploads\/2025\/06\/pressao-alta_1749661668424.jpg","datePublished":"2025-09-23T17:23:00+00:00","author":{"@id":"https:\/\/www.correiobraziliense.com.br\/cbradar\/#\/schema\/person\/5aa4bf3c8fa699c267933611de12978b"},"description":"Pr\u00e9-hipertens\u00e3o pede a\u00e7\u00e3o imediata dieta DASH, pot\u00e1ssio e 150 minutos por semana mas h\u00e1 um detalhe no h\u00e1bito que faz a diferen\u00e7a","breadcrumb":{"@id":"https:\/\/www.correiobraziliense.com.br\/cbradar\/diretriz-2025-traz-a-virada-definitiva-na-medicao-da-pressao\/#breadcrumb"},"inLanguage":"pt-BR","potentialAction":[{"@type":"ReadAction","target":["https:\/\/www.correiobraziliense.com.br\/cbradar\/diretriz-2025-traz-a-virada-definitiva-na-medicao-da-pressao\/"]}]},{"@type":"ImageObject","inLanguage":"pt-BR","@id":"https:\/\/www.correiobraziliense.com.br\/cbradar\/diretriz-2025-traz-a-virada-definitiva-na-medicao-da-pressao\/#primaryimage","url":"https:\/\/www.correiobraziliense.com.br\/cbradar\/wp-content\/uploads\/2025\/06\/pressao-alta_1749661668424.jpg","contentUrl":"https:\/\/www.correiobraziliense.com.br\/cbradar\/wp-content\/uploads\/2025\/06\/pressao-alta_1749661668424.jpg","width":1280,"height":720,"caption":"Press\u00e3o alta -Cr\u00e9ditos: depositphotos.com \/ VitalikRadko"},{"@type":"BreadcrumbList","@id":"https:\/\/www.correiobraziliense.com.br\/cbradar\/diretriz-2025-traz-a-virada-definitiva-na-medicao-da-pressao\/#breadcrumb","itemListElement":[{"@type":"ListItem","position":1,"name":"In\u00edcio","item":"https:\/\/www.correiobraziliense.com.br\/cbradar\/"},{"@type":"ListItem","position":2,"name":"Diretriz 2025 traz a virada definitiva na medi\u00e7\u00e3o da press\u00e3o"}]},{"@type":"WebSite","@id":"https:\/\/www.correiobraziliense.com.br\/cbradar\/#website","url":"https:\/\/www.correiobraziliense.com.br\/cbradar\/","name":"Correio Braziliense - Radar","description":"Acompanhe as \u00faltimas not\u00edcias e fique bem informado sobre tudo o que acontece no Brasil e no mundo.","potentialAction":[{"@type":"SearchAction","target":{"@type":"EntryPoint","urlTemplate":"https:\/\/www.correiobraziliense.com.br\/cbradar\/?s={search_term_string}"},"query-input":{"@type":"PropertyValueSpecification","valueRequired":true,"valueName":"search_term_string"}}],"inLanguage":"pt-BR"},{"@type":"Person","@id":"https:\/\/www.correiobraziliense.com.br\/cbradar\/#\/schema\/person\/5aa4bf3c8fa699c267933611de12978b","name":"guilherme_saude","image":{"@type":"ImageObject","inLanguage":"pt-BR","@id":"https:\/\/www.correiobraziliense.com.br\/cbradar\/#\/schema\/person\/image\/","url":"https:\/\/secure.gravatar.com\/avatar\/df9adfb835d344bc0af109d41756253f?s=96&d=mm&r=g","contentUrl":"https:\/\/secure.gravatar.com\/avatar\/df9adfb835d344bc0af109d41756253f?s=96&d=mm&r=g","caption":"guilherme_saude"},"url":"https:\/\/www.correiobraziliense.com.br\/cbradar\/author\/guilherme_saude\/"}]}},"_links":{"self":[{"href":"https:\/\/www.correiobraziliense.com.br\/cbradar\/wp-json\/wp\/v2\/posts\/107708","targetHints":{"allow":["GET"]}}],"collection":[{"href":"https:\/\/www.correiobraziliense.com.br\/cbradar\/wp-json\/wp\/v2\/posts"}],"about":[{"href":"https:\/\/www.correiobraziliense.com.br\/cbradar\/wp-json\/wp\/v2\/types\/post"}],"author":[{"embeddable":true,"href":"https:\/\/www.correiobraziliense.com.br\/cbradar\/wp-json\/wp\/v2\/users\/14"}],"replies":[{"embeddable":true,"href":"https:\/\/www.correiobraziliense.com.br\/cbradar\/wp-json\/wp\/v2\/comments?post=107708"}],"version-history":[{"count":1,"href":"https:\/\/www.correiobraziliense.com.br\/cbradar\/wp-json\/wp\/v2\/posts\/107708\/revisions"}],"predecessor-version":[{"id":107709,"href":"https:\/\/www.correiobraziliense.com.br\/cbradar\/wp-json\/wp\/v2\/posts\/107708\/revisions\/107709"}],"wp:featuredmedia":[{"embeddable":true,"href":"https:\/\/www.correiobraziliense.com.br\/cbradar\/wp-json\/wp\/v2\/media\/51983"}],"wp:attachment":[{"href":"https:\/\/www.correiobraziliense.com.br\/cbradar\/wp-json\/wp\/v2\/media?parent=107708"}],"wp:term":[{"taxonomy":"category","embeddable":true,"href":"https:\/\/www.correiobraziliense.com.br\/cbradar\/wp-json\/wp\/v2\/categories?post=107708"},{"taxonomy":"post_tag","embeddable":true,"href":"https:\/\/www.correiobraziliense.com.br\/cbradar\/wp-json\/wp\/v2\/post_tag?post=107708"}],"curies":[{"name":"wp","href":"https:\/\/api.w.org\/{rel}","templated":true}]}}