{"id":107719,"date":"2025-09-23T21:03:00","date_gmt":"2025-09-24T00:03:00","guid":{"rendered":"https:\/\/www.correiobraziliense.com.br\/cbradar\/?p=107719"},"modified":"2025-09-22T06:29:05","modified_gmt":"2025-09-22T09:29:05","slug":"veja-por-que-seu-cao-se-recusa-a-beber-agua-e-como-consertar-isso","status":"publish","type":"post","link":"https:\/\/www.correiobraziliense.com.br\/cbradar\/veja-por-que-seu-cao-se-recusa-a-beber-agua-e-como-consertar-isso\/","title":{"rendered":"Veja por que seu c\u00e3o se recusa a beber \u00e1gua e como consertar isso"},"content":{"rendered":"\n<p>Quando os c\u00e3es querem um petisco ou um passeio, eles n\u00e3o hesitam em comunicar isso. Mas quando eles <strong>param de beber \u00e1gua<\/strong> de repente, pode ser assustador. Manter-se hidratado \u00e9 essencial para a sa\u00fade dos c\u00e3es. Uma mudan\u00e7a na forma como seu c\u00e3o bebe pode ser um sinal de algo, desde estresse leve at\u00e9 um problema de sa\u00fade mais s\u00e9rio.<\/p>\n\n\n\n<ul class=\"wp-block-list\">\n<li><strong>Estresse ou Ansiedade:<\/strong> Mudan\u00e7as no ambiente podem afetar o comportamento do c\u00e3o.<\/li>\n\n\n\n<li><strong>\u00c1gua suja ou desagrad\u00e1vel:<\/strong> O olfato apurado do c\u00e3o pode rejeitar a \u00e1gua limpa.<\/li>\n\n\n\n<li><strong>Problemas de Sa\u00fade:<\/strong> Dor dent\u00e1ria ou doen\u00e7as podem alterar o h\u00e1bito de beber.<\/li>\n<\/ul>\n\n\n\n<h2 class=\"wp-block-heading\">O que faz um c\u00e3o parar de beber \u00e1gua?<\/h2>\n\n\n\n<p><strong>Estresse ou Ansiedade<\/strong> \u00e9 uma raz\u00e3o comum para os c\u00e3es pararem de beber. Mudan\u00e7as simples, como se mudar ou a presen\u00e7a de estranhos, podem afetar seu comportamento. Criar um ambiente seguro com seu cobertor e brinquedos favoritos pode ajudar a aliviar a tens\u00e3o.<\/p>\n\n\n\n<p>A <strong>\u00e1gua suja ou com gosto desagrad\u00e1vel<\/strong> pode ser rejeitada pelos c\u00e3es, que possuem um olfato muito sens\u00edvel. Trocar a \u00e1gua v\u00e1rias vezes ao dia e lavar a tigela diariamente mant\u00e9m a frescura.<\/p>\n\n\n\n<h2 class=\"wp-block-heading\">Como a sa\u00fade bucal afeta a hidrata\u00e7\u00e3o canina?<\/h2>\n\n\n\n<p>Problemas como <strong>dor dent\u00e1ria<\/strong> ou les\u00f5es na boca podem levar os c\u00e3es a evitar beber \u00e1gua devido ao desconforto. Consultar um veterin\u00e1rio \u00e9 essencial para identificar e tratar esses problemas adequadamente.<\/p>\n\n\n\n<h2 class=\"wp-block-heading\">Quais doen\u00e7as podem impactar a sede do c\u00e3o?<\/h2>\n\n\n\n<p>Doen\u00e7as como <strong>renal, diabetes ou infec\u00e7\u00f5es<\/strong> podem mudar drasticamente a ingest\u00e3o de \u00e1gua por um c\u00e3o. Sinais como cansa\u00e7o, perda de peso ou febre s\u00e3o indicativos para uma consulta veterin\u00e1ria urgente.<\/p>\n\n\n\n<figure class=\"wp-block-image size-large\"><img decoding=\"async\" width=\"1024\" height=\"576\" src=\"https:\/\/www.correiobraziliense.com.br\/cbradar\/wp-content\/uploads\/2025\/09\/cachorro-bebendo-agua_1758533323687-1024x576.jpg\" alt=\"Veja por que seu c\u00e3o se recusa a beber \u00e1gua e como consertar isso\" class=\"wp-image-107722\" srcset=\"https:\/\/www.correiobraziliense.com.br\/cbradar\/wp-content\/uploads\/2025\/09\/cachorro-bebendo-agua_1758533323687-1024x576.jpg 1024w, https:\/\/www.correiobraziliense.com.br\/cbradar\/wp-content\/uploads\/2025\/09\/cachorro-bebendo-agua_1758533323687-300x169.jpg 300w, https:\/\/www.correiobraziliense.com.br\/cbradar\/wp-content\/uploads\/2025\/09\/cachorro-bebendo-agua_1758533323687-768x432.jpg 768w, https:\/\/www.correiobraziliense.com.br\/cbradar\/wp-content\/uploads\/2025\/09\/cachorro-bebendo-agua_1758533323687-750x422.jpg 750w, https:\/\/www.correiobraziliense.com.br\/cbradar\/wp-content\/uploads\/2025\/09\/cachorro-bebendo-agua_1758533323687-1140x641.jpg 1140w, https:\/\/www.correiobraziliense.com.br\/cbradar\/wp-content\/uploads\/2025\/09\/cachorro-bebendo-agua_1758533323687.jpg 1280w\" sizes=\"(max-width: 1024px) 100vw, 1024px\" \/><figcaption class=\"wp-element-caption\">cachorro bebendo \u00e1gua. Cr\u00e9ditos: depositphotos.com \/ VadimVasenin<\/figcaption><\/figure>\n\n\n\n<h2 class=\"wp-block-heading\">Outros fatores que influenciam o consumo de \u00e1gua<\/h2>\n\n\n\n<p>Alguns <strong>medicamentos<\/strong> podem ter efeitos colaterais, incluindo a redu\u00e7\u00e3o da sede. \u00c9 importante discutir essas altera\u00e7\u00f5es com o veterin\u00e1rio sem interromper o tratamento por conta pr\u00f3pria.<\/p>\n\n\n\n<p>A temperatura e n\u00edveis de atividade tamb\u00e9m impactam o consumo de \u00e1gua. Em dias quentes ou ap\u00f3s uma sess\u00e3o de exerc\u00edcios, \u00e9 importante garantir que <strong>o c\u00e3o tenha acesso a \u00e1gua fresca<\/strong> e longe do sol.<\/p>\n\n\n\n<h2 class=\"wp-block-heading\">Superando o medo da tigela<\/h2>\n\n\n\n<p>Alguns c\u00e3es podem desenvolver <strong>medo de tigelas met\u00e1licas<\/strong> devido ao barulho que fazem. Optar por tigelas de cer\u00e2mica ou vidro pode ajudar a evitar esse problema.<\/p>\n\n\n\n<h2 class=\"wp-block-heading\">Solu\u00e7\u00f5es para viagens e novos ambientes<\/h2>\n\n\n\n<p>Em viagens, o <strong>c\u00e3o pode estranhar a \u00e1gua<\/strong> em locais diferentes. Trazer \u00e1gua de casa ou usar \u00e1gua engarrafada e misturar gradualmente com a \u00e1gua local pode auxiliar na adapta\u00e7\u00e3o sem comprometer a hidrata\u00e7\u00e3o.<\/p>\n\n\n\n<h2 class=\"wp-block-heading\">Um guia para cuidar da hidrata\u00e7\u00e3o do seu c\u00e3o<\/h2>\n\n\n\n<ul class=\"wp-block-list\">\n<li><strong>Ambiente seguro e familiar:<\/strong> Minimiza estresse e ansiedade.<\/li>\n\n\n\n<li><strong>Tigela adequada:<\/strong> Escolha material e altura que n\u00e3o causem desconforto.<\/li>\n\n\n\n<li><strong>Visitas regulares ao veterin\u00e1rio:<\/strong> Preven\u00e7\u00e3o e tratamento de problemas de sa\u00fade.<\/li>\n<\/ul>\n","protected":false},"excerpt":{"rendered":"<p>Descubra por que seu c\u00e3o para de beber \u00e1gua e como agir! Garanta a sa\u00fade dele identificando causas, como estresse ou problemas dent\u00e1rios.<\/p>\n","protected":false},"author":3,"featured_media":107721,"comment_status":"open","ping_status":"open","sticky":false,"template":"","format":"standard","meta":{"_yoast_wpseo_focuskw":"por que seu c\u00e3o se recusa a beber \u00e1gua","_yoast_wpseo_title":"%%title%%","_yoast_wpseo_metadesc":"Descubra por que seu c\u00e3o para de beber \u00e1gua e como agir! Garanta a sa\u00fade dele identificando causas, como estresse ou problemas dent\u00e1rios.","jnews-multi-image_gallery":[],"jnews_single_post":{"format":"standard"},"jnews_primary_category":[],"jnews_social_meta":[],"jnews_override_counter":[],"footnotes":""},"categories":[112],"post_tag":[230,1977,378,144],"class_list":["post-107719","post","type-post","status-publish","format-standard","has-post-thumbnail","hentry","category-curiosidades","tag-animais","tag-animais-de-estimacao","tag-cachorro","tag-curiosidades"],"yoast_head":"<!-- This site is optimized with the Yoast SEO plugin v24.6 - https:\/\/yoast.com\/wordpress\/plugins\/seo\/ -->\n<title>Veja por que seu c\u00e3o se recusa a beber \u00e1gua e como consertar isso<\/title>\n<meta name=\"description\" content=\"Descubra por que seu c\u00e3o para de beber \u00e1gua e como agir! Garanta a sa\u00fade dele identificando causas, como estresse ou problemas dent\u00e1rios.\" \/>\n<meta name=\"robots\" content=\"index, follow, max-snippet:-1, max-image-preview:large, max-video-preview:-1\" \/>\n<link rel=\"canonical\" href=\"https:\/\/www.correiobraziliense.com.br\/cbradar\/veja-por-que-seu-cao-se-recusa-a-beber-agua-e-como-consertar-isso\/\" \/>\n<meta property=\"og:locale\" content=\"pt_BR\" \/>\n<meta property=\"og:type\" content=\"article\" \/>\n<meta property=\"og:title\" content=\"Veja por que seu c\u00e3o se recusa a beber \u00e1gua e como consertar isso\" \/>\n<meta property=\"og:description\" content=\"Descubra por que seu c\u00e3o para de beber \u00e1gua e como agir! Garanta a sa\u00fade dele identificando causas, como estresse ou problemas dent\u00e1rios.\" \/>\n<meta property=\"og:url\" content=\"https:\/\/www.correiobraziliense.com.br\/cbradar\/veja-por-que-seu-cao-se-recusa-a-beber-agua-e-como-consertar-isso\/\" \/>\n<meta property=\"og:site_name\" content=\"Correio Braziliense - Radar\" \/>\n<meta property=\"article:published_time\" content=\"2025-09-24T00:03:00+00:00\" \/>\n<meta property=\"og:image\" content=\"https:\/\/www.correiobraziliense.com.br\/cbradar\/wp-content\/uploads\/2025\/09\/cachorro-bebendo-agua_1758533096489.jpg\" \/>\n\t<meta property=\"og:image:width\" content=\"1280\" \/>\n\t<meta property=\"og:image:height\" content=\"720\" \/>\n\t<meta property=\"og:image:type\" content=\"image\/jpeg\" \/>\n<meta name=\"author\" content=\"Larissa Carvalho\" \/>\n<meta name=\"twitter:card\" content=\"summary_large_image\" \/>\n<meta name=\"twitter:label1\" content=\"Escrito por\" \/>\n\t<meta name=\"twitter:data1\" content=\"Larissa Carvalho\" \/>\n\t<meta name=\"twitter:label2\" content=\"Est. tempo de leitura\" \/>\n\t<meta name=\"twitter:data2\" content=\"3 minutos\" \/>\n<!-- \/ Yoast SEO plugin. -->","yoast_head_json":{"title":"Veja por que seu c\u00e3o se recusa a beber \u00e1gua e como consertar isso","description":"Descubra por que seu c\u00e3o para de beber \u00e1gua e como agir! Garanta a sa\u00fade dele identificando causas, como estresse ou problemas dent\u00e1rios.","robots":{"index":"index","follow":"follow","max-snippet":"max-snippet:-1","max-image-preview":"max-image-preview:large","max-video-preview":"max-video-preview:-1"},"canonical":"https:\/\/www.correiobraziliense.com.br\/cbradar\/veja-por-que-seu-cao-se-recusa-a-beber-agua-e-como-consertar-isso\/","og_locale":"pt_BR","og_type":"article","og_title":"Veja por que seu c\u00e3o se recusa a beber \u00e1gua e como consertar isso","og_description":"Descubra por que seu c\u00e3o para de beber \u00e1gua e como agir! Garanta a sa\u00fade dele identificando causas, como estresse ou problemas dent\u00e1rios.","og_url":"https:\/\/www.correiobraziliense.com.br\/cbradar\/veja-por-que-seu-cao-se-recusa-a-beber-agua-e-como-consertar-isso\/","og_site_name":"Correio Braziliense - Radar","article_published_time":"2025-09-24T00:03:00+00:00","og_image":[{"width":1280,"height":720,"url":"https:\/\/www.correiobraziliense.com.br\/cbradar\/wp-content\/uploads\/2025\/09\/cachorro-bebendo-agua_1758533096489.jpg","type":"image\/jpeg"}],"author":"Larissa Carvalho","twitter_card":"summary_large_image","twitter_misc":{"Escrito por":"Larissa Carvalho","Est. tempo de leitura":"3 minutos"},"schema":{"@context":"https:\/\/schema.org","@graph":[{"@type":"WebPage","@id":"https:\/\/www.correiobraziliense.com.br\/cbradar\/veja-por-que-seu-cao-se-recusa-a-beber-agua-e-como-consertar-isso\/","url":"https:\/\/www.correiobraziliense.com.br\/cbradar\/veja-por-que-seu-cao-se-recusa-a-beber-agua-e-como-consertar-isso\/","name":"Veja por que seu c\u00e3o se recusa a beber \u00e1gua e como consertar isso","isPartOf":{"@id":"https:\/\/www.correiobraziliense.com.br\/cbradar\/#website"},"primaryImageOfPage":{"@id":"https:\/\/www.correiobraziliense.com.br\/cbradar\/veja-por-que-seu-cao-se-recusa-a-beber-agua-e-como-consertar-isso\/#primaryimage"},"image":{"@id":"https:\/\/www.correiobraziliense.com.br\/cbradar\/veja-por-que-seu-cao-se-recusa-a-beber-agua-e-como-consertar-isso\/#primaryimage"},"thumbnailUrl":"https:\/\/www.correiobraziliense.com.br\/cbradar\/wp-content\/uploads\/2025\/09\/cachorro-bebendo-agua_1758533096489.jpg","datePublished":"2025-09-24T00:03:00+00:00","author":{"@id":"https:\/\/www.correiobraziliense.com.br\/cbradar\/#\/schema\/person\/58422787644df994b53a19d3e56c1513"},"description":"Descubra por que seu c\u00e3o para de beber \u00e1gua e como agir! Garanta a sa\u00fade dele identificando causas, como estresse ou problemas dent\u00e1rios.","breadcrumb":{"@id":"https:\/\/www.correiobraziliense.com.br\/cbradar\/veja-por-que-seu-cao-se-recusa-a-beber-agua-e-como-consertar-isso\/#breadcrumb"},"inLanguage":"pt-BR","potentialAction":[{"@type":"ReadAction","target":["https:\/\/www.correiobraziliense.com.br\/cbradar\/veja-por-que-seu-cao-se-recusa-a-beber-agua-e-como-consertar-isso\/"]}]},{"@type":"ImageObject","inLanguage":"pt-BR","@id":"https:\/\/www.correiobraziliense.com.br\/cbradar\/veja-por-que-seu-cao-se-recusa-a-beber-agua-e-como-consertar-isso\/#primaryimage","url":"https:\/\/www.correiobraziliense.com.br\/cbradar\/wp-content\/uploads\/2025\/09\/cachorro-bebendo-agua_1758533096489.jpg","contentUrl":"https:\/\/www.correiobraziliense.com.br\/cbradar\/wp-content\/uploads\/2025\/09\/cachorro-bebendo-agua_1758533096489.jpg","width":1280,"height":720,"caption":"cachorro bebendo \u00e1gua. Cr\u00e9ditos: depositphotos.com \/ HayDmitriy"},{"@type":"BreadcrumbList","@id":"https:\/\/www.correiobraziliense.com.br\/cbradar\/veja-por-que-seu-cao-se-recusa-a-beber-agua-e-como-consertar-isso\/#breadcrumb","itemListElement":[{"@type":"ListItem","position":1,"name":"In\u00edcio","item":"https:\/\/www.correiobraziliense.com.br\/cbradar\/"},{"@type":"ListItem","position":2,"name":"Veja por que seu c\u00e3o se recusa a beber \u00e1gua e como consertar isso"}]},{"@type":"WebSite","@id":"https:\/\/www.correiobraziliense.com.br\/cbradar\/#website","url":"https:\/\/www.correiobraziliense.com.br\/cbradar\/","name":"Correio Braziliense - Radar","description":"Acompanhe as \u00faltimas not\u00edcias e fique bem informado sobre tudo o que acontece no Brasil e no mundo.","potentialAction":[{"@type":"SearchAction","target":{"@type":"EntryPoint","urlTemplate":"https:\/\/www.correiobraziliense.com.br\/cbradar\/?s={search_term_string}"},"query-input":{"@type":"PropertyValueSpecification","valueRequired":true,"valueName":"search_term_string"}}],"inLanguage":"pt-BR"},{"@type":"Person","@id":"https:\/\/www.correiobraziliense.com.br\/cbradar\/#\/schema\/person\/58422787644df994b53a19d3e56c1513","name":"Larissa Carvalho","image":{"@type":"ImageObject","inLanguage":"pt-BR","@id":"https:\/\/www.correiobraziliense.com.br\/cbradar\/#\/schema\/person\/image\/","url":"https:\/\/secure.gravatar.com\/avatar\/fe4f91a0de32b52a838d0d612abdc1aa?s=96&d=mm&r=g","contentUrl":"https:\/\/secure.gravatar.com\/avatar\/fe4f91a0de32b52a838d0d612abdc1aa?s=96&d=mm&r=g","caption":"Larissa Carvalho"},"url":"https:\/\/www.correiobraziliense.com.br\/cbradar\/author\/larissamyth\/"}]}},"_links":{"self":[{"href":"https:\/\/www.correiobraziliense.com.br\/cbradar\/wp-json\/wp\/v2\/posts\/107719","targetHints":{"allow":["GET"]}}],"collection":[{"href":"https:\/\/www.correiobraziliense.com.br\/cbradar\/wp-json\/wp\/v2\/posts"}],"about":[{"href":"https:\/\/www.correiobraziliense.com.br\/cbradar\/wp-json\/wp\/v2\/types\/post"}],"author":[{"embeddable":true,"href":"https:\/\/www.correiobraziliense.com.br\/cbradar\/wp-json\/wp\/v2\/users\/3"}],"replies":[{"embeddable":true,"href":"https:\/\/www.correiobraziliense.com.br\/cbradar\/wp-json\/wp\/v2\/comments?post=107719"}],"version-history":[{"count":2,"href":"https:\/\/www.correiobraziliense.com.br\/cbradar\/wp-json\/wp\/v2\/posts\/107719\/revisions"}],"predecessor-version":[{"id":107723,"href":"https:\/\/www.correiobraziliense.com.br\/cbradar\/wp-json\/wp\/v2\/posts\/107719\/revisions\/107723"}],"wp:featuredmedia":[{"embeddable":true,"href":"https:\/\/www.correiobraziliense.com.br\/cbradar\/wp-json\/wp\/v2\/media\/107721"}],"wp:attachment":[{"href":"https:\/\/www.correiobraziliense.com.br\/cbradar\/wp-json\/wp\/v2\/media?parent=107719"}],"wp:term":[{"taxonomy":"category","embeddable":true,"href":"https:\/\/www.correiobraziliense.com.br\/cbradar\/wp-json\/wp\/v2\/categories?post=107719"},{"taxonomy":"post_tag","embeddable":true,"href":"https:\/\/www.correiobraziliense.com.br\/cbradar\/wp-json\/wp\/v2\/post_tag?post=107719"}],"curies":[{"name":"wp","href":"https:\/\/api.w.org\/{rel}","templated":true}]}}