{"id":107799,"date":"2025-09-25T16:23:00","date_gmt":"2025-09-25T19:23:00","guid":{"rendered":"https:\/\/www.correiobraziliense.com.br\/cbradar\/?p=107799"},"modified":"2025-09-22T08:13:28","modified_gmt":"2025-09-22T11:13:28","slug":"se-voce-esquece-nomes-a-psicologia-diz-que-voce-e-esse-tipo-de-pessoa","status":"publish","type":"post","link":"https:\/\/www.correiobraziliense.com.br\/cbradar\/se-voce-esquece-nomes-a-psicologia-diz-que-voce-e-esse-tipo-de-pessoa\/","title":{"rendered":"Se voc\u00ea esquece nomes, a psicologia diz que voc\u00ea \u00e9 esse tipo de pessoa"},"content":{"rendered":"\n<p>Voc\u00ea pode ver algu\u00e9m todos os dias e ainda n\u00e3o lembrar o nome dela. Entender como a mem\u00f3ria funciona nesse contexto pode ser surpreendente. Imagine encontrar um vizinho diariamente ou tomar caf\u00e9 com um colega, mas suas identidades se perdem em sua mente.<\/p>\n\n\n\n<ul class=\"wp-block-list\">\n<li>Experimentos revelam o impacto das associa\u00e7\u00f5es mentais na mem\u00f3ria.<\/li>\n\n\n\n<li>Nosso c\u00e9rebro privilegia informa\u00e7\u00f5es ligadas a conceitos e imagens.<\/li>\n\n\n\n<li>Esquecer nomes \u00e9 uma caracter\u00edstica estrutural da mem\u00f3ria, n\u00e3o um defeito.<\/li>\n<\/ul>\n\n\n\n<h2 class=\"wp-block-heading\">O que \u00e9 o Paradoxo Baker\/baker?<\/h2>\n\n\n\n<p>A fim de entender por que esquecemos nomes, pesquisadores conduziram um experimento conhecido como <strong>paradoxo Baker\/baker<\/strong>. Duas pessoas foram apresentadas a grupos diferentes: uma com o sobrenome &#8220;Baker&#8221; e outra como algu\u00e9m que trabalha como <strong>padeiro<\/strong>.<\/p>\n\n\n\n<p>Os participantes foram muito mais propensos a lembrar do t\u00edtulo de trabalho do que do sobrenome. Isso demonstra que a mem\u00f3ria funciona melhor quando associamos informa\u00e7\u00f5es a outros <strong>conceitos<\/strong>, imagens ou significados.<\/p>\n\n\n\n<h2 class=\"wp-block-heading\">Por que nosso c\u00e9rebro lembra melhor de profiss\u00f5es?<\/h2>\n\n\n\n<p>Ao ouvir que algu\u00e9m \u00e9 um <strong>padeiro<\/strong>, ativamos uma rede de associa\u00e7\u00f5es mentais: o cheiro de p\u00e3o, o calor do forno, o movimento da manh\u00e3 em uma padaria.<\/p>\n\n\n\n<p>Todas essas conex\u00f5es tornam a profiss\u00e3o mais profundamente &#8220;ancorada&#8221; na mem\u00f3ria. Um nome, por outro lado, n\u00e3o possui refer\u00eancia <em>visual<\/em> ou conceitual.<\/p>\n\n\n\n<figure class=\"wp-block-image size-large\"><img decoding=\"async\" width=\"1024\" height=\"576\" src=\"https:\/\/www.correiobraziliense.com.br\/cbradar\/wp-content\/uploads\/2025\/09\/pessoa-esquecida_1758539595326-1024x576.jpg\" alt=\"Se voc\u00ea esquece nomes, a psicologia diz que voc\u00ea \u00e9 esse tipo de pessoa\" class=\"wp-image-107827\" srcset=\"https:\/\/www.correiobraziliense.com.br\/cbradar\/wp-content\/uploads\/2025\/09\/pessoa-esquecida_1758539595326-1024x576.jpg 1024w, https:\/\/www.correiobraziliense.com.br\/cbradar\/wp-content\/uploads\/2025\/09\/pessoa-esquecida_1758539595326-300x169.jpg 300w, https:\/\/www.correiobraziliense.com.br\/cbradar\/wp-content\/uploads\/2025\/09\/pessoa-esquecida_1758539595326-768x432.jpg 768w, https:\/\/www.correiobraziliense.com.br\/cbradar\/wp-content\/uploads\/2025\/09\/pessoa-esquecida_1758539595326-750x422.jpg 750w, https:\/\/www.correiobraziliense.com.br\/cbradar\/wp-content\/uploads\/2025\/09\/pessoa-esquecida_1758539595326-1140x641.jpg 1140w, https:\/\/www.correiobraziliense.com.br\/cbradar\/wp-content\/uploads\/2025\/09\/pessoa-esquecida_1758539595326.jpg 1280w\" sizes=\"(max-width: 1024px) 100vw, 1024px\" \/><figcaption class=\"wp-element-caption\">pessoa esquecida. Cr\u00e9ditos: depositphotos.com \/ AsierRomeroCarballo<\/figcaption><\/figure>\n\n\n\n<h2 class=\"wp-block-heading\">Como funciona a estrutura da mem\u00f3ria?<\/h2>\n\n\n\n<p>Quando nossa conex\u00e3o com a pessoa \u00e9 superficial e sem interesse particular, o nome n\u00e3o permanece. Nossa mem\u00f3ria n\u00e3o \u00e9 projetada para armazenar <strong>r\u00f3tulos arbitr\u00e1rios<\/strong>. At\u00e9 que algu\u00e9m se torne parte est\u00e1vel do nosso mundo social, \u00e9 improv\u00e1vel que o nome deles grude.<\/p>\n\n\n\n<p>Leia tamb\u00e9m: <a href=\"https:\/\/www.correiobraziliense.com.br\/cbradar\/o-que-significa-quando-uma-pessoa-dorme-sempre-de-brucos-segundo-a-psicologia\/\" target=\"_blank\" rel=\"noreferrer noopener\">O que significa quando uma pessoa dorme sempre de bru\u00e7os segundo a psicologia<\/a><\/p>\n\n\n\n<p>Esquecer um nome n\u00e3o \u00e9 sinal de falta de aten\u00e7\u00e3o ou mem\u00f3ria ruim, mas sim uma <strong>caracter\u00edstica estrutural<\/strong> do pr\u00f3prio c\u00e9rebro. Nossa mem\u00f3ria opera de forma econ\u00f4mica: ela seleciona, comprime, conecta e favorece o que considera relevante.<\/p>\n\n\n\n<h2 class=\"wp-block-heading\">Mantendo a mem\u00f3ria ativa: o que aprendemos?<\/h2>\n\n\n\n<ul class=\"wp-block-list\">\n<li>Mem\u00f3ria privilegia associa\u00e7\u00f5es visuais e conceituais em vez de informa\u00e7\u00f5es arbitr\u00e1rias.<\/li>\n\n\n\n<li>Os experimentos mostram que profiss\u00f5es geram mais conex\u00f5es mentais do que nomes.<\/li>\n\n\n\n<li>Esquecer um nome \u00e9 uma adapta\u00e7\u00e3o de sobreviv\u00eancia, n\u00e3o uma falha pessoal.<\/li>\n<\/ul>\n","protected":false},"excerpt":{"rendered":"<p>Esqueceu o nome de algu\u00e9m? Descubra por que isso \u00e9 comum e como nosso c\u00e9rebro prioriza o que lembrar. Explore o Paradoxo Baker\/baker!<\/p>\n","protected":false},"author":3,"featured_media":107826,"comment_status":"open","ping_status":"open","sticky":false,"template":"","format":"standard","meta":{"_yoast_wpseo_focuskw":"esquece nomes psicologia","_yoast_wpseo_title":"%%title%%","_yoast_wpseo_metadesc":"Esqueceu o nome de algu\u00e9m? Descubra por que isso \u00e9 comum e como nosso c\u00e9rebro prioriza o que lembrar. Explore o Paradoxo Baker\/baker!","jnews-multi-image_gallery":[],"jnews_single_post":{"format":"standard"},"jnews_primary_category":[],"jnews_social_meta":[],"jnews_override_counter":[],"footnotes":""},"categories":[112],"tags":[144,404],"class_list":["post-107799","post","type-post","status-publish","format-standard","has-post-thumbnail","hentry","category-curiosidades","tag-curiosidades","tag-psicologia"],"yoast_head":"<!-- This site is optimized with the Yoast SEO plugin v24.6 - https:\/\/yoast.com\/wordpress\/plugins\/seo\/ -->\n<title>Se voc\u00ea esquece nomes, a psicologia diz que voc\u00ea \u00e9 esse tipo de pessoa<\/title>\n<meta name=\"description\" content=\"Esqueceu o nome de algu\u00e9m? Descubra por que isso \u00e9 comum e como nosso c\u00e9rebro prioriza o que lembrar. Explore o Paradoxo Baker\/baker!\" \/>\n<meta name=\"robots\" content=\"index, follow, max-snippet:-1, max-image-preview:large, max-video-preview:-1\" \/>\n<link rel=\"canonical\" href=\"https:\/\/www.correiobraziliense.com.br\/cbradar\/se-voce-esquece-nomes-a-psicologia-diz-que-voce-e-esse-tipo-de-pessoa\/\" \/>\n<meta property=\"og:locale\" content=\"pt_BR\" \/>\n<meta property=\"og:type\" content=\"article\" \/>\n<meta property=\"og:title\" content=\"Se voc\u00ea esquece nomes, a psicologia diz que voc\u00ea \u00e9 esse tipo de pessoa\" \/>\n<meta property=\"og:description\" content=\"Esqueceu o nome de algu\u00e9m? Descubra por que isso \u00e9 comum e como nosso c\u00e9rebro prioriza o que lembrar. Explore o Paradoxo Baker\/baker!\" \/>\n<meta property=\"og:url\" content=\"https:\/\/www.correiobraziliense.com.br\/cbradar\/se-voce-esquece-nomes-a-psicologia-diz-que-voce-e-esse-tipo-de-pessoa\/\" \/>\n<meta property=\"og:site_name\" content=\"Correio Braziliense - Radar\" \/>\n<meta property=\"article:published_time\" content=\"2025-09-25T19:23:00+00:00\" \/>\n<meta property=\"og:image\" content=\"https:\/\/www.correiobraziliense.com.br\/cbradar\/wp-content\/uploads\/2025\/09\/pessoa-esquecida_1758539567260.jpg\" \/>\n\t<meta property=\"og:image:width\" content=\"1280\" \/>\n\t<meta property=\"og:image:height\" content=\"720\" \/>\n\t<meta property=\"og:image:type\" content=\"image\/jpeg\" \/>\n<meta name=\"author\" content=\"Larissa Carvalho\" \/>\n<meta name=\"twitter:card\" content=\"summary_large_image\" \/>\n<meta name=\"twitter:label1\" content=\"Escrito por\" \/>\n\t<meta name=\"twitter:data1\" content=\"Larissa Carvalho\" \/>\n\t<meta name=\"twitter:label2\" content=\"Est. tempo de leitura\" \/>\n\t<meta name=\"twitter:data2\" content=\"3 minutos\" \/>\n<!-- \/ Yoast SEO plugin. -->","yoast_head_json":{"title":"Se voc\u00ea esquece nomes, a psicologia diz que voc\u00ea \u00e9 esse tipo de pessoa","description":"Esqueceu o nome de algu\u00e9m? Descubra por que isso \u00e9 comum e como nosso c\u00e9rebro prioriza o que lembrar. Explore o Paradoxo Baker\/baker!","robots":{"index":"index","follow":"follow","max-snippet":"max-snippet:-1","max-image-preview":"max-image-preview:large","max-video-preview":"max-video-preview:-1"},"canonical":"https:\/\/www.correiobraziliense.com.br\/cbradar\/se-voce-esquece-nomes-a-psicologia-diz-que-voce-e-esse-tipo-de-pessoa\/","og_locale":"pt_BR","og_type":"article","og_title":"Se voc\u00ea esquece nomes, a psicologia diz que voc\u00ea \u00e9 esse tipo de pessoa","og_description":"Esqueceu o nome de algu\u00e9m? Descubra por que isso \u00e9 comum e como nosso c\u00e9rebro prioriza o que lembrar. Explore o Paradoxo Baker\/baker!","og_url":"https:\/\/www.correiobraziliense.com.br\/cbradar\/se-voce-esquece-nomes-a-psicologia-diz-que-voce-e-esse-tipo-de-pessoa\/","og_site_name":"Correio Braziliense - Radar","article_published_time":"2025-09-25T19:23:00+00:00","og_image":[{"width":1280,"height":720,"url":"https:\/\/www.correiobraziliense.com.br\/cbradar\/wp-content\/uploads\/2025\/09\/pessoa-esquecida_1758539567260.jpg","type":"image\/jpeg"}],"author":"Larissa Carvalho","twitter_card":"summary_large_image","twitter_misc":{"Escrito por":"Larissa Carvalho","Est. tempo de leitura":"3 minutos"},"schema":{"@context":"https:\/\/schema.org","@graph":[{"@type":"WebPage","@id":"https:\/\/www.correiobraziliense.com.br\/cbradar\/se-voce-esquece-nomes-a-psicologia-diz-que-voce-e-esse-tipo-de-pessoa\/","url":"https:\/\/www.correiobraziliense.com.br\/cbradar\/se-voce-esquece-nomes-a-psicologia-diz-que-voce-e-esse-tipo-de-pessoa\/","name":"Se voc\u00ea esquece nomes, a psicologia diz que voc\u00ea \u00e9 esse tipo de pessoa","isPartOf":{"@id":"https:\/\/www.correiobraziliense.com.br\/cbradar\/#website"},"primaryImageOfPage":{"@id":"https:\/\/www.correiobraziliense.com.br\/cbradar\/se-voce-esquece-nomes-a-psicologia-diz-que-voce-e-esse-tipo-de-pessoa\/#primaryimage"},"image":{"@id":"https:\/\/www.correiobraziliense.com.br\/cbradar\/se-voce-esquece-nomes-a-psicologia-diz-que-voce-e-esse-tipo-de-pessoa\/#primaryimage"},"thumbnailUrl":"https:\/\/www.correiobraziliense.com.br\/cbradar\/wp-content\/uploads\/2025\/09\/pessoa-esquecida_1758539567260.jpg","datePublished":"2025-09-25T19:23:00+00:00","author":{"@id":"https:\/\/www.correiobraziliense.com.br\/cbradar\/#\/schema\/person\/58422787644df994b53a19d3e56c1513"},"description":"Esqueceu o nome de algu\u00e9m? Descubra por que isso \u00e9 comum e como nosso c\u00e9rebro prioriza o que lembrar. Explore o Paradoxo Baker\/baker!","breadcrumb":{"@id":"https:\/\/www.correiobraziliense.com.br\/cbradar\/se-voce-esquece-nomes-a-psicologia-diz-que-voce-e-esse-tipo-de-pessoa\/#breadcrumb"},"inLanguage":"pt-BR","potentialAction":[{"@type":"ReadAction","target":["https:\/\/www.correiobraziliense.com.br\/cbradar\/se-voce-esquece-nomes-a-psicologia-diz-que-voce-e-esse-tipo-de-pessoa\/"]}]},{"@type":"ImageObject","inLanguage":"pt-BR","@id":"https:\/\/www.correiobraziliense.com.br\/cbradar\/se-voce-esquece-nomes-a-psicologia-diz-que-voce-e-esse-tipo-de-pessoa\/#primaryimage","url":"https:\/\/www.correiobraziliense.com.br\/cbradar\/wp-content\/uploads\/2025\/09\/pessoa-esquecida_1758539567260.jpg","contentUrl":"https:\/\/www.correiobraziliense.com.br\/cbradar\/wp-content\/uploads\/2025\/09\/pessoa-esquecida_1758539567260.jpg","width":1280,"height":720,"caption":"pessoa esquecida. Cr\u00e9ditos: depositphotos.com \/ AsierRomeroCarballo"},{"@type":"BreadcrumbList","@id":"https:\/\/www.correiobraziliense.com.br\/cbradar\/se-voce-esquece-nomes-a-psicologia-diz-que-voce-e-esse-tipo-de-pessoa\/#breadcrumb","itemListElement":[{"@type":"ListItem","position":1,"name":"In\u00edcio","item":"https:\/\/www.correiobraziliense.com.br\/cbradar\/"},{"@type":"ListItem","position":2,"name":"Se voc\u00ea esquece nomes, a psicologia diz que voc\u00ea \u00e9 esse tipo de pessoa"}]},{"@type":"WebSite","@id":"https:\/\/www.correiobraziliense.com.br\/cbradar\/#website","url":"https:\/\/www.correiobraziliense.com.br\/cbradar\/","name":"Correio Braziliense - Radar","description":"Acompanhe as \u00faltimas not\u00edcias e fique bem informado sobre tudo o que acontece no Brasil e no mundo.","potentialAction":[{"@type":"SearchAction","target":{"@type":"EntryPoint","urlTemplate":"https:\/\/www.correiobraziliense.com.br\/cbradar\/?s={search_term_string}"},"query-input":{"@type":"PropertyValueSpecification","valueRequired":true,"valueName":"search_term_string"}}],"inLanguage":"pt-BR"},{"@type":"Person","@id":"https:\/\/www.correiobraziliense.com.br\/cbradar\/#\/schema\/person\/58422787644df994b53a19d3e56c1513","name":"Larissa Carvalho","image":{"@type":"ImageObject","inLanguage":"pt-BR","@id":"https:\/\/www.correiobraziliense.com.br\/cbradar\/#\/schema\/person\/image\/","url":"https:\/\/secure.gravatar.com\/avatar\/fe4f91a0de32b52a838d0d612abdc1aa?s=96&d=mm&r=g","contentUrl":"https:\/\/secure.gravatar.com\/avatar\/fe4f91a0de32b52a838d0d612abdc1aa?s=96&d=mm&r=g","caption":"Larissa Carvalho"},"url":"https:\/\/www.correiobraziliense.com.br\/cbradar\/author\/larissamyth\/"}]}},"_links":{"self":[{"href":"https:\/\/www.correiobraziliense.com.br\/cbradar\/wp-json\/wp\/v2\/posts\/107799","targetHints":{"allow":["GET"]}}],"collection":[{"href":"https:\/\/www.correiobraziliense.com.br\/cbradar\/wp-json\/wp\/v2\/posts"}],"about":[{"href":"https:\/\/www.correiobraziliense.com.br\/cbradar\/wp-json\/wp\/v2\/types\/post"}],"author":[{"embeddable":true,"href":"https:\/\/www.correiobraziliense.com.br\/cbradar\/wp-json\/wp\/v2\/users\/3"}],"replies":[{"embeddable":true,"href":"https:\/\/www.correiobraziliense.com.br\/cbradar\/wp-json\/wp\/v2\/comments?post=107799"}],"version-history":[{"count":3,"href":"https:\/\/www.correiobraziliense.com.br\/cbradar\/wp-json\/wp\/v2\/posts\/107799\/revisions"}],"predecessor-version":[{"id":107828,"href":"https:\/\/www.correiobraziliense.com.br\/cbradar\/wp-json\/wp\/v2\/posts\/107799\/revisions\/107828"}],"wp:featuredmedia":[{"embeddable":true,"href":"https:\/\/www.correiobraziliense.com.br\/cbradar\/wp-json\/wp\/v2\/media\/107826"}],"wp:attachment":[{"href":"https:\/\/www.correiobraziliense.com.br\/cbradar\/wp-json\/wp\/v2\/media?parent=107799"}],"wp:term":[{"taxonomy":"category","embeddable":true,"href":"https:\/\/www.correiobraziliense.com.br\/cbradar\/wp-json\/wp\/v2\/categories?post=107799"},{"taxonomy":"post_tag","embeddable":true,"href":"https:\/\/www.correiobraziliense.com.br\/cbradar\/wp-json\/wp\/v2\/tags?post=107799"}],"curies":[{"name":"wp","href":"https:\/\/api.w.org\/{rel}","templated":true}]}}