{"id":107912,"date":"2025-09-23T10:43:00","date_gmt":"2025-09-23T13:43:00","guid":{"rendered":"https:\/\/www.correiobraziliense.com.br\/cbradar\/?p=107912"},"modified":"2025-09-22T12:26:42","modified_gmt":"2025-09-22T15:26:42","slug":"o-que-significa-ouvir-seu-nome-sem-que-ninguem-tenha-chamado","status":"publish","type":"post","link":"https:\/\/www.correiobraziliense.com.br\/cbradar\/o-que-significa-ouvir-seu-nome-sem-que-ninguem-tenha-chamado\/","title":{"rendered":"O que significa ouvir seu nome sem que ningu\u00e9m tenha chamado?"},"content":{"rendered":"\n<p>Ouvir <strong>seu nome<\/strong> quando n\u00e3o h\u00e1 ningu\u00e9m ao redor pode ser uma experi\u00eancia intrigante. Muitas pessoas relatam j\u00e1 ter passado por isso e levantam questionamentos sobre o que pode estar por tr\u00e1s desse fen\u00f4meno. A seguir, destacamos alguns dos principais pontos que vamos abordar ao longo deste artigo:<\/p>\n\n\n\n<ul class=\"wp-block-list\">\n<li>As poss\u00edveis explica\u00e7\u00f5es cient\u00edficas para esse fen\u00f4meno<\/li>\n\n\n\n<li>A rela\u00e7\u00e3o entre ouvir vozes e a sa\u00fade mental<\/li>\n\n\n\n<li>Dicas para lidar com a experi\u00eancia de forma tranquila<\/li>\n<\/ul>\n\n\n\n<h2 class=\"wp-block-heading\">O que a ci\u00eancia diz sobre ouvir vozes?<\/h2>\n\n\n\n<p><a href=\"https:\/\/www.verywellhealth.com\/hearing-voices-at-night-5198767#:~:text=Ouvir%20vozes%20%C3%A0%20noite%20n%C3%A3o,certos%20medicamentos%20ou%20condi%C3%A7%C3%B5es%20m%C3%A9dicas.\" target=\"_blank\" rel=\"noreferrer noopener\">Especialistas <\/a>explicam que ouvir <strong>vozes<\/strong>, incluindo o pr\u00f3prio nome, pode estar relacionado a <strong>fen\u00f4menos cognitivos normais<\/strong>. Muitos de n\u00f3s j\u00e1 experimentamos ilus\u00f5es auditivas especialmente em momentos de cansa\u00e7o extremo. \u00c9 comum confundir sons do ambiente com palavras conhecidas, como nosso pr\u00f3prio nome. Estudos sugerem que o c\u00e9rebro tende a procurar por padr\u00f5es familiares, explicando isso. <\/p>\n\n\n<div class=\"wp-block-image\">\n<figure class=\"aligncenter size-large\"><img decoding=\"async\" width=\"1024\" height=\"576\" src=\"https:\/\/www.correiobraziliense.com.br\/cbradar\/wp-content\/uploads\/2025\/06\/pessoa-inteligente_1749585891596-1024x576.jpg\" alt=\"5 frases que s\u00f3 pessoas muito inteligentes costumam dizer no dia a dia\" class=\"wp-image-51197\" srcset=\"https:\/\/www.correiobraziliense.com.br\/cbradar\/wp-content\/uploads\/2025\/06\/pessoa-inteligente_1749585891596-1024x576.jpg 1024w, https:\/\/www.correiobraziliense.com.br\/cbradar\/wp-content\/uploads\/2025\/06\/pessoa-inteligente_1749585891596-300x169.jpg 300w, https:\/\/www.correiobraziliense.com.br\/cbradar\/wp-content\/uploads\/2025\/06\/pessoa-inteligente_1749585891596-768x432.jpg 768w, https:\/\/www.correiobraziliense.com.br\/cbradar\/wp-content\/uploads\/2025\/06\/pessoa-inteligente_1749585891596-750x422.jpg 750w, https:\/\/www.correiobraziliense.com.br\/cbradar\/wp-content\/uploads\/2025\/06\/pessoa-inteligente_1749585891596-1140x641.jpg 1140w, https:\/\/www.correiobraziliense.com.br\/cbradar\/wp-content\/uploads\/2025\/06\/pessoa-inteligente_1749585891596.jpg 1280w\" sizes=\"(max-width: 1024px) 100vw, 1024px\" \/><figcaption class=\"wp-element-caption\">Pessoa &#8211; Cr\u00e9ditos: depositphotos.com \/ VitalikRadko<\/figcaption><\/figure><\/div>\n\n\n<h2 class=\"wp-block-heading\">Ouvir vozes \u00e9 necessariamente um sinal de problema mental?<\/h2>\n\n\n\n<p>Quando essas experi\u00eancias passam a impactar o cotidiano, procurar um especialista \u00e9 uma atitude importante. Cuidar do bem-estar psicol\u00f3gico \u00e9 fundamental.<\/p>\n\n\n\n<p>Se essas ocorr\u00eancias come\u00e7arem a interferir nas atividades di\u00e1rias, \u00e9 aconselh\u00e1vel consultar um profissional. A sa\u00fade mental merece toda aten\u00e7\u00e3o.<\/p>\n\n\n\n<h2 class=\"wp-block-heading\">Como lidar com esse tipo de situa\u00e7\u00e3o?<\/h2>\n\n\n\n<p>Vivenciar momentos de confus\u00e3o auditiva pode ser inquietante. Veja algumas dicas sobre como lidar de forma eficaz:<\/p>\n\n\n\n<ul class=\"wp-block-list\">\n<li><strong>Mantenha a calma<\/strong>: Lembre-se de que isso pode ser uma ocorr\u00eancia comum e inofensiva.<\/li>\n\n\n\n<li><strong>Observe o contexto<\/strong>: Note em que situa\u00e7\u00f5es esse fen\u00f4meno acontece mais frequentemente.<\/li>\n\n\n\n<li><strong>Consulte especialistas<\/strong>: Se houver d\u00favidas ou preocupa\u00e7\u00f5es, n\u00e3o hesite em procurar um psic\u00f3logo ou psiquiatra. Voc\u00ea pode usar plataformas como a <strong>Doctoralia<\/strong> para encontrar profissionais pr\u00f3ximos a voc\u00ea.<\/li>\n<\/ul>\n\n\n\n<p>Leia tamb\u00e9m:\u00a0<a href=\"https:\/\/www.correiobraziliense.com.br\/cbradar\/o-que-significa-sonhar-que-voce-nao-consegue-se-mover\/\" target=\"_blank\" rel=\"noreferrer noopener\">O que significa sonhar que voc\u00ea n\u00e3o consegue se mover?<\/a><\/p>\n\n\n\n<h2 class=\"wp-block-heading\">Qual \u00e9 a conclus\u00e3o sobre ouvir vozes?<\/h2>\n\n\n\n<ul class=\"wp-block-list\">\n<li>Ouvir seu nome quando n\u00e3o h\u00e1 ningu\u00e9m por perto pode ter causas naturais e n\u00e3o necessariamente prejudiciais.<\/li>\n\n\n\n<li>\u00c9 importante distinguir entre uma ocorr\u00eancia isolada e um padr\u00e3o, para determinar se \u00e9 necess\u00e1rio buscar ajuda.<\/li>\n\n\n\n<li>Manter-se informado ajuda a lidar melhor com situa\u00e7\u00f5es inesperadas e a cuidar da sa\u00fade mental de forma integrada.<\/li>\n<\/ul>\n","protected":false},"excerpt":{"rendered":"<p>Ouvir seu nome quando n\u00e3o h\u00e1 ningu\u00e9m ao redor pode ser uma experi\u00eancia intrigante. Muitas pessoas relatam j\u00e1 ter passado por isso e levantam questionamentos sobre o que pode estar por tr\u00e1s desse fen\u00f4meno. A seguir, destacamos alguns dos principais pontos que vamos abordar ao longo deste artigo: O que a ci\u00eancia diz sobre ouvir [&hellip;]<\/p>\n","protected":false},"author":9,"featured_media":51198,"comment_status":"open","ping_status":"open","sticky":false,"template":"","format":"standard","meta":{"_yoast_wpseo_focuskw":"ouvir seu nome","_yoast_wpseo_title":"%%title%% %%page%%","_yoast_wpseo_metadesc":"Esse fen\u00f4meno pode parecer estranho, mas tem explica\u00e7\u00f5es cient\u00edficas. Entenda por que acontece e quando \u00e9 importante buscar ajuda.","jnews-multi-image_gallery":[],"jnews_single_post":{"format":"standard"},"jnews_primary_category":[],"jnews_social_meta":[],"jnews_override_counter":[],"footnotes":""},"categories":[112],"post_tag":[9151,9150,1292],"class_list":["post-107912","post","type-post","status-publish","format-standard","has-post-thumbnail","hentry","category-curiosidades","tag-eco","tag-nome","tag-ouvir"],"yoast_head":"<!-- This site is optimized with the Yoast SEO plugin v24.6 - https:\/\/yoast.com\/wordpress\/plugins\/seo\/ -->\n<title>O que significa ouvir seu nome sem que ningu\u00e9m tenha chamado?<\/title>\n<meta name=\"description\" content=\"Esse fen\u00f4meno pode parecer estranho, mas tem explica\u00e7\u00f5es cient\u00edficas. Entenda por que acontece e quando \u00e9 importante buscar ajuda.\" \/>\n<meta name=\"robots\" content=\"index, follow, max-snippet:-1, max-image-preview:large, max-video-preview:-1\" \/>\n<link rel=\"canonical\" href=\"https:\/\/www.correiobraziliense.com.br\/cbradar\/o-que-significa-ouvir-seu-nome-sem-que-ninguem-tenha-chamado\/\" \/>\n<meta property=\"og:locale\" content=\"pt_BR\" \/>\n<meta property=\"og:type\" content=\"article\" \/>\n<meta property=\"og:title\" content=\"O que significa ouvir seu nome sem que ningu\u00e9m tenha chamado?\" \/>\n<meta property=\"og:description\" content=\"Esse fen\u00f4meno pode parecer estranho, mas tem explica\u00e7\u00f5es cient\u00edficas. Entenda por que acontece e quando \u00e9 importante buscar ajuda.\" \/>\n<meta property=\"og:url\" content=\"https:\/\/www.correiobraziliense.com.br\/cbradar\/o-que-significa-ouvir-seu-nome-sem-que-ninguem-tenha-chamado\/\" \/>\n<meta property=\"og:site_name\" content=\"Correio Braziliense - Radar\" \/>\n<meta property=\"article:published_time\" content=\"2025-09-23T13:43:00+00:00\" \/>\n<meta property=\"og:image\" content=\"https:\/\/www.correiobraziliense.com.br\/cbradar\/wp-content\/uploads\/2025\/06\/pessoa-inteligente_1749586011057.jpg\" \/>\n\t<meta property=\"og:image:width\" content=\"1280\" \/>\n\t<meta property=\"og:image:height\" content=\"720\" \/>\n\t<meta property=\"og:image:type\" content=\"image\/jpeg\" \/>\n<meta name=\"author\" content=\"Daniely Cardoso\" \/>\n<meta name=\"twitter:card\" content=\"summary_large_image\" \/>\n<meta name=\"twitter:label1\" content=\"Escrito por\" \/>\n\t<meta name=\"twitter:data1\" content=\"Daniely Cardoso\" \/>\n\t<meta name=\"twitter:label2\" content=\"Est. tempo de leitura\" \/>\n\t<meta name=\"twitter:data2\" content=\"3 minutos\" \/>\n<!-- \/ Yoast SEO plugin. -->","yoast_head_json":{"title":"O que significa ouvir seu nome sem que ningu\u00e9m tenha chamado?","description":"Esse fen\u00f4meno pode parecer estranho, mas tem explica\u00e7\u00f5es cient\u00edficas. Entenda por que acontece e quando \u00e9 importante buscar ajuda.","robots":{"index":"index","follow":"follow","max-snippet":"max-snippet:-1","max-image-preview":"max-image-preview:large","max-video-preview":"max-video-preview:-1"},"canonical":"https:\/\/www.correiobraziliense.com.br\/cbradar\/o-que-significa-ouvir-seu-nome-sem-que-ninguem-tenha-chamado\/","og_locale":"pt_BR","og_type":"article","og_title":"O que significa ouvir seu nome sem que ningu\u00e9m tenha chamado?","og_description":"Esse fen\u00f4meno pode parecer estranho, mas tem explica\u00e7\u00f5es cient\u00edficas. Entenda por que acontece e quando \u00e9 importante buscar ajuda.","og_url":"https:\/\/www.correiobraziliense.com.br\/cbradar\/o-que-significa-ouvir-seu-nome-sem-que-ninguem-tenha-chamado\/","og_site_name":"Correio Braziliense - Radar","article_published_time":"2025-09-23T13:43:00+00:00","og_image":[{"width":1280,"height":720,"url":"https:\/\/www.correiobraziliense.com.br\/cbradar\/wp-content\/uploads\/2025\/06\/pessoa-inteligente_1749586011057.jpg","type":"image\/jpeg"}],"author":"Daniely Cardoso","twitter_card":"summary_large_image","twitter_misc":{"Escrito por":"Daniely Cardoso","Est. tempo de leitura":"3 minutos"},"schema":{"@context":"https:\/\/schema.org","@graph":[{"@type":"WebPage","@id":"https:\/\/www.correiobraziliense.com.br\/cbradar\/o-que-significa-ouvir-seu-nome-sem-que-ninguem-tenha-chamado\/","url":"https:\/\/www.correiobraziliense.com.br\/cbradar\/o-que-significa-ouvir-seu-nome-sem-que-ninguem-tenha-chamado\/","name":"O que significa ouvir seu nome sem que ningu\u00e9m tenha chamado?","isPartOf":{"@id":"https:\/\/www.correiobraziliense.com.br\/cbradar\/#website"},"primaryImageOfPage":{"@id":"https:\/\/www.correiobraziliense.com.br\/cbradar\/o-que-significa-ouvir-seu-nome-sem-que-ninguem-tenha-chamado\/#primaryimage"},"image":{"@id":"https:\/\/www.correiobraziliense.com.br\/cbradar\/o-que-significa-ouvir-seu-nome-sem-que-ninguem-tenha-chamado\/#primaryimage"},"thumbnailUrl":"https:\/\/www.correiobraziliense.com.br\/cbradar\/wp-content\/uploads\/2025\/06\/pessoa-inteligente_1749586011057.jpg","datePublished":"2025-09-23T13:43:00+00:00","author":{"@id":"https:\/\/www.correiobraziliense.com.br\/cbradar\/#\/schema\/person\/7356666e12ec0ee53f348ee5db227032"},"description":"Esse fen\u00f4meno pode parecer estranho, mas tem explica\u00e7\u00f5es cient\u00edficas. Entenda por que acontece e quando \u00e9 importante buscar ajuda.","breadcrumb":{"@id":"https:\/\/www.correiobraziliense.com.br\/cbradar\/o-que-significa-ouvir-seu-nome-sem-que-ninguem-tenha-chamado\/#breadcrumb"},"inLanguage":"pt-BR","potentialAction":[{"@type":"ReadAction","target":["https:\/\/www.correiobraziliense.com.br\/cbradar\/o-que-significa-ouvir-seu-nome-sem-que-ninguem-tenha-chamado\/"]}]},{"@type":"ImageObject","inLanguage":"pt-BR","@id":"https:\/\/www.correiobraziliense.com.br\/cbradar\/o-que-significa-ouvir-seu-nome-sem-que-ninguem-tenha-chamado\/#primaryimage","url":"https:\/\/www.correiobraziliense.com.br\/cbradar\/wp-content\/uploads\/2025\/06\/pessoa-inteligente_1749586011057.jpg","contentUrl":"https:\/\/www.correiobraziliense.com.br\/cbradar\/wp-content\/uploads\/2025\/06\/pessoa-inteligente_1749586011057.jpg","width":1280,"height":720,"caption":"Pessoa - Cr\u00e9ditos: depositphotos.com \/ Nomadsoul1"},{"@type":"BreadcrumbList","@id":"https:\/\/www.correiobraziliense.com.br\/cbradar\/o-que-significa-ouvir-seu-nome-sem-que-ninguem-tenha-chamado\/#breadcrumb","itemListElement":[{"@type":"ListItem","position":1,"name":"In\u00edcio","item":"https:\/\/www.correiobraziliense.com.br\/cbradar\/"},{"@type":"ListItem","position":2,"name":"O que significa ouvir seu nome sem que ningu\u00e9m tenha chamado?"}]},{"@type":"WebSite","@id":"https:\/\/www.correiobraziliense.com.br\/cbradar\/#website","url":"https:\/\/www.correiobraziliense.com.br\/cbradar\/","name":"Correio Braziliense - Radar","description":"Acompanhe as \u00faltimas not\u00edcias e fique bem informado sobre tudo o que acontece no Brasil e no mundo.","potentialAction":[{"@type":"SearchAction","target":{"@type":"EntryPoint","urlTemplate":"https:\/\/www.correiobraziliense.com.br\/cbradar\/?s={search_term_string}"},"query-input":{"@type":"PropertyValueSpecification","valueRequired":true,"valueName":"search_term_string"}}],"inLanguage":"pt-BR"},{"@type":"Person","@id":"https:\/\/www.correiobraziliense.com.br\/cbradar\/#\/schema\/person\/7356666e12ec0ee53f348ee5db227032","name":"Daniely Cardoso","image":{"@type":"ImageObject","inLanguage":"pt-BR","@id":"https:\/\/www.correiobraziliense.com.br\/cbradar\/#\/schema\/person\/image\/","url":"https:\/\/secure.gravatar.com\/avatar\/4b80ddbd124d1f071b626d52d62e5dff?s=96&d=mm&r=g","contentUrl":"https:\/\/secure.gravatar.com\/avatar\/4b80ddbd124d1f071b626d52d62e5dff?s=96&d=mm&r=g","caption":"Daniely Cardoso"},"description":"Redatora nos portais CB Radar e EM Foco, formada pela Universidade Federal de Goi\u00e1s, em Goi\u00e2nia. Apaixonada por comunica\u00e7\u00e3o, arte, decora\u00e7\u00e3o e tend\u00eancias, atuo na produ\u00e7\u00e3o de conte\u00fados envolventes sobre curiosidades, moda, beleza e paisagismo, sempre com um olhar atento \u00e0s novidades do momento.","sameAs":["https:\/\/www.correiobraziliense.com.br\/cbradar"],"url":"https:\/\/www.correiobraziliense.com.br\/cbradar\/author\/danielymyth\/"}]}},"_links":{"self":[{"href":"https:\/\/www.correiobraziliense.com.br\/cbradar\/wp-json\/wp\/v2\/posts\/107912","targetHints":{"allow":["GET"]}}],"collection":[{"href":"https:\/\/www.correiobraziliense.com.br\/cbradar\/wp-json\/wp\/v2\/posts"}],"about":[{"href":"https:\/\/www.correiobraziliense.com.br\/cbradar\/wp-json\/wp\/v2\/types\/post"}],"author":[{"embeddable":true,"href":"https:\/\/www.correiobraziliense.com.br\/cbradar\/wp-json\/wp\/v2\/users\/9"}],"replies":[{"embeddable":true,"href":"https:\/\/www.correiobraziliense.com.br\/cbradar\/wp-json\/wp\/v2\/comments?post=107912"}],"version-history":[{"count":1,"href":"https:\/\/www.correiobraziliense.com.br\/cbradar\/wp-json\/wp\/v2\/posts\/107912\/revisions"}],"predecessor-version":[{"id":107914,"href":"https:\/\/www.correiobraziliense.com.br\/cbradar\/wp-json\/wp\/v2\/posts\/107912\/revisions\/107914"}],"wp:featuredmedia":[{"embeddable":true,"href":"https:\/\/www.correiobraziliense.com.br\/cbradar\/wp-json\/wp\/v2\/media\/51198"}],"wp:attachment":[{"href":"https:\/\/www.correiobraziliense.com.br\/cbradar\/wp-json\/wp\/v2\/media?parent=107912"}],"wp:term":[{"taxonomy":"category","embeddable":true,"href":"https:\/\/www.correiobraziliense.com.br\/cbradar\/wp-json\/wp\/v2\/categories?post=107912"},{"taxonomy":"post_tag","embeddable":true,"href":"https:\/\/www.correiobraziliense.com.br\/cbradar\/wp-json\/wp\/v2\/post_tag?post=107912"}],"curies":[{"name":"wp","href":"https:\/\/api.w.org\/{rel}","templated":true}]}}