{"id":108017,"date":"2025-09-23T11:53:00","date_gmt":"2025-09-23T14:53:00","guid":{"rendered":"https:\/\/www.correiobraziliense.com.br\/cbradar\/?p=108017"},"modified":"2025-09-22T18:55:18","modified_gmt":"2025-09-22T21:55:18","slug":"habitos-faceis-que-contribuem-para-uma-vida-mais-saudavel","status":"publish","type":"post","link":"https:\/\/www.correiobraziliense.com.br\/cbradar\/habitos-faceis-que-contribuem-para-uma-vida-mais-saudavel\/","title":{"rendered":"H\u00e1bitos f\u00e1ceis que contribuem para uma vida mais saud\u00e1vel"},"content":{"rendered":"\n<p>Quando o assunto \u00e9 sa\u00fade, muitas vezes pensa-se em mudan\u00e7as grandiosas para obter resultados. Na verdade, o bem-estar duradouro \u00e9 constru\u00eddo a partir das pequenas escolhas di\u00e1rias. Optar pelas escadas em vez do elevador, adicionar mais uma por\u00e7\u00e3o de vegetais no jantar ou fazer uma pausa para alongar-se \u00e0 tarde pode ter um impacto significativo ao longo do tempo. Essas mudan\u00e7as simples n\u00e3o exigem uma reformula\u00e7\u00e3o completa do estilo de vida, mas podem contribuir para uma vers\u00e3o mais saud\u00e1vel e energizada de voc\u00ea mesmo.<\/p>\n\n\n\n<p>Os h\u00e1bitos moldam a forma como vivemos. E, felizmente, eles n\u00e3o precisam ser complicados. Com algumas atitudes consistentes e f\u00e1ceis, \u00e9 poss\u00edvel aumentar a energia, apoiar o corpo e sentir-se melhor no geral. Seja incorporando mais movimento \u00e0 rotina, comendo de forma mais consciente ou encontrando tempo para descansar, esses h\u00e1bitos s\u00e3o feitos para se integrar \u00e0 vida cotidiana, n\u00e3o para lutar contra ela.<\/p>\n\n\n\n<h2 class=\"wp-block-heading\">Como pequenos gestos podem transformar a sa\u00fade?<\/h2>\n\n\n\n<p>Manter-se hidratado \u00e9 uma das maneiras mais simples de promover a sa\u00fade. Procurar ingerir um copo de \u00e1gua em cada refei\u00e7\u00e3o e manter sempre uma garrafa reutiliz\u00e1vel por perto durante o dia pode fazer maravilhas. A hidrata\u00e7\u00e3o adequada melhora os n\u00edveis de energia, a digest\u00e3o e at\u00e9 mesmo a concentra\u00e7\u00e3o.<\/p>\n\n\n\n<p>N\u00e3o \u00e9 necess\u00e1rio uma longa sess\u00e3o de academia para se manter ativo. Caminhadas curtas ap\u00f3s as refei\u00e7\u00f5es, alongamentos enquanto assiste televis\u00e3o ou levantar-se por alguns minutos a cada hora s\u00e3o ideais. Esses pequenos impulsos de movimento melhoram a circula\u00e7\u00e3o, a flexibilidade e o humor.<\/p>\n\n\n\n<h2 class=\"wp-block-heading\">Por que a alimenta\u00e7\u00e3o colorida \u00e9 importante?<\/h2>\n\n\n\n<p>Um prato colorido n\u00e3o \u00e9 apenas bonito, mas tamb\u00e9m nutritivo. Incorporar uma por\u00e7\u00e3o extra de vegetais no almo\u00e7o e no jantar aumenta a ingest\u00e3o de fibras, vitaminas e minerais, al\u00e9m de promover uma digest\u00e3o melhor e uma sa\u00fade geral mais robusta. Alimentos variados oferecem diferentes nutrientes que s\u00e3o vitais para o funcionamento do corpo.<\/p>\n\n\n\n<figure class=\"wp-block-image size-large\"><img decoding=\"async\" width=\"1024\" height=\"576\" src=\"https:\/\/www.correiobraziliense.com.br\/cbradar\/wp-content\/uploads\/2025\/09\/prato-completo_1758564020878-1024x576.jpg\" alt=\"H\u00e1bitos f\u00e1ceis que contribuem para uma vida mais saud\u00e1vel\" class=\"wp-image-108023\" srcset=\"https:\/\/www.correiobraziliense.com.br\/cbradar\/wp-content\/uploads\/2025\/09\/prato-completo_1758564020878-1024x576.jpg 1024w, https:\/\/www.correiobraziliense.com.br\/cbradar\/wp-content\/uploads\/2025\/09\/prato-completo_1758564020878-300x169.jpg 300w, https:\/\/www.correiobraziliense.com.br\/cbradar\/wp-content\/uploads\/2025\/09\/prato-completo_1758564020878-768x432.jpg 768w, https:\/\/www.correiobraziliense.com.br\/cbradar\/wp-content\/uploads\/2025\/09\/prato-completo_1758564020878-750x422.jpg 750w, https:\/\/www.correiobraziliense.com.br\/cbradar\/wp-content\/uploads\/2025\/09\/prato-completo_1758564020878-1140x641.jpg 1140w, https:\/\/www.correiobraziliense.com.br\/cbradar\/wp-content\/uploads\/2025\/09\/prato-completo_1758564020878.jpg 1280w\" sizes=\"(max-width: 1024px) 100vw, 1024px\" \/><figcaption class=\"wp-element-caption\">Alimenta\u00e7\u00e3o colorida\nCr\u00e9ditos: depositphotos.com \/ yalcinsonat1<\/figcaption><\/figure>\n\n\n\n<h2 class=\"wp-block-heading\">Como o descanso adequado impacta no bem-estar?<\/h2>\n\n\n\n<p>O repouso de qualidade \u00e9 t\u00e3o importante quanto a nutri\u00e7\u00e3o e o exerc\u00edcio. Criar uma rotina consistente na hora de dormir, desligando telas, mantendo o quarto fresco e escuro, e dando ao corpo pelo menos 7 a 8 horas para recarregar as energias \u00e9 essencial. Um bom descanso afeta positivamente o estado mental e f\u00edsico. Al\u00e9m disso, estudos indicam que ter hor\u00e1rios regulares para despertar e dormir pode auxiliar na regula\u00e7\u00e3o do rel\u00f3gio biol\u00f3gico, trazendo ainda mais benef\u00edcios para o bem-estar geral.<\/p>\n\n\n\n<h2 class=\"wp-block-heading\">Quais s\u00e3o os benef\u00edcios de comer com aten\u00e7\u00e3o?<\/h2>\n\n\n\n<p>Em vez de apressar-se nas refei\u00e7\u00f5es, desacelerar e prestar aten\u00e7\u00e3o aos sabores, texturas e sinais de fome pode aumentar o prazer em comer, al\u00e9m de prevenir o excesso e melhorar a digest\u00e3o. Comer de forma consciente permite uma aprecia\u00e7\u00e3o maior dos alimentos e ajuda na manuten\u00e7\u00e3o do peso e da sa\u00fade digestiva.<\/p>\n\n\n\n<p>A sa\u00fade n\u00e3o \u00e9 apenas f\u00edsica, mas tamb\u00e9m emocional. Conectar-se regularmente com amigos, familiares ou grupos comunit\u00e1rios reduz o estresse, aumenta a felicidade e mant\u00e9m os p\u00e9s no ch\u00e3o. Um estilo de vida mais saud\u00e1vel n\u00e3o acontece da noite para o dia, mas resulta de escolhas intencionais e consistentes feitas diariamente. Ao adotar h\u00e1bitos como beber mais \u00e1gua, mover-se bem, consumir alimentos coloridos, descansar adequadamente, apreciar as refei\u00e7\u00f5es e conectar com entes queridos, voc\u00ea constr\u00f3i uma base duradoura para o bem-estar. Eles n\u00e3o s\u00e3o mudan\u00e7as dram\u00e1ticas, mas, juntos, formam um estilo de vida que promove energia, equil\u00edbrio e alegria.<\/p>\n","protected":false},"excerpt":{"rendered":"<p>como h\u00e1bitos f\u00e1ceis podem transformar sua sa\u00fade: pequenas escolhas, como beber mais \u00e1gua e se movimentar mais, somam-se para gerar bem-estar.<\/p>\n","protected":false},"author":3,"featured_media":108022,"comment_status":"open","ping_status":"open","sticky":false,"template":"","format":"standard","meta":{"jnews-multi-image_gallery":[],"jnews_single_post":{"format":"standard"},"jnews_primary_category":[],"jnews_social_meta":[],"jnews_override_counter":[],"footnotes":""},"categories":[112,1],"post_tag":[9341,1904,1318],"class_list":["post-108017","post","type-post","status-publish","format-standard","has-post-thumbnail","hentry","category-curiosidades","category-uncategorized","tag-cotidiano","tag-habitos","tag-saude-2"],"yoast_head":"<!-- This site is optimized with the Yoast SEO plugin v24.6 - https:\/\/yoast.com\/wordpress\/plugins\/seo\/ -->\n<title>H\u00e1bitos f\u00e1ceis que contribuem para uma vida mais saud\u00e1vel<\/title>\n<meta name=\"description\" content=\"como h\u00e1bitos f\u00e1ceis podem transformar sua sa\u00fade: pequenas escolhas, como beber mais \u00e1gua e se movimentar mais, somam-se para gerar bem-estar.\" \/>\n<meta name=\"robots\" content=\"index, follow, max-snippet:-1, max-image-preview:large, max-video-preview:-1\" \/>\n<link rel=\"canonical\" href=\"https:\/\/www.correiobraziliense.com.br\/cbradar\/habitos-faceis-que-contribuem-para-uma-vida-mais-saudavel\/\" \/>\n<meta property=\"og:locale\" content=\"pt_BR\" \/>\n<meta property=\"og:type\" content=\"article\" \/>\n<meta property=\"og:title\" content=\"H\u00e1bitos f\u00e1ceis que contribuem para uma vida mais saud\u00e1vel\" \/>\n<meta property=\"og:description\" content=\"como h\u00e1bitos f\u00e1ceis podem transformar sua sa\u00fade: pequenas escolhas, como beber mais \u00e1gua e se movimentar mais, somam-se para gerar bem-estar.\" \/>\n<meta property=\"og:url\" content=\"https:\/\/www.correiobraziliense.com.br\/cbradar\/habitos-faceis-que-contribuem-para-uma-vida-mais-saudavel\/\" \/>\n<meta property=\"og:site_name\" content=\"Correio Braziliense - Radar\" \/>\n<meta property=\"article:published_time\" content=\"2025-09-23T14:53:00+00:00\" \/>\n<meta property=\"og:image\" content=\"https:\/\/www.correiobraziliense.com.br\/cbradar\/wp-content\/uploads\/2025\/09\/pessoa-saudavel_1758563932725.jpg\" \/>\n\t<meta property=\"og:image:width\" content=\"1280\" \/>\n\t<meta property=\"og:image:height\" content=\"720\" \/>\n\t<meta property=\"og:image:type\" content=\"image\/jpeg\" \/>\n<meta name=\"author\" content=\"Larissa Carvalho\" \/>\n<meta name=\"twitter:card\" content=\"summary_large_image\" \/>\n<meta name=\"twitter:label1\" content=\"Escrito por\" \/>\n\t<meta name=\"twitter:data1\" content=\"Larissa Carvalho\" \/>\n\t<meta name=\"twitter:label2\" content=\"Est. tempo de leitura\" \/>\n\t<meta name=\"twitter:data2\" content=\"4 minutos\" \/>\n<!-- \/ Yoast SEO plugin. -->","yoast_head_json":{"title":"H\u00e1bitos f\u00e1ceis que contribuem para uma vida mais saud\u00e1vel","description":"como h\u00e1bitos f\u00e1ceis podem transformar sua sa\u00fade: pequenas escolhas, como beber mais \u00e1gua e se movimentar mais, somam-se para gerar bem-estar.","robots":{"index":"index","follow":"follow","max-snippet":"max-snippet:-1","max-image-preview":"max-image-preview:large","max-video-preview":"max-video-preview:-1"},"canonical":"https:\/\/www.correiobraziliense.com.br\/cbradar\/habitos-faceis-que-contribuem-para-uma-vida-mais-saudavel\/","og_locale":"pt_BR","og_type":"article","og_title":"H\u00e1bitos f\u00e1ceis que contribuem para uma vida mais saud\u00e1vel","og_description":"como h\u00e1bitos f\u00e1ceis podem transformar sua sa\u00fade: pequenas escolhas, como beber mais \u00e1gua e se movimentar mais, somam-se para gerar bem-estar.","og_url":"https:\/\/www.correiobraziliense.com.br\/cbradar\/habitos-faceis-que-contribuem-para-uma-vida-mais-saudavel\/","og_site_name":"Correio Braziliense - Radar","article_published_time":"2025-09-23T14:53:00+00:00","og_image":[{"width":1280,"height":720,"url":"https:\/\/www.correiobraziliense.com.br\/cbradar\/wp-content\/uploads\/2025\/09\/pessoa-saudavel_1758563932725.jpg","type":"image\/jpeg"}],"author":"Larissa Carvalho","twitter_card":"summary_large_image","twitter_misc":{"Escrito por":"Larissa Carvalho","Est. tempo de leitura":"4 minutos"},"schema":{"@context":"https:\/\/schema.org","@graph":[{"@type":"WebPage","@id":"https:\/\/www.correiobraziliense.com.br\/cbradar\/habitos-faceis-que-contribuem-para-uma-vida-mais-saudavel\/","url":"https:\/\/www.correiobraziliense.com.br\/cbradar\/habitos-faceis-que-contribuem-para-uma-vida-mais-saudavel\/","name":"H\u00e1bitos f\u00e1ceis que contribuem para uma vida mais saud\u00e1vel","isPartOf":{"@id":"https:\/\/www.correiobraziliense.com.br\/cbradar\/#website"},"primaryImageOfPage":{"@id":"https:\/\/www.correiobraziliense.com.br\/cbradar\/habitos-faceis-que-contribuem-para-uma-vida-mais-saudavel\/#primaryimage"},"image":{"@id":"https:\/\/www.correiobraziliense.com.br\/cbradar\/habitos-faceis-que-contribuem-para-uma-vida-mais-saudavel\/#primaryimage"},"thumbnailUrl":"https:\/\/www.correiobraziliense.com.br\/cbradar\/wp-content\/uploads\/2025\/09\/pessoa-saudavel_1758563932725.jpg","datePublished":"2025-09-23T14:53:00+00:00","author":{"@id":"https:\/\/www.correiobraziliense.com.br\/cbradar\/#\/schema\/person\/58422787644df994b53a19d3e56c1513"},"description":"como h\u00e1bitos f\u00e1ceis podem transformar sua sa\u00fade: pequenas escolhas, como beber mais \u00e1gua e se movimentar mais, somam-se para gerar bem-estar.","breadcrumb":{"@id":"https:\/\/www.correiobraziliense.com.br\/cbradar\/habitos-faceis-que-contribuem-para-uma-vida-mais-saudavel\/#breadcrumb"},"inLanguage":"pt-BR","potentialAction":[{"@type":"ReadAction","target":["https:\/\/www.correiobraziliense.com.br\/cbradar\/habitos-faceis-que-contribuem-para-uma-vida-mais-saudavel\/"]}]},{"@type":"ImageObject","inLanguage":"pt-BR","@id":"https:\/\/www.correiobraziliense.com.br\/cbradar\/habitos-faceis-que-contribuem-para-uma-vida-mais-saudavel\/#primaryimage","url":"https:\/\/www.correiobraziliense.com.br\/cbradar\/wp-content\/uploads\/2025\/09\/pessoa-saudavel_1758563932725.jpg","contentUrl":"https:\/\/www.correiobraziliense.com.br\/cbradar\/wp-content\/uploads\/2025\/09\/pessoa-saudavel_1758563932725.jpg","width":1280,"height":720,"caption":"Pessoa saud\u00e1vel Cr\u00e9ditos: depositphotos.com \/ pressmaster"},{"@type":"BreadcrumbList","@id":"https:\/\/www.correiobraziliense.com.br\/cbradar\/habitos-faceis-que-contribuem-para-uma-vida-mais-saudavel\/#breadcrumb","itemListElement":[{"@type":"ListItem","position":1,"name":"In\u00edcio","item":"https:\/\/www.correiobraziliense.com.br\/cbradar\/"},{"@type":"ListItem","position":2,"name":"H\u00e1bitos f\u00e1ceis que contribuem para uma vida mais saud\u00e1vel"}]},{"@type":"WebSite","@id":"https:\/\/www.correiobraziliense.com.br\/cbradar\/#website","url":"https:\/\/www.correiobraziliense.com.br\/cbradar\/","name":"Correio Braziliense - Radar","description":"Acompanhe as \u00faltimas not\u00edcias e fique bem informado sobre tudo o que acontece no Brasil e no mundo.","potentialAction":[{"@type":"SearchAction","target":{"@type":"EntryPoint","urlTemplate":"https:\/\/www.correiobraziliense.com.br\/cbradar\/?s={search_term_string}"},"query-input":{"@type":"PropertyValueSpecification","valueRequired":true,"valueName":"search_term_string"}}],"inLanguage":"pt-BR"},{"@type":"Person","@id":"https:\/\/www.correiobraziliense.com.br\/cbradar\/#\/schema\/person\/58422787644df994b53a19d3e56c1513","name":"Larissa Carvalho","image":{"@type":"ImageObject","inLanguage":"pt-BR","@id":"https:\/\/www.correiobraziliense.com.br\/cbradar\/#\/schema\/person\/image\/","url":"https:\/\/secure.gravatar.com\/avatar\/fe4f91a0de32b52a838d0d612abdc1aa?s=96&d=mm&r=g","contentUrl":"https:\/\/secure.gravatar.com\/avatar\/fe4f91a0de32b52a838d0d612abdc1aa?s=96&d=mm&r=g","caption":"Larissa Carvalho"},"url":"https:\/\/www.correiobraziliense.com.br\/cbradar\/author\/larissamyth\/"}]}},"_links":{"self":[{"href":"https:\/\/www.correiobraziliense.com.br\/cbradar\/wp-json\/wp\/v2\/posts\/108017","targetHints":{"allow":["GET"]}}],"collection":[{"href":"https:\/\/www.correiobraziliense.com.br\/cbradar\/wp-json\/wp\/v2\/posts"}],"about":[{"href":"https:\/\/www.correiobraziliense.com.br\/cbradar\/wp-json\/wp\/v2\/types\/post"}],"author":[{"embeddable":true,"href":"https:\/\/www.correiobraziliense.com.br\/cbradar\/wp-json\/wp\/v2\/users\/3"}],"replies":[{"embeddable":true,"href":"https:\/\/www.correiobraziliense.com.br\/cbradar\/wp-json\/wp\/v2\/comments?post=108017"}],"version-history":[{"count":1,"href":"https:\/\/www.correiobraziliense.com.br\/cbradar\/wp-json\/wp\/v2\/posts\/108017\/revisions"}],"predecessor-version":[{"id":108024,"href":"https:\/\/www.correiobraziliense.com.br\/cbradar\/wp-json\/wp\/v2\/posts\/108017\/revisions\/108024"}],"wp:featuredmedia":[{"embeddable":true,"href":"https:\/\/www.correiobraziliense.com.br\/cbradar\/wp-json\/wp\/v2\/media\/108022"}],"wp:attachment":[{"href":"https:\/\/www.correiobraziliense.com.br\/cbradar\/wp-json\/wp\/v2\/media?parent=108017"}],"wp:term":[{"taxonomy":"category","embeddable":true,"href":"https:\/\/www.correiobraziliense.com.br\/cbradar\/wp-json\/wp\/v2\/categories?post=108017"},{"taxonomy":"post_tag","embeddable":true,"href":"https:\/\/www.correiobraziliense.com.br\/cbradar\/wp-json\/wp\/v2\/post_tag?post=108017"}],"curies":[{"name":"wp","href":"https:\/\/api.w.org\/{rel}","templated":true}]}}