{"id":108199,"date":"2025-09-23T09:45:00","date_gmt":"2025-09-23T12:45:00","guid":{"rendered":"https:\/\/www.correiobraziliense.com.br\/cbradar\/?p=108199"},"modified":"2025-09-22T19:56:26","modified_gmt":"2025-09-22T22:56:26","slug":"voce-se-acha-bonito-no-espelho-mas-feio-nas-fotos-aqui-esta-a-explicacao-de-especialistas","status":"publish","type":"post","link":"https:\/\/www.correiobraziliense.com.br\/cbradar\/voce-se-acha-bonito-no-espelho-mas-feio-nas-fotos-aqui-esta-a-explicacao-de-especialistas\/","title":{"rendered":"Voc\u00ea se acha bonito no espelho, mas feio nas fotos? Aqui est\u00e1 a explica\u00e7\u00e3o de especialistas"},"content":{"rendered":"\n<p>No espelho, vemos uma <strong>imagem invertida lateralmente<\/strong>, que se torna familiar ao c\u00e9rebro com o tempo. Essa vers\u00e3o \u00e9 a que voc\u00ea est\u00e1 acostumado a enxergar diariamente, transmitindo uma sensa\u00e7\u00e3o de conforto.<\/p>\n\n\n\n<p>J\u00e1 a foto mostra sua face real, sem invers\u00e3o. Como o c\u00e9rebro n\u00e3o est\u00e1 habituado a essa perspectiva, o resultado pode parecer estranho ou at\u00e9 desagrad\u00e1vel em compara\u00e7\u00e3o ao reflexo.<\/p>\n\n\n\n<h2 class=\"wp-block-heading\">Quais fatores t\u00e9cnicos mudam a apar\u00eancia nas fotos?<\/h2>\n\n\n\n<p>A c\u00e2mera n\u00e3o apenas registra a imagem sem invers\u00e3o, mas tamb\u00e9m sofre influ\u00eancia de <strong>lentes, \u00e2ngulos e dist\u00e2ncia<\/strong>. Cada detalhe pode alterar a propor\u00e7\u00e3o do rosto.<\/p>\n\n\n\n<ul class=\"wp-block-list\">\n<li><strong>Lentes:<\/strong> grande-angulares podem aumentar nariz e bochechas.<\/li>\n\n\n\n<li><strong>\u00c2ngulo:<\/strong> fotos de cima ou de baixo ressaltam ou suavizam tra\u00e7os.<\/li>\n\n\n\n<li><strong>Ilumina\u00e7\u00e3o:<\/strong> sombras e flashes podem destacar imperfei\u00e7\u00f5es.<\/li>\n<\/ul>\n\n\n\n<p>No espelho, voc\u00ea tende a escolher a luz e a posi\u00e7\u00e3o mais favor\u00e1veis, o que favorece a autoimagem.<\/p>\n\n\n\n<figure class=\"wp-block-image size-large\"><img decoding=\"async\" width=\"1024\" height=\"576\" src=\"https:\/\/www.correiobraziliense.com.br\/cbradar\/wp-content\/uploads\/2025\/09\/pessoa-no-espelho_1758581720711-1024x576.jpg\" alt=\"Voc\u00ea se acha bonito no espelho, mas feio nas fotos? Aqui est\u00e1 a explica\u00e7\u00e3o de especialistas\" class=\"wp-image-108201\" srcset=\"https:\/\/www.correiobraziliense.com.br\/cbradar\/wp-content\/uploads\/2025\/09\/pessoa-no-espelho_1758581720711-1024x576.jpg 1024w, https:\/\/www.correiobraziliense.com.br\/cbradar\/wp-content\/uploads\/2025\/09\/pessoa-no-espelho_1758581720711-300x169.jpg 300w, https:\/\/www.correiobraziliense.com.br\/cbradar\/wp-content\/uploads\/2025\/09\/pessoa-no-espelho_1758581720711-768x432.jpg 768w, https:\/\/www.correiobraziliense.com.br\/cbradar\/wp-content\/uploads\/2025\/09\/pessoa-no-espelho_1758581720711-750x422.jpg 750w, https:\/\/www.correiobraziliense.com.br\/cbradar\/wp-content\/uploads\/2025\/09\/pessoa-no-espelho_1758581720711-1140x641.jpg 1140w, https:\/\/www.correiobraziliense.com.br\/cbradar\/wp-content\/uploads\/2025\/09\/pessoa-no-espelho_1758581720711.jpg 1280w\" sizes=\"(max-width: 1024px) 100vw, 1024px\" \/><figcaption class=\"wp-element-caption\">pessoa no espelho. Cr\u00e9ditos: depositphotos.com \/ HelenKayda<\/figcaption><\/figure>\n\n\n\n<h2 class=\"wp-block-heading\">Por que me sinto diferente quando vejo fotos minhas?<\/h2>\n\n\n\n<p>Al\u00e9m da t\u00e9cnica, h\u00e1 fatores psicol\u00f3gicos. Sua mente constr\u00f3i uma <strong>autoimagem mental<\/strong> baseada no reflexo di\u00e1rio. Fotos inesperadas capturam express\u00f5es fora do controle, quebrando essa expectativa.<\/p>\n\n\n\n<p>Enquanto o espelho reflete uma vers\u00e3o indulgente e controlada, as fotos mostram momentos espont\u00e2neos que podem surpreender ou causar estranhamento.<\/p>\n\n\n\n<h2 class=\"wp-block-heading\">O que realmente mostra como os outros me veem?<\/h2>\n\n\n\n<p>Nem o espelho nem a foto oferecem uma representa\u00e7\u00e3o absoluta. O reflexo \u00e9 uma vers\u00e3o invertida, e a foto \u00e9 influenciada por t\u00e9cnicas e circunst\u00e2ncias do momento.<\/p>\n\n\n\n<p>A percep\u00e7\u00e3o dos outros \u00e9 formada por encontros, express\u00f5es e intera\u00e7\u00f5es no dia a dia, e n\u00e3o por uma \u00fanica imagem est\u00e1tica. Entender isso ajuda a lidar melhor com a pr\u00f3pria autoimagem.<\/p>\n","protected":false},"excerpt":{"rendered":"<p>Voc\u00ea se acha bonito no espelho e feio nas fotos? Psicologia explica diferen\u00e7as entre reflexo, fotografia e percep\u00e7\u00e3o da autoimagem.<\/p>\n","protected":false},"author":3,"featured_media":108200,"comment_status":"open","ping_status":"open","sticky":false,"template":"","format":"standard","meta":{"_yoast_wpseo_focuskw":"bonito espelho feio fotos","_yoast_wpseo_title":"%%title%%","_yoast_wpseo_metadesc":"Voc\u00ea se acha bonito no espelho e feio nas fotos? Psicologia explica diferen\u00e7as entre reflexo, fotografia e percep\u00e7\u00e3o da autoimagem.","jnews-multi-image_gallery":[],"jnews_single_post":{"format":"standard"},"jnews_primary_category":[],"jnews_social_meta":[],"jnews_override_counter":[],"footnotes":""},"categories":[112],"post_tag":[144,404],"class_list":["post-108199","post","type-post","status-publish","format-standard","has-post-thumbnail","hentry","category-curiosidades","tag-curiosidades","tag-psicologia"],"yoast_head":"<!-- This site is optimized with the Yoast SEO plugin v24.6 - https:\/\/yoast.com\/wordpress\/plugins\/seo\/ -->\n<title>Voc\u00ea se acha bonito no espelho, mas feio nas fotos? Aqui est\u00e1 a explica\u00e7\u00e3o de especialistas<\/title>\n<meta name=\"description\" content=\"Voc\u00ea se acha bonito no espelho e feio nas fotos? Psicologia explica diferen\u00e7as entre reflexo, fotografia e percep\u00e7\u00e3o da autoimagem.\" \/>\n<meta name=\"robots\" content=\"index, follow, max-snippet:-1, max-image-preview:large, max-video-preview:-1\" \/>\n<link rel=\"canonical\" href=\"https:\/\/www.correiobraziliense.com.br\/cbradar\/voce-se-acha-bonito-no-espelho-mas-feio-nas-fotos-aqui-esta-a-explicacao-de-especialistas\/\" \/>\n<meta property=\"og:locale\" content=\"pt_BR\" \/>\n<meta property=\"og:type\" content=\"article\" \/>\n<meta property=\"og:title\" content=\"Voc\u00ea se acha bonito no espelho, mas feio nas fotos? Aqui est\u00e1 a explica\u00e7\u00e3o de especialistas\" \/>\n<meta property=\"og:description\" content=\"Voc\u00ea se acha bonito no espelho e feio nas fotos? Psicologia explica diferen\u00e7as entre reflexo, fotografia e percep\u00e7\u00e3o da autoimagem.\" \/>\n<meta property=\"og:url\" content=\"https:\/\/www.correiobraziliense.com.br\/cbradar\/voce-se-acha-bonito-no-espelho-mas-feio-nas-fotos-aqui-esta-a-explicacao-de-especialistas\/\" \/>\n<meta property=\"og:site_name\" content=\"Correio Braziliense - Radar\" \/>\n<meta property=\"article:published_time\" content=\"2025-09-23T12:45:00+00:00\" \/>\n<meta property=\"og:image\" content=\"https:\/\/www.correiobraziliense.com.br\/cbradar\/wp-content\/uploads\/2025\/09\/pessoa-no-espelho_1758581667818.jpg\" \/>\n\t<meta property=\"og:image:width\" content=\"1280\" \/>\n\t<meta property=\"og:image:height\" content=\"720\" \/>\n\t<meta property=\"og:image:type\" content=\"image\/jpeg\" \/>\n<meta name=\"author\" content=\"Larissa Carvalho\" \/>\n<meta name=\"twitter:card\" content=\"summary_large_image\" \/>\n<meta name=\"twitter:label1\" content=\"Escrito por\" \/>\n\t<meta name=\"twitter:data1\" content=\"Larissa Carvalho\" \/>\n\t<meta name=\"twitter:label2\" content=\"Est. tempo de leitura\" \/>\n\t<meta name=\"twitter:data2\" content=\"2 minutos\" \/>\n<!-- \/ Yoast SEO plugin. -->","yoast_head_json":{"title":"Voc\u00ea se acha bonito no espelho, mas feio nas fotos? Aqui est\u00e1 a explica\u00e7\u00e3o de especialistas","description":"Voc\u00ea se acha bonito no espelho e feio nas fotos? Psicologia explica diferen\u00e7as entre reflexo, fotografia e percep\u00e7\u00e3o da autoimagem.","robots":{"index":"index","follow":"follow","max-snippet":"max-snippet:-1","max-image-preview":"max-image-preview:large","max-video-preview":"max-video-preview:-1"},"canonical":"https:\/\/www.correiobraziliense.com.br\/cbradar\/voce-se-acha-bonito-no-espelho-mas-feio-nas-fotos-aqui-esta-a-explicacao-de-especialistas\/","og_locale":"pt_BR","og_type":"article","og_title":"Voc\u00ea se acha bonito no espelho, mas feio nas fotos? Aqui est\u00e1 a explica\u00e7\u00e3o de especialistas","og_description":"Voc\u00ea se acha bonito no espelho e feio nas fotos? Psicologia explica diferen\u00e7as entre reflexo, fotografia e percep\u00e7\u00e3o da autoimagem.","og_url":"https:\/\/www.correiobraziliense.com.br\/cbradar\/voce-se-acha-bonito-no-espelho-mas-feio-nas-fotos-aqui-esta-a-explicacao-de-especialistas\/","og_site_name":"Correio Braziliense - Radar","article_published_time":"2025-09-23T12:45:00+00:00","og_image":[{"width":1280,"height":720,"url":"https:\/\/www.correiobraziliense.com.br\/cbradar\/wp-content\/uploads\/2025\/09\/pessoa-no-espelho_1758581667818.jpg","type":"image\/jpeg"}],"author":"Larissa Carvalho","twitter_card":"summary_large_image","twitter_misc":{"Escrito por":"Larissa Carvalho","Est. tempo de leitura":"2 minutos"},"schema":{"@context":"https:\/\/schema.org","@graph":[{"@type":"WebPage","@id":"https:\/\/www.correiobraziliense.com.br\/cbradar\/voce-se-acha-bonito-no-espelho-mas-feio-nas-fotos-aqui-esta-a-explicacao-de-especialistas\/","url":"https:\/\/www.correiobraziliense.com.br\/cbradar\/voce-se-acha-bonito-no-espelho-mas-feio-nas-fotos-aqui-esta-a-explicacao-de-especialistas\/","name":"Voc\u00ea se acha bonito no espelho, mas feio nas fotos? Aqui est\u00e1 a explica\u00e7\u00e3o de especialistas","isPartOf":{"@id":"https:\/\/www.correiobraziliense.com.br\/cbradar\/#website"},"primaryImageOfPage":{"@id":"https:\/\/www.correiobraziliense.com.br\/cbradar\/voce-se-acha-bonito-no-espelho-mas-feio-nas-fotos-aqui-esta-a-explicacao-de-especialistas\/#primaryimage"},"image":{"@id":"https:\/\/www.correiobraziliense.com.br\/cbradar\/voce-se-acha-bonito-no-espelho-mas-feio-nas-fotos-aqui-esta-a-explicacao-de-especialistas\/#primaryimage"},"thumbnailUrl":"https:\/\/www.correiobraziliense.com.br\/cbradar\/wp-content\/uploads\/2025\/09\/pessoa-no-espelho_1758581667818.jpg","datePublished":"2025-09-23T12:45:00+00:00","author":{"@id":"https:\/\/www.correiobraziliense.com.br\/cbradar\/#\/schema\/person\/58422787644df994b53a19d3e56c1513"},"description":"Voc\u00ea se acha bonito no espelho e feio nas fotos? Psicologia explica diferen\u00e7as entre reflexo, fotografia e percep\u00e7\u00e3o da autoimagem.","breadcrumb":{"@id":"https:\/\/www.correiobraziliense.com.br\/cbradar\/voce-se-acha-bonito-no-espelho-mas-feio-nas-fotos-aqui-esta-a-explicacao-de-especialistas\/#breadcrumb"},"inLanguage":"pt-BR","potentialAction":[{"@type":"ReadAction","target":["https:\/\/www.correiobraziliense.com.br\/cbradar\/voce-se-acha-bonito-no-espelho-mas-feio-nas-fotos-aqui-esta-a-explicacao-de-especialistas\/"]}]},{"@type":"ImageObject","inLanguage":"pt-BR","@id":"https:\/\/www.correiobraziliense.com.br\/cbradar\/voce-se-acha-bonito-no-espelho-mas-feio-nas-fotos-aqui-esta-a-explicacao-de-especialistas\/#primaryimage","url":"https:\/\/www.correiobraziliense.com.br\/cbradar\/wp-content\/uploads\/2025\/09\/pessoa-no-espelho_1758581667818.jpg","contentUrl":"https:\/\/www.correiobraziliense.com.br\/cbradar\/wp-content\/uploads\/2025\/09\/pessoa-no-espelho_1758581667818.jpg","width":1280,"height":720,"caption":"pessoa no espelho. Cr\u00e9ditos: depositphotos.com \/ VitalikRadko"},{"@type":"BreadcrumbList","@id":"https:\/\/www.correiobraziliense.com.br\/cbradar\/voce-se-acha-bonito-no-espelho-mas-feio-nas-fotos-aqui-esta-a-explicacao-de-especialistas\/#breadcrumb","itemListElement":[{"@type":"ListItem","position":1,"name":"In\u00edcio","item":"https:\/\/www.correiobraziliense.com.br\/cbradar\/"},{"@type":"ListItem","position":2,"name":"Voc\u00ea se acha bonito no espelho, mas feio nas fotos? Aqui est\u00e1 a explica\u00e7\u00e3o de especialistas"}]},{"@type":"WebSite","@id":"https:\/\/www.correiobraziliense.com.br\/cbradar\/#website","url":"https:\/\/www.correiobraziliense.com.br\/cbradar\/","name":"Correio Braziliense - Radar","description":"Acompanhe as \u00faltimas not\u00edcias e fique bem informado sobre tudo o que acontece no Brasil e no mundo.","potentialAction":[{"@type":"SearchAction","target":{"@type":"EntryPoint","urlTemplate":"https:\/\/www.correiobraziliense.com.br\/cbradar\/?s={search_term_string}"},"query-input":{"@type":"PropertyValueSpecification","valueRequired":true,"valueName":"search_term_string"}}],"inLanguage":"pt-BR"},{"@type":"Person","@id":"https:\/\/www.correiobraziliense.com.br\/cbradar\/#\/schema\/person\/58422787644df994b53a19d3e56c1513","name":"Larissa Carvalho","image":{"@type":"ImageObject","inLanguage":"pt-BR","@id":"https:\/\/www.correiobraziliense.com.br\/cbradar\/#\/schema\/person\/image\/","url":"https:\/\/secure.gravatar.com\/avatar\/fe4f91a0de32b52a838d0d612abdc1aa?s=96&d=mm&r=g","contentUrl":"https:\/\/secure.gravatar.com\/avatar\/fe4f91a0de32b52a838d0d612abdc1aa?s=96&d=mm&r=g","caption":"Larissa Carvalho"},"url":"https:\/\/www.correiobraziliense.com.br\/cbradar\/author\/larissamyth\/"}]}},"_links":{"self":[{"href":"https:\/\/www.correiobraziliense.com.br\/cbradar\/wp-json\/wp\/v2\/posts\/108199","targetHints":{"allow":["GET"]}}],"collection":[{"href":"https:\/\/www.correiobraziliense.com.br\/cbradar\/wp-json\/wp\/v2\/posts"}],"about":[{"href":"https:\/\/www.correiobraziliense.com.br\/cbradar\/wp-json\/wp\/v2\/types\/post"}],"author":[{"embeddable":true,"href":"https:\/\/www.correiobraziliense.com.br\/cbradar\/wp-json\/wp\/v2\/users\/3"}],"replies":[{"embeddable":true,"href":"https:\/\/www.correiobraziliense.com.br\/cbradar\/wp-json\/wp\/v2\/comments?post=108199"}],"version-history":[{"count":1,"href":"https:\/\/www.correiobraziliense.com.br\/cbradar\/wp-json\/wp\/v2\/posts\/108199\/revisions"}],"predecessor-version":[{"id":108202,"href":"https:\/\/www.correiobraziliense.com.br\/cbradar\/wp-json\/wp\/v2\/posts\/108199\/revisions\/108202"}],"wp:featuredmedia":[{"embeddable":true,"href":"https:\/\/www.correiobraziliense.com.br\/cbradar\/wp-json\/wp\/v2\/media\/108200"}],"wp:attachment":[{"href":"https:\/\/www.correiobraziliense.com.br\/cbradar\/wp-json\/wp\/v2\/media?parent=108199"}],"wp:term":[{"taxonomy":"category","embeddable":true,"href":"https:\/\/www.correiobraziliense.com.br\/cbradar\/wp-json\/wp\/v2\/categories?post=108199"},{"taxonomy":"post_tag","embeddable":true,"href":"https:\/\/www.correiobraziliense.com.br\/cbradar\/wp-json\/wp\/v2\/post_tag?post=108199"}],"curies":[{"name":"wp","href":"https:\/\/api.w.org\/{rel}","templated":true}]}}