{"id":10830,"date":"2025-03-10T07:23:00","date_gmt":"2025-03-10T10:23:00","guid":{"rendered":"https:\/\/www.correiobraziliense.com.br\/cbradar\/?p=10830"},"modified":"2025-06-30T10:56:43","modified_gmt":"2025-06-30T13:56:43","slug":"vale-a-pena-assistir-dia-zero-na-netflix-confira-sinopse-trailer-e-mais","status":"publish","type":"post","link":"https:\/\/www.correiobraziliense.com.br\/cbradar\/vale-a-pena-assistir-dia-zero-na-netflix-confira-sinopse-trailer-e-mais\/","title":{"rendered":"Vale a pena assistir &#8220;Dia Zero&#8221; na Netflix? Confira sinopse, trailer e mais!"},"content":{"rendered":"\n<p>A miniss\u00e9rie <strong>Dia Zero<\/strong> chegou recentemente \u00e0 <strong><a href=\"https:\/\/www.correiobraziliense.com.br\/cbradar\/essas-foram-as-series-canceladas-pela-netflix-em-2025\/#google_vignette\" target=\"_blank\" rel=\"noreferrer noopener\">Netflix<\/a><\/strong>, causando um verdadeiro alvoro\u00e7o entre os assinantes da plataforma. Este thriller pol\u00edtico mergulha na complexa hist\u00f3ria de <strong>George Mullen<\/strong>, um respeitado ex-presidente dos <strong>Estados Unidos<\/strong> que \u00e9 convocado para liderar uma investiga\u00e7\u00e3o sobre um devastador ataque cibern\u00e9tico que amea\u00e7a colocar o pa\u00eds em colapso total. O projeto conta com um elenco de peso, encabe\u00e7ado pelo lend\u00e1rio <strong>Robert De Niro<\/strong>, ao lado de talentos como <strong>Lizzy Caplan<\/strong>, <strong>Jesse Plemons<\/strong> e <strong>Angela Bassett<\/strong>.<\/p>\n\n\n\n<p>A produ\u00e7\u00e3o marca um momento hist\u00f3rico na carreira de <strong>Robert De Niro<\/strong>, sendo sua primeira participa\u00e7\u00e3o como protagonista de uma s\u00e9rie de televis\u00e3o. Criada por <strong>Eric Newman<\/strong>, <strong>Noah Oppenheim<\/strong> e <strong>Michael Schmidt<\/strong>, a miniss\u00e9rie de seis epis\u00f3dios foi dirigida por <strong>Lesli Linka Glatter<\/strong> e estreou no dia 20 de fevereiro de 2025. O enredo explora temas profundamente contempor\u00e2neos como ataques cibern\u00e9ticos, manipula\u00e7\u00e3o da informa\u00e7\u00e3o e os bastidores do poder pol\u00edtico americano.<\/p>\n\n\n\n<h2 class=\"wp-block-heading\">O que torna Dia Zero t\u00e3o especial?<\/h2>\n\n\n\n<p><strong>Dia Zero<\/strong> se destaca por abordar quest\u00f5es extremamente atuais em um mundo onde a guerra cibern\u00e9tica se tornou uma realidade assombrosamente real. A s\u00e9rie explora o caos que pode ser gerado quando sistemas vitais de um pa\u00eds s\u00e3o comprometidos por hackers, resultando em milhares de mortes e um cen\u00e1rio de terror nacional. O roteiro consegue equilibrar suspense pol\u00edtico com drama pessoal de forma inteligente.<\/p>\n\n\n\n<p>A miniss\u00e9rie tamb\u00e9m se beneficia de uma produ\u00e7\u00e3o de alt\u00edssima qualidade, com cen\u00e1rios realistas que incluem desde reuni\u00f5es na <strong>Casa Branca<\/strong> at\u00e9 cen\u00e1rios de destrui\u00e7\u00e3o em massa. O uso de jornalistas reais como <strong>Wolf Blitzer<\/strong> e <strong>Savannah Guthrie<\/strong> adiciona uma camada extra de verossimilhan\u00e7a. Essa abordagem h\u00edbrida entre fic\u00e7\u00e3o e realidade cria uma atmosfera perturbadora que mant\u00e9m o espectador constantemente em tens\u00e3o.<\/p>\n\n\n\n<h2 class=\"wp-block-heading\">Como Robert De Niro se saiu na televis\u00e3o?<\/h2>\n\n\n\n<p>Aos 81 anos, <strong><a href=\"https:\/\/www.imdb.com\/pt\/name\/nm0000134\/\" target=\"_blank\" rel=\"noreferrer noopener\">Robert De Niro<\/a><\/strong> prova que ainda est\u00e1 no auge de sua forma art\u00edstica ao interpretar <strong>George Mullen<\/strong>. Seu personagem \u00e9 um ex-presidente querido que conquistou apoio bipartid\u00e1rio, uma raridade na pol\u00edtica americana atual. A performance de <strong>De Niro<\/strong> traz profundidade emocional para um homem que enfrenta n\u00e3o apenas uma crise nacional, mas tamb\u00e9m seus pr\u00f3prios dem\u00f4nios pessoais e os primeiros sinais de decl\u00ednio cognitivo.<\/p>\n\n\n\n<p>O ator trouxe sua experi\u00eancia de d\u00e9cadas no cinema para a televis\u00e3o, criando um personagem complexo e humanizado. <strong>De Niro<\/strong> tamb\u00e9m atuou como produtor executivo, demonstrando seu comprometimento total com o projeto. Sua presen\u00e7a magn\u00e9tica na tela eleva significativamente o n\u00edvel da produ\u00e7\u00e3o e confere credibilidade a uma trama que poderia facilmente soar exagerada ou fantasiosa nas m\u00e3os de um ator menos experiente.<\/p>\n\n\n\n<h2 class=\"wp-block-heading\">Qual o verdadeiro impacto dos ataques cibern\u00e9ticos?<\/h2>\n\n\n\n<p>A s\u00e9rie consegue capturar de forma assustadoramente realista como um ataque cibern\u00e9tico coordenado pode paralisar completamente uma na\u00e7\u00e3o moderna. O <strong>Dia Zero<\/strong> retratado na s\u00e9rie resulta em acidentes a\u00e9reos, descarrilamentos de trens e milhares de mortes em apenas algumas horas. Essa representa\u00e7\u00e3o n\u00e3o \u00e9 pura fic\u00e7\u00e3o, mas sim um reflexo dos medos muito reais que preocupam especialistas em seguran\u00e7a nacional ao redor do mundo.<\/p>\n\n\n\n<p>Os criadores da s\u00e9rie consultaram jornalistas especializados em seguran\u00e7a nacional, incluindo o <strong>Pulitzer Prize<\/strong> <strong>Michael Schmidt<\/strong>, para garantir que os cen\u00e1rios apresentados fossem plaus\u00edveis. Isso torna <strong>Dia Zero<\/strong> n\u00e3o apenas entretenimento, mas tamb\u00e9m um alerta sobre vulnerabilidades reais em nossa sociedade hiperconectada. A s\u00e9rie levanta quest\u00f5es importantes sobre at\u00e9 que ponto dependemos de sistemas digitais e qu\u00e3o fr\u00e1geis esses sistemas podem ser.<\/p>\n\n\n\n<h2 class=\"wp-block-heading\">Por que a cr\u00edtica est\u00e1 dividida sobre a s\u00e9rie?<\/h2>\n\n\n\n<p>Embora <strong>Dia Zero<\/strong> tenha conquistado muitos f\u00e3s, a recep\u00e7\u00e3o cr\u00edtica tem sido mista. No <strong>Rotten Tomatoes<\/strong>, a s\u00e9rie obteve apenas 53% de aprova\u00e7\u00e3o da cr\u00edtica, com alguns analistas criticando a falta de sutileza pol\u00edtica e di\u00e1logos ocasionalmente for\u00e7ados. Muitos cr\u00edticos elogiam as performances do elenco, especialmente <strong>De Niro<\/strong>, mas questionam se a trama consegue sustentar suas ambi\u00e7\u00f5es tem\u00e1ticas.<\/p>\n\n\n\n<p>Por outro lado, o p\u00fablico tem respondido de forma mais positiva, com muitos elogiando a s\u00e9rie como um thriller viciante que prende a aten\u00e7\u00e3o do in\u00edcio ao fim. A divis\u00e3o entre cr\u00edtica e p\u00fablico n\u00e3o \u00e9 incomum em produ\u00e7\u00f5es pol\u00edticas contempor\u00e2neas, especialmente aquelas que tentam abordar quest\u00f5es sens\u00edveis da atualidade. O importante \u00e9 que <strong>Dia Zero<\/strong> consegue gerar conversas importantes sobre temas relevantes.<\/p>\n\n\n\n<h2 class=\"wp-block-heading\">Vale a pena assistir em 2025?<\/h2>\n\n\n\n<figure class=\"wp-block-embed is-type-video is-provider-youtube wp-block-embed-youtube wp-embed-aspect-16-9 wp-has-aspect-ratio\"><div class=\"wp-block-embed__wrapper\">\n<div class=\"jeg_video_container jeg_video_content\"><iframe loading=\"lazy\" title=\"Dia Zero | Trailer oficial | Netflix\" width=\"500\" height=\"281\" src=\"https:\/\/www.youtube.com\/embed\/nOgZ3Y43PTQ?feature=oembed\" frameborder=\"0\" allow=\"accelerometer; autoplay; clipboard-write; encrypted-media; gyroscope; picture-in-picture; web-share\" referrerpolicy=\"strict-origin-when-cross-origin\" allowfullscreen><\/iframe><\/div>\n<\/div><\/figure>\n\n\n\n<p>Para quem aprecia thrillers pol\u00edticos inteligentes e atuais, <strong>Dia Zero<\/strong> definitivamente vale o tempo investido. A miniss\u00e9rie de seis epis\u00f3dios pode ser facilmente assistida em um fim de semana, e a narrativa mant\u00e9m um ritmo envolvente que dificilmente deixar\u00e1 voc\u00ea entediado. Mesmo com suas imperfei\u00e7\u00f5es, a s\u00e9rie oferece uma experi\u00eancia cinematogr\u00e1fica de qualidade superior ao padr\u00e3o usual de produ\u00e7\u00f5es televisivas.<\/p>\n\n\n\n<p>O timing da estreia tamb\u00e9m n\u00e3o poderia ser mais perfeito, considerando o clima pol\u00edtico atual e as crescentes preocupa\u00e7\u00f5es com seguran\u00e7a cibern\u00e9tica. <strong>Dia Zero<\/strong> funciona tanto como entretenimento quanto como uma reflex\u00e3o sobre os desafios que enfrentamos em um mundo cada vez mais digitalizado e polarizado. A presen\u00e7a de <strong>Robert De Niro<\/strong> em seu primeiro papel principal na televis\u00e3o torna a experi\u00eancia ainda mais especial.<\/p>\n\n\n\n<h2 class=\"wp-block-heading\">Como Dia Zero reflete os medos da sociedade moderna?<\/h2>\n\n\n\n<p>A s\u00e9rie consegue capturar perfeitamente a paranoia e incerteza que caracterizam nossa era da p\u00f3s-verdade. <strong>Dia Zero<\/strong> explora como teorias conspirat\u00f3rias e desinforma\u00e7\u00e3o podem ser usadas como armas pol\u00edticas, criando um ambiente onde distinguir fatos de fic\u00e7\u00e3o se torna quase imposs\u00edvel. Essa tem\u00e1tica ressoa profundamente com os desafios que enfrentamos nas redes sociais e na m\u00eddia contempor\u00e2nea.<\/p>\n\n\n\n<p>A miniss\u00e9rie tamb\u00e9m aborda quest\u00f5es sobre o envelhecimento da lideran\u00e7a pol\u00edtica, um tema particularmente relevante quando observamos l\u00edderes mundiais octogen\u00e1rios assumindo responsabilidades enormes. Atrav\u00e9s do personagem de <strong>Mullen<\/strong>, a s\u00e9rie questiona se experi\u00eancia e sabedoria podem compensar as limita\u00e7\u00f5es f\u00edsicas e mentais que inevitavelmente acompanham a idade avan\u00e7ada. Essas reflex\u00f5es tornam <strong>Dia Zero<\/strong> uma obra que transcende o simples entretenimento para se tornar um coment\u00e1rio social relevante.<\/p>\n","protected":false},"excerpt":{"rendered":"<p>A miniss\u00e9rie Dia Zero chegou recentemente \u00e0 Netflix, causando um verdadeiro alvoro\u00e7o entre os assinantes da plataforma. Este thriller pol\u00edtico mergulha na complexa hist\u00f3ria de George Mullen, um respeitado ex-presidente dos Estados Unidos que \u00e9 convocado para liderar uma investiga\u00e7\u00e3o sobre um devastador ataque cibern\u00e9tico que amea\u00e7a colocar o pa\u00eds em colapso total. O projeto [&hellip;]<\/p>\n","protected":false},"author":8,"featured_media":7854,"comment_status":"open","ping_status":"open","sticky":false,"template":"","format":"standard","meta":{"_yoast_wpseo_focuskw":"Zero","_yoast_wpseo_title":"","_yoast_wpseo_metadesc":"Vale a pena assistir \"Dia Zero\" na Netflix? Confira a sinopse, trailer e tudo o que voc\u00ea precisa saber sobre esta produ\u00e7\u00e3o!","jnews-multi-image_gallery":[],"jnews_single_post":{"format":"standard"},"jnews_primary_category":[],"jnews_social_meta":[],"jnews_override_counter":[],"footnotes":""},"categories":[140],"post_tag":[1267,141],"class_list":["post-10830","post","type-post","status-publish","format-standard","has-post-thumbnail","hentry","category-entretenimento","tag-dia-zero","tag-netflix"],"yoast_head":"<!-- This site is optimized with the Yoast SEO plugin v24.6 - https:\/\/yoast.com\/wordpress\/plugins\/seo\/ -->\n<title>Vale a pena assistir &quot;Dia Zero&quot; na Netflix? Confira sinopse, trailer e mais! - Correio Braziliense - Radar<\/title>\n<meta name=\"description\" content=\"Vale a pena assistir &quot;Dia Zero&quot; na Netflix? Confira a sinopse, trailer e tudo o que voc\u00ea precisa saber sobre esta produ\u00e7\u00e3o!\" \/>\n<meta name=\"robots\" content=\"index, follow, max-snippet:-1, max-image-preview:large, max-video-preview:-1\" \/>\n<link rel=\"canonical\" href=\"https:\/\/www.correiobraziliense.com.br\/cbradar\/vale-a-pena-assistir-dia-zero-na-netflix-confira-sinopse-trailer-e-mais\/\" \/>\n<meta property=\"og:locale\" content=\"pt_BR\" \/>\n<meta property=\"og:type\" content=\"article\" \/>\n<meta property=\"og:title\" content=\"Vale a pena assistir &quot;Dia Zero&quot; na Netflix? Confira sinopse, trailer e mais! - Correio Braziliense - Radar\" \/>\n<meta property=\"og:description\" content=\"Vale a pena assistir &quot;Dia Zero&quot; na Netflix? Confira a sinopse, trailer e tudo o que voc\u00ea precisa saber sobre esta produ\u00e7\u00e3o!\" \/>\n<meta property=\"og:url\" content=\"https:\/\/www.correiobraziliense.com.br\/cbradar\/vale-a-pena-assistir-dia-zero-na-netflix-confira-sinopse-trailer-e-mais\/\" \/>\n<meta property=\"og:site_name\" content=\"Correio Braziliense - Radar\" \/>\n<meta property=\"article:published_time\" content=\"2025-03-10T10:23:00+00:00\" \/>\n<meta property=\"article:modified_time\" content=\"2025-06-30T13:56:43+00:00\" \/>\n<meta property=\"og:image\" content=\"https:\/\/www.correiobraziliense.com.br\/cbradar\/wp-content\/uploads\/2025\/02\/netflix_1740792505574.jpg\" \/>\n\t<meta property=\"og:image:width\" content=\"1280\" \/>\n\t<meta property=\"og:image:height\" content=\"720\" \/>\n\t<meta property=\"og:image:type\" content=\"image\/jpeg\" \/>\n<meta name=\"author\" content=\"Maura Pereira\" \/>\n<meta name=\"twitter:card\" content=\"summary_large_image\" \/>\n<meta name=\"twitter:label1\" content=\"Escrito por\" \/>\n\t<meta name=\"twitter:data1\" content=\"Maura Pereira\" \/>\n\t<meta name=\"twitter:label2\" content=\"Est. tempo de leitura\" \/>\n\t<meta name=\"twitter:data2\" content=\"6 minutos\" \/>\n<!-- \/ Yoast SEO plugin. -->","yoast_head_json":{"title":"Vale a pena assistir \"Dia Zero\" na Netflix? Confira sinopse, trailer e mais! - Correio Braziliense - Radar","description":"Vale a pena assistir \"Dia Zero\" na Netflix? Confira a sinopse, trailer e tudo o que voc\u00ea precisa saber sobre esta produ\u00e7\u00e3o!","robots":{"index":"index","follow":"follow","max-snippet":"max-snippet:-1","max-image-preview":"max-image-preview:large","max-video-preview":"max-video-preview:-1"},"canonical":"https:\/\/www.correiobraziliense.com.br\/cbradar\/vale-a-pena-assistir-dia-zero-na-netflix-confira-sinopse-trailer-e-mais\/","og_locale":"pt_BR","og_type":"article","og_title":"Vale a pena assistir \"Dia Zero\" na Netflix? Confira sinopse, trailer e mais! - Correio Braziliense - Radar","og_description":"Vale a pena assistir \"Dia Zero\" na Netflix? Confira a sinopse, trailer e tudo o que voc\u00ea precisa saber sobre esta produ\u00e7\u00e3o!","og_url":"https:\/\/www.correiobraziliense.com.br\/cbradar\/vale-a-pena-assistir-dia-zero-na-netflix-confira-sinopse-trailer-e-mais\/","og_site_name":"Correio Braziliense - Radar","article_published_time":"2025-03-10T10:23:00+00:00","article_modified_time":"2025-06-30T13:56:43+00:00","og_image":[{"width":1280,"height":720,"url":"https:\/\/www.correiobraziliense.com.br\/cbradar\/wp-content\/uploads\/2025\/02\/netflix_1740792505574.jpg","type":"image\/jpeg"}],"author":"Maura Pereira","twitter_card":"summary_large_image","twitter_misc":{"Escrito por":"Maura Pereira","Est. tempo de leitura":"6 minutos"},"schema":{"@context":"https:\/\/schema.org","@graph":[{"@type":"WebPage","@id":"https:\/\/www.correiobraziliense.com.br\/cbradar\/vale-a-pena-assistir-dia-zero-na-netflix-confira-sinopse-trailer-e-mais\/","url":"https:\/\/www.correiobraziliense.com.br\/cbradar\/vale-a-pena-assistir-dia-zero-na-netflix-confira-sinopse-trailer-e-mais\/","name":"Vale a pena assistir \"Dia Zero\" na Netflix? Confira sinopse, trailer e mais! - Correio Braziliense - Radar","isPartOf":{"@id":"https:\/\/www.correiobraziliense.com.br\/cbradar\/#website"},"primaryImageOfPage":{"@id":"https:\/\/www.correiobraziliense.com.br\/cbradar\/vale-a-pena-assistir-dia-zero-na-netflix-confira-sinopse-trailer-e-mais\/#primaryimage"},"image":{"@id":"https:\/\/www.correiobraziliense.com.br\/cbradar\/vale-a-pena-assistir-dia-zero-na-netflix-confira-sinopse-trailer-e-mais\/#primaryimage"},"thumbnailUrl":"https:\/\/www.correiobraziliense.com.br\/cbradar\/wp-content\/uploads\/2025\/02\/netflix_1740792505574.jpg","datePublished":"2025-03-10T10:23:00+00:00","dateModified":"2025-06-30T13:56:43+00:00","author":{"@id":"https:\/\/www.correiobraziliense.com.br\/cbradar\/#\/schema\/person\/4053c651a9bfc785afc6f4cbc9032fd3"},"description":"Vale a pena assistir \"Dia Zero\" na Netflix? Confira a sinopse, trailer e tudo o que voc\u00ea precisa saber sobre esta produ\u00e7\u00e3o!","breadcrumb":{"@id":"https:\/\/www.correiobraziliense.com.br\/cbradar\/vale-a-pena-assistir-dia-zero-na-netflix-confira-sinopse-trailer-e-mais\/#breadcrumb"},"inLanguage":"pt-BR","potentialAction":[{"@type":"ReadAction","target":["https:\/\/www.correiobraziliense.com.br\/cbradar\/vale-a-pena-assistir-dia-zero-na-netflix-confira-sinopse-trailer-e-mais\/"]}]},{"@type":"ImageObject","inLanguage":"pt-BR","@id":"https:\/\/www.correiobraziliense.com.br\/cbradar\/vale-a-pena-assistir-dia-zero-na-netflix-confira-sinopse-trailer-e-mais\/#primaryimage","url":"https:\/\/www.correiobraziliense.com.br\/cbradar\/wp-content\/uploads\/2025\/02\/netflix_1740792505574.jpg","contentUrl":"https:\/\/www.correiobraziliense.com.br\/cbradar\/wp-content\/uploads\/2025\/02\/netflix_1740792505574.jpg","width":1280,"height":720,"caption":"Netflix \/\/ Cr\u00e9ditos: depositphotos.com \/ Info@vantagedrones.co.uk"},{"@type":"BreadcrumbList","@id":"https:\/\/www.correiobraziliense.com.br\/cbradar\/vale-a-pena-assistir-dia-zero-na-netflix-confira-sinopse-trailer-e-mais\/#breadcrumb","itemListElement":[{"@type":"ListItem","position":1,"name":"In\u00edcio","item":"https:\/\/www.correiobraziliense.com.br\/cbradar\/"},{"@type":"ListItem","position":2,"name":"Vale a pena assistir &#8220;Dia Zero&#8221; na Netflix? Confira sinopse, trailer e mais!"}]},{"@type":"WebSite","@id":"https:\/\/www.correiobraziliense.com.br\/cbradar\/#website","url":"https:\/\/www.correiobraziliense.com.br\/cbradar\/","name":"Correio Braziliense - Radar","description":"Acompanhe as \u00faltimas not\u00edcias e fique bem informado sobre tudo o que acontece no Brasil e no mundo.","potentialAction":[{"@type":"SearchAction","target":{"@type":"EntryPoint","urlTemplate":"https:\/\/www.correiobraziliense.com.br\/cbradar\/?s={search_term_string}"},"query-input":{"@type":"PropertyValueSpecification","valueRequired":true,"valueName":"search_term_string"}}],"inLanguage":"pt-BR"},{"@type":"Person","@id":"https:\/\/www.correiobraziliense.com.br\/cbradar\/#\/schema\/person\/4053c651a9bfc785afc6f4cbc9032fd3","name":"Maura Pereira","image":{"@type":"ImageObject","inLanguage":"pt-BR","@id":"https:\/\/www.correiobraziliense.com.br\/cbradar\/#\/schema\/person\/image\/","url":"https:\/\/secure.gravatar.com\/avatar\/3effd6bdadfa447f15089c7f7144eaa6?s=96&d=mm&r=g","contentUrl":"https:\/\/secure.gravatar.com\/avatar\/3effd6bdadfa447f15089c7f7144eaa6?s=96&d=mm&r=g","caption":"Maura Pereira"},"sameAs":["https:\/\/www.correiobraziliense.com.br\/"],"url":"https:\/\/www.correiobraziliense.com.br\/cbradar\/author\/mauramyth\/"}]}},"_links":{"self":[{"href":"https:\/\/www.correiobraziliense.com.br\/cbradar\/wp-json\/wp\/v2\/posts\/10830","targetHints":{"allow":["GET"]}}],"collection":[{"href":"https:\/\/www.correiobraziliense.com.br\/cbradar\/wp-json\/wp\/v2\/posts"}],"about":[{"href":"https:\/\/www.correiobraziliense.com.br\/cbradar\/wp-json\/wp\/v2\/types\/post"}],"author":[{"embeddable":true,"href":"https:\/\/www.correiobraziliense.com.br\/cbradar\/wp-json\/wp\/v2\/users\/8"}],"replies":[{"embeddable":true,"href":"https:\/\/www.correiobraziliense.com.br\/cbradar\/wp-json\/wp\/v2\/comments?post=10830"}],"version-history":[{"count":11,"href":"https:\/\/www.correiobraziliense.com.br\/cbradar\/wp-json\/wp\/v2\/posts\/10830\/revisions"}],"predecessor-version":[{"id":62138,"href":"https:\/\/www.correiobraziliense.com.br\/cbradar\/wp-json\/wp\/v2\/posts\/10830\/revisions\/62138"}],"wp:featuredmedia":[{"embeddable":true,"href":"https:\/\/www.correiobraziliense.com.br\/cbradar\/wp-json\/wp\/v2\/media\/7854"}],"wp:attachment":[{"href":"https:\/\/www.correiobraziliense.com.br\/cbradar\/wp-json\/wp\/v2\/media?parent=10830"}],"wp:term":[{"taxonomy":"category","embeddable":true,"href":"https:\/\/www.correiobraziliense.com.br\/cbradar\/wp-json\/wp\/v2\/categories?post=10830"},{"taxonomy":"post_tag","embeddable":true,"href":"https:\/\/www.correiobraziliense.com.br\/cbradar\/wp-json\/wp\/v2\/post_tag?post=10830"}],"curies":[{"name":"wp","href":"https:\/\/api.w.org\/{rel}","templated":true}]}}