{"id":108391,"date":"2025-09-26T09:03:00","date_gmt":"2025-09-26T12:03:00","guid":{"rendered":"https:\/\/www.correiobraziliense.com.br\/cbradar\/?p=108391"},"modified":"2025-09-23T11:22:27","modified_gmt":"2025-09-23T14:22:27","slug":"pequena-rotina-de-alongamento-antes-de-dormir-para-relaxamento-profundo","status":"publish","type":"post","link":"https:\/\/www.correiobraziliense.com.br\/cbradar\/pequena-rotina-de-alongamento-antes-de-dormir-para-relaxamento-profundo\/","title":{"rendered":"Pequena rotina de alongamento antes de dormir para relaxamento profundo"},"content":{"rendered":"\n<p>Ap\u00f3s um dia agitado, a transi\u00e7\u00e3o para um estado de calma que permita uma noite de sono reparadora pode ser um desafio. \u00c9 crucial e inegoci\u00e1vel afirmar desde o in\u00edcio: <strong>dificuldades cr\u00f4nicas para dormir, como a ins\u00f4nia, s\u00e3o condi\u00e7\u00f5es m\u00e9dicas que exigem diagn\u00f3stico e tratamento profissional.<\/strong> Os exerc\u00edcios a seguir s\u00e3o uma ferramenta de bem-estar, n\u00e3o uma cura para dist\u00farbios do sono.<\/p>\n\n\n\n<p>Dito isso, a ci\u00eancia tem demonstrado que uma pequena e gentil rotina de alongamentos antes de deitar pode ser uma ferramenta poderosa para preparar o corpo e a mente para o descanso. Este artigo ir\u00e1 explorar, de forma segura e baseada em evid\u00eancias, uma sequ\u00eancia de movimentos suaves que podem ajudar a liberar a tens\u00e3o do dia e a criar as condi\u00e7\u00f5es ideais para um sono de melhor qualidade.<\/p>\n\n\n\n<h2 class=\"wp-block-heading\">Como a tens\u00e3o do dia a dia fica &#8220;armazenada&#8221; no corpo?<\/h2>\n\n\n<div class=\"wp-block-image\">\n<figure class=\"aligncenter size-large\"><img decoding=\"async\" width=\"1024\" height=\"576\" src=\"https:\/\/www.correiobraziliense.com.br\/cbradar\/wp-content\/uploads\/2025\/03\/tensoa_1741181446445-1024x576.jpg\" alt=\"Pequena rotina de alongamento antes de dormir para relaxamento profundo\" class=\"wp-image-9206\" srcset=\"https:\/\/www.correiobraziliense.com.br\/cbradar\/wp-content\/uploads\/2025\/03\/tensoa_1741181446445-1024x576.jpg 1024w, https:\/\/www.correiobraziliense.com.br\/cbradar\/wp-content\/uploads\/2025\/03\/tensoa_1741181446445-300x169.jpg 300w, https:\/\/www.correiobraziliense.com.br\/cbradar\/wp-content\/uploads\/2025\/03\/tensoa_1741181446445-768x432.jpg 768w, https:\/\/www.correiobraziliense.com.br\/cbradar\/wp-content\/uploads\/2025\/03\/tensoa_1741181446445-750x422.jpg 750w, https:\/\/www.correiobraziliense.com.br\/cbradar\/wp-content\/uploads\/2025\/03\/tensoa_1741181446445-1140x641.jpg 1140w, https:\/\/www.correiobraziliense.com.br\/cbradar\/wp-content\/uploads\/2025\/03\/tensoa_1741181446445.jpg 1280w\" sizes=\"(max-width: 1024px) 100vw, 1024px\" \/><figcaption class=\"wp-element-caption\">Tens\u00e3o &#8211; Cr\u00e9ditos: depositphotos.com \/ AndrewLozovyi<\/figcaption><\/figure><\/div>\n\n\n<p>O estresse, a ansiedade e as longas horas em posturas inadequadas se manifestam fisicamente como <strong>tens\u00e3o muscular<\/strong>. Os ombros se elevam, os m\u00fasculos do pesco\u00e7o enrijecem e a regi\u00e3o lombar acumula a carga do dia. Ir para a cama com o corpo nesse estado de alerta f\u00edsico dificulta o relaxamento necess\u00e1rio para adormecer.<\/p>\n\n\n\n<p>Essa tens\u00e3o muscular mant\u00e9m o <strong>sistema nervoso simp\u00e1tico<\/strong> (a resposta de &#8220;luta ou fuga&#8221;) ativo. Para que o sono profundo ocorra, o corpo precisa fazer a transi\u00e7\u00e3o para o <strong>sistema nervoso parassimp\u00e1tico<\/strong>, o modo de &#8220;descanso e digest\u00e3o&#8221;.<\/p>\n\n\n\n<h2 class=\"wp-block-heading\">Qual o mecanismo fisiol\u00f3gico do alongamento no relaxamento do corpo?<\/h2>\n\n\n\n<p>O alongamento suave e consciente \u00e9 uma das formas mais eficazes de facilitar essa transi\u00e7\u00e3o para o estado parassimp\u00e1tico. Ao alongar, voc\u00ea promove o relaxamento das fibras musculares, aliviando a tens\u00e3o f\u00edsica acumulada. Esse relaxamento envia um sinal de seguran\u00e7a ao c\u00e9rebro.<\/p>\n\n\n\n<p>Fisiologicamente, o alongamento lento, combinado com a respira\u00e7\u00e3o profunda, pode ajudar a diminuir a frequ\u00eancia card\u00edaca, a reduzir a press\u00e3o arterial e a baixar os n\u00edveis de cortisol, o principal horm\u00f4nio do estresse. Conforme aponta a <strong><a target=\"_blank\" rel=\"noreferrer noopener\" href=\"https:\/\/www.sleepfoundation.org\/physical-activity\/stretching-before-bed\">Sleep Foundation<\/a><\/strong>, uma organiza\u00e7\u00e3o de refer\u00eancia em sa\u00fade do sono, essa resposta de relaxamento prepara o terreno para um sono mais r\u00e1pido e profundo.<\/p>\n\n\n\n<p>Leia tamb\u00e9m: <a href=\"https:\/\/www.correiobraziliense.com.br\/cbradar\/sem-fibras-seu-intestino-pode-passar-por-esses-problemas-sem-voce-perceber\" target=\"_blank\" rel=\"noreferrer noopener\">Sem fibras, seu intestino pode passar por esses problemas sem voc\u00ea perceber<\/a><\/p>\n\n\n\n<h2 class=\"wp-block-heading\">Qual uma rotina de alongamentos seguros para o relaxamento profundo?<\/h2>\n\n\n<div class=\"wp-block-image\">\n<figure class=\"aligncenter size-large\"><img decoding=\"async\" width=\"1024\" height=\"576\" src=\"https:\/\/www.correiobraziliense.com.br\/cbradar\/wp-content\/uploads\/2025\/04\/alongamento_1744291568665-1024x576.jpg\" alt=\"Pequena rotina de alongamento antes de dormir para relaxamento profundo\" class=\"wp-image-21771\" srcset=\"https:\/\/www.correiobraziliense.com.br\/cbradar\/wp-content\/uploads\/2025\/04\/alongamento_1744291568665-1024x576.jpg 1024w, https:\/\/www.correiobraziliense.com.br\/cbradar\/wp-content\/uploads\/2025\/04\/alongamento_1744291568665-300x169.jpg 300w, https:\/\/www.correiobraziliense.com.br\/cbradar\/wp-content\/uploads\/2025\/04\/alongamento_1744291568665-768x432.jpg 768w, https:\/\/www.correiobraziliense.com.br\/cbradar\/wp-content\/uploads\/2025\/04\/alongamento_1744291568665-750x422.jpg 750w, https:\/\/www.correiobraziliense.com.br\/cbradar\/wp-content\/uploads\/2025\/04\/alongamento_1744291568665-1140x641.jpg 1140w, https:\/\/www.correiobraziliense.com.br\/cbradar\/wp-content\/uploads\/2025\/04\/alongamento_1744291568665.jpg 1280w\" sizes=\"(max-width: 1024px) 100vw, 1024px\" \/><figcaption class=\"wp-element-caption\">Alongamento &#8211; Cr\u00e9ditos: depositphotos.com \/ IgorVetushko<\/figcaption><\/figure><\/div>\n\n\n<p>O objetivo desta rotina n\u00e3o \u00e9 for\u00e7ar a flexibilidade, mas sim relaxar. Os movimentos devem ser gentis e realizados de forma lenta, preferencialmente sobre uma superf\u00edcie confort\u00e1vel como um tapete ou a pr\u00f3pria cama.<\/p>\n\n\n\n<h3 class=\"wp-block-heading\">Postura da crian\u00e7a (balasana)<\/h3>\n\n\n\n<p>Ajoelhe-se e sente-se sobre os calcanhares. Incline o tronco para a frente, deixando a testa repousar no ch\u00e3o e os bra\u00e7os estendidos \u00e0 frente ou relaxados ao lado do corpo. Respire profundamente, sentindo a regi\u00e3o lombar se alongar.<\/p>\n\n\n\n<h3 class=\"wp-block-heading\">Abra\u00e7o nos joelhos (joelhos ao peito)<\/h3>\n\n\n\n<p>Deitado de costas, puxe suavemente ambos os joelhos em dire\u00e7\u00e3o ao peito e abrace-os. Voc\u00ea pode fazer um balan\u00e7o suave de um lado para o outro para massagear a parte inferior das costas.<\/p>\n\n\n\n<h3 class=\"wp-block-heading\">Tor\u00e7\u00e3o deitada suave<\/h3>\n\n\n\n<p>Ainda deitado, estenda os bra\u00e7os para os lados na altura dos ombros. Com os joelhos dobrados, deixe-os cair lentamente para um lado, mantendo os ombros no ch\u00e3o. Vire a cabe\u00e7a para o lado oposto, se for confort\u00e1vel. Respire fundo e repita para o outro lado.<\/p>\n\n\n\n<h2 class=\"wp-block-heading\">Como a respira\u00e7\u00e3o consciente potencializa o efeito relaxante?<\/h2>\n\n\n\n<p>A respira\u00e7\u00e3o \u00e9 a chave para transformar um simples movimento em um relaxamento profundo. Durante cada alongamento, foque em uma respira\u00e7\u00e3o lenta e diafragm\u00e1tica (abdominal). Ao expirar longamente, voc\u00ea ativa de forma mais intensa o sistema nervoso parassimp\u00e1tico. Essa pr\u00e1tica de aten\u00e7\u00e3o plena (<strong>mindfulness<\/strong>) ajuda a aquietar a mente, um pr\u00e9-requisito essencial para uma boa noite de sono.<\/p>\n\n\n\n<p>Leia tamb\u00e9m: <a href=\"https:\/\/www.correiobraziliense.com.br\/cbradar\/o-efeito-no-seu-corpo-de-tomar-cha-de-camomila-antes-de-dormir\" target=\"_blank\" rel=\"noreferrer noopener\">O efeito no seu corpo de tomar ch\u00e1 de camomila antes de dormir<\/a><\/p>\n\n\n\n<h2 class=\"wp-block-heading\">O alongamento antes de dormir \u00e9 seguro para todos?<\/h2>\n\n\n\n<p>&#8220;Suave&#8221; \u00e9 a palavra-chave. O alongamento noturno n\u00e3o deve causar dor. Se voc\u00ea sentir qualquer dor aguda, pontual ou formigamento, pare o movimento imediatamente. A pr\u00e1tica <strong>n\u00e3o \u00e9 segura para todos sem orienta\u00e7\u00e3o.<\/strong> \u00c9 indispens\u00e1vel a consulta profissional em casos de:<\/p>\n\n\n\n<ul class=\"wp-block-list\">\n<li>Les\u00e3o aguda recente (muscular, articular ou de disco).<\/li>\n\n\n\n<li>Dores cr\u00f4nicas nas costas, pesco\u00e7o ou outras articula\u00e7\u00f5es.<\/li>\n\n\n\n<li>Condi\u00e7\u00f5es como h\u00e9rnia de disco, estenose espinhal ou osteoporose grave.<\/li>\n\n\n\n<li>Recupera\u00e7\u00e3o de uma cirurgia.<\/li>\n<\/ul>\n\n\n\n<p>Antes de iniciar esta ou qualquer outra rotina de exerc\u00edcios, a abordagem mais segura \u00e9 conversar com um <strong>m\u00e9dico<\/strong> ou <strong>fisioterapeuta<\/strong>. Se o seu problema principal \u00e9 a dificuldade cr\u00f4nica para dormir, um <strong>especialista em sono<\/strong> \u00e9 o profissional indicado para realizar um diagn\u00f3stico correto e propor um plano de tratamento completo.<\/p>\n","protected":false},"excerpt":{"rendered":"<p>Ap\u00f3s um dia agitado, a transi\u00e7\u00e3o para um estado de calma que permita uma noite de sono reparadora pode ser um desafio. \u00c9 crucial e inegoci\u00e1vel afirmar desde o in\u00edcio: dificuldades cr\u00f4nicas para dormir, como a ins\u00f4nia, s\u00e3o condi\u00e7\u00f5es m\u00e9dicas que exigem diagn\u00f3stico e tratamento profissional. Os exerc\u00edcios a seguir s\u00e3o uma ferramenta de bem-estar, [&hellip;]<\/p>\n","protected":false},"author":11,"featured_media":64462,"comment_status":"open","ping_status":"open","sticky":false,"template":"","format":"standard","meta":{"_yoast_wpseo_focuskw":"alongamento","_yoast_wpseo_title":"","_yoast_wpseo_metadesc":"Rotina r\u00e1pida de alongamento antes de dormir promove relaxamento profundo, alivia tens\u00f5es e melhora a qualidade do sono","jnews-multi-image_gallery":[],"jnews_single_post":{"format":"standard"},"jnews_primary_category":[],"jnews_social_meta":[],"jnews_override_counter":[],"footnotes":""},"categories":[119],"tags":[2966,784,1318],"class_list":["post-108391","post","type-post","status-publish","format-standard","has-post-thumbnail","hentry","category-bem-estar","tag-alongamento","tag-rotina","tag-saude-2"],"yoast_head":"<!-- This site is optimized with the Yoast SEO plugin v24.6 - https:\/\/yoast.com\/wordpress\/plugins\/seo\/ -->\n<title>Pequena rotina de alongamento antes de dormir para relaxamento profundo - Correio Braziliense - Radar<\/title>\n<meta name=\"description\" content=\"Rotina r\u00e1pida de alongamento antes de dormir promove relaxamento profundo, alivia tens\u00f5es e melhora a qualidade do sono\" \/>\n<meta name=\"robots\" content=\"index, follow, max-snippet:-1, max-image-preview:large, max-video-preview:-1\" \/>\n<link rel=\"canonical\" href=\"https:\/\/www.correiobraziliense.com.br\/cbradar\/pequena-rotina-de-alongamento-antes-de-dormir-para-relaxamento-profundo\/\" \/>\n<meta property=\"og:locale\" content=\"pt_BR\" \/>\n<meta property=\"og:type\" content=\"article\" \/>\n<meta property=\"og:title\" content=\"Pequena rotina de alongamento antes de dormir para relaxamento profundo - Correio Braziliense - Radar\" \/>\n<meta property=\"og:description\" content=\"Rotina r\u00e1pida de alongamento antes de dormir promove relaxamento profundo, alivia tens\u00f5es e melhora a qualidade do sono\" \/>\n<meta property=\"og:url\" content=\"https:\/\/www.correiobraziliense.com.br\/cbradar\/pequena-rotina-de-alongamento-antes-de-dormir-para-relaxamento-profundo\/\" \/>\n<meta property=\"og:site_name\" content=\"Correio Braziliense - Radar\" \/>\n<meta property=\"article:published_time\" content=\"2025-09-26T12:03:00+00:00\" \/>\n<meta property=\"og:image\" content=\"https:\/\/www.correiobraziliense.com.br\/cbradar\/wp-content\/uploads\/2025\/07\/alongamento_1751637504795.jpg\" \/>\n\t<meta property=\"og:image:width\" content=\"1280\" \/>\n\t<meta property=\"og:image:height\" content=\"720\" \/>\n\t<meta property=\"og:image:type\" content=\"image\/jpeg\" \/>\n<meta name=\"author\" content=\"Paulo Custodio\" \/>\n<meta name=\"twitter:card\" content=\"summary_large_image\" \/>\n<meta name=\"twitter:label1\" content=\"Escrito por\" \/>\n\t<meta name=\"twitter:data1\" content=\"Paulo Custodio\" \/>\n\t<meta name=\"twitter:label2\" content=\"Est. tempo de leitura\" \/>\n\t<meta name=\"twitter:data2\" content=\"5 minutos\" \/>\n<!-- \/ Yoast SEO plugin. -->","yoast_head_json":{"title":"Pequena rotina de alongamento antes de dormir para relaxamento profundo - Correio Braziliense - Radar","description":"Rotina r\u00e1pida de alongamento antes de dormir promove relaxamento profundo, alivia tens\u00f5es e melhora a qualidade do sono","robots":{"index":"index","follow":"follow","max-snippet":"max-snippet:-1","max-image-preview":"max-image-preview:large","max-video-preview":"max-video-preview:-1"},"canonical":"https:\/\/www.correiobraziliense.com.br\/cbradar\/pequena-rotina-de-alongamento-antes-de-dormir-para-relaxamento-profundo\/","og_locale":"pt_BR","og_type":"article","og_title":"Pequena rotina de alongamento antes de dormir para relaxamento profundo - Correio Braziliense - Radar","og_description":"Rotina r\u00e1pida de alongamento antes de dormir promove relaxamento profundo, alivia tens\u00f5es e melhora a qualidade do sono","og_url":"https:\/\/www.correiobraziliense.com.br\/cbradar\/pequena-rotina-de-alongamento-antes-de-dormir-para-relaxamento-profundo\/","og_site_name":"Correio Braziliense - Radar","article_published_time":"2025-09-26T12:03:00+00:00","og_image":[{"width":1280,"height":720,"url":"https:\/\/www.correiobraziliense.com.br\/cbradar\/wp-content\/uploads\/2025\/07\/alongamento_1751637504795.jpg","type":"image\/jpeg"}],"author":"Paulo Custodio","twitter_card":"summary_large_image","twitter_misc":{"Escrito por":"Paulo Custodio","Est. tempo de leitura":"5 minutos"},"schema":{"@context":"https:\/\/schema.org","@graph":[{"@type":"WebPage","@id":"https:\/\/www.correiobraziliense.com.br\/cbradar\/pequena-rotina-de-alongamento-antes-de-dormir-para-relaxamento-profundo\/","url":"https:\/\/www.correiobraziliense.com.br\/cbradar\/pequena-rotina-de-alongamento-antes-de-dormir-para-relaxamento-profundo\/","name":"Pequena rotina de alongamento antes de dormir para relaxamento profundo - Correio Braziliense - Radar","isPartOf":{"@id":"https:\/\/www.correiobraziliense.com.br\/cbradar\/#website"},"primaryImageOfPage":{"@id":"https:\/\/www.correiobraziliense.com.br\/cbradar\/pequena-rotina-de-alongamento-antes-de-dormir-para-relaxamento-profundo\/#primaryimage"},"image":{"@id":"https:\/\/www.correiobraziliense.com.br\/cbradar\/pequena-rotina-de-alongamento-antes-de-dormir-para-relaxamento-profundo\/#primaryimage"},"thumbnailUrl":"https:\/\/www.correiobraziliense.com.br\/cbradar\/wp-content\/uploads\/2025\/07\/alongamento_1751637504795.jpg","datePublished":"2025-09-26T12:03:00+00:00","author":{"@id":"https:\/\/www.correiobraziliense.com.br\/cbradar\/#\/schema\/person\/4cec7857301a9a1a2ef249893cd908d3"},"description":"Rotina r\u00e1pida de alongamento antes de dormir promove relaxamento profundo, alivia tens\u00f5es e melhora a qualidade do sono","breadcrumb":{"@id":"https:\/\/www.correiobraziliense.com.br\/cbradar\/pequena-rotina-de-alongamento-antes-de-dormir-para-relaxamento-profundo\/#breadcrumb"},"inLanguage":"pt-BR","potentialAction":[{"@type":"ReadAction","target":["https:\/\/www.correiobraziliense.com.br\/cbradar\/pequena-rotina-de-alongamento-antes-de-dormir-para-relaxamento-profundo\/"]}]},{"@type":"ImageObject","inLanguage":"pt-BR","@id":"https:\/\/www.correiobraziliense.com.br\/cbradar\/pequena-rotina-de-alongamento-antes-de-dormir-para-relaxamento-profundo\/#primaryimage","url":"https:\/\/www.correiobraziliense.com.br\/cbradar\/wp-content\/uploads\/2025\/07\/alongamento_1751637504795.jpg","contentUrl":"https:\/\/www.correiobraziliense.com.br\/cbradar\/wp-content\/uploads\/2025\/07\/alongamento_1751637504795.jpg","width":1280,"height":720,"caption":"Uma mulher praticando alongamento - Cr\u00e9ditos: depositphotos.com \/ IgorVetushko"},{"@type":"BreadcrumbList","@id":"https:\/\/www.correiobraziliense.com.br\/cbradar\/pequena-rotina-de-alongamento-antes-de-dormir-para-relaxamento-profundo\/#breadcrumb","itemListElement":[{"@type":"ListItem","position":1,"name":"In\u00edcio","item":"https:\/\/www.correiobraziliense.com.br\/cbradar\/"},{"@type":"ListItem","position":2,"name":"Pequena rotina de alongamento antes de dormir para relaxamento profundo"}]},{"@type":"WebSite","@id":"https:\/\/www.correiobraziliense.com.br\/cbradar\/#website","url":"https:\/\/www.correiobraziliense.com.br\/cbradar\/","name":"Correio Braziliense - Radar","description":"Acompanhe as \u00faltimas not\u00edcias e fique bem informado sobre tudo o que acontece no Brasil e no mundo.","potentialAction":[{"@type":"SearchAction","target":{"@type":"EntryPoint","urlTemplate":"https:\/\/www.correiobraziliense.com.br\/cbradar\/?s={search_term_string}"},"query-input":{"@type":"PropertyValueSpecification","valueRequired":true,"valueName":"search_term_string"}}],"inLanguage":"pt-BR"},{"@type":"Person","@id":"https:\/\/www.correiobraziliense.com.br\/cbradar\/#\/schema\/person\/4cec7857301a9a1a2ef249893cd908d3","name":"Paulo Custodio","image":{"@type":"ImageObject","inLanguage":"pt-BR","@id":"https:\/\/www.correiobraziliense.com.br\/cbradar\/#\/schema\/person\/image\/","url":"https:\/\/secure.gravatar.com\/avatar\/bcd67168d1534e8fcf4f45c726a87cea?s=96&d=mm&r=g","contentUrl":"https:\/\/secure.gravatar.com\/avatar\/bcd67168d1534e8fcf4f45c726a87cea?s=96&d=mm&r=g","caption":"Paulo Custodio"},"sameAs":["https:\/\/www.correiobraziliense.com.br\/cbradar"],"url":"https:\/\/www.correiobraziliense.com.br\/cbradar\/author\/paulomyth\/"}]}},"_links":{"self":[{"href":"https:\/\/www.correiobraziliense.com.br\/cbradar\/wp-json\/wp\/v2\/posts\/108391","targetHints":{"allow":["GET"]}}],"collection":[{"href":"https:\/\/www.correiobraziliense.com.br\/cbradar\/wp-json\/wp\/v2\/posts"}],"about":[{"href":"https:\/\/www.correiobraziliense.com.br\/cbradar\/wp-json\/wp\/v2\/types\/post"}],"author":[{"embeddable":true,"href":"https:\/\/www.correiobraziliense.com.br\/cbradar\/wp-json\/wp\/v2\/users\/11"}],"replies":[{"embeddable":true,"href":"https:\/\/www.correiobraziliense.com.br\/cbradar\/wp-json\/wp\/v2\/comments?post=108391"}],"version-history":[{"count":1,"href":"https:\/\/www.correiobraziliense.com.br\/cbradar\/wp-json\/wp\/v2\/posts\/108391\/revisions"}],"predecessor-version":[{"id":108392,"href":"https:\/\/www.correiobraziliense.com.br\/cbradar\/wp-json\/wp\/v2\/posts\/108391\/revisions\/108392"}],"wp:featuredmedia":[{"embeddable":true,"href":"https:\/\/www.correiobraziliense.com.br\/cbradar\/wp-json\/wp\/v2\/media\/64462"}],"wp:attachment":[{"href":"https:\/\/www.correiobraziliense.com.br\/cbradar\/wp-json\/wp\/v2\/media?parent=108391"}],"wp:term":[{"taxonomy":"category","embeddable":true,"href":"https:\/\/www.correiobraziliense.com.br\/cbradar\/wp-json\/wp\/v2\/categories?post=108391"},{"taxonomy":"post_tag","embeddable":true,"href":"https:\/\/www.correiobraziliense.com.br\/cbradar\/wp-json\/wp\/v2\/tags?post=108391"}],"curies":[{"name":"wp","href":"https:\/\/api.w.org\/{rel}","templated":true}]}}