{"id":108416,"date":"2025-09-26T17:13:00","date_gmt":"2025-09-26T20:13:00","guid":{"rendered":"https:\/\/www.correiobraziliense.com.br\/cbradar\/?p=108416"},"modified":"2025-09-23T12:29:06","modified_gmt":"2025-09-23T15:29:06","slug":"esse-detalhe-na-sua-alimentacao-pode-mudar-tudo-no-emagrecimento","status":"publish","type":"post","link":"https:\/\/www.correiobraziliense.com.br\/cbradar\/esse-detalhe-na-sua-alimentacao-pode-mudar-tudo-no-emagrecimento\/","title":{"rendered":"Esse detalhe na sua alimenta\u00e7\u00e3o pode mudar tudo no emagrecimento"},"content":{"rendered":"\n<p>Em um plano de emagrecimento saud\u00e1vel, a aten\u00e7\u00e3o muitas vezes se volta para a contagem de calorias. No entanto, a ci\u00eancia da nutri\u00e7\u00e3o mostra de forma conclusiva que a <strong>composi\u00e7\u00e3o<\/strong> dessas calorias \u00e9 igualmente, se n\u00e3o mais, importante. \u00c9 crucial e inegoci\u00e1vel afirmar desde o in\u00edcio: <strong>o emagrecimento sustent\u00e1vel requer um plano alimentar completo e equilibrado, e deve ser sempre supervisionado por um profissional de sa\u00fade.<\/strong><\/p>\n\n\n\n<p>Dentro dos macronutrientes, a prote\u00edna se destaca como a mais poderosa aliada da perda de peso. Optar por fontes de <strong>prote\u00edna magra<\/strong> \u00e9 uma estrat\u00e9gia fundamental para promover a saciedade, proteger o metabolismo e otimizar a composi\u00e7\u00e3o corporal. Este artigo ir\u00e1 explorar, de forma segura e baseada em evid\u00eancias, por que este nutriente \u00e9 indispens\u00e1vel em sua jornada.<\/p>\n\n\n\n<h2 class=\"wp-block-heading\">Qual o papel da prote\u00edna no controle da fome e da saciedade?<\/h2>\n\n\n<div class=\"wp-block-image\">\n<figure class=\"aligncenter size-large\"><img decoding=\"async\" width=\"1024\" height=\"576\" src=\"https:\/\/www.correiobraziliense.com.br\/cbradar\/wp-content\/uploads\/2025\/08\/proteina_1755512324983-1024x576.jpg\" alt=\"Esse detalhe na sua alimenta\u00e7\u00e3o pode mudar tudo no emagrecimento\" class=\"wp-image-88746\" srcset=\"https:\/\/www.correiobraziliense.com.br\/cbradar\/wp-content\/uploads\/2025\/08\/proteina_1755512324983-1024x576.jpg 1024w, https:\/\/www.correiobraziliense.com.br\/cbradar\/wp-content\/uploads\/2025\/08\/proteina_1755512324983-300x169.jpg 300w, https:\/\/www.correiobraziliense.com.br\/cbradar\/wp-content\/uploads\/2025\/08\/proteina_1755512324983-768x432.jpg 768w, https:\/\/www.correiobraziliense.com.br\/cbradar\/wp-content\/uploads\/2025\/08\/proteina_1755512324983-750x422.jpg 750w, https:\/\/www.correiobraziliense.com.br\/cbradar\/wp-content\/uploads\/2025\/08\/proteina_1755512324983-1140x641.jpg 1140w, https:\/\/www.correiobraziliense.com.br\/cbradar\/wp-content\/uploads\/2025\/08\/proteina_1755512324983.jpg 1280w\" sizes=\"(max-width: 1024px) 100vw, 1024px\" \/><figcaption class=\"wp-element-caption\">Alimentos proteicos &#8211; Cr\u00e9ditos: depositphotos.com \/ AntonMatyukha<\/figcaption><\/figure><\/div>\n\n\n<p>Este \u00e9 o benef\u00edcio mais potente e imediato de uma dieta rica em prote\u00ednas. A prote\u00edna \u00e9, de longe, o macronutriente que mais promove a <strong>saciedade<\/strong> (a sensa\u00e7\u00e3o de estar satisfeito e sem fome por mais tempo). Isso ocorre atrav\u00e9s de m\u00faltiplos mecanismos:<\/p>\n\n\n\n<ul class=\"wp-block-list\">\n<li><strong>Regula\u00e7\u00e3o Hormonal:<\/strong> O consumo de prote\u00edna estimula a libera\u00e7\u00e3o de horm\u00f4nios intestinais da saciedade, como o PYY e o GLP-1, que enviam sinais de plenitude ao c\u00e9rebro. Ao mesmo tempo, ajuda a suprimir a grelina, o principal &#8220;horm\u00f4nio da fome&#8221;.<\/li>\n\n\n\n<li><strong>Digest\u00e3o Lenta:<\/strong> A prote\u00edna leva mais tempo para ser digerida em compara\u00e7\u00e3o com os carboidratos, mantendo o est\u00f4mago &#8220;ocupado&#8221; por um per\u00edodo maior.<\/li>\n<\/ul>\n\n\n\n<p>Conforme demonstram in\u00fameros estudos, incluir uma fonte de prote\u00edna magra em cada refei\u00e7\u00e3o pode levar a uma redu\u00e7\u00e3o natural e espont\u00e2nea da ingest\u00e3o cal\u00f3rica total ao longo do dia.<\/p>\n\n\n\n<h2 class=\"wp-block-heading\">Como a prote\u00edna ajuda a &#8220;proteger&#8221; o metabolismo durante o emagrecimento?<\/h2>\n\n\n\n<p>Um dos maiores riscos de uma dieta de emagrecimento mal planejada \u00e9 a perda de <strong>massa muscular<\/strong> juntamente com a gordura. A perda de m\u00fasculo \u00e9 metabolicamente prejudicial, pois diminui a sua taxa metab\u00f3lica de repouso, tornando o emagrecimento cada vez mais dif\u00edcil e a recupera\u00e7\u00e3o do peso, mais f\u00e1cil (o &#8220;efeito sanfona&#8221;).<\/p>\n\n\n\n<p>A ingest\u00e3o adequada de prote\u00edna \u00e9 a principal estrat\u00e9gia para combater essa perda. Ela fornece os <strong>amino\u00e1cidos<\/strong>, os &#8220;blocos de constru\u00e7\u00e3o&#8221; que o corpo utiliza para preservar o tecido muscular mesmo em um d\u00e9ficit cal\u00f3rico. Conforme aponta o <strong>American College of Sports Medicine (ACSM)<\/strong>, uma maior ingest\u00e3o de prote\u00edna \u00e9 fundamental para otimizar a composi\u00e7\u00e3o corporal durante a perda de peso, garantindo que a maior parte do peso perdido seja, de fato, gordura.<\/p>\n\n\n\n<p>Leia tamb\u00e9m: <a href=\"https:\/\/www.correiobraziliense.com.br\/cbradar\/sem-fibras-seu-intestino-pode-passar-por-esses-problemas-sem-voce-perceber\" target=\"_blank\" rel=\"noreferrer noopener\">Sem fibras, seu intestino pode passar por esses problemas sem voc\u00ea perceber<\/a><\/p>\n\n\n\n<h2 class=\"wp-block-heading\">O que \u00e9 o &#8220;efeito t\u00e9rmico dos alimentos&#8221; e por que a prote\u00edna \u00e9 a campe\u00e3?<\/h2>\n\n\n\n<p>O corpo gasta energia para digerir e metabolizar os alimentos que comemos. Esse gasto \u00e9 conhecido como <strong><a href=\"https:\/\/pubmed-ncbi-nlm-nih-gov.translate.goog\/31021710\" target=\"_blank\" rel=\"noreferrer noopener\">Efeito T\u00e9rmico dos Alimentos<\/a> (ETA)<\/strong>. A prote\u00edna tem o ETA mais alto de todos os macronutrientes.<\/p>\n\n\n\n<p>O corpo utiliza cerca de 20% a 30% das calorias da prote\u00edna apenas para process\u00e1-la. Em compara\u00e7\u00e3o, para os carboidratos, esse gasto \u00e9 de 5% a 10%, e para as gorduras, de 0% a 3%. Isso significa que, ao trocar calorias de carboidratos ou gorduras por calorias de prote\u00edna, voc\u00ea aumenta o gasto energ\u00e9tico total do seu dia sem precisar comer menos.<\/p>\n\n\n\n<h2 class=\"wp-block-heading\">Quais s\u00e3o as melhores fontes de prote\u00edna magra?<\/h2>\n\n\n\n<p>&#8220;Prote\u00edna magra&#8221; refere-se a fontes que fornecem uma alta quantidade de prote\u00edna com um baixo teor de gordura saturada.<\/p>\n\n\n\n<h3 class=\"wp-block-heading\">Peito de frango e de peru (sem pele)<\/h3>\n\n\n\n<p>S\u00e3o fontes cl\u00e1ssicas, vers\u00e1teis e extremamente ricas em prote\u00edna de alta qualidade.<\/p>\n\n\n\n<h3 class=\"wp-block-heading\">Peixes brancos<\/h3>\n\n\n\n<p>Til\u00e1pia, pescada, linguado e bacalhau s\u00e3o excelentes op\u00e7\u00f5es, com pouqu\u00edssima gordura. Peixes gordurosos como o salm\u00e3o, embora n\u00e3o t\u00e3o &#8220;magros&#8221;, tamb\u00e9m s\u00e3o recomendados por seu teor de \u00f4mega-3.<\/p>\n\n\n\n<h3 class=\"wp-block-heading\">Ovos e claras de ovo<\/h3>\n\n\n\n<p>O ovo inteiro \u00e9 uma pot\u00eancia nutricional. As claras s\u00e3o uma fonte de prote\u00edna praticamente pura.<\/p>\n\n\n\n<h3 class=\"wp-block-heading\">Leguminosas<\/h3>\n\n\n\n<p>Lentilhas, gr\u00e3o-de-bico, feij\u00f5es e ervilhas s\u00e3o as melhores fontes de prote\u00edna magra de origem vegetal, com o benef\u00edcio adicional de serem ricas em fibras.<\/p>\n\n\n\n<h3 class=\"wp-block-heading\">Iogurte grego e cottage (com baixo teor de gordura)<\/h3>\n\n\n\n<p>S\u00e3o ricos em case\u00edna, uma prote\u00edna de digest\u00e3o lenta que promove a saciedade por um longo per\u00edodo.<\/p>\n\n\n\n<p>Leia tamb\u00e9m: <a href=\"https:\/\/www.correiobraziliense.com.br\/cbradar\/o-efeito-no-seu-corpo-de-tomar-cha-de-camomila-antes-de-dormir\" target=\"_blank\" rel=\"noreferrer noopener\">O efeito no seu corpo de tomar ch\u00e1 de camomila antes de dormir<\/a><\/p>\n\n\n\n<h2 class=\"wp-block-heading\">Apenas aumentar a prote\u00edna \u00e9 suficiente para emagrecer de forma saud\u00e1vel?<\/h2>\n\n\n\n<p>N\u00e3o. Aumentar a ingest\u00e3o de prote\u00edna magra \u00e9 uma estrat\u00e9gia extremamente eficaz, mas ela deve estar inserida em um contexto de uma <strong>dieta equilibrada e com um d\u00e9ficit cal\u00f3rico controlado<\/strong>. De nada adianta comer mais frango se o resto da dieta for rico em alimentos ultraprocessados, a\u00e7\u00facares e gorduras de baixa qualidade.<\/p>\n\n\n\n<p>A sa\u00fade e o emagrecimento sustent\u00e1vel v\u00eam de um padr\u00e3o alimentar completo. Dietas excessivamente altas em prote\u00ednas, sem o acompanhamento de fibras de vegetais e carboidratos complexos, podem ser prejudiciais. Se voc\u00ea busca emagrecer, a consulta com um <strong>m\u00e9dico<\/strong> para uma avalia\u00e7\u00e3o geral e com um <strong>nutricionista<\/strong> para criar um plano alimentar seguro, personalizado e com a quantidade de prote\u00edna adequada para voc\u00ea, \u00e9 indispens\u00e1vel.<\/p>\n\n\n\n<p><\/p>\n","protected":false},"excerpt":{"rendered":"<p>Em um plano de emagrecimento saud\u00e1vel, a aten\u00e7\u00e3o muitas vezes se volta para a contagem de calorias. No entanto, a ci\u00eancia da nutri\u00e7\u00e3o mostra de forma conclusiva que a composi\u00e7\u00e3o dessas calorias \u00e9 igualmente, se n\u00e3o mais, importante. \u00c9 crucial e inegoci\u00e1vel afirmar desde o in\u00edcio: o emagrecimento sustent\u00e1vel requer um plano alimentar completo e [&hellip;]<\/p>\n","protected":false},"author":11,"featured_media":57966,"comment_status":"open","ping_status":"open","sticky":false,"template":"","format":"standard","meta":{"_yoast_wpseo_focuskw":"alimenta\u00e7\u00e3o","_yoast_wpseo_title":"","_yoast_wpseo_metadesc":"Pequena mudan\u00e7a na alimenta\u00e7\u00e3o di\u00e1ria pode potencializar o emagrecimento, melhorar a saciedade e trazer resultados mais r\u00e1pidos e duradouros","jnews-multi-image_gallery":[],"jnews_single_post":{"format":"standard"},"jnews_primary_category":[],"jnews_social_meta":[],"jnews_override_counter":[],"footnotes":""},"categories":[119],"tags":[281,367,1318],"class_list":["post-108416","post","type-post","status-publish","format-standard","has-post-thumbnail","hentry","category-bem-estar","tag-alimentacao","tag-emagrecimento","tag-saude-2"],"yoast_head":"<!-- This site is optimized with the Yoast SEO plugin v24.6 - https:\/\/yoast.com\/wordpress\/plugins\/seo\/ -->\n<title>Esse detalhe na sua alimenta\u00e7\u00e3o pode mudar tudo no emagrecimento - Correio Braziliense - Radar<\/title>\n<meta name=\"description\" content=\"Pequena mudan\u00e7a na alimenta\u00e7\u00e3o di\u00e1ria pode potencializar o emagrecimento, melhorar a saciedade e trazer resultados mais r\u00e1pidos e duradouros\" \/>\n<meta name=\"robots\" content=\"index, follow, max-snippet:-1, max-image-preview:large, max-video-preview:-1\" \/>\n<link rel=\"canonical\" href=\"https:\/\/www.correiobraziliense.com.br\/cbradar\/esse-detalhe-na-sua-alimentacao-pode-mudar-tudo-no-emagrecimento\/\" \/>\n<meta property=\"og:locale\" content=\"pt_BR\" \/>\n<meta property=\"og:type\" content=\"article\" \/>\n<meta property=\"og:title\" content=\"Esse detalhe na sua alimenta\u00e7\u00e3o pode mudar tudo no emagrecimento - Correio Braziliense - Radar\" \/>\n<meta property=\"og:description\" content=\"Pequena mudan\u00e7a na alimenta\u00e7\u00e3o di\u00e1ria pode potencializar o emagrecimento, melhorar a saciedade e trazer resultados mais r\u00e1pidos e duradouros\" \/>\n<meta property=\"og:url\" content=\"https:\/\/www.correiobraziliense.com.br\/cbradar\/esse-detalhe-na-sua-alimentacao-pode-mudar-tudo-no-emagrecimento\/\" \/>\n<meta property=\"og:site_name\" content=\"Correio Braziliense - Radar\" \/>\n<meta property=\"article:published_time\" content=\"2025-09-26T20:13:00+00:00\" \/>\n<meta property=\"og:image\" content=\"https:\/\/www.correiobraziliense.com.br\/cbradar\/wp-content\/uploads\/2025\/06\/ganho-de-peso_1750684918676.jpg\" \/>\n\t<meta property=\"og:image:width\" content=\"1280\" \/>\n\t<meta property=\"og:image:height\" content=\"720\" \/>\n\t<meta property=\"og:image:type\" content=\"image\/jpeg\" \/>\n<meta name=\"author\" content=\"Paulo Custodio\" \/>\n<meta name=\"twitter:card\" content=\"summary_large_image\" \/>\n<meta name=\"twitter:label1\" content=\"Escrito por\" \/>\n\t<meta name=\"twitter:data1\" content=\"Paulo Custodio\" \/>\n\t<meta name=\"twitter:label2\" content=\"Est. tempo de leitura\" \/>\n\t<meta name=\"twitter:data2\" content=\"5 minutos\" \/>\n<!-- \/ Yoast SEO plugin. -->","yoast_head_json":{"title":"Esse detalhe na sua alimenta\u00e7\u00e3o pode mudar tudo no emagrecimento - Correio Braziliense - Radar","description":"Pequena mudan\u00e7a na alimenta\u00e7\u00e3o di\u00e1ria pode potencializar o emagrecimento, melhorar a saciedade e trazer resultados mais r\u00e1pidos e duradouros","robots":{"index":"index","follow":"follow","max-snippet":"max-snippet:-1","max-image-preview":"max-image-preview:large","max-video-preview":"max-video-preview:-1"},"canonical":"https:\/\/www.correiobraziliense.com.br\/cbradar\/esse-detalhe-na-sua-alimentacao-pode-mudar-tudo-no-emagrecimento\/","og_locale":"pt_BR","og_type":"article","og_title":"Esse detalhe na sua alimenta\u00e7\u00e3o pode mudar tudo no emagrecimento - Correio Braziliense - Radar","og_description":"Pequena mudan\u00e7a na alimenta\u00e7\u00e3o di\u00e1ria pode potencializar o emagrecimento, melhorar a saciedade e trazer resultados mais r\u00e1pidos e duradouros","og_url":"https:\/\/www.correiobraziliense.com.br\/cbradar\/esse-detalhe-na-sua-alimentacao-pode-mudar-tudo-no-emagrecimento\/","og_site_name":"Correio Braziliense - Radar","article_published_time":"2025-09-26T20:13:00+00:00","og_image":[{"width":1280,"height":720,"url":"https:\/\/www.correiobraziliense.com.br\/cbradar\/wp-content\/uploads\/2025\/06\/ganho-de-peso_1750684918676.jpg","type":"image\/jpeg"}],"author":"Paulo Custodio","twitter_card":"summary_large_image","twitter_misc":{"Escrito por":"Paulo Custodio","Est. tempo de leitura":"5 minutos"},"schema":{"@context":"https:\/\/schema.org","@graph":[{"@type":"WebPage","@id":"https:\/\/www.correiobraziliense.com.br\/cbradar\/esse-detalhe-na-sua-alimentacao-pode-mudar-tudo-no-emagrecimento\/","url":"https:\/\/www.correiobraziliense.com.br\/cbradar\/esse-detalhe-na-sua-alimentacao-pode-mudar-tudo-no-emagrecimento\/","name":"Esse detalhe na sua alimenta\u00e7\u00e3o pode mudar tudo no emagrecimento - Correio Braziliense - Radar","isPartOf":{"@id":"https:\/\/www.correiobraziliense.com.br\/cbradar\/#website"},"primaryImageOfPage":{"@id":"https:\/\/www.correiobraziliense.com.br\/cbradar\/esse-detalhe-na-sua-alimentacao-pode-mudar-tudo-no-emagrecimento\/#primaryimage"},"image":{"@id":"https:\/\/www.correiobraziliense.com.br\/cbradar\/esse-detalhe-na-sua-alimentacao-pode-mudar-tudo-no-emagrecimento\/#primaryimage"},"thumbnailUrl":"https:\/\/www.correiobraziliense.com.br\/cbradar\/wp-content\/uploads\/2025\/06\/ganho-de-peso_1750684918676.jpg","datePublished":"2025-09-26T20:13:00+00:00","author":{"@id":"https:\/\/www.correiobraziliense.com.br\/cbradar\/#\/schema\/person\/4cec7857301a9a1a2ef249893cd908d3"},"description":"Pequena mudan\u00e7a na alimenta\u00e7\u00e3o di\u00e1ria pode potencializar o emagrecimento, melhorar a saciedade e trazer resultados mais r\u00e1pidos e duradouros","breadcrumb":{"@id":"https:\/\/www.correiobraziliense.com.br\/cbradar\/esse-detalhe-na-sua-alimentacao-pode-mudar-tudo-no-emagrecimento\/#breadcrumb"},"inLanguage":"pt-BR","potentialAction":[{"@type":"ReadAction","target":["https:\/\/www.correiobraziliense.com.br\/cbradar\/esse-detalhe-na-sua-alimentacao-pode-mudar-tudo-no-emagrecimento\/"]}]},{"@type":"ImageObject","inLanguage":"pt-BR","@id":"https:\/\/www.correiobraziliense.com.br\/cbradar\/esse-detalhe-na-sua-alimentacao-pode-mudar-tudo-no-emagrecimento\/#primaryimage","url":"https:\/\/www.correiobraziliense.com.br\/cbradar\/wp-content\/uploads\/2025\/06\/ganho-de-peso_1750684918676.jpg","contentUrl":"https:\/\/www.correiobraziliense.com.br\/cbradar\/wp-content\/uploads\/2025\/06\/ganho-de-peso_1750684918676.jpg","width":1280,"height":720,"caption":"Mulher se olhando no espelho - Cr\u00e9ditos: depositphotos.com \/ Milkos"},{"@type":"BreadcrumbList","@id":"https:\/\/www.correiobraziliense.com.br\/cbradar\/esse-detalhe-na-sua-alimentacao-pode-mudar-tudo-no-emagrecimento\/#breadcrumb","itemListElement":[{"@type":"ListItem","position":1,"name":"In\u00edcio","item":"https:\/\/www.correiobraziliense.com.br\/cbradar\/"},{"@type":"ListItem","position":2,"name":"Esse detalhe na sua alimenta\u00e7\u00e3o pode mudar tudo no emagrecimento"}]},{"@type":"WebSite","@id":"https:\/\/www.correiobraziliense.com.br\/cbradar\/#website","url":"https:\/\/www.correiobraziliense.com.br\/cbradar\/","name":"Correio Braziliense - Radar","description":"Acompanhe as \u00faltimas not\u00edcias e fique bem informado sobre tudo o que acontece no Brasil e no mundo.","potentialAction":[{"@type":"SearchAction","target":{"@type":"EntryPoint","urlTemplate":"https:\/\/www.correiobraziliense.com.br\/cbradar\/?s={search_term_string}"},"query-input":{"@type":"PropertyValueSpecification","valueRequired":true,"valueName":"search_term_string"}}],"inLanguage":"pt-BR"},{"@type":"Person","@id":"https:\/\/www.correiobraziliense.com.br\/cbradar\/#\/schema\/person\/4cec7857301a9a1a2ef249893cd908d3","name":"Paulo Custodio","image":{"@type":"ImageObject","inLanguage":"pt-BR","@id":"https:\/\/www.correiobraziliense.com.br\/cbradar\/#\/schema\/person\/image\/","url":"https:\/\/secure.gravatar.com\/avatar\/bcd67168d1534e8fcf4f45c726a87cea?s=96&d=mm&r=g","contentUrl":"https:\/\/secure.gravatar.com\/avatar\/bcd67168d1534e8fcf4f45c726a87cea?s=96&d=mm&r=g","caption":"Paulo Custodio"},"sameAs":["https:\/\/www.correiobraziliense.com.br\/cbradar"],"url":"https:\/\/www.correiobraziliense.com.br\/cbradar\/author\/paulomyth\/"}]}},"_links":{"self":[{"href":"https:\/\/www.correiobraziliense.com.br\/cbradar\/wp-json\/wp\/v2\/posts\/108416","targetHints":{"allow":["GET"]}}],"collection":[{"href":"https:\/\/www.correiobraziliense.com.br\/cbradar\/wp-json\/wp\/v2\/posts"}],"about":[{"href":"https:\/\/www.correiobraziliense.com.br\/cbradar\/wp-json\/wp\/v2\/types\/post"}],"author":[{"embeddable":true,"href":"https:\/\/www.correiobraziliense.com.br\/cbradar\/wp-json\/wp\/v2\/users\/11"}],"replies":[{"embeddable":true,"href":"https:\/\/www.correiobraziliense.com.br\/cbradar\/wp-json\/wp\/v2\/comments?post=108416"}],"version-history":[{"count":2,"href":"https:\/\/www.correiobraziliense.com.br\/cbradar\/wp-json\/wp\/v2\/posts\/108416\/revisions"}],"predecessor-version":[{"id":108428,"href":"https:\/\/www.correiobraziliense.com.br\/cbradar\/wp-json\/wp\/v2\/posts\/108416\/revisions\/108428"}],"wp:featuredmedia":[{"embeddable":true,"href":"https:\/\/www.correiobraziliense.com.br\/cbradar\/wp-json\/wp\/v2\/media\/57966"}],"wp:attachment":[{"href":"https:\/\/www.correiobraziliense.com.br\/cbradar\/wp-json\/wp\/v2\/media?parent=108416"}],"wp:term":[{"taxonomy":"category","embeddable":true,"href":"https:\/\/www.correiobraziliense.com.br\/cbradar\/wp-json\/wp\/v2\/categories?post=108416"},{"taxonomy":"post_tag","embeddable":true,"href":"https:\/\/www.correiobraziliense.com.br\/cbradar\/wp-json\/wp\/v2\/tags?post=108416"}],"curies":[{"name":"wp","href":"https:\/\/api.w.org\/{rel}","templated":true}]}}