{"id":108446,"date":"2025-09-27T09:03:00","date_gmt":"2025-09-27T12:03:00","guid":{"rendered":"https:\/\/www.correiobraziliense.com.br\/cbradar\/?p=108446"},"modified":"2025-09-23T13:22:04","modified_gmt":"2025-09-23T16:22:04","slug":"respirar-corretamente-durante-exercicios-melhora-seu-desempenho","status":"publish","type":"post","link":"https:\/\/www.correiobraziliense.com.br\/cbradar\/respirar-corretamente-durante-exercicios-melhora-seu-desempenho\/","title":{"rendered":"Respirar corretamente durante exerc\u00edcios melhora seu desempenho"},"content":{"rendered":"\n<p>A respira\u00e7\u00e3o \u00e9 um ato t\u00e3o autom\u00e1tico que, durante um treino, raramente paramos para pensar em como estamos respirando. No entanto, a forma como gerenciamos a entrada e a sa\u00edda de ar \u00e9 um dos fatores mais cr\u00edticos que influenciam o desempenho, a resist\u00eancia e, principalmente, a seguran\u00e7a do exerc\u00edcio. \u00c9 crucial e inegoci\u00e1vel afirmar desde o in\u00edcio: <strong>antes de iniciar qualquer nova rotina de exerc\u00edcios, uma avalia\u00e7\u00e3o m\u00e9dica \u00e9 fundamental, especialmente para indiv\u00edduos com condi\u00e7\u00f5es cardiovasculares ou respirat\u00f3rias.<\/strong><\/p>\n\n\n\n<p>Aprender a respirar de forma consciente e coordenada com o movimento pode transformar um treino. Este artigo ir\u00e1 explorar, de forma segura e baseada em ci\u00eancia, porque a respira\u00e7\u00e3o correta \u00e9 t\u00e3o importante e quais as t\u00e9cnicas recomendadas para diferentes tipos de atividade f\u00edsica.<\/p>\n\n\n\n<h2 class=\"wp-block-heading\">Qual o papel fundamental da respira\u00e7\u00e3o na produ\u00e7\u00e3o de energia muscular?<\/h2>\n\n\n<div class=\"wp-block-image\">\n<figure class=\"aligncenter size-large\"><img decoding=\"async\" width=\"1024\" height=\"576\" src=\"https:\/\/www.correiobraziliense.com.br\/cbradar\/wp-content\/uploads\/2025\/07\/respiracao_1752025493021-1024x576.jpg\" alt=\"Respirar corretamente durante exerc\u00edcios melhora seu desempenho\" class=\"wp-image-66911\" srcset=\"https:\/\/www.correiobraziliense.com.br\/cbradar\/wp-content\/uploads\/2025\/07\/respiracao_1752025493021-1024x576.jpg 1024w, https:\/\/www.correiobraziliense.com.br\/cbradar\/wp-content\/uploads\/2025\/07\/respiracao_1752025493021-300x169.jpg 300w, https:\/\/www.correiobraziliense.com.br\/cbradar\/wp-content\/uploads\/2025\/07\/respiracao_1752025493021-768x432.jpg 768w, https:\/\/www.correiobraziliense.com.br\/cbradar\/wp-content\/uploads\/2025\/07\/respiracao_1752025493021-750x422.jpg 750w, https:\/\/www.correiobraziliense.com.br\/cbradar\/wp-content\/uploads\/2025\/07\/respiracao_1752025493021-1140x641.jpg 1140w, https:\/\/www.correiobraziliense.com.br\/cbradar\/wp-content\/uploads\/2025\/07\/respiracao_1752025493021.jpg 1280w\" sizes=\"(max-width: 1024px) 100vw, 1024px\" \/><figcaption class=\"wp-element-caption\">Um homem respirando &#8211; Cr\u00e9ditos: depositphotos.com \/ RostyslavOleksin<\/figcaption><\/figure><\/div>\n\n\n<p>A principal fonte de energia para exerc\u00edcios de m\u00e9dia e longa dura\u00e7\u00e3o \u00e9 a <strong>respira\u00e7\u00e3o celular aer\u00f3bica<\/strong>. Neste processo, as nossas c\u00e9lulas, especialmente as musculares, utilizam o <strong>oxig\u00eanio<\/strong> que inspiramos para quebrar a glicose e a gordura, gerando grandes quantidades de <strong>ATP (Trifosfato de Adenosina)<\/strong>, a mol\u00e9cula de energia do corpo.<\/p>\n\n\n\n<p>Uma respira\u00e7\u00e3o ineficiente, curta e superficial, limita a quantidade de oxig\u00eanio que chega aos m\u00fasculos. Com menos oxig\u00eanio, o corpo \u00e9 for\u00e7ado a recorrer a vias energ\u00e9ticas anaer\u00f3bicas, que s\u00e3o menos eficientes e produzem subprodutos como o lactato mais rapidamente. O resultado \u00e9 a fadiga precoce, a sensa\u00e7\u00e3o de &#8220;queima\u00e7\u00e3o&#8221; e uma queda abrupta no desempenho.<\/p>\n\n\n\n<p>Leia tamb\u00e9m: <a href=\"https:\/\/www.correiobraziliense.com.br\/cbradar\/o-efeito-no-seu-corpo-de-tomar-cha-de-camomila-antes-de-dormir\" target=\"_blank\" rel=\"noreferrer noopener\">O efeito no seu corpo de tomar ch\u00e1 de camomila antes de dormir<\/a><\/p>\n\n\n\n<h2 class=\"wp-block-heading\">Como a &#8220;respira\u00e7\u00e3o diafragm\u00e1tica&#8221; otimiza a performance em exerc\u00edcios aer\u00f3bicos?<\/h2>\n\n\n<div class=\"wp-block-image\">\n<figure class=\"aligncenter size-large\"><img decoding=\"async\" width=\"1024\" height=\"576\" src=\"https:\/\/www.correiobraziliense.com.br\/cbradar\/wp-content\/uploads\/2025\/07\/emagrecimento_1753187515612-1024x576.jpg\" alt=\"Respirar corretamente durante exerc\u00edcios melhora seu desempenho\" class=\"wp-image-73578\" srcset=\"https:\/\/www.correiobraziliense.com.br\/cbradar\/wp-content\/uploads\/2025\/07\/emagrecimento_1753187515612-1024x576.jpg 1024w, https:\/\/www.correiobraziliense.com.br\/cbradar\/wp-content\/uploads\/2025\/07\/emagrecimento_1753187515612-300x169.jpg 300w, https:\/\/www.correiobraziliense.com.br\/cbradar\/wp-content\/uploads\/2025\/07\/emagrecimento_1753187515612-768x432.jpg 768w, https:\/\/www.correiobraziliense.com.br\/cbradar\/wp-content\/uploads\/2025\/07\/emagrecimento_1753187515612-750x422.jpg 750w, https:\/\/www.correiobraziliense.com.br\/cbradar\/wp-content\/uploads\/2025\/07\/emagrecimento_1753187515612-1140x641.jpg 1140w, https:\/\/www.correiobraziliense.com.br\/cbradar\/wp-content\/uploads\/2025\/07\/emagrecimento_1753187515612.jpg 1280w\" sizes=\"(max-width: 1024px) 100vw, 1024px\" \/><figcaption class=\"wp-element-caption\">Mulher na esteira com uma garrafinha &#8211; Cr\u00e9ditos: depositphotos.com \/ HayDmitriy<\/figcaption><\/figure><\/div>\n\n\n<p>Em exerc\u00edcios aer\u00f3bicos como a corrida, o ciclismo ou a nata\u00e7\u00e3o, o objetivo \u00e9 manter um ritmo respirat\u00f3rio est\u00e1vel e profundo para garantir o fornecimento cont\u00ednuo de oxig\u00eanio. A t\u00e9cnica mais eficiente para isso \u00e9 a <strong>respira\u00e7\u00e3o diafragm\u00e1tica<\/strong>, ou &#8220;respira\u00e7\u00e3o abdominal&#8221;.<\/p>\n\n\n\n<p>Ao contr\u00e1rio da respira\u00e7\u00e3o tor\u00e1cica (curta, com o peito), a respira\u00e7\u00e3o diafragm\u00e1tica utiliza a excurs\u00e3o completa do diafragma, o principal m\u00fasculo respirat\u00f3rio. Isso permite que os pulm\u00f5es se expandam ao m\u00e1ximo, otimizando a troca gasosa: mais oxig\u00eanio entra e mais di\u00f3xido de carbono sai. Manter um ritmo respirat\u00f3rio sincronizado com o do movimento (por exemplo, inspirando a cada tr\u00eas passos e expirando a cada tr\u00eas passos na corrida) ajuda a economizar energia e a manter a intensidade por mais tempo.<\/p>\n\n\n\n<h2 class=\"wp-block-heading\">Qual a t\u00e9cnica correta e segura para respirar durante o treinamento de for\u00e7a?<\/h2>\n\n\n\n<p>No treinamento de for\u00e7a (muscula\u00e7\u00e3o), a respira\u00e7\u00e3o desempenha um papel duplo: fornecer oxig\u00eanio e estabilizar a coluna. A regra de ouro, recomendada por institui\u00e7\u00f5es como o <strong><a href=\"https:\/\/journals.lww.com\/acsm-msse\/fulltext\/2022\/09002\/methodological_quality_of_the_work_of_breathing.863.aspx\" target=\"_blank\" rel=\"noreferrer noopener\">American College of Sports Medicine (ACSM)<\/a><\/strong>, \u00e9 simples e segura.<\/p>\n\n\n\n<h3 class=\"wp-block-heading\">Expirar na fase do esfor\u00e7o (conc\u00eantrica)<\/h3>\n\n\n\n<p>Voc\u00ea deve soltar o ar durante a parte mais dif\u00edcil do movimento, quando est\u00e1 levantando, empurrando ou puxando o peso. Por exemplo, ao empurrar o peso no supino ou ao subir de um agachamento.<\/p>\n\n\n\n<h3 class=\"wp-block-heading\">Inspirar na fase de retorno (exc\u00eantrica)<\/h3>\n\n\n\n<p>Voc\u00ea deve puxar o ar durante a fase mais f\u00e1cil, quando est\u00e1 retornando o peso \u00e0 posi\u00e7\u00e3o inicial de forma controlada. Por exemplo, ao descer a barra no supino ou ao descer no agachamento.<\/p>\n\n\n\n<h3 class=\"wp-block-heading\">Manter um ritmo constante e n\u00e3o prender a respira\u00e7\u00e3o<\/h3>\n\n\n\n<p>Prender a respira\u00e7\u00e3o de forma inadequada durante o esfor\u00e7o pode causar um pico perigoso na press\u00e3o arterial e diminuir o fluxo de sangue para o c\u00e9rebro, causando tontura.<\/p>\n\n\n\n<h2 class=\"wp-block-heading\">Como a expira\u00e7\u00e3o coordenada estabiliza a coluna e previne les\u00f5es?<\/h2>\n\n\n\n<p>A recomenda\u00e7\u00e3o de expirar durante o esfor\u00e7o n\u00e3o \u00e9 arbitr\u00e1ria. O ato de expirar de forma for\u00e7ada ajuda a ativar os m\u00fasculos profundos do <strong>core<\/strong>, especialmente o transverso do abd\u00f4men, que funciona como uma cinta natural ao redor da coluna.<\/p>\n\n\n\n<p>Essa contra\u00e7\u00e3o do core cria <strong>press\u00e3o intra-abdominal<\/strong>, que age como um suporte pneum\u00e1tico, estabilizando a coluna lombar e protegendo os discos intervertebrais contra cargas excessivas. Portanto, uma respira\u00e7\u00e3o coordenada n\u00e3o \u00e9 apenas para a performance, \u00e9 uma das principais ferramentas para a preven\u00e7\u00e3o de les\u00f5es na coluna durante o levantamento de peso.<\/p>\n\n\n\n<p>Leia tamb\u00e9m: <a href=\"https:\/\/www.correiobraziliense.com.br\/cbradar\/sem-fibras-seu-intestino-pode-passar-por-esses-problemas-sem-voce-perceber\" target=\"_blank\" rel=\"noreferrer noopener\">Sem fibras, seu intestino pode passar por esses problemas sem voc\u00ea perceber<\/a><\/p>\n\n\n\n<h2 class=\"wp-block-heading\">Aprender a respirar dispensa a orienta\u00e7\u00e3o de um profissional?<\/h2>\n\n\n\n<p>A resposta \u00e9 um enf\u00e1tico e inequ\u00edvoco <strong>N\u00c3O<\/strong>. Embora os princ\u00edpios sejam simples, a aplica\u00e7\u00e3o correta da respira\u00e7\u00e3o em cada exerc\u00edcio espec\u00edfico pode ser complexa. Atletas de for\u00e7a avan\u00e7ados, por exemplo, utilizam uma t\u00e9cnica chamada Manobra de Valsalva (prender a respira\u00e7\u00e3o momentaneamente), que \u00e9 eficaz para a estabiliza\u00e7\u00e3o, mas <strong>extremamente perigosa para a maioria das pessoas<\/strong>, especialmente para hipertensos.<\/p>\n\n\n\n<p>A automedica\u00e7\u00e3o com t\u00e9cnicas de respira\u00e7\u00e3o avan\u00e7adas sem conhecimento pode ser arriscada. A consulta com um <strong>m\u00e9dico<\/strong> para uma avalia\u00e7\u00e3o geral da sa\u00fade, especialmente a cardiovascular, \u00e9 o primeiro passo. Com base nisso, um <strong>profissional de educa\u00e7\u00e3o f\u00edsica<\/strong> \u00e9 o especialista qualificado para ensinar a t\u00e9cnica de respira\u00e7\u00e3o correta e segura para cada exerc\u00edcio, garantindo que voc\u00ea maximize seu desempenho e, acima de tudo, proteja seu corpo.<\/p>\n","protected":false},"excerpt":{"rendered":"<p>A respira\u00e7\u00e3o \u00e9 um ato t\u00e3o autom\u00e1tico que, durante um treino, raramente paramos para pensar em como estamos respirando. No entanto, a forma como gerenciamos a entrada e a sa\u00edda de ar \u00e9 um dos fatores mais cr\u00edticos que influenciam o desempenho, a resist\u00eancia e, principalmente, a seguran\u00e7a do exerc\u00edcio. \u00c9 crucial e inegoci\u00e1vel afirmar [&hellip;]<\/p>\n","protected":false},"author":11,"featured_media":73624,"comment_status":"open","ping_status":"open","sticky":false,"template":"","format":"standard","meta":{"_yoast_wpseo_focuskw":"respira\u00e7\u00e3o","_yoast_wpseo_title":"","_yoast_wpseo_metadesc":"Respirar corretamente durante os exerc\u00edcios aumenta o desempenho, melhora a resist\u00eancia e ajuda a obter resultados mais r\u00e1pidos e eficazes","jnews-multi-image_gallery":[],"jnews_single_post":{"format":"standard"},"jnews_primary_category":[],"jnews_social_meta":[],"jnews_override_counter":[],"footnotes":""},"categories":[119],"tags":[1317,1486,1318],"class_list":["post-108446","post","type-post","status-publish","format-standard","has-post-thumbnail","hentry","category-bem-estar","tag-exercicios","tag-respiracao","tag-saude-2"],"yoast_head":"<!-- This site is optimized with the Yoast SEO plugin v24.6 - https:\/\/yoast.com\/wordpress\/plugins\/seo\/ -->\n<title>Respirar corretamente durante exerc\u00edcios melhora seu desempenho - Correio Braziliense - Radar<\/title>\n<meta name=\"description\" content=\"Respirar corretamente durante os exerc\u00edcios aumenta o desempenho, melhora a resist\u00eancia e ajuda a obter resultados mais r\u00e1pidos e eficazes\" \/>\n<meta name=\"robots\" content=\"index, follow, max-snippet:-1, max-image-preview:large, max-video-preview:-1\" \/>\n<link rel=\"canonical\" href=\"https:\/\/www.correiobraziliense.com.br\/cbradar\/respirar-corretamente-durante-exercicios-melhora-seu-desempenho\/\" \/>\n<meta property=\"og:locale\" content=\"pt_BR\" \/>\n<meta property=\"og:type\" content=\"article\" \/>\n<meta property=\"og:title\" content=\"Respirar corretamente durante exerc\u00edcios melhora seu desempenho - Correio Braziliense - Radar\" \/>\n<meta property=\"og:description\" content=\"Respirar corretamente durante os exerc\u00edcios aumenta o desempenho, melhora a resist\u00eancia e ajuda a obter resultados mais r\u00e1pidos e eficazes\" \/>\n<meta property=\"og:url\" content=\"https:\/\/www.correiobraziliense.com.br\/cbradar\/respirar-corretamente-durante-exercicios-melhora-seu-desempenho\/\" \/>\n<meta property=\"og:site_name\" content=\"Correio Braziliense - Radar\" \/>\n<meta property=\"article:published_time\" content=\"2025-09-27T12:03:00+00:00\" \/>\n<meta property=\"og:image\" content=\"https:\/\/www.correiobraziliense.com.br\/cbradar\/wp-content\/uploads\/2025\/07\/exercicio-em-casa_1753190888265.jpg\" \/>\n\t<meta property=\"og:image:width\" content=\"1280\" \/>\n\t<meta property=\"og:image:height\" content=\"720\" \/>\n\t<meta property=\"og:image:type\" content=\"image\/jpeg\" \/>\n<meta name=\"author\" content=\"Paulo Custodio\" \/>\n<meta name=\"twitter:card\" content=\"summary_large_image\" \/>\n<meta name=\"twitter:label1\" content=\"Escrito por\" \/>\n\t<meta name=\"twitter:data1\" content=\"Paulo Custodio\" \/>\n\t<meta name=\"twitter:label2\" content=\"Est. tempo de leitura\" \/>\n\t<meta name=\"twitter:data2\" content=\"6 minutos\" \/>\n<!-- \/ Yoast SEO plugin. -->","yoast_head_json":{"title":"Respirar corretamente durante exerc\u00edcios melhora seu desempenho - Correio Braziliense - Radar","description":"Respirar corretamente durante os exerc\u00edcios aumenta o desempenho, melhora a resist\u00eancia e ajuda a obter resultados mais r\u00e1pidos e eficazes","robots":{"index":"index","follow":"follow","max-snippet":"max-snippet:-1","max-image-preview":"max-image-preview:large","max-video-preview":"max-video-preview:-1"},"canonical":"https:\/\/www.correiobraziliense.com.br\/cbradar\/respirar-corretamente-durante-exercicios-melhora-seu-desempenho\/","og_locale":"pt_BR","og_type":"article","og_title":"Respirar corretamente durante exerc\u00edcios melhora seu desempenho - Correio Braziliense - Radar","og_description":"Respirar corretamente durante os exerc\u00edcios aumenta o desempenho, melhora a resist\u00eancia e ajuda a obter resultados mais r\u00e1pidos e eficazes","og_url":"https:\/\/www.correiobraziliense.com.br\/cbradar\/respirar-corretamente-durante-exercicios-melhora-seu-desempenho\/","og_site_name":"Correio Braziliense - Radar","article_published_time":"2025-09-27T12:03:00+00:00","og_image":[{"width":1280,"height":720,"url":"https:\/\/www.correiobraziliense.com.br\/cbradar\/wp-content\/uploads\/2025\/07\/exercicio-em-casa_1753190888265.jpg","type":"image\/jpeg"}],"author":"Paulo Custodio","twitter_card":"summary_large_image","twitter_misc":{"Escrito por":"Paulo Custodio","Est. tempo de leitura":"6 minutos"},"schema":{"@context":"https:\/\/schema.org","@graph":[{"@type":"WebPage","@id":"https:\/\/www.correiobraziliense.com.br\/cbradar\/respirar-corretamente-durante-exercicios-melhora-seu-desempenho\/","url":"https:\/\/www.correiobraziliense.com.br\/cbradar\/respirar-corretamente-durante-exercicios-melhora-seu-desempenho\/","name":"Respirar corretamente durante exerc\u00edcios melhora seu desempenho - Correio Braziliense - Radar","isPartOf":{"@id":"https:\/\/www.correiobraziliense.com.br\/cbradar\/#website"},"primaryImageOfPage":{"@id":"https:\/\/www.correiobraziliense.com.br\/cbradar\/respirar-corretamente-durante-exercicios-melhora-seu-desempenho\/#primaryimage"},"image":{"@id":"https:\/\/www.correiobraziliense.com.br\/cbradar\/respirar-corretamente-durante-exercicios-melhora-seu-desempenho\/#primaryimage"},"thumbnailUrl":"https:\/\/www.correiobraziliense.com.br\/cbradar\/wp-content\/uploads\/2025\/07\/exercicio-em-casa_1753190888265.jpg","datePublished":"2025-09-27T12:03:00+00:00","author":{"@id":"https:\/\/www.correiobraziliense.com.br\/cbradar\/#\/schema\/person\/4cec7857301a9a1a2ef249893cd908d3"},"description":"Respirar corretamente durante os exerc\u00edcios aumenta o desempenho, melhora a resist\u00eancia e ajuda a obter resultados mais r\u00e1pidos e eficazes","breadcrumb":{"@id":"https:\/\/www.correiobraziliense.com.br\/cbradar\/respirar-corretamente-durante-exercicios-melhora-seu-desempenho\/#breadcrumb"},"inLanguage":"pt-BR","potentialAction":[{"@type":"ReadAction","target":["https:\/\/www.correiobraziliense.com.br\/cbradar\/respirar-corretamente-durante-exercicios-melhora-seu-desempenho\/"]}]},{"@type":"ImageObject","inLanguage":"pt-BR","@id":"https:\/\/www.correiobraziliense.com.br\/cbradar\/respirar-corretamente-durante-exercicios-melhora-seu-desempenho\/#primaryimage","url":"https:\/\/www.correiobraziliense.com.br\/cbradar\/wp-content\/uploads\/2025\/07\/exercicio-em-casa_1753190888265.jpg","contentUrl":"https:\/\/www.correiobraziliense.com.br\/cbradar\/wp-content\/uploads\/2025\/07\/exercicio-em-casa_1753190888265.jpg","width":1280,"height":720,"caption":"Exerc\u00edcio - Cr\u00e9ditos: depositphotos.com \/ IgorVetushko"},{"@type":"BreadcrumbList","@id":"https:\/\/www.correiobraziliense.com.br\/cbradar\/respirar-corretamente-durante-exercicios-melhora-seu-desempenho\/#breadcrumb","itemListElement":[{"@type":"ListItem","position":1,"name":"In\u00edcio","item":"https:\/\/www.correiobraziliense.com.br\/cbradar\/"},{"@type":"ListItem","position":2,"name":"Respirar corretamente durante exerc\u00edcios melhora seu desempenho"}]},{"@type":"WebSite","@id":"https:\/\/www.correiobraziliense.com.br\/cbradar\/#website","url":"https:\/\/www.correiobraziliense.com.br\/cbradar\/","name":"Correio Braziliense - Radar","description":"Acompanhe as \u00faltimas not\u00edcias e fique bem informado sobre tudo o que acontece no Brasil e no mundo.","potentialAction":[{"@type":"SearchAction","target":{"@type":"EntryPoint","urlTemplate":"https:\/\/www.correiobraziliense.com.br\/cbradar\/?s={search_term_string}"},"query-input":{"@type":"PropertyValueSpecification","valueRequired":true,"valueName":"search_term_string"}}],"inLanguage":"pt-BR"},{"@type":"Person","@id":"https:\/\/www.correiobraziliense.com.br\/cbradar\/#\/schema\/person\/4cec7857301a9a1a2ef249893cd908d3","name":"Paulo Custodio","image":{"@type":"ImageObject","inLanguage":"pt-BR","@id":"https:\/\/www.correiobraziliense.com.br\/cbradar\/#\/schema\/person\/image\/","url":"https:\/\/secure.gravatar.com\/avatar\/bcd67168d1534e8fcf4f45c726a87cea?s=96&d=mm&r=g","contentUrl":"https:\/\/secure.gravatar.com\/avatar\/bcd67168d1534e8fcf4f45c726a87cea?s=96&d=mm&r=g","caption":"Paulo Custodio"},"sameAs":["https:\/\/www.correiobraziliense.com.br\/cbradar"],"url":"https:\/\/www.correiobraziliense.com.br\/cbradar\/author\/paulomyth\/"}]}},"_links":{"self":[{"href":"https:\/\/www.correiobraziliense.com.br\/cbradar\/wp-json\/wp\/v2\/posts\/108446","targetHints":{"allow":["GET"]}}],"collection":[{"href":"https:\/\/www.correiobraziliense.com.br\/cbradar\/wp-json\/wp\/v2\/posts"}],"about":[{"href":"https:\/\/www.correiobraziliense.com.br\/cbradar\/wp-json\/wp\/v2\/types\/post"}],"author":[{"embeddable":true,"href":"https:\/\/www.correiobraziliense.com.br\/cbradar\/wp-json\/wp\/v2\/users\/11"}],"replies":[{"embeddable":true,"href":"https:\/\/www.correiobraziliense.com.br\/cbradar\/wp-json\/wp\/v2\/comments?post=108446"}],"version-history":[{"count":1,"href":"https:\/\/www.correiobraziliense.com.br\/cbradar\/wp-json\/wp\/v2\/posts\/108446\/revisions"}],"predecessor-version":[{"id":108451,"href":"https:\/\/www.correiobraziliense.com.br\/cbradar\/wp-json\/wp\/v2\/posts\/108446\/revisions\/108451"}],"wp:featuredmedia":[{"embeddable":true,"href":"https:\/\/www.correiobraziliense.com.br\/cbradar\/wp-json\/wp\/v2\/media\/73624"}],"wp:attachment":[{"href":"https:\/\/www.correiobraziliense.com.br\/cbradar\/wp-json\/wp\/v2\/media?parent=108446"}],"wp:term":[{"taxonomy":"category","embeddable":true,"href":"https:\/\/www.correiobraziliense.com.br\/cbradar\/wp-json\/wp\/v2\/categories?post=108446"},{"taxonomy":"post_tag","embeddable":true,"href":"https:\/\/www.correiobraziliense.com.br\/cbradar\/wp-json\/wp\/v2\/tags?post=108446"}],"curies":[{"name":"wp","href":"https:\/\/api.w.org\/{rel}","templated":true}]}}