{"id":108559,"date":"2025-09-24T22:33:00","date_gmt":"2025-09-25T01:33:00","guid":{"rendered":"https:\/\/www.correiobraziliense.com.br\/cbradar\/?p=108559"},"modified":"2025-09-23T16:27:22","modified_gmt":"2025-09-23T19:27:22","slug":"dieta-do-ovo-o-atalho-mais-tentador-para-emagrecer","status":"publish","type":"post","link":"https:\/\/www.correiobraziliense.com.br\/cbradar\/dieta-do-ovo-o-atalho-mais-tentador-para-emagrecer\/","title":{"rendered":"Dieta do ovo o atalho mais tentador para emagrecer"},"content":{"rendered":"\n<p>Com um foco crescente em m\u00e9todos r\u00e1pidos de emagrecimento, a <strong>Dieta do Ovo<\/strong> tem ganhado popularidade como uma solu\u00e7\u00e3o potencial para a perda de peso. Baseada na elevada ingest\u00e3o de ovos, esta dieta prop\u00f5e reduzir significativamente o consumo de carboidratos, incentivando a inclus\u00e3o de vegetais e moderadas quantidades de prote\u00ednas. A proposta principal \u00e9 que, ao incorporar ovos em todas as refei\u00e7\u00f5es principais, os adeptos consigam sentir-se satisfeitos por mais tempo, controlando assim o apetite e, consequentemente, a ingest\u00e3o cal\u00f3rica.<\/p>\n\n\n\n<p>A proposta de emagrecer at\u00e9 5,5 kg em uma semana, transmitida pela idealizadora da dieta, Arielle Chandler, tem capturado a curiosidade de muitos. No entanto, a comunidade cient\u00edfica ainda n\u00e3o oferece suporte robusto a estas alega\u00e7\u00f5es, considerando a aus\u00eancia de estudos que comprovem a efici\u00eancia ou seguran\u00e7a desta pr\u00e1tica alimentar. \u00c9 fundamental, portanto, buscar o acompanhamento de um nutricionista antes de aderir a regimes t\u00e3o espec\u00edficos, garantindo que a dieta escolhida seja apropriada para cada indiv\u00edduo.<\/p>\n\n\n\n<h2 class=\"wp-block-heading\">Como a Dieta do Ovo funciona?<\/h2>\n\n\n\n<p>Na ess\u00eancia, a Dieta do Ovo n\u00e3o difere muito de outras dietas que visam a restri\u00e7\u00e3o cal\u00f3rica. Durante duas semanas, prop\u00f5e-se o consumo de dois ovos no caf\u00e9 da manh\u00e3, geralmente acompanhados por vegetais com baixo teor de carboidratos e uma por\u00e7\u00e3o restrita de frutas. Antes do almo\u00e7o e do jantar, sugere-se comer um ovo cozido; este h\u00e1bito \u00e9 sustentado pela ideia de que a prote\u00edna e a gordura presentes nos ovos ajudam a prolongar a sensa\u00e7\u00e3o de saciedade. T\u00e9cnicas de prepara\u00e7\u00e3o como omeletes ou ovos mexidos com \u00f3leos saud\u00e1veis s\u00e3o recomendadas para agregar sabor sem aumentar calorias.<\/p>\n\n\n\n<figure class=\"wp-block-image aligncenter size-large\"><img decoding=\"async\" width=\"1024\" height=\"576\" src=\"https:\/\/www.correiobraziliense.com.br\/cbradar\/wp-content\/uploads\/2025\/05\/ovo_1747603820516-1024x576.jpg\" alt=\"\" class=\"wp-image-39136\" srcset=\"https:\/\/www.correiobraziliense.com.br\/cbradar\/wp-content\/uploads\/2025\/05\/ovo_1747603820516-1024x576.jpg 1024w, https:\/\/www.correiobraziliense.com.br\/cbradar\/wp-content\/uploads\/2025\/05\/ovo_1747603820516-300x169.jpg 300w, https:\/\/www.correiobraziliense.com.br\/cbradar\/wp-content\/uploads\/2025\/05\/ovo_1747603820516-768x432.jpg 768w, https:\/\/www.correiobraziliense.com.br\/cbradar\/wp-content\/uploads\/2025\/05\/ovo_1747603820516-750x422.jpg 750w, https:\/\/www.correiobraziliense.com.br\/cbradar\/wp-content\/uploads\/2025\/05\/ovo_1747603820516-1140x641.jpg 1140w, https:\/\/www.correiobraziliense.com.br\/cbradar\/wp-content\/uploads\/2025\/05\/ovo_1747603820516.jpg 1280w\" sizes=\"(max-width: 1024px) 100vw, 1024px\" \/><figcaption class=\"wp-element-caption\">O Segredo da Dieta do Ovo: Emagre\u00e7a R\u00e1pido e com Sa\u00fade &#8211; Cr\u00e9ditos: depositphotos.com \/ AndrewTovstyzhenko\n<\/figcaption><\/figure>\n\n\n\n<h2 class=\"wp-block-heading\">Quais alimentos s\u00e3o recomendados ou devem ser evitados?<\/h2>\n\n\n\n<p>A ades\u00e3o a esta dieta envolve priorizar alimentos com baixa quantidade de carboidratos, enquanto exclui aqueles ricos nessa macronutriente. O consumo de vegetais como tomate e espinafre \u00e9 incentivado, enquanto tub\u00e9rculos como batatas e mandioca s\u00e3o desencorajados. Bebidas sem calorias, incluindo \u00e1gua e ch\u00e1s, s\u00e3o amplamente encorajadas. Para promover uma alimenta\u00e7\u00e3o balanceada, \u00e9 ideal manter a pr\u00e1tica de exerc\u00edcios f\u00edsicos, que auxiliam ainda mais na obten\u00e7\u00e3o dos resultados pretendidos pelo regime.<\/p>\n\n\n\n<h2 class=\"wp-block-heading\">Quais s\u00e3o os potenciais riscos e benef\u00edcios associados \u00e0 Dieta do Ovo?<\/h2>\n\n\n\n<p>Embora a promessa de perda de peso r\u00e1pida possa parecer atraente, seguir a Dieta do Ovo por per\u00edodo prolongado ou sem supervis\u00e3o pode acarretar riscos consider\u00e1veis \u00e0 <a href=\"https:\/\/www.correiobraziliense.com.br\/cbradar\/entenda-como-a-injecao-no-olho-pode-tratar-doencas-da-retina\/\" target=\"_blank\" rel=\"noreferrer noopener\">sa\u00fade<\/a>. Os sintomas incluem cansa\u00e7o, dores de cabe\u00e7a e altera\u00e7\u00f5es de humor, indicativos de uma ingest\u00e3o inadequada de carboidratos. Al\u00e9m disso, a dieta pode predispor os praticantes a defici\u00eancias de nutrientes essenciais, como vitaminas e minerais, necess\u00e1rios para o bom funcionamento do corpo.<\/p>\n\n\n\n<p>Os efeitos de curto prazo podem ser positivos em termos de perda de peso, mas \u00e9 essencial considerar o risco do efeito sanfona, onde o peso perdido \u00e9 rapidamente recuperado uma vez que a dieta \u00e9 abandonada. Foi observado que dietas restritivas podem desacelerar o metabolismo, resultando em um aumento subsequente do apetite.<\/p>\n\n\n\n<h2 class=\"wp-block-heading\">A quem a Dieta do Ovo n\u00e3o \u00e9 recomendada?<\/h2>\n\n\n\n<p>A Dieta do Ovo n\u00e3o \u00e9 adequada para todos. Pessoas com condi\u00e7\u00f5es m\u00e9dicas preexistentes, como hipercolesterolemia familiar ou doen\u00e7as renais, devem evit\u00e1-la. Al\u00e9m disso, popula\u00e7\u00f5es vulner\u00e1veis como gr\u00e1vidas, lactantes e crian\u00e7as devem buscar alternativas diet\u00e9ticas mais equilibradas e menos restritivas. Para garantir a seguran\u00e7a e efic\u00e1cia, \u00e9 sempre prudente procurar orienta\u00e7\u00e3o profissional antes de implementar mudan\u00e7as significativas na dieta.<\/p>\n\n\n\n<p>Adotar uma perspectiva equilibrada e informada \u00e9 o caminho para um estilo de vida saud\u00e1vel e sustent\u00e1vel. Mesmo que m\u00e9todos como a Dieta do Ovo sejam tentadores pela promessa de resultados r\u00e1pidos, a consulta com um especialista em nutri\u00e7\u00e3o continua sendo uma escolha s\u00e1bia para moldar h\u00e1bitos alimentares saud\u00e1veis e manter o peso corporal de maneira segura e eficaz.<\/p>\n\n\n<a href=\"https:\/\/www.instagram.com\/dra.annaluisabf\/\" target=\"_blank\" rel=\"noopener\" style=\"text-decoration: none; color: inherit;\">\n    <span style=\"display: inline-block; border: 1px solid #ccc; border-radius: 10px; padding: 15px; max-width: 550px; font-family: sans-serif; box-shadow: 0 2px 5px rgba(0,0,0,0.1); width: 100%;\">\n\n      <!-- T\u00edtulo -->\n      <span style=\"display: block; margin: 0 0 15px 0; font-weight: bold; color: #2c3e50; text-align: center;\">\n        Entre em contato:\n      <\/span>\n\n      <!-- Linha do perfil -->\n      <span style=\"display: flex; align-items: center; gap: 15px;\">\n        <img decoding=\"async\"\n          src=\"https:\/\/www.correiobraziliense.com.br\/cbradar\/wp-content\/uploads\/2025\/08\/dra_anna_luisa.jpeg\"\n          alt=\"Foto da Dra. Anna Lu\u00edsa\"\n          style=\"border-radius: 50%; width: 80px; height: 80px; object-fit: cover;\"\n        \/>\n        <span style=\"display: flex; flex-direction: column;\">\n          <span style=\"font-size: 18px; font-weight: 700; color: #2c3e50;\">Dra. Anna Lu\u00edsa Barbosa Fernandes<\/span>\n          <span style=\"color: #555;\">CRM-GO 33.271<\/span>\n        <\/span>\n      <\/span>\n\n      <!-- Redes -->\n      <span style=\"display: flex; align-items: center; gap: 10px; margin-top: 12px;\">\n        <img decoding=\"async\" src=\"https:\/\/cdn-icons-png.flaticon.com\/24\/1384\/1384063.png\" alt=\"Instagram\" width=\"24\" height=\"24\" \/>\n        <span style=\"text-decoration: underline; color: #2c3e50;\">@dra.annaluisabf<\/span>\n      <\/span>\n\n    <\/span>\n  <\/a>","protected":false},"excerpt":{"rendered":"<p>Com um foco crescente em m\u00e9todos r\u00e1pidos de emagrecimento, a Dieta do Ovo tem ganhado popularidade como uma solu\u00e7\u00e3o potencial para a perda de peso. Baseada na elevada ingest\u00e3o de ovos, esta dieta prop\u00f5e reduzir significativamente o consumo de carboidratos, incentivando a inclus\u00e3o de vegetais e moderadas quantidades de prote\u00ednas. A proposta principal \u00e9 que, [&hellip;]<\/p>\n","protected":false},"author":14,"featured_media":39138,"comment_status":"open","ping_status":"open","sticky":false,"template":"","format":"standard","meta":{"_yoast_wpseo_focuskw":"Dieta do Ovo","_yoast_wpseo_title":"","_yoast_wpseo_metadesc":"Dieta do ovo pode secar r\u00e1pido mas esconde armadilhas veja como funciona, quem deve evitar e o cuidado que faz toda diferen\u00e7a","jnews-multi-image_gallery":[],"jnews_single_post":{"format":"standard"},"jnews_primary_category":[],"jnews_social_meta":[],"jnews_override_counter":[],"footnotes":""},"categories":[4404],"tags":[281,1423,120,1318],"class_list":["post-108559","post","type-post","status-publish","format-standard","has-post-thumbnail","hentry","category-saude","tag-alimentacao","tag-alimentos","tag-bem-estar","tag-saude-2"],"yoast_head":"<!-- This site is optimized with the Yoast SEO plugin v24.6 - https:\/\/yoast.com\/wordpress\/plugins\/seo\/ -->\n<title>Dieta do ovo o atalho mais tentador para emagrecer - Correio Braziliense - Radar<\/title>\n<meta name=\"description\" content=\"Dieta do ovo pode secar r\u00e1pido mas esconde armadilhas veja como funciona, quem deve evitar e o cuidado que faz toda diferen\u00e7a\" \/>\n<meta name=\"robots\" content=\"index, follow, max-snippet:-1, max-image-preview:large, max-video-preview:-1\" \/>\n<link rel=\"canonical\" href=\"https:\/\/www.correiobraziliense.com.br\/cbradar\/dieta-do-ovo-o-atalho-mais-tentador-para-emagrecer\/\" \/>\n<meta property=\"og:locale\" content=\"pt_BR\" \/>\n<meta property=\"og:type\" content=\"article\" \/>\n<meta property=\"og:title\" content=\"Dieta do ovo o atalho mais tentador para emagrecer - Correio Braziliense - Radar\" \/>\n<meta property=\"og:description\" content=\"Dieta do ovo pode secar r\u00e1pido mas esconde armadilhas veja como funciona, quem deve evitar e o cuidado que faz toda diferen\u00e7a\" \/>\n<meta property=\"og:url\" content=\"https:\/\/www.correiobraziliense.com.br\/cbradar\/dieta-do-ovo-o-atalho-mais-tentador-para-emagrecer\/\" \/>\n<meta property=\"og:site_name\" content=\"Correio Braziliense - Radar\" \/>\n<meta property=\"article:published_time\" content=\"2025-09-25T01:33:00+00:00\" \/>\n<meta property=\"og:image\" content=\"https:\/\/www.correiobraziliense.com.br\/cbradar\/wp-content\/uploads\/2025\/05\/ovo_1747603882502.jpg\" \/>\n\t<meta property=\"og:image:width\" content=\"1280\" \/>\n\t<meta property=\"og:image:height\" content=\"720\" \/>\n\t<meta property=\"og:image:type\" content=\"image\/jpeg\" \/>\n<meta name=\"author\" content=\"guilherme_saude\" \/>\n<meta name=\"twitter:card\" content=\"summary_large_image\" \/>\n<meta name=\"twitter:label1\" content=\"Escrito por\" \/>\n\t<meta name=\"twitter:data1\" content=\"guilherme_saude\" \/>\n\t<meta name=\"twitter:label2\" content=\"Est. tempo de leitura\" \/>\n\t<meta name=\"twitter:data2\" content=\"5 minutos\" \/>\n<!-- \/ Yoast SEO plugin. -->","yoast_head_json":{"title":"Dieta do ovo o atalho mais tentador para emagrecer - Correio Braziliense - Radar","description":"Dieta do ovo pode secar r\u00e1pido mas esconde armadilhas veja como funciona, quem deve evitar e o cuidado que faz toda diferen\u00e7a","robots":{"index":"index","follow":"follow","max-snippet":"max-snippet:-1","max-image-preview":"max-image-preview:large","max-video-preview":"max-video-preview:-1"},"canonical":"https:\/\/www.correiobraziliense.com.br\/cbradar\/dieta-do-ovo-o-atalho-mais-tentador-para-emagrecer\/","og_locale":"pt_BR","og_type":"article","og_title":"Dieta do ovo o atalho mais tentador para emagrecer - Correio Braziliense - Radar","og_description":"Dieta do ovo pode secar r\u00e1pido mas esconde armadilhas veja como funciona, quem deve evitar e o cuidado que faz toda diferen\u00e7a","og_url":"https:\/\/www.correiobraziliense.com.br\/cbradar\/dieta-do-ovo-o-atalho-mais-tentador-para-emagrecer\/","og_site_name":"Correio Braziliense - Radar","article_published_time":"2025-09-25T01:33:00+00:00","og_image":[{"width":1280,"height":720,"url":"https:\/\/www.correiobraziliense.com.br\/cbradar\/wp-content\/uploads\/2025\/05\/ovo_1747603882502.jpg","type":"image\/jpeg"}],"author":"guilherme_saude","twitter_card":"summary_large_image","twitter_misc":{"Escrito por":"guilherme_saude","Est. tempo de leitura":"5 minutos"},"schema":{"@context":"https:\/\/schema.org","@graph":[{"@type":"WebPage","@id":"https:\/\/www.correiobraziliense.com.br\/cbradar\/dieta-do-ovo-o-atalho-mais-tentador-para-emagrecer\/","url":"https:\/\/www.correiobraziliense.com.br\/cbradar\/dieta-do-ovo-o-atalho-mais-tentador-para-emagrecer\/","name":"Dieta do ovo o atalho mais tentador para emagrecer - Correio Braziliense - Radar","isPartOf":{"@id":"https:\/\/www.correiobraziliense.com.br\/cbradar\/#website"},"primaryImageOfPage":{"@id":"https:\/\/www.correiobraziliense.com.br\/cbradar\/dieta-do-ovo-o-atalho-mais-tentador-para-emagrecer\/#primaryimage"},"image":{"@id":"https:\/\/www.correiobraziliense.com.br\/cbradar\/dieta-do-ovo-o-atalho-mais-tentador-para-emagrecer\/#primaryimage"},"thumbnailUrl":"https:\/\/www.correiobraziliense.com.br\/cbradar\/wp-content\/uploads\/2025\/05\/ovo_1747603882502.jpg","datePublished":"2025-09-25T01:33:00+00:00","author":{"@id":"https:\/\/www.correiobraziliense.com.br\/cbradar\/#\/schema\/person\/5aa4bf3c8fa699c267933611de12978b"},"description":"Dieta do ovo pode secar r\u00e1pido mas esconde armadilhas veja como funciona, quem deve evitar e o cuidado que faz toda diferen\u00e7a","breadcrumb":{"@id":"https:\/\/www.correiobraziliense.com.br\/cbradar\/dieta-do-ovo-o-atalho-mais-tentador-para-emagrecer\/#breadcrumb"},"inLanguage":"pt-BR","potentialAction":[{"@type":"ReadAction","target":["https:\/\/www.correiobraziliense.com.br\/cbradar\/dieta-do-ovo-o-atalho-mais-tentador-para-emagrecer\/"]}]},{"@type":"ImageObject","inLanguage":"pt-BR","@id":"https:\/\/www.correiobraziliense.com.br\/cbradar\/dieta-do-ovo-o-atalho-mais-tentador-para-emagrecer\/#primaryimage","url":"https:\/\/www.correiobraziliense.com.br\/cbradar\/wp-content\/uploads\/2025\/05\/ovo_1747603882502.jpg","contentUrl":"https:\/\/www.correiobraziliense.com.br\/cbradar\/wp-content\/uploads\/2025\/05\/ovo_1747603882502.jpg","width":1280,"height":720,"caption":"O alimento comum que entrega prote\u00edna de alto valor biol\u00f3gico - Cr\u00e9ditos: depositphotos.com \/ AndrewTovstyzhenko"},{"@type":"BreadcrumbList","@id":"https:\/\/www.correiobraziliense.com.br\/cbradar\/dieta-do-ovo-o-atalho-mais-tentador-para-emagrecer\/#breadcrumb","itemListElement":[{"@type":"ListItem","position":1,"name":"In\u00edcio","item":"https:\/\/www.correiobraziliense.com.br\/cbradar\/"},{"@type":"ListItem","position":2,"name":"Dieta do ovo o atalho mais tentador para emagrecer"}]},{"@type":"WebSite","@id":"https:\/\/www.correiobraziliense.com.br\/cbradar\/#website","url":"https:\/\/www.correiobraziliense.com.br\/cbradar\/","name":"Correio Braziliense - Radar","description":"Acompanhe as \u00faltimas not\u00edcias e fique bem informado sobre tudo o que acontece no Brasil e no mundo.","potentialAction":[{"@type":"SearchAction","target":{"@type":"EntryPoint","urlTemplate":"https:\/\/www.correiobraziliense.com.br\/cbradar\/?s={search_term_string}"},"query-input":{"@type":"PropertyValueSpecification","valueRequired":true,"valueName":"search_term_string"}}],"inLanguage":"pt-BR"},{"@type":"Person","@id":"https:\/\/www.correiobraziliense.com.br\/cbradar\/#\/schema\/person\/5aa4bf3c8fa699c267933611de12978b","name":"guilherme_saude","image":{"@type":"ImageObject","inLanguage":"pt-BR","@id":"https:\/\/www.correiobraziliense.com.br\/cbradar\/#\/schema\/person\/image\/","url":"https:\/\/secure.gravatar.com\/avatar\/df9adfb835d344bc0af109d41756253f?s=96&d=mm&r=g","contentUrl":"https:\/\/secure.gravatar.com\/avatar\/df9adfb835d344bc0af109d41756253f?s=96&d=mm&r=g","caption":"guilherme_saude"},"url":"https:\/\/www.correiobraziliense.com.br\/cbradar\/author\/guilherme_saude\/"}]}},"_links":{"self":[{"href":"https:\/\/www.correiobraziliense.com.br\/cbradar\/wp-json\/wp\/v2\/posts\/108559","targetHints":{"allow":["GET"]}}],"collection":[{"href":"https:\/\/www.correiobraziliense.com.br\/cbradar\/wp-json\/wp\/v2\/posts"}],"about":[{"href":"https:\/\/www.correiobraziliense.com.br\/cbradar\/wp-json\/wp\/v2\/types\/post"}],"author":[{"embeddable":true,"href":"https:\/\/www.correiobraziliense.com.br\/cbradar\/wp-json\/wp\/v2\/users\/14"}],"replies":[{"embeddable":true,"href":"https:\/\/www.correiobraziliense.com.br\/cbradar\/wp-json\/wp\/v2\/comments?post=108559"}],"version-history":[{"count":1,"href":"https:\/\/www.correiobraziliense.com.br\/cbradar\/wp-json\/wp\/v2\/posts\/108559\/revisions"}],"predecessor-version":[{"id":108561,"href":"https:\/\/www.correiobraziliense.com.br\/cbradar\/wp-json\/wp\/v2\/posts\/108559\/revisions\/108561"}],"wp:featuredmedia":[{"embeddable":true,"href":"https:\/\/www.correiobraziliense.com.br\/cbradar\/wp-json\/wp\/v2\/media\/39138"}],"wp:attachment":[{"href":"https:\/\/www.correiobraziliense.com.br\/cbradar\/wp-json\/wp\/v2\/media?parent=108559"}],"wp:term":[{"taxonomy":"category","embeddable":true,"href":"https:\/\/www.correiobraziliense.com.br\/cbradar\/wp-json\/wp\/v2\/categories?post=108559"},{"taxonomy":"post_tag","embeddable":true,"href":"https:\/\/www.correiobraziliense.com.br\/cbradar\/wp-json\/wp\/v2\/tags?post=108559"}],"curies":[{"name":"wp","href":"https:\/\/api.w.org\/{rel}","templated":true}]}}