{"id":108658,"date":"2025-09-25T17:03:00","date_gmt":"2025-09-25T20:03:00","guid":{"rendered":"https:\/\/www.correiobraziliense.com.br\/cbradar\/?p=108658"},"modified":"2025-09-24T15:17:20","modified_gmt":"2025-09-24T18:17:20","slug":"como-manter-seu-filho-calmo-quando-voce-esta-estressado","status":"publish","type":"post","link":"https:\/\/www.correiobraziliense.com.br\/cbradar\/como-manter-seu-filho-calmo-quando-voce-esta-estressado\/","title":{"rendered":"Como manter seu filho calmo quando voc\u00ea est\u00e1 estressado"},"content":{"rendered":"\n<p>Nos dias de hoje, o <strong>estresse parental<\/strong> \u00e9 mais desafiador do que nunca devido \u00e0s exig\u00eancias da vida moderna. Com press\u00f5es financeiras e preocupa\u00e7\u00f5es com a sa\u00fade mental e seguran\u00e7a dos filhos, os pais enfrentam desafios di\u00e1rios. Mas, como reduzir esses n\u00edveis de estresse e n\u00e3o permitir que afetem os filhos?<\/p>\n\n\n\n<ul class=\"wp-block-list\">\n<li>Compreenda o impacto do estresse nos filhos e como ele pode ser contagioso.<\/li>\n\n\n\n<li>Descubra pr\u00e1ticas simples para manter a calma no dia a dia.<\/li>\n\n\n\n<li>Aprenda a identificar e gerenciar suas emo\u00e7\u00f5es de forma pr\u00e1tica.<\/li>\n<\/ul>\n\n\n\n<h2 class=\"wp-block-heading\">Como o estresse dos pais afeta as crian\u00e7as?<\/h2>\n\n\n\n<p>O <strong>estresse<\/strong> \u00e9 detectado pelas crian\u00e7as com facilidade atrav\u00e9s de express\u00f5es faciais e tons de voz. Conhecido como \u201ccont\u00e1gio emocional\u201d, esse fen\u00f4meno pode elevar os n\u00edveis de <strong>cortisol<\/strong> nas crian\u00e7as.<\/p>\n\n\n\n<p>Manter uma calma aparente pode ajudar a minimizar este efeito, embora seja crucial que os pais genuinamente aprendam a gerenciar suas emo\u00e7\u00f5es.<\/p>\n\n\n\n<h2 class=\"wp-block-heading\">Quais as estrat\u00e9gias para controlar o estresse parental?<\/h2>\n\n\n\n<p>A primeira etapa crucial \u00e9 <strong>reconhecer o estresse<\/strong>. A pr\u00e1tica de observar o ambiente presente pode ser uma t\u00e9cnica eficaz.<\/p>\n\n\n\n<p>Envolver-se em pr\u00e1ticas sensoriais, como identificar som e vis\u00e3o, ajuda a desviar a mente da rumina\u00e7\u00e3o e a focar no momento presente.<\/p>\n\n\n\n<h2 class=\"wp-block-heading\">Como a respira\u00e7\u00e3o profunda ajuda a aliviar o estresse?<\/h2>\n\n\n\n<p>A t\u00e9cnica da <strong>respira\u00e7\u00e3o profunda<\/strong> estimula o nervo vago, diminuindo a resposta ao estresse. Simples respira\u00e7\u00f5es lentas podem baixar os n\u00edveis de estresse significativamente.<\/p>\n\n\n\n<p>Experimente: inspire profundamente, deixe o est\u00f4mago inflar e expire lentamente, como se estivesse soprando uma colher de sopa quente.<\/p>\n\n\n\n<figure class=\"wp-block-image size-large\"><img decoding=\"async\" width=\"1024\" height=\"576\" src=\"https:\/\/www.correiobraziliense.com.br\/cbradar\/wp-content\/uploads\/2025\/09\/familia-estressada_1758673750720-1024x576.jpg\" alt=\"Como manter seu filho calmo quando voc\u00ea est\u00e1 estressado\" class=\"wp-image-108661\" srcset=\"https:\/\/www.correiobraziliense.com.br\/cbradar\/wp-content\/uploads\/2025\/09\/familia-estressada_1758673750720-1024x576.jpg 1024w, https:\/\/www.correiobraziliense.com.br\/cbradar\/wp-content\/uploads\/2025\/09\/familia-estressada_1758673750720-300x169.jpg 300w, https:\/\/www.correiobraziliense.com.br\/cbradar\/wp-content\/uploads\/2025\/09\/familia-estressada_1758673750720-768x432.jpg 768w, https:\/\/www.correiobraziliense.com.br\/cbradar\/wp-content\/uploads\/2025\/09\/familia-estressada_1758673750720-750x422.jpg 750w, https:\/\/www.correiobraziliense.com.br\/cbradar\/wp-content\/uploads\/2025\/09\/familia-estressada_1758673750720-1140x641.jpg 1140w, https:\/\/www.correiobraziliense.com.br\/cbradar\/wp-content\/uploads\/2025\/09\/familia-estressada_1758673750720.jpg 1280w\" sizes=\"(max-width: 1024px) 100vw, 1024px\" \/><figcaption class=\"wp-element-caption\">Fam\u00edlia estressada\nCr\u00e9ditos: depositphotos.com \/ lucidwaters<\/figcaption><\/figure>\n\n\n\n<h2 class=\"wp-block-heading\">Como identificar e validar suas emo\u00e7\u00f5es?<\/h2>\n\n\n\n<p>Os pais devem aprender a <strong>nomear suas emo\u00e7\u00f5es<\/strong>. O \u201c<strong>Tri\u00e2ngulo da Mudan\u00e7a<\/strong>\u201d \u00e9 uma ferramenta que muitos usam para identificar o estado emocional e buscar um equil\u00edbrio emocional.<\/p>\n\n\n\n<p>Compreender que emo\u00e7\u00f5es como medo e tristeza s\u00e3o naturais e alertam para situa\u00e7\u00f5es espec\u00edficas pode ser um al\u00edvio para muitos pais.<\/p>\n\n\n\n<h2 class=\"wp-block-heading\">Quais t\u00e9cnicas podem alterar o estado emocional?<\/h2>\n\n\n\n<p>T\u00e9cnicas como caminhadas vigorosas ou ouvir m\u00fasica s\u00e3o exemplos de \u201cmudan\u00e7a de estado\u201d, ajudando a aliviar momentos de estresse.<\/p>\n\n\n\n<p>Outras pr\u00e1ticas incluem tomar um banho quente ou manter um di\u00e1rio, todas eficazes para alterar estados emocionais elevados.<\/p>\n\n\n\n<h2 class=\"wp-block-heading\"><strong>Estrat\u00e9gias para um ambiente dom\u00e9stico saud\u00e1vel<\/strong><\/h2>\n\n\n\n<ul class=\"wp-block-list\">\n<li>A pr\u00e1tica da <strong>aten\u00e7\u00e3o plena<\/strong> ajuda a ancorar os pais no presente, diminuindo os efeitos do estresse nos filhos.<\/li>\n\n\n\n<li>A respira\u00e7\u00e3o consciente \u00e9 um passo simples, mas poderoso, na redu\u00e7\u00e3o do estresse.<\/li>\n\n\n\n<li>O uso de ferramentas emocionais como o \u201cTri\u00e2ngulo da Mudan\u00e7a\u201d promove o bem-estar emocional familiar.<\/li>\n<\/ul>\n\n\n\n<p>Com estas abordagens, os pais podem n\u00e3o apenas gerenciar seu pr\u00f3prio <strong>estresse<\/strong>, mas tamb\u00e9m criar um ambiente mais calmo e seguro para os seus filhos.<\/p>\n","protected":false},"excerpt":{"rendered":"<p>Descubra como a &#8216;contamina\u00e7\u00e3o emocional&#8217; afeta seus filhos e aprenda t\u00e9cnicas para manter a calma e promover a resili\u00eancia.<\/p>\n","protected":false},"author":3,"featured_media":108660,"comment_status":"open","ping_status":"open","sticky":false,"template":"","format":"standard","meta":{"_yoast_wpseo_focuskw":"manter filho calmo estressado","_yoast_wpseo_title":"%%title%%","_yoast_wpseo_metadesc":"Descubra como a 'contamina\u00e7\u00e3o emocional' afeta seus filhos e aprenda t\u00e9cnicas para manter a calma e promover a resili\u00eancia.","jnews-multi-image_gallery":[],"jnews_single_post":{"format":"standard"},"jnews_primary_category":[],"jnews_social_meta":[],"jnews_override_counter":[],"footnotes":""},"categories":[112],"tags":[10470,404],"class_list":["post-108658","post","type-post","status-publish","format-standard","has-post-thumbnail","hentry","category-curiosidades","tag-familia-2","tag-psicologia"],"yoast_head":"<!-- This site is optimized with the Yoast SEO plugin v24.6 - https:\/\/yoast.com\/wordpress\/plugins\/seo\/ -->\n<title>Como manter seu filho calmo quando voc\u00ea est\u00e1 estressado<\/title>\n<meta name=\"description\" content=\"Descubra como a &#039;contamina\u00e7\u00e3o emocional&#039; afeta seus filhos e aprenda t\u00e9cnicas para manter a calma e promover a resili\u00eancia.\" \/>\n<meta name=\"robots\" content=\"index, follow, max-snippet:-1, max-image-preview:large, max-video-preview:-1\" \/>\n<link rel=\"canonical\" href=\"https:\/\/www.correiobraziliense.com.br\/cbradar\/como-manter-seu-filho-calmo-quando-voce-esta-estressado\/\" \/>\n<meta property=\"og:locale\" content=\"pt_BR\" \/>\n<meta property=\"og:type\" content=\"article\" \/>\n<meta property=\"og:title\" content=\"Como manter seu filho calmo quando voc\u00ea est\u00e1 estressado\" \/>\n<meta property=\"og:description\" content=\"Descubra como a &#039;contamina\u00e7\u00e3o emocional&#039; afeta seus filhos e aprenda t\u00e9cnicas para manter a calma e promover a resili\u00eancia.\" \/>\n<meta property=\"og:url\" content=\"https:\/\/www.correiobraziliense.com.br\/cbradar\/como-manter-seu-filho-calmo-quando-voce-esta-estressado\/\" \/>\n<meta property=\"og:site_name\" content=\"Correio Braziliense - Radar\" \/>\n<meta property=\"article:published_time\" content=\"2025-09-25T20:03:00+00:00\" \/>\n<meta property=\"og:image\" content=\"https:\/\/www.correiobraziliense.com.br\/cbradar\/wp-content\/uploads\/2025\/09\/familia-estressada_1758673719995.jpg\" \/>\n\t<meta property=\"og:image:width\" content=\"1280\" \/>\n\t<meta property=\"og:image:height\" content=\"720\" \/>\n\t<meta property=\"og:image:type\" content=\"image\/jpeg\" \/>\n<meta name=\"author\" content=\"Larissa Carvalho\" \/>\n<meta name=\"twitter:card\" content=\"summary_large_image\" \/>\n<meta name=\"twitter:label1\" content=\"Escrito por\" \/>\n\t<meta name=\"twitter:data1\" content=\"Larissa Carvalho\" \/>\n\t<meta name=\"twitter:label2\" content=\"Est. tempo de leitura\" \/>\n\t<meta name=\"twitter:data2\" content=\"3 minutos\" \/>\n<!-- \/ Yoast SEO plugin. -->","yoast_head_json":{"title":"Como manter seu filho calmo quando voc\u00ea est\u00e1 estressado","description":"Descubra como a 'contamina\u00e7\u00e3o emocional' afeta seus filhos e aprenda t\u00e9cnicas para manter a calma e promover a resili\u00eancia.","robots":{"index":"index","follow":"follow","max-snippet":"max-snippet:-1","max-image-preview":"max-image-preview:large","max-video-preview":"max-video-preview:-1"},"canonical":"https:\/\/www.correiobraziliense.com.br\/cbradar\/como-manter-seu-filho-calmo-quando-voce-esta-estressado\/","og_locale":"pt_BR","og_type":"article","og_title":"Como manter seu filho calmo quando voc\u00ea est\u00e1 estressado","og_description":"Descubra como a 'contamina\u00e7\u00e3o emocional' afeta seus filhos e aprenda t\u00e9cnicas para manter a calma e promover a resili\u00eancia.","og_url":"https:\/\/www.correiobraziliense.com.br\/cbradar\/como-manter-seu-filho-calmo-quando-voce-esta-estressado\/","og_site_name":"Correio Braziliense - Radar","article_published_time":"2025-09-25T20:03:00+00:00","og_image":[{"width":1280,"height":720,"url":"https:\/\/www.correiobraziliense.com.br\/cbradar\/wp-content\/uploads\/2025\/09\/familia-estressada_1758673719995.jpg","type":"image\/jpeg"}],"author":"Larissa Carvalho","twitter_card":"summary_large_image","twitter_misc":{"Escrito por":"Larissa Carvalho","Est. tempo de leitura":"3 minutos"},"schema":{"@context":"https:\/\/schema.org","@graph":[{"@type":"WebPage","@id":"https:\/\/www.correiobraziliense.com.br\/cbradar\/como-manter-seu-filho-calmo-quando-voce-esta-estressado\/","url":"https:\/\/www.correiobraziliense.com.br\/cbradar\/como-manter-seu-filho-calmo-quando-voce-esta-estressado\/","name":"Como manter seu filho calmo quando voc\u00ea est\u00e1 estressado","isPartOf":{"@id":"https:\/\/www.correiobraziliense.com.br\/cbradar\/#website"},"primaryImageOfPage":{"@id":"https:\/\/www.correiobraziliense.com.br\/cbradar\/como-manter-seu-filho-calmo-quando-voce-esta-estressado\/#primaryimage"},"image":{"@id":"https:\/\/www.correiobraziliense.com.br\/cbradar\/como-manter-seu-filho-calmo-quando-voce-esta-estressado\/#primaryimage"},"thumbnailUrl":"https:\/\/www.correiobraziliense.com.br\/cbradar\/wp-content\/uploads\/2025\/09\/familia-estressada_1758673719995.jpg","datePublished":"2025-09-25T20:03:00+00:00","author":{"@id":"https:\/\/www.correiobraziliense.com.br\/cbradar\/#\/schema\/person\/58422787644df994b53a19d3e56c1513"},"description":"Descubra como a 'contamina\u00e7\u00e3o emocional' afeta seus filhos e aprenda t\u00e9cnicas para manter a calma e promover a resili\u00eancia.","breadcrumb":{"@id":"https:\/\/www.correiobraziliense.com.br\/cbradar\/como-manter-seu-filho-calmo-quando-voce-esta-estressado\/#breadcrumb"},"inLanguage":"pt-BR","potentialAction":[{"@type":"ReadAction","target":["https:\/\/www.correiobraziliense.com.br\/cbradar\/como-manter-seu-filho-calmo-quando-voce-esta-estressado\/"]}]},{"@type":"ImageObject","inLanguage":"pt-BR","@id":"https:\/\/www.correiobraziliense.com.br\/cbradar\/como-manter-seu-filho-calmo-quando-voce-esta-estressado\/#primaryimage","url":"https:\/\/www.correiobraziliense.com.br\/cbradar\/wp-content\/uploads\/2025\/09\/familia-estressada_1758673719995.jpg","contentUrl":"https:\/\/www.correiobraziliense.com.br\/cbradar\/wp-content\/uploads\/2025\/09\/familia-estressada_1758673719995.jpg","width":1280,"height":720,"caption":"pai estressado Cr\u00e9ditos: depositphotos.com \/ AllaSerebrina"},{"@type":"BreadcrumbList","@id":"https:\/\/www.correiobraziliense.com.br\/cbradar\/como-manter-seu-filho-calmo-quando-voce-esta-estressado\/#breadcrumb","itemListElement":[{"@type":"ListItem","position":1,"name":"In\u00edcio","item":"https:\/\/www.correiobraziliense.com.br\/cbradar\/"},{"@type":"ListItem","position":2,"name":"Como manter seu filho calmo quando voc\u00ea est\u00e1 estressado"}]},{"@type":"WebSite","@id":"https:\/\/www.correiobraziliense.com.br\/cbradar\/#website","url":"https:\/\/www.correiobraziliense.com.br\/cbradar\/","name":"Correio Braziliense - Radar","description":"Acompanhe as \u00faltimas not\u00edcias e fique bem informado sobre tudo o que acontece no Brasil e no mundo.","potentialAction":[{"@type":"SearchAction","target":{"@type":"EntryPoint","urlTemplate":"https:\/\/www.correiobraziliense.com.br\/cbradar\/?s={search_term_string}"},"query-input":{"@type":"PropertyValueSpecification","valueRequired":true,"valueName":"search_term_string"}}],"inLanguage":"pt-BR"},{"@type":"Person","@id":"https:\/\/www.correiobraziliense.com.br\/cbradar\/#\/schema\/person\/58422787644df994b53a19d3e56c1513","name":"Larissa Carvalho","image":{"@type":"ImageObject","inLanguage":"pt-BR","@id":"https:\/\/www.correiobraziliense.com.br\/cbradar\/#\/schema\/person\/image\/","url":"https:\/\/secure.gravatar.com\/avatar\/fe4f91a0de32b52a838d0d612abdc1aa?s=96&d=mm&r=g","contentUrl":"https:\/\/secure.gravatar.com\/avatar\/fe4f91a0de32b52a838d0d612abdc1aa?s=96&d=mm&r=g","caption":"Larissa Carvalho"},"url":"https:\/\/www.correiobraziliense.com.br\/cbradar\/author\/larissamyth\/"}]}},"_links":{"self":[{"href":"https:\/\/www.correiobraziliense.com.br\/cbradar\/wp-json\/wp\/v2\/posts\/108658","targetHints":{"allow":["GET"]}}],"collection":[{"href":"https:\/\/www.correiobraziliense.com.br\/cbradar\/wp-json\/wp\/v2\/posts"}],"about":[{"href":"https:\/\/www.correiobraziliense.com.br\/cbradar\/wp-json\/wp\/v2\/types\/post"}],"author":[{"embeddable":true,"href":"https:\/\/www.correiobraziliense.com.br\/cbradar\/wp-json\/wp\/v2\/users\/3"}],"replies":[{"embeddable":true,"href":"https:\/\/www.correiobraziliense.com.br\/cbradar\/wp-json\/wp\/v2\/comments?post=108658"}],"version-history":[{"count":2,"href":"https:\/\/www.correiobraziliense.com.br\/cbradar\/wp-json\/wp\/v2\/posts\/108658\/revisions"}],"predecessor-version":[{"id":108893,"href":"https:\/\/www.correiobraziliense.com.br\/cbradar\/wp-json\/wp\/v2\/posts\/108658\/revisions\/108893"}],"wp:featuredmedia":[{"embeddable":true,"href":"https:\/\/www.correiobraziliense.com.br\/cbradar\/wp-json\/wp\/v2\/media\/108660"}],"wp:attachment":[{"href":"https:\/\/www.correiobraziliense.com.br\/cbradar\/wp-json\/wp\/v2\/media?parent=108658"}],"wp:term":[{"taxonomy":"category","embeddable":true,"href":"https:\/\/www.correiobraziliense.com.br\/cbradar\/wp-json\/wp\/v2\/categories?post=108658"},{"taxonomy":"post_tag","embeddable":true,"href":"https:\/\/www.correiobraziliense.com.br\/cbradar\/wp-json\/wp\/v2\/tags?post=108658"}],"curies":[{"name":"wp","href":"https:\/\/api.w.org\/{rel}","templated":true}]}}