{"id":108668,"date":"2025-09-26T06:33:00","date_gmt":"2025-09-26T09:33:00","guid":{"rendered":"https:\/\/www.correiobraziliense.com.br\/cbradar\/?p=108668"},"modified":"2025-09-24T15:51:37","modified_gmt":"2025-09-24T18:51:37","slug":"coleira-ou-peitoral-a-melhor-opcao-para-passear-com-seu-cachorro-segundo-veterinarios","status":"publish","type":"post","link":"https:\/\/www.correiobraziliense.com.br\/cbradar\/coleira-ou-peitoral-a-melhor-opcao-para-passear-com-seu-cachorro-segundo-veterinarios\/","title":{"rendered":"Coleira ou peitoral: a melhor op\u00e7\u00e3o para passear com seu cachorro, segundo veterin\u00e1rios"},"content":{"rendered":"\n<p>A escolha entre <strong>colar<\/strong> e <strong>peitoral<\/strong> para passear com o <strong>cachorro<\/strong> pode influenciar diretamente no seu conforto e seguran\u00e7a. Um <strong>veterin\u00e1rio<\/strong> americano trouxe esclarecimentos sobre qual \u00e9 a alternativa mais recomendada. Veja a seguir os motivos por tr\u00e1s dessa escolha.<\/p>\n\n\n\n<ul class=\"wp-block-list\">\n<li>O peitoral evita press\u00e3o no pesco\u00e7o, protegendo a traqueia e os nervos do animal.<\/li>\n\n\n\n<li>Existem peitorais com engate frontal, traseiro e duplo para diferentes necessidades.<\/li>\n\n\n\n<li>Materiais resistentes e ajustes corretos s\u00e3o essenciais para a efic\u00e1cia do acess\u00f3rio.<\/li>\n<\/ul>\n\n\n\n<h2 class=\"wp-block-heading\">Por que escolher o peitoral ao inv\u00e9s do colar?<\/h2>\n\n\n\n<p>O <strong>peitoral<\/strong> distribui a for\u00e7a do pux\u00e3o por todo o corpo do cachorro, impedindo que a press\u00e3o se concentre apenas no pesco\u00e7o. Isso \u00e9 fundamental para preservar estruturas importantes como a traqueia e os nervos. Ao escolher um peitoral, certifique-se de que seja poss\u00edvel encaixar dois dedos entre as al\u00e7as, garantindo que esteja ajustado e confort\u00e1vel.<\/p>\n\n\n\n<h2 class=\"wp-block-heading\">Qual tipo de peitoral \u00e9 mais adequado?<\/h2>\n\n\n\n<p>A escolha do modelo de <strong>peitoral<\/strong> depende do comportamento do animal e do objetivo do passeio. Os <strong>peitorais com dupla fixa\u00e7\u00e3o<\/strong> permitem adaptar o controle conforme a situa\u00e7\u00e3o. Se o cachorro puxa muito, os modelos com engate frontal s\u00e3o ideais para redirecionar suavemente o animal em dire\u00e7\u00e3o ao tutor.<\/p>\n\n\n\n<ul class=\"wp-block-list\">\n<li>Engate traseiro: ideal para passeios mais tranquilos.<\/li>\n\n\n\n<li>Engate frontal: perfeito para c\u00e3es que costumam puxar.<\/li>\n\n\n\n<li>Dupla fixa\u00e7\u00e3o: vers\u00e1til e adapt\u00e1vel.<\/li>\n<\/ul>\n\n\n\n<figure class=\"wp-block-image size-large\"><img decoding=\"async\" width=\"1024\" height=\"576\" src=\"https:\/\/www.correiobraziliense.com.br\/cbradar\/wp-content\/uploads\/2025\/09\/cachorro-passeando_1758708247102-1024x576.jpg\" alt=\"Coleira ou peitoral: a melhor op\u00e7\u00e3o para passear com seu cachorro, segundo veterin\u00e1rios\" class=\"wp-image-108671\" srcset=\"https:\/\/www.correiobraziliense.com.br\/cbradar\/wp-content\/uploads\/2025\/09\/cachorro-passeando_1758708247102-1024x576.jpg 1024w, https:\/\/www.correiobraziliense.com.br\/cbradar\/wp-content\/uploads\/2025\/09\/cachorro-passeando_1758708247102-300x169.jpg 300w, https:\/\/www.correiobraziliense.com.br\/cbradar\/wp-content\/uploads\/2025\/09\/cachorro-passeando_1758708247102-768x432.jpg 768w, https:\/\/www.correiobraziliense.com.br\/cbradar\/wp-content\/uploads\/2025\/09\/cachorro-passeando_1758708247102-750x422.jpg 750w, https:\/\/www.correiobraziliense.com.br\/cbradar\/wp-content\/uploads\/2025\/09\/cachorro-passeando_1758708247102-1140x641.jpg 1140w, https:\/\/www.correiobraziliense.com.br\/cbradar\/wp-content\/uploads\/2025\/09\/cachorro-passeando_1758708247102.jpg 1280w\" sizes=\"(max-width: 1024px) 100vw, 1024px\" \/><figcaption class=\"wp-element-caption\">Fam\u00edlia passeando com cachorro\nCr\u00e9ditos: depositphotos.com \/ alebloshka<\/figcaption><\/figure>\n\n\n\n<h2 class=\"wp-block-heading\">Dicas pr\u00e1ticas para usar o peitoral<\/h2>\n\n\n\n<p>O <strong>peitoral deve ser fabricado com materiais resistentes<\/strong>, como nylon, poli\u00e9ster ou neoprene. Al\u00e9m disso, \u00e9 importante checar frequentemente o estado do equipamento, evitando que qualquer dano comprometa a seguran\u00e7a. Lembre-se: um peitoral mal ajustado pode causar desconforto ao c\u00e3o.<\/p>\n\n\n\n<p>Importante: at\u00e9 pequenos fios desgastados podem falhar nos momentos mais cr\u00edticos, como quando outro animal solto se aproxima. Manter sempre o controle do seu pet \u00e9 fundamental.<\/p>\n\n\n\n<h2 class=\"wp-block-heading\">Benef\u00edcios do uso do peitoral para c\u00e3es<\/h2>\n\n\n\n<p><strong>Veterin\u00e1rios concordam que o peitoral<\/strong> \u00e9 uma ferramenta mais segura e pr\u00e1tica para passeios. Al\u00e9m de <strong>prevenir les\u00f5es<\/strong>, ele facilita o controle durante o passeio e pode auxiliar no adestramento.<\/p>\n\n\n\n<h2 class=\"wp-block-heading\">Conclus\u00f5es sobre o uso do peitoral em passeios<\/h2>\n\n\n\n<ul class=\"wp-block-list\">\n<li>O peitoral protege o c\u00e3o ao distribuir a press\u00e3o de forma uniforme pelo corpo.<\/li>\n\n\n\n<li>H\u00e1 diferentes tipos de peitorais, adequados para comportamentos e necessidades variadas.<\/li>\n\n\n\n<li>A escolha de materiais dur\u00e1veis e o ajuste correto s\u00e3o essenciais para a seguran\u00e7a do cachorro.<\/li>\n<\/ul>\n\n\n\n<p>Leia tamb\u00e9m: <strong><a href=\"https:\/\/www.correiobraziliense.com.br\/cbradar\/como-os-pets-ajudam-no-desenvolvimento-infantil\/\" target=\"_blank\" rel=\"noreferrer noopener\">Como os pets ajudam no desenvolvimento infantil?<\/a><\/strong><\/p>\n","protected":false},"excerpt":{"rendered":"<p>Descubra a op\u00e7\u00e3o ideal entre coleira e arn\u00eas para passear seu c\u00e3o, garantindo conforto e seguran\u00e7a, segundo veterin\u00e1rios especializados.<\/p>\n","protected":false},"author":3,"featured_media":108670,"comment_status":"open","ping_status":"open","sticky":false,"template":"","format":"standard","meta":{"_yoast_wpseo_focuskw":"coleira peitoral passeio cachorro","_yoast_wpseo_title":"%%title%%","_yoast_wpseo_metadesc":"Descubra a op\u00e7\u00e3o ideal entre coleira e arn\u00eas para passear seu c\u00e3o, garantindo conforto e seguran\u00e7a, segundo veterin\u00e1rios especializados.","jnews-multi-image_gallery":[],"jnews_single_post":{"format":"standard"},"jnews_primary_category":[],"jnews_social_meta":[],"jnews_override_counter":[],"footnotes":""},"categories":[112],"post_tag":[378,6016],"class_list":["post-108668","post","type-post","status-publish","format-standard","has-post-thumbnail","hentry","category-curiosidades","tag-cachorro","tag-passeio"],"yoast_head":"<!-- This site is optimized with the Yoast SEO plugin v24.6 - https:\/\/yoast.com\/wordpress\/plugins\/seo\/ -->\n<title>Coleira ou peitoral: a melhor op\u00e7\u00e3o para passear com seu cachorro, segundo veterin\u00e1rios<\/title>\n<meta name=\"description\" content=\"Descubra a op\u00e7\u00e3o ideal entre coleira e arn\u00eas para passear seu c\u00e3o, garantindo conforto e seguran\u00e7a, segundo veterin\u00e1rios especializados.\" \/>\n<meta name=\"robots\" content=\"index, follow, max-snippet:-1, max-image-preview:large, max-video-preview:-1\" \/>\n<link rel=\"canonical\" href=\"https:\/\/www.correiobraziliense.com.br\/cbradar\/coleira-ou-peitoral-a-melhor-opcao-para-passear-com-seu-cachorro-segundo-veterinarios\/\" \/>\n<meta property=\"og:locale\" content=\"pt_BR\" \/>\n<meta property=\"og:type\" content=\"article\" \/>\n<meta property=\"og:title\" content=\"Coleira ou peitoral: a melhor op\u00e7\u00e3o para passear com seu cachorro, segundo veterin\u00e1rios\" \/>\n<meta property=\"og:description\" content=\"Descubra a op\u00e7\u00e3o ideal entre coleira e arn\u00eas para passear seu c\u00e3o, garantindo conforto e seguran\u00e7a, segundo veterin\u00e1rios especializados.\" \/>\n<meta property=\"og:url\" content=\"https:\/\/www.correiobraziliense.com.br\/cbradar\/coleira-ou-peitoral-a-melhor-opcao-para-passear-com-seu-cachorro-segundo-veterinarios\/\" \/>\n<meta property=\"og:site_name\" content=\"Correio Braziliense - Radar\" \/>\n<meta property=\"article:published_time\" content=\"2025-09-26T09:33:00+00:00\" \/>\n<meta property=\"og:image\" content=\"https:\/\/www.correiobraziliense.com.br\/cbradar\/wp-content\/uploads\/2025\/09\/cachorro-passeando_1758708219259.jpg\" \/>\n\t<meta property=\"og:image:width\" content=\"1280\" \/>\n\t<meta property=\"og:image:height\" content=\"720\" \/>\n\t<meta property=\"og:image:type\" content=\"image\/jpeg\" \/>\n<meta name=\"author\" content=\"Larissa Carvalho\" \/>\n<meta name=\"twitter:card\" content=\"summary_large_image\" \/>\n<meta name=\"twitter:label1\" content=\"Escrito por\" \/>\n\t<meta name=\"twitter:data1\" content=\"Larissa Carvalho\" \/>\n\t<meta name=\"twitter:label2\" content=\"Est. tempo de leitura\" \/>\n\t<meta name=\"twitter:data2\" content=\"3 minutos\" \/>\n<!-- \/ Yoast SEO plugin. -->","yoast_head_json":{"title":"Coleira ou peitoral: a melhor op\u00e7\u00e3o para passear com seu cachorro, segundo veterin\u00e1rios","description":"Descubra a op\u00e7\u00e3o ideal entre coleira e arn\u00eas para passear seu c\u00e3o, garantindo conforto e seguran\u00e7a, segundo veterin\u00e1rios especializados.","robots":{"index":"index","follow":"follow","max-snippet":"max-snippet:-1","max-image-preview":"max-image-preview:large","max-video-preview":"max-video-preview:-1"},"canonical":"https:\/\/www.correiobraziliense.com.br\/cbradar\/coleira-ou-peitoral-a-melhor-opcao-para-passear-com-seu-cachorro-segundo-veterinarios\/","og_locale":"pt_BR","og_type":"article","og_title":"Coleira ou peitoral: a melhor op\u00e7\u00e3o para passear com seu cachorro, segundo veterin\u00e1rios","og_description":"Descubra a op\u00e7\u00e3o ideal entre coleira e arn\u00eas para passear seu c\u00e3o, garantindo conforto e seguran\u00e7a, segundo veterin\u00e1rios especializados.","og_url":"https:\/\/www.correiobraziliense.com.br\/cbradar\/coleira-ou-peitoral-a-melhor-opcao-para-passear-com-seu-cachorro-segundo-veterinarios\/","og_site_name":"Correio Braziliense - Radar","article_published_time":"2025-09-26T09:33:00+00:00","og_image":[{"width":1280,"height":720,"url":"https:\/\/www.correiobraziliense.com.br\/cbradar\/wp-content\/uploads\/2025\/09\/cachorro-passeando_1758708219259.jpg","type":"image\/jpeg"}],"author":"Larissa Carvalho","twitter_card":"summary_large_image","twitter_misc":{"Escrito por":"Larissa Carvalho","Est. tempo de leitura":"3 minutos"},"schema":{"@context":"https:\/\/schema.org","@graph":[{"@type":"WebPage","@id":"https:\/\/www.correiobraziliense.com.br\/cbradar\/coleira-ou-peitoral-a-melhor-opcao-para-passear-com-seu-cachorro-segundo-veterinarios\/","url":"https:\/\/www.correiobraziliense.com.br\/cbradar\/coleira-ou-peitoral-a-melhor-opcao-para-passear-com-seu-cachorro-segundo-veterinarios\/","name":"Coleira ou peitoral: a melhor op\u00e7\u00e3o para passear com seu cachorro, segundo veterin\u00e1rios","isPartOf":{"@id":"https:\/\/www.correiobraziliense.com.br\/cbradar\/#website"},"primaryImageOfPage":{"@id":"https:\/\/www.correiobraziliense.com.br\/cbradar\/coleira-ou-peitoral-a-melhor-opcao-para-passear-com-seu-cachorro-segundo-veterinarios\/#primaryimage"},"image":{"@id":"https:\/\/www.correiobraziliense.com.br\/cbradar\/coleira-ou-peitoral-a-melhor-opcao-para-passear-com-seu-cachorro-segundo-veterinarios\/#primaryimage"},"thumbnailUrl":"https:\/\/www.correiobraziliense.com.br\/cbradar\/wp-content\/uploads\/2025\/09\/cachorro-passeando_1758708219259.jpg","datePublished":"2025-09-26T09:33:00+00:00","author":{"@id":"https:\/\/www.correiobraziliense.com.br\/cbradar\/#\/schema\/person\/58422787644df994b53a19d3e56c1513"},"description":"Descubra a op\u00e7\u00e3o ideal entre coleira e arn\u00eas para passear seu c\u00e3o, garantindo conforto e seguran\u00e7a, segundo veterin\u00e1rios especializados.","breadcrumb":{"@id":"https:\/\/www.correiobraziliense.com.br\/cbradar\/coleira-ou-peitoral-a-melhor-opcao-para-passear-com-seu-cachorro-segundo-veterinarios\/#breadcrumb"},"inLanguage":"pt-BR","potentialAction":[{"@type":"ReadAction","target":["https:\/\/www.correiobraziliense.com.br\/cbradar\/coleira-ou-peitoral-a-melhor-opcao-para-passear-com-seu-cachorro-segundo-veterinarios\/"]}]},{"@type":"ImageObject","inLanguage":"pt-BR","@id":"https:\/\/www.correiobraziliense.com.br\/cbradar\/coleira-ou-peitoral-a-melhor-opcao-para-passear-com-seu-cachorro-segundo-veterinarios\/#primaryimage","url":"https:\/\/www.correiobraziliense.com.br\/cbradar\/wp-content\/uploads\/2025\/09\/cachorro-passeando_1758708219259.jpg","contentUrl":"https:\/\/www.correiobraziliense.com.br\/cbradar\/wp-content\/uploads\/2025\/09\/cachorro-passeando_1758708219259.jpg","width":1280,"height":720,"caption":"Cachorro passeando Cr\u00e9ditos: depositphotos.com \/ AndrewLozovyi"},{"@type":"BreadcrumbList","@id":"https:\/\/www.correiobraziliense.com.br\/cbradar\/coleira-ou-peitoral-a-melhor-opcao-para-passear-com-seu-cachorro-segundo-veterinarios\/#breadcrumb","itemListElement":[{"@type":"ListItem","position":1,"name":"In\u00edcio","item":"https:\/\/www.correiobraziliense.com.br\/cbradar\/"},{"@type":"ListItem","position":2,"name":"Coleira ou peitoral: a melhor op\u00e7\u00e3o para passear com seu cachorro, segundo veterin\u00e1rios"}]},{"@type":"WebSite","@id":"https:\/\/www.correiobraziliense.com.br\/cbradar\/#website","url":"https:\/\/www.correiobraziliense.com.br\/cbradar\/","name":"Correio Braziliense - Radar","description":"Acompanhe as \u00faltimas not\u00edcias e fique bem informado sobre tudo o que acontece no Brasil e no mundo.","potentialAction":[{"@type":"SearchAction","target":{"@type":"EntryPoint","urlTemplate":"https:\/\/www.correiobraziliense.com.br\/cbradar\/?s={search_term_string}"},"query-input":{"@type":"PropertyValueSpecification","valueRequired":true,"valueName":"search_term_string"}}],"inLanguage":"pt-BR"},{"@type":"Person","@id":"https:\/\/www.correiobraziliense.com.br\/cbradar\/#\/schema\/person\/58422787644df994b53a19d3e56c1513","name":"Larissa Carvalho","image":{"@type":"ImageObject","inLanguage":"pt-BR","@id":"https:\/\/www.correiobraziliense.com.br\/cbradar\/#\/schema\/person\/image\/","url":"https:\/\/secure.gravatar.com\/avatar\/fe4f91a0de32b52a838d0d612abdc1aa?s=96&d=mm&r=g","contentUrl":"https:\/\/secure.gravatar.com\/avatar\/fe4f91a0de32b52a838d0d612abdc1aa?s=96&d=mm&r=g","caption":"Larissa Carvalho"},"url":"https:\/\/www.correiobraziliense.com.br\/cbradar\/author\/larissamyth\/"}]}},"_links":{"self":[{"href":"https:\/\/www.correiobraziliense.com.br\/cbradar\/wp-json\/wp\/v2\/posts\/108668","targetHints":{"allow":["GET"]}}],"collection":[{"href":"https:\/\/www.correiobraziliense.com.br\/cbradar\/wp-json\/wp\/v2\/posts"}],"about":[{"href":"https:\/\/www.correiobraziliense.com.br\/cbradar\/wp-json\/wp\/v2\/types\/post"}],"author":[{"embeddable":true,"href":"https:\/\/www.correiobraziliense.com.br\/cbradar\/wp-json\/wp\/v2\/users\/3"}],"replies":[{"embeddable":true,"href":"https:\/\/www.correiobraziliense.com.br\/cbradar\/wp-json\/wp\/v2\/comments?post=108668"}],"version-history":[{"count":2,"href":"https:\/\/www.correiobraziliense.com.br\/cbradar\/wp-json\/wp\/v2\/posts\/108668\/revisions"}],"predecessor-version":[{"id":108895,"href":"https:\/\/www.correiobraziliense.com.br\/cbradar\/wp-json\/wp\/v2\/posts\/108668\/revisions\/108895"}],"wp:featuredmedia":[{"embeddable":true,"href":"https:\/\/www.correiobraziliense.com.br\/cbradar\/wp-json\/wp\/v2\/media\/108670"}],"wp:attachment":[{"href":"https:\/\/www.correiobraziliense.com.br\/cbradar\/wp-json\/wp\/v2\/media?parent=108668"}],"wp:term":[{"taxonomy":"category","embeddable":true,"href":"https:\/\/www.correiobraziliense.com.br\/cbradar\/wp-json\/wp\/v2\/categories?post=108668"},{"taxonomy":"post_tag","embeddable":true,"href":"https:\/\/www.correiobraziliense.com.br\/cbradar\/wp-json\/wp\/v2\/post_tag?post=108668"}],"curies":[{"name":"wp","href":"https:\/\/api.w.org\/{rel}","templated":true}]}}