{"id":108688,"date":"2025-09-26T16:03:00","date_gmt":"2025-09-26T19:03:00","guid":{"rendered":"https:\/\/www.correiobraziliense.com.br\/cbradar\/?p=108688"},"modified":"2025-09-24T16:07:56","modified_gmt":"2025-09-24T19:07:56","slug":"uma-erupcao-massiva-ha-74-000-anos-afetou-todo-o-planeta-e-cientistas-se-surpreendem","status":"publish","type":"post","link":"https:\/\/www.correiobraziliense.com.br\/cbradar\/uma-erupcao-massiva-ha-74-000-anos-afetou-todo-o-planeta-e-cientistas-se-surpreendem\/","title":{"rendered":"Uma erup\u00e7\u00e3o massiva h\u00e1 74.000 anos afetou todo o planeta e cientistas se surpreendem"},"content":{"rendered":"\n<p>A <strong>supererup\u00e7\u00e3o de Toba<\/strong>, ocorrida h\u00e1 cerca de 74.000 anos, \u00e9 considerada um dos eventos vulc\u00e2nicos mais catastr\u00f3ficos da hist\u00f3ria da <strong>Terra<\/strong>. Esse epis\u00f3dio significou um marco na compreens\u00e3o dos impactos ambientais e na resili\u00eancia da humanidade. A seguir, destacamos pontos-chave sobre como este evento influenciou a vida no nosso planeta.<\/p>\n\n\n\n<ul class=\"wp-block-list\">\n<li>Efeitos globais e regionais da supererup\u00e7\u00e3o de Toba.<\/li>\n\n\n\n<li>An\u00e1lises da sobreviv\u00eancia humana e adapta\u00e7\u00f5es tecnol\u00f3gicas.<\/li>\n\n\n\n<li>Debates sobre o impacto da erup\u00e7\u00e3o no tamanho da popula\u00e7\u00e3o humana.<\/li>\n<\/ul>\n\n\n\n<h2 class=\"wp-block-heading\">Quais foram os efeitos da supererup\u00e7\u00e3o de Toba?<\/h2>\n\n\n\n<p>A <strong>supererup\u00e7\u00e3o de Toba<\/strong> ejetou uma quantidade massiva de cinzas vulc\u00e2nicas na atmosfera, provocando um resfriamento global tempor\u00e1rio. As <strong>consequ\u00eancias locais<\/strong> inclu\u00edram chuvas \u00e1cidas e solo coberto por espessas camadas de cinzas, afetando diretamente a flora e a fauna.<\/p>\n\n\n\n<p>Especialistas identificaram que as popula\u00e7\u00f5es humanas pr\u00f3ximas ao vulc\u00e3o foram provavelmente extintas. No entanto, os efeitos globais ainda s\u00e3o tema de intensas discut\u00f5es cient\u00edficas.<\/p>\n\n\n\n<h2 class=\"wp-block-heading\">Os humanos conseguiram sobreviver \u00e0 supererup\u00e7\u00e3o de Toba?<\/h2>\n\n\n\n<p>Apesar das condi\u00e7\u00f5es severas, evid\u00eancias em <strong>sites arqueol\u00f3gicos<\/strong> sugerem que algumas popula\u00e7\u00f5es humanas n\u00e3o s\u00f3 sobreviveram como se adaptaram. Em locais como <strong>Pinnacle Point<\/strong>, na <strong>\u00c1frica do Sul<\/strong>, foram encontradas inova\u00e7\u00f5es tecnol\u00f3gicas significativas ap\u00f3s a erup\u00e7\u00e3o, como o uso de novas ferramentas de pedra.<\/p>\n\n\n\n<p>Outro exemplo est\u00e1 no <strong>s\u00edtio arqueol\u00f3gico Shinfa-Metema<\/strong>, na Eti\u00f3pia, onde a evid\u00eancia de adapta\u00e7\u00e3o humana inclui a ado\u00e7\u00e3o da tecnologia de arco e flecha em resposta ao ambiente alterado.<\/p>\n\n\n\n<figure class=\"wp-block-image size-large\"><img decoding=\"async\" width=\"1024\" height=\"576\" src=\"https:\/\/www.correiobraziliense.com.br\/cbradar\/wp-content\/uploads\/2025\/09\/vulcao_1758710041052-1024x576.jpg\" alt=\"Uma erup\u00e7\u00e3o massiva h\u00e1 74.000 anos afetou todo o planeta \u2013 arque\u00f3logos usam vidro vulc\u00e2nico para descobrir como as pessoas sobreviveram\" class=\"wp-image-108691\" srcset=\"https:\/\/www.correiobraziliense.com.br\/cbradar\/wp-content\/uploads\/2025\/09\/vulcao_1758710041052-1024x576.jpg 1024w, https:\/\/www.correiobraziliense.com.br\/cbradar\/wp-content\/uploads\/2025\/09\/vulcao_1758710041052-300x169.jpg 300w, https:\/\/www.correiobraziliense.com.br\/cbradar\/wp-content\/uploads\/2025\/09\/vulcao_1758710041052-768x432.jpg 768w, https:\/\/www.correiobraziliense.com.br\/cbradar\/wp-content\/uploads\/2025\/09\/vulcao_1758710041052-750x422.jpg 750w, https:\/\/www.correiobraziliense.com.br\/cbradar\/wp-content\/uploads\/2025\/09\/vulcao_1758710041052-1140x641.jpg 1140w, https:\/\/www.correiobraziliense.com.br\/cbradar\/wp-content\/uploads\/2025\/09\/vulcao_1758710041052.jpg 1280w\" sizes=\"(max-width: 1024px) 100vw, 1024px\" \/><figcaption class=\"wp-element-caption\">Vulc\u00e3o\nCr\u00e9ditos: depositphotos.com \/ VeronikaGorBO<\/figcaption><\/figure>\n\n\n\n<h2 class=\"wp-block-heading\">Qual o impacto da supererup\u00e7\u00e3o de Toba na popula\u00e7\u00e3o humana?<\/h2>\n\n\n\n<p>A <strong>hip\u00f3tese da cat\u00e1strofe de Toba<\/strong> sugere uma dr\u00e1stica redu\u00e7\u00e3o populacional para menos de 10.000 indiv\u00edduos. No entanto, descobertas arqueol\u00f3gicas indicam que as popula\u00e7\u00f5es humanas exibiram uma resili\u00eancia not\u00e1vel, questionando se a erup\u00e7\u00e3o foi de fato a causa principal da diminui\u00e7\u00e3o populacional.<\/p>\n\n\n\n<p>Os debates continuam, enquanto cientistas coletam mais dados de registros clim\u00e1ticos e arqueol\u00f3gicos, localizando evid\u00eancias de <strong>adapta\u00e7\u00f5es<\/strong> e <strong>mudan\u00e7as comportamentais<\/strong> p\u00f3s-erup\u00e7\u00e3o.<\/p>\n\n\n\n<h2 class=\"wp-block-heading\">Aprendizados e perspectivas futuras<\/h2>\n\n\n\n<ul class=\"wp-block-list\">\n<li>A supererup\u00e7\u00e3o de Toba demonstra a capacidade <strong>adaptativa<\/strong> da humanidade diante de cat\u00e1strofes naturais.<\/li>\n\n\n\n<li>Programas de monitoramento vulc\u00e2nico como o USGS ajudam na prepara\u00e7\u00e3o para futuras erup\u00e7\u00f5es.<\/li>\n\n\n\n<li>Estudar eventos passados enriquece nosso entendimento sobre desafios ambientais e a <strong>resili\u00eancia<\/strong> humana.<\/li>\n<\/ul>\n","protected":false},"excerpt":{"rendered":"<p>Sobreviv\u00eancia humana ap\u00f3s a supererup\u00e7\u00e3o de Toba: Descubra como nossos ancestrais enfrentaram um dos maiores desastres naturais.<\/p>\n","protected":false},"author":3,"featured_media":108690,"comment_status":"open","ping_status":"open","sticky":false,"template":"","format":"standard","meta":{"_yoast_wpseo_focuskw":"Como foi a erup\u00e7\u00e3o de Toba","_yoast_wpseo_title":"%%title%%","_yoast_wpseo_metadesc":"Sobreviv\u00eancia humana ap\u00f3s a supererup\u00e7\u00e3o de Toba: Descubra como nossos ancestrais enfrentaram um dos maiores desastres naturais.","jnews-multi-image_gallery":[],"jnews_single_post":{"format":"standard"},"jnews_primary_category":[],"jnews_social_meta":[],"jnews_override_counter":[],"footnotes":""},"categories":[112],"post_tag":[10471,1130],"class_list":["post-108688","post","type-post","status-publish","format-standard","has-post-thumbnail","hentry","category-curiosidades","tag-desastre-natural","tag-vulcao"],"yoast_head":"<!-- This site is optimized with the Yoast SEO plugin v24.6 - https:\/\/yoast.com\/wordpress\/plugins\/seo\/ -->\n<title>Uma erup\u00e7\u00e3o massiva h\u00e1 74.000 anos afetou todo o planeta e cientistas se surpreendem<\/title>\n<meta name=\"description\" content=\"Sobreviv\u00eancia humana ap\u00f3s a supererup\u00e7\u00e3o de Toba: Descubra como nossos ancestrais enfrentaram um dos maiores desastres naturais.\" \/>\n<meta name=\"robots\" content=\"index, follow, max-snippet:-1, max-image-preview:large, max-video-preview:-1\" \/>\n<link rel=\"canonical\" href=\"https:\/\/www.correiobraziliense.com.br\/cbradar\/uma-erupcao-massiva-ha-74-000-anos-afetou-todo-o-planeta-e-cientistas-se-surpreendem\/\" \/>\n<meta property=\"og:locale\" content=\"pt_BR\" \/>\n<meta property=\"og:type\" content=\"article\" \/>\n<meta property=\"og:title\" content=\"Uma erup\u00e7\u00e3o massiva h\u00e1 74.000 anos afetou todo o planeta e cientistas se surpreendem\" \/>\n<meta property=\"og:description\" content=\"Sobreviv\u00eancia humana ap\u00f3s a supererup\u00e7\u00e3o de Toba: Descubra como nossos ancestrais enfrentaram um dos maiores desastres naturais.\" \/>\n<meta property=\"og:url\" content=\"https:\/\/www.correiobraziliense.com.br\/cbradar\/uma-erupcao-massiva-ha-74-000-anos-afetou-todo-o-planeta-e-cientistas-se-surpreendem\/\" \/>\n<meta property=\"og:site_name\" content=\"Correio Braziliense - Radar\" \/>\n<meta property=\"article:published_time\" content=\"2025-09-26T19:03:00+00:00\" \/>\n<meta property=\"og:image\" content=\"https:\/\/www.correiobraziliense.com.br\/cbradar\/wp-content\/uploads\/2025\/09\/vulcao_1758709992287.jpg\" \/>\n\t<meta property=\"og:image:width\" content=\"1280\" \/>\n\t<meta property=\"og:image:height\" content=\"720\" \/>\n\t<meta property=\"og:image:type\" content=\"image\/jpeg\" \/>\n<meta name=\"author\" content=\"Larissa Carvalho\" \/>\n<meta name=\"twitter:card\" content=\"summary_large_image\" \/>\n<meta name=\"twitter:label1\" content=\"Escrito por\" \/>\n\t<meta name=\"twitter:data1\" content=\"Larissa Carvalho\" \/>\n\t<meta name=\"twitter:label2\" content=\"Est. tempo de leitura\" \/>\n\t<meta name=\"twitter:data2\" content=\"3 minutos\" \/>\n<!-- \/ Yoast SEO plugin. -->","yoast_head_json":{"title":"Uma erup\u00e7\u00e3o massiva h\u00e1 74.000 anos afetou todo o planeta e cientistas se surpreendem","description":"Sobreviv\u00eancia humana ap\u00f3s a supererup\u00e7\u00e3o de Toba: Descubra como nossos ancestrais enfrentaram um dos maiores desastres naturais.","robots":{"index":"index","follow":"follow","max-snippet":"max-snippet:-1","max-image-preview":"max-image-preview:large","max-video-preview":"max-video-preview:-1"},"canonical":"https:\/\/www.correiobraziliense.com.br\/cbradar\/uma-erupcao-massiva-ha-74-000-anos-afetou-todo-o-planeta-e-cientistas-se-surpreendem\/","og_locale":"pt_BR","og_type":"article","og_title":"Uma erup\u00e7\u00e3o massiva h\u00e1 74.000 anos afetou todo o planeta e cientistas se surpreendem","og_description":"Sobreviv\u00eancia humana ap\u00f3s a supererup\u00e7\u00e3o de Toba: Descubra como nossos ancestrais enfrentaram um dos maiores desastres naturais.","og_url":"https:\/\/www.correiobraziliense.com.br\/cbradar\/uma-erupcao-massiva-ha-74-000-anos-afetou-todo-o-planeta-e-cientistas-se-surpreendem\/","og_site_name":"Correio Braziliense - Radar","article_published_time":"2025-09-26T19:03:00+00:00","og_image":[{"width":1280,"height":720,"url":"https:\/\/www.correiobraziliense.com.br\/cbradar\/wp-content\/uploads\/2025\/09\/vulcao_1758709992287.jpg","type":"image\/jpeg"}],"author":"Larissa Carvalho","twitter_card":"summary_large_image","twitter_misc":{"Escrito por":"Larissa Carvalho","Est. tempo de leitura":"3 minutos"},"schema":{"@context":"https:\/\/schema.org","@graph":[{"@type":"WebPage","@id":"https:\/\/www.correiobraziliense.com.br\/cbradar\/uma-erupcao-massiva-ha-74-000-anos-afetou-todo-o-planeta-e-cientistas-se-surpreendem\/","url":"https:\/\/www.correiobraziliense.com.br\/cbradar\/uma-erupcao-massiva-ha-74-000-anos-afetou-todo-o-planeta-e-cientistas-se-surpreendem\/","name":"Uma erup\u00e7\u00e3o massiva h\u00e1 74.000 anos afetou todo o planeta e cientistas se surpreendem","isPartOf":{"@id":"https:\/\/www.correiobraziliense.com.br\/cbradar\/#website"},"primaryImageOfPage":{"@id":"https:\/\/www.correiobraziliense.com.br\/cbradar\/uma-erupcao-massiva-ha-74-000-anos-afetou-todo-o-planeta-e-cientistas-se-surpreendem\/#primaryimage"},"image":{"@id":"https:\/\/www.correiobraziliense.com.br\/cbradar\/uma-erupcao-massiva-ha-74-000-anos-afetou-todo-o-planeta-e-cientistas-se-surpreendem\/#primaryimage"},"thumbnailUrl":"https:\/\/www.correiobraziliense.com.br\/cbradar\/wp-content\/uploads\/2025\/09\/vulcao_1758709992287.jpg","datePublished":"2025-09-26T19:03:00+00:00","author":{"@id":"https:\/\/www.correiobraziliense.com.br\/cbradar\/#\/schema\/person\/58422787644df994b53a19d3e56c1513"},"description":"Sobreviv\u00eancia humana ap\u00f3s a supererup\u00e7\u00e3o de Toba: Descubra como nossos ancestrais enfrentaram um dos maiores desastres naturais.","breadcrumb":{"@id":"https:\/\/www.correiobraziliense.com.br\/cbradar\/uma-erupcao-massiva-ha-74-000-anos-afetou-todo-o-planeta-e-cientistas-se-surpreendem\/#breadcrumb"},"inLanguage":"pt-BR","potentialAction":[{"@type":"ReadAction","target":["https:\/\/www.correiobraziliense.com.br\/cbradar\/uma-erupcao-massiva-ha-74-000-anos-afetou-todo-o-planeta-e-cientistas-se-surpreendem\/"]}]},{"@type":"ImageObject","inLanguage":"pt-BR","@id":"https:\/\/www.correiobraziliense.com.br\/cbradar\/uma-erupcao-massiva-ha-74-000-anos-afetou-todo-o-planeta-e-cientistas-se-surpreendem\/#primaryimage","url":"https:\/\/www.correiobraziliense.com.br\/cbradar\/wp-content\/uploads\/2025\/09\/vulcao_1758709992287.jpg","contentUrl":"https:\/\/www.correiobraziliense.com.br\/cbradar\/wp-content\/uploads\/2025\/09\/vulcao_1758709992287.jpg","width":1280,"height":720,"caption":"Vulc\u00e3o entrando em erup\u00e7\u00e3o Cr\u00e9ditos: depositphotos.com \/ Antoksena"},{"@type":"BreadcrumbList","@id":"https:\/\/www.correiobraziliense.com.br\/cbradar\/uma-erupcao-massiva-ha-74-000-anos-afetou-todo-o-planeta-e-cientistas-se-surpreendem\/#breadcrumb","itemListElement":[{"@type":"ListItem","position":1,"name":"In\u00edcio","item":"https:\/\/www.correiobraziliense.com.br\/cbradar\/"},{"@type":"ListItem","position":2,"name":"Uma erup\u00e7\u00e3o massiva h\u00e1 74.000 anos afetou todo o planeta e cientistas se surpreendem"}]},{"@type":"WebSite","@id":"https:\/\/www.correiobraziliense.com.br\/cbradar\/#website","url":"https:\/\/www.correiobraziliense.com.br\/cbradar\/","name":"Correio Braziliense - Radar","description":"Acompanhe as \u00faltimas not\u00edcias e fique bem informado sobre tudo o que acontece no Brasil e no mundo.","potentialAction":[{"@type":"SearchAction","target":{"@type":"EntryPoint","urlTemplate":"https:\/\/www.correiobraziliense.com.br\/cbradar\/?s={search_term_string}"},"query-input":{"@type":"PropertyValueSpecification","valueRequired":true,"valueName":"search_term_string"}}],"inLanguage":"pt-BR"},{"@type":"Person","@id":"https:\/\/www.correiobraziliense.com.br\/cbradar\/#\/schema\/person\/58422787644df994b53a19d3e56c1513","name":"Larissa Carvalho","image":{"@type":"ImageObject","inLanguage":"pt-BR","@id":"https:\/\/www.correiobraziliense.com.br\/cbradar\/#\/schema\/person\/image\/","url":"https:\/\/secure.gravatar.com\/avatar\/fe4f91a0de32b52a838d0d612abdc1aa?s=96&d=mm&r=g","contentUrl":"https:\/\/secure.gravatar.com\/avatar\/fe4f91a0de32b52a838d0d612abdc1aa?s=96&d=mm&r=g","caption":"Larissa Carvalho"},"url":"https:\/\/www.correiobraziliense.com.br\/cbradar\/author\/larissamyth\/"}]}},"_links":{"self":[{"href":"https:\/\/www.correiobraziliense.com.br\/cbradar\/wp-json\/wp\/v2\/posts\/108688","targetHints":{"allow":["GET"]}}],"collection":[{"href":"https:\/\/www.correiobraziliense.com.br\/cbradar\/wp-json\/wp\/v2\/posts"}],"about":[{"href":"https:\/\/www.correiobraziliense.com.br\/cbradar\/wp-json\/wp\/v2\/types\/post"}],"author":[{"embeddable":true,"href":"https:\/\/www.correiobraziliense.com.br\/cbradar\/wp-json\/wp\/v2\/users\/3"}],"replies":[{"embeddable":true,"href":"https:\/\/www.correiobraziliense.com.br\/cbradar\/wp-json\/wp\/v2\/comments?post=108688"}],"version-history":[{"count":2,"href":"https:\/\/www.correiobraziliense.com.br\/cbradar\/wp-json\/wp\/v2\/posts\/108688\/revisions"}],"predecessor-version":[{"id":108898,"href":"https:\/\/www.correiobraziliense.com.br\/cbradar\/wp-json\/wp\/v2\/posts\/108688\/revisions\/108898"}],"wp:featuredmedia":[{"embeddable":true,"href":"https:\/\/www.correiobraziliense.com.br\/cbradar\/wp-json\/wp\/v2\/media\/108690"}],"wp:attachment":[{"href":"https:\/\/www.correiobraziliense.com.br\/cbradar\/wp-json\/wp\/v2\/media?parent=108688"}],"wp:term":[{"taxonomy":"category","embeddable":true,"href":"https:\/\/www.correiobraziliense.com.br\/cbradar\/wp-json\/wp\/v2\/categories?post=108688"},{"taxonomy":"post_tag","embeddable":true,"href":"https:\/\/www.correiobraziliense.com.br\/cbradar\/wp-json\/wp\/v2\/post_tag?post=108688"}],"curies":[{"name":"wp","href":"https:\/\/api.w.org\/{rel}","templated":true}]}}