{"id":108698,"date":"2025-09-26T10:23:00","date_gmt":"2025-09-26T13:23:00","guid":{"rendered":"https:\/\/www.correiobraziliense.com.br\/cbradar\/?p=108698"},"modified":"2025-09-24T16:23:04","modified_gmt":"2025-09-24T19:23:04","slug":"a-lingua-mais-misteriosa-do-mundo-esta-nesse-lugar-do-brasil","status":"publish","type":"post","link":"https:\/\/www.correiobraziliense.com.br\/cbradar\/a-lingua-mais-misteriosa-do-mundo-esta-nesse-lugar-do-brasil\/","title":{"rendered":"A l\u00edngua mais misteriosa do mundo est\u00e1 nesse lugar do Brasil"},"content":{"rendered":"\n<p>A l\u00edngua <strong>Pirah\u00e3<\/strong>, falada por uma tribo amaz\u00f4nica, \u00e9 considerada uma das mais misteriosas do mundo. Este idioma intriga por n\u00e3o possuir palavras para n\u00fameros, n\u00e3o nomear cores e n\u00e3o utilizar passado ou futuro em sua gram\u00e1tica. Descubra como essa estrutura reflete a vida pr\u00e1tica e imediata da comunidade<\/p>\n\n\n\n<ul class=\"wp-block-list\">\n<li>O <strong>m\u00e9todo de comunica\u00e7\u00e3o<\/strong> dos Pirah\u00e3 desafia teorias lingu\u00edsticas tradicionais.<\/li>\n\n\n\n<li>Linguistas, como <strong>Daniel Everett<\/strong>, estudaram por d\u00e9cadas essa linguagem.<\/li>\n\n\n\n<li>Compara\u00e7\u00f5es com outros dialetos como o <em>Silbo Gomero<\/em> destacam sua singularidade.<\/li>\n<\/ul>\n\n\n\n<h2 class=\"wp-block-heading\">Como a comunidade Pirah\u00e3 vive sem n\u00fameros ou cores?<\/h2>\n\n\n\n<p>O povo <strong>Pirah\u00e3<\/strong> organiza suas vidas de forma pr\u00e1tica, focando sempre no presente. A aus\u00eancia de termos para n\u00fameros e cores refor\u00e7a seu modo de viver imediato e singular.<\/p>\n\n\n\n<h2 class=\"wp-block-heading\">O que diz a pesquisa de Daniel Everett?<\/h2>\n\n\n\n<p>Daniel Everett, um linguista renomado, dedicou seu trabalho ao estudo do idioma Pirah\u00e3. Ele prop\u00f5e que a gram\u00e1tica do Pirah\u00e3 desafia a teoria da gram\u00e1tica universal, afirmando que n\u00e3o h\u00e1 um sistema gramatical comum a todas as l\u00ednguas humanas.<\/p>\n\n\n\n<figure class=\"wp-block-image size-full\"><img decoding=\"async\" width=\"1280\" height=\"720\" src=\"https:\/\/www.correiobraziliense.com.br\/cbradar\/wp-content\/uploads\/2025\/09\/floresta-amazoniac_1758710638838.jpg\" alt=\"O Fascinante Idioma Pirah\u00e3: Mist\u00e9rios e Descobertas na Linguagem da Amaz\u00f4nia\" class=\"wp-image-108702\" srcset=\"https:\/\/www.correiobraziliense.com.br\/cbradar\/wp-content\/uploads\/2025\/09\/floresta-amazoniac_1758710638838.jpg 1280w, https:\/\/www.correiobraziliense.com.br\/cbradar\/wp-content\/uploads\/2025\/09\/floresta-amazoniac_1758710638838-300x169.jpg 300w, https:\/\/www.correiobraziliense.com.br\/cbradar\/wp-content\/uploads\/2025\/09\/floresta-amazoniac_1758710638838-1024x576.jpg 1024w, https:\/\/www.correiobraziliense.com.br\/cbradar\/wp-content\/uploads\/2025\/09\/floresta-amazoniac_1758710638838-768x432.jpg 768w, https:\/\/www.correiobraziliense.com.br\/cbradar\/wp-content\/uploads\/2025\/09\/floresta-amazoniac_1758710638838-750x422.jpg 750w, https:\/\/www.correiobraziliense.com.br\/cbradar\/wp-content\/uploads\/2025\/09\/floresta-amazoniac_1758710638838-1140x641.jpg 1140w\" sizes=\"(max-width: 1280px) 100vw, 1280px\" \/><figcaption class=\"wp-element-caption\">Floresta Amaz\u00f4nica\nCr\u00e9ditos: depositphotos.com \/ gustavofrazao<\/figcaption><\/figure>\n\n\n\n<h2 class=\"wp-block-heading\">Existem outros idiomas t\u00e3o \u00fanicos quanto o Pirah\u00e3?<\/h2>\n\n\n\n<p>O <strong>Silbo Gomero<\/strong>, um idioma de assobios das Ilhas Can\u00e1rias, \u00e9 um exemplo de outro modo <strong>inusitado<\/strong> de comunica\u00e7\u00e3o. Embora menos comum, ele ilustra a diversidade lingu\u00edstica do planeta.<\/p>\n\n\n\n<p><strong>Dica r\u00e1pida:<\/strong> Idiomas como o Pirah\u00e3 mostram a criatividade e adaptabilidade humana na comunica\u00e7\u00e3o.<\/p>\n\n\n\n<h2 class=\"wp-block-heading\">Reflex\u00e3o: o que o Pirah\u00e3 revela sobre a mente humana?<\/h2>\n\n\n\n<p>Se os Pirah\u00e3 vivem sem n\u00fameros, cores ou conceito de futuro em sua linguagem, isso levanta quest\u00f5es sobre os limites e potencialidades da mente humana e sobre a diversidade cultural do <strong>Brasil<\/strong>.<\/p>\n\n\n\n<ul class=\"wp-block-list\">\n<li>O idioma Pirah\u00e3 reflete uma <strong>forma de vida \u00fanica<\/strong>, diferente do modo ocidental.<\/li>\n\n\n\n<li>A aus\u00eancia de um futuro lingu\u00edstico n\u00e3o impede um <strong>viver pleno e rico<\/strong>.<\/li>\n\n\n\n<li>Essa diversidade desafia as no\u00e7\u00f5es tradicionais sobre linguagem e cultura.<\/li>\n<\/ul>\n\n\n\n<p>Leia tamb\u00e9m: <a href=\"https:\/\/www.correiobraziliense.com.br\/cbradar\/5-destinos-para-vivenciar-a-cultura-indigena-no-brasil\/\" target=\"_blank\" rel=\"noreferrer noopener\">5 destinos para vivenciar a cultura ind\u00edgena no Brasil<\/a><\/p>\n","protected":false},"excerpt":{"rendered":"<p>Descubra o enigm\u00e1tico idioma Pirah\u00e3, sem n\u00fameros ou cores, que desafia a gram\u00e1tica universal e reflete a vida \u00fanica de sua tribo na Amaz\u00f4nia.<\/p>\n","protected":false},"author":3,"featured_media":108700,"comment_status":"open","ping_status":"open","sticky":false,"template":"","format":"standard","meta":{"_yoast_wpseo_focuskw":"l\u00edngua mais misteriosa do mundo","_yoast_wpseo_title":"%%title%%","_yoast_wpseo_metadesc":"Descubra o enigm\u00e1tico idioma Pirah\u00e3, sem n\u00fameros ou cores, que desafia a gram\u00e1tica universal e reflete a vida \u00fanica de sua tribo na Amaz\u00f4nia.","jnews-multi-image_gallery":[],"jnews_single_post":{"format":"standard"},"jnews_primary_category":[],"jnews_social_meta":[],"jnews_override_counter":[],"footnotes":""},"categories":[112],"tags":[3903,10473],"class_list":["post-108698","post","type-post","status-publish","format-standard","has-post-thumbnail","hentry","category-curiosidades","tag-idioma","tag-indigena"],"yoast_head":"<!-- This site is optimized with the Yoast SEO plugin v24.6 - https:\/\/yoast.com\/wordpress\/plugins\/seo\/ -->\n<title>A l\u00edngua mais misteriosa do mundo est\u00e1 nesse lugar do Brasil<\/title>\n<meta name=\"description\" content=\"Descubra o enigm\u00e1tico idioma Pirah\u00e3, sem n\u00fameros ou cores, que desafia a gram\u00e1tica universal e reflete a vida \u00fanica de sua tribo na Amaz\u00f4nia.\" \/>\n<meta name=\"robots\" content=\"index, follow, max-snippet:-1, max-image-preview:large, max-video-preview:-1\" \/>\n<link rel=\"canonical\" href=\"https:\/\/www.correiobraziliense.com.br\/cbradar\/a-lingua-mais-misteriosa-do-mundo-esta-nesse-lugar-do-brasil\/\" \/>\n<meta property=\"og:locale\" content=\"pt_BR\" \/>\n<meta property=\"og:type\" content=\"article\" \/>\n<meta property=\"og:title\" content=\"A l\u00edngua mais misteriosa do mundo est\u00e1 nesse lugar do Brasil\" \/>\n<meta property=\"og:description\" content=\"Descubra o enigm\u00e1tico idioma Pirah\u00e3, sem n\u00fameros ou cores, que desafia a gram\u00e1tica universal e reflete a vida \u00fanica de sua tribo na Amaz\u00f4nia.\" \/>\n<meta property=\"og:url\" content=\"https:\/\/www.correiobraziliense.com.br\/cbradar\/a-lingua-mais-misteriosa-do-mundo-esta-nesse-lugar-do-brasil\/\" \/>\n<meta property=\"og:site_name\" content=\"Correio Braziliense - Radar\" \/>\n<meta property=\"article:published_time\" content=\"2025-09-26T13:23:00+00:00\" \/>\n<meta property=\"og:image\" content=\"https:\/\/www.correiobraziliense.com.br\/cbradar\/wp-content\/uploads\/2025\/09\/indigena_1758710594743.jpg\" \/>\n\t<meta property=\"og:image:width\" content=\"1280\" \/>\n\t<meta property=\"og:image:height\" content=\"720\" \/>\n\t<meta property=\"og:image:type\" content=\"image\/jpeg\" \/>\n<meta name=\"author\" content=\"Larissa Carvalho\" \/>\n<meta name=\"twitter:card\" content=\"summary_large_image\" \/>\n<meta name=\"twitter:label1\" content=\"Escrito por\" \/>\n\t<meta name=\"twitter:data1\" content=\"Larissa Carvalho\" \/>\n\t<meta name=\"twitter:label2\" content=\"Est. tempo de leitura\" \/>\n\t<meta name=\"twitter:data2\" content=\"3 minutos\" \/>\n<!-- \/ Yoast SEO plugin. -->","yoast_head_json":{"title":"A l\u00edngua mais misteriosa do mundo est\u00e1 nesse lugar do Brasil","description":"Descubra o enigm\u00e1tico idioma Pirah\u00e3, sem n\u00fameros ou cores, que desafia a gram\u00e1tica universal e reflete a vida \u00fanica de sua tribo na Amaz\u00f4nia.","robots":{"index":"index","follow":"follow","max-snippet":"max-snippet:-1","max-image-preview":"max-image-preview:large","max-video-preview":"max-video-preview:-1"},"canonical":"https:\/\/www.correiobraziliense.com.br\/cbradar\/a-lingua-mais-misteriosa-do-mundo-esta-nesse-lugar-do-brasil\/","og_locale":"pt_BR","og_type":"article","og_title":"A l\u00edngua mais misteriosa do mundo est\u00e1 nesse lugar do Brasil","og_description":"Descubra o enigm\u00e1tico idioma Pirah\u00e3, sem n\u00fameros ou cores, que desafia a gram\u00e1tica universal e reflete a vida \u00fanica de sua tribo na Amaz\u00f4nia.","og_url":"https:\/\/www.correiobraziliense.com.br\/cbradar\/a-lingua-mais-misteriosa-do-mundo-esta-nesse-lugar-do-brasil\/","og_site_name":"Correio Braziliense - Radar","article_published_time":"2025-09-26T13:23:00+00:00","og_image":[{"width":1280,"height":720,"url":"https:\/\/www.correiobraziliense.com.br\/cbradar\/wp-content\/uploads\/2025\/09\/indigena_1758710594743.jpg","type":"image\/jpeg"}],"author":"Larissa Carvalho","twitter_card":"summary_large_image","twitter_misc":{"Escrito por":"Larissa Carvalho","Est. tempo de leitura":"3 minutos"},"schema":{"@context":"https:\/\/schema.org","@graph":[{"@type":"WebPage","@id":"https:\/\/www.correiobraziliense.com.br\/cbradar\/a-lingua-mais-misteriosa-do-mundo-esta-nesse-lugar-do-brasil\/","url":"https:\/\/www.correiobraziliense.com.br\/cbradar\/a-lingua-mais-misteriosa-do-mundo-esta-nesse-lugar-do-brasil\/","name":"A l\u00edngua mais misteriosa do mundo est\u00e1 nesse lugar do Brasil","isPartOf":{"@id":"https:\/\/www.correiobraziliense.com.br\/cbradar\/#website"},"primaryImageOfPage":{"@id":"https:\/\/www.correiobraziliense.com.br\/cbradar\/a-lingua-mais-misteriosa-do-mundo-esta-nesse-lugar-do-brasil\/#primaryimage"},"image":{"@id":"https:\/\/www.correiobraziliense.com.br\/cbradar\/a-lingua-mais-misteriosa-do-mundo-esta-nesse-lugar-do-brasil\/#primaryimage"},"thumbnailUrl":"https:\/\/www.correiobraziliense.com.br\/cbradar\/wp-content\/uploads\/2025\/09\/indigena_1758710594743.jpg","datePublished":"2025-09-26T13:23:00+00:00","author":{"@id":"https:\/\/www.correiobraziliense.com.br\/cbradar\/#\/schema\/person\/58422787644df994b53a19d3e56c1513"},"description":"Descubra o enigm\u00e1tico idioma Pirah\u00e3, sem n\u00fameros ou cores, que desafia a gram\u00e1tica universal e reflete a vida \u00fanica de sua tribo na Amaz\u00f4nia.","breadcrumb":{"@id":"https:\/\/www.correiobraziliense.com.br\/cbradar\/a-lingua-mais-misteriosa-do-mundo-esta-nesse-lugar-do-brasil\/#breadcrumb"},"inLanguage":"pt-BR","potentialAction":[{"@type":"ReadAction","target":["https:\/\/www.correiobraziliense.com.br\/cbradar\/a-lingua-mais-misteriosa-do-mundo-esta-nesse-lugar-do-brasil\/"]}]},{"@type":"ImageObject","inLanguage":"pt-BR","@id":"https:\/\/www.correiobraziliense.com.br\/cbradar\/a-lingua-mais-misteriosa-do-mundo-esta-nesse-lugar-do-brasil\/#primaryimage","url":"https:\/\/www.correiobraziliense.com.br\/cbradar\/wp-content\/uploads\/2025\/09\/indigena_1758710594743.jpg","contentUrl":"https:\/\/www.correiobraziliense.com.br\/cbradar\/wp-content\/uploads\/2025\/09\/indigena_1758710594743.jpg","width":1280,"height":720,"caption":"Ind\u00edgenas Cr\u00e9ditos: depositphotos.com \/ chenws"},{"@type":"BreadcrumbList","@id":"https:\/\/www.correiobraziliense.com.br\/cbradar\/a-lingua-mais-misteriosa-do-mundo-esta-nesse-lugar-do-brasil\/#breadcrumb","itemListElement":[{"@type":"ListItem","position":1,"name":"In\u00edcio","item":"https:\/\/www.correiobraziliense.com.br\/cbradar\/"},{"@type":"ListItem","position":2,"name":"A l\u00edngua mais misteriosa do mundo est\u00e1 nesse lugar do Brasil"}]},{"@type":"WebSite","@id":"https:\/\/www.correiobraziliense.com.br\/cbradar\/#website","url":"https:\/\/www.correiobraziliense.com.br\/cbradar\/","name":"Correio Braziliense - Radar","description":"Acompanhe as \u00faltimas not\u00edcias e fique bem informado sobre tudo o que acontece no Brasil e no mundo.","potentialAction":[{"@type":"SearchAction","target":{"@type":"EntryPoint","urlTemplate":"https:\/\/www.correiobraziliense.com.br\/cbradar\/?s={search_term_string}"},"query-input":{"@type":"PropertyValueSpecification","valueRequired":true,"valueName":"search_term_string"}}],"inLanguage":"pt-BR"},{"@type":"Person","@id":"https:\/\/www.correiobraziliense.com.br\/cbradar\/#\/schema\/person\/58422787644df994b53a19d3e56c1513","name":"Larissa Carvalho","image":{"@type":"ImageObject","inLanguage":"pt-BR","@id":"https:\/\/www.correiobraziliense.com.br\/cbradar\/#\/schema\/person\/image\/","url":"https:\/\/secure.gravatar.com\/avatar\/fe4f91a0de32b52a838d0d612abdc1aa?s=96&d=mm&r=g","contentUrl":"https:\/\/secure.gravatar.com\/avatar\/fe4f91a0de32b52a838d0d612abdc1aa?s=96&d=mm&r=g","caption":"Larissa Carvalho"},"url":"https:\/\/www.correiobraziliense.com.br\/cbradar\/author\/larissamyth\/"}]}},"_links":{"self":[{"href":"https:\/\/www.correiobraziliense.com.br\/cbradar\/wp-json\/wp\/v2\/posts\/108698","targetHints":{"allow":["GET"]}}],"collection":[{"href":"https:\/\/www.correiobraziliense.com.br\/cbradar\/wp-json\/wp\/v2\/posts"}],"about":[{"href":"https:\/\/www.correiobraziliense.com.br\/cbradar\/wp-json\/wp\/v2\/types\/post"}],"author":[{"embeddable":true,"href":"https:\/\/www.correiobraziliense.com.br\/cbradar\/wp-json\/wp\/v2\/users\/3"}],"replies":[{"embeddable":true,"href":"https:\/\/www.correiobraziliense.com.br\/cbradar\/wp-json\/wp\/v2\/comments?post=108698"}],"version-history":[{"count":2,"href":"https:\/\/www.correiobraziliense.com.br\/cbradar\/wp-json\/wp\/v2\/posts\/108698\/revisions"}],"predecessor-version":[{"id":108901,"href":"https:\/\/www.correiobraziliense.com.br\/cbradar\/wp-json\/wp\/v2\/posts\/108698\/revisions\/108901"}],"wp:featuredmedia":[{"embeddable":true,"href":"https:\/\/www.correiobraziliense.com.br\/cbradar\/wp-json\/wp\/v2\/media\/108700"}],"wp:attachment":[{"href":"https:\/\/www.correiobraziliense.com.br\/cbradar\/wp-json\/wp\/v2\/media?parent=108698"}],"wp:term":[{"taxonomy":"category","embeddable":true,"href":"https:\/\/www.correiobraziliense.com.br\/cbradar\/wp-json\/wp\/v2\/categories?post=108698"},{"taxonomy":"post_tag","embeddable":true,"href":"https:\/\/www.correiobraziliense.com.br\/cbradar\/wp-json\/wp\/v2\/tags?post=108698"}],"curies":[{"name":"wp","href":"https:\/\/api.w.org\/{rel}","templated":true}]}}