{"id":109063,"date":"2025-09-26T06:33:00","date_gmt":"2025-09-26T09:33:00","guid":{"rendered":"https:\/\/www.correiobraziliense.com.br\/cbradar\/?p=109063"},"modified":"2025-09-24T18:51:53","modified_gmt":"2025-09-24T21:51:53","slug":"os-segredos-da-mente-que-aumentam-sua-capacidade-de-aprender","status":"publish","type":"post","link":"https:\/\/www.correiobraziliense.com.br\/cbradar\/os-segredos-da-mente-que-aumentam-sua-capacidade-de-aprender\/","title":{"rendered":"Os segredos da mente que aumentam sua capacidade de aprender"},"content":{"rendered":"\n<p>A capacidade de <strong>aprender<\/strong> racionalmente nos distingue de outras esp\u00e9cies e est\u00e1 profundamente ligada ao funcionamento do <strong>c\u00e9rebro<\/strong>. Compreender os processos que ocorrem no c\u00e9rebro durante a <strong>aprendizagem<\/strong> pode nos ajudar a aprimorar nossas habilidades cognitivas. Este artigo explora como o c\u00e9rebro aprende e os fatores que o impactam.<\/p>\n\n\n\n<ul class=\"wp-block-list\">\n<li>Import\u00e2ncia das <strong>sinapses<\/strong> e da neuroplasticidade na aprendizagem.<\/li>\n\n\n\n<li>Rela\u00e7\u00e3o entre aprendizagem, <strong>mem\u00f3ria<\/strong> e <strong>sono<\/strong>.<\/li>\n\n\n\n<li>Impacto da nutri\u00e7\u00e3o e do exerc\u00edcio f\u00edsico no desempenho cognitivo.<\/li>\n<\/ul>\n\n\n\n<h2 class=\"wp-block-heading\">Como o c\u00e9rebro aprende?<\/h2>\n\n\n\n<p>A aprendizagem \u00e9 uma mudan\u00e7a duradoura no comportamento e no pensamento. Os <strong>neur\u00f4nios<\/strong> permitem o transporte de informa\u00e7\u00f5es atrav\u00e9s das <strong>sinapses<\/strong>, essenciais para o fortalecimento da mem\u00f3ria e habilidades. A <strong>neuroplasticidade<\/strong> \u00e9 fundamental, pois possibilita ao c\u00e9rebro se reorganizar de acordo com as experi\u00eancias vividas. Recentemente, pesquisas evidenciam que o envolvimento emocional durante o aprendizado tamb\u00e9m influencia positivamente a fixa\u00e7\u00e3o de novas informa\u00e7\u00f5es e a forma\u00e7\u00e3o de mem\u00f3rias de longa dura\u00e7\u00e3o.<\/p>\n\n\n\n<h2 class=\"wp-block-heading\">O papel do sono na aprendizagem<\/h2>\n\n\n\n<p>O descanso adequado \u00e9 crucial para o fortalecimento da aprendizagem. Durante o sono, especialmente na fase n\u00e3o REM, o <strong>c\u00e9rebro<\/strong> refor\u00e7a as mem\u00f3rias do dia anterior. A exposi\u00e7\u00e3o a est\u00edmulos associados pode melhorar a reten\u00e7\u00e3o do que foi aprendido.<\/p>\n\n\n\n<p><strong>Aten\u00e7\u00e3o:<\/strong> Embora o sono consolide a aprendizagem, ele n\u00e3o adquire novos comportamentos.<\/p>\n\n\n\n<figure class=\"wp-block-image size-large\"><img decoding=\"async\" width=\"1024\" height=\"576\" src=\"https:\/\/www.correiobraziliense.com.br\/cbradar\/wp-content\/uploads\/2025\/09\/cerebro_1758750698663-1024x576.jpg\" alt=\"Os segredos da mente que aumentam sua capacidade de aprender\" class=\"wp-image-109073\" srcset=\"https:\/\/www.correiobraziliense.com.br\/cbradar\/wp-content\/uploads\/2025\/09\/cerebro_1758750698663-1024x576.jpg 1024w, https:\/\/www.correiobraziliense.com.br\/cbradar\/wp-content\/uploads\/2025\/09\/cerebro_1758750698663-300x169.jpg 300w, https:\/\/www.correiobraziliense.com.br\/cbradar\/wp-content\/uploads\/2025\/09\/cerebro_1758750698663-768x432.jpg 768w, https:\/\/www.correiobraziliense.com.br\/cbradar\/wp-content\/uploads\/2025\/09\/cerebro_1758750698663-750x422.jpg 750w, https:\/\/www.correiobraziliense.com.br\/cbradar\/wp-content\/uploads\/2025\/09\/cerebro_1758750698663-1140x641.jpg 1140w, https:\/\/www.correiobraziliense.com.br\/cbradar\/wp-content\/uploads\/2025\/09\/cerebro_1758750698663.jpg 1280w\" sizes=\"(max-width: 1024px) 100vw, 1024px\" \/><figcaption class=\"wp-element-caption\">c\u00e9rebro. Cr\u00e9ditos: depositphotos.com \/ AndrewLozovyi<\/figcaption><\/figure>\n\n\n\n<h2 class=\"wp-block-heading\">Nutri\u00e7\u00e3o e exerc\u00edcio: chaves para uma melhor aprendizagem<\/h2>\n\n\n\n<p>Uma dieta equilibrada, rica em frutas e vegetais, juntamente com um estilo de vida ativo, promovem melhor desempenho cognitivo. O exerc\u00edcio, especialmente o aer\u00f3bico, aprimora certas \u00e1reas do c\u00e9rebro, potencializando a aprendizagem e a mem\u00f3ria.<\/p>\n\n\n\n<p>O exerc\u00edcio f\u00edsico aumenta o volume das regi\u00f5es do <strong>hipocampo<\/strong>, mostrando efeitos positivos no desempenho cognitivo. Al\u00e9m disso, nutrientes como \u00f4mega-3, encontrados em peixes, e antioxidantes presentes em frutas vermelhas, desempenham papel importante na prote\u00e7\u00e3o e no funcionamento saud\u00e1vel do c\u00e9rebro.<\/p>\n\n\n\n<h2 class=\"wp-block-heading\">Fatores que impactam a aprendizagem<\/h2>\n\n\n\n<p>A <strong>estimula\u00e7\u00e3o cerebral<\/strong> por meio de t\u00e9cnicas el\u00e9tricas ou magn\u00e9ticas apresentou resultados promissores na melhoria da aprendizagem. Embora atualmente sejam mais comuns na reabilita\u00e7\u00e3o motora, os avan\u00e7os nessa \u00e1rea est\u00e3o em expans\u00e3o. Outro fator relevante \u00e9 o ambiente de estudo: ambientes ricos em est\u00edmulos, organizados e sem distra\u00e7\u00f5es favorecem a concentra\u00e7\u00e3o e o aprendizado eficiente.<\/p>\n\n\n\n<p><strong>Leia tamb\u00e9m:<\/strong> <a href=\"https:\/\/www.correiobraziliense.com.br\/cbradar\/o-que-acontece-no-seu-cerebro-quando-voce-consome-creatina\/\" target=\"_blank\" rel=\"noreferrer noopener\">O que acontece no seu c\u00e9rebro quando voc\u00ea consome creatina?<\/a><\/p>\n\n\n\n<h2 class=\"wp-block-heading\">A aprendizagem do c\u00e9rebro<\/h2>\n\n\n\n<ul class=\"wp-block-list\">\n<li>A <strong>neuroplasticidade<\/strong> permite ao c\u00e9rebro adaptar-se e melhorar por meio da aprendizagem e das experi\u00eancias de vida.<\/li>\n\n\n\n<li>O <strong>sono<\/strong> \u00e9 vital para consolidar o aprendizado e fortalecer as mem\u00f3rias.<\/li>\n\n\n\n<li>Um estilo de vida saud\u00e1vel, que inclua nutri\u00e7\u00e3o adequada e exerc\u00edcio f\u00edsico, potencializa o desempenho cognitivo.<\/li>\n<\/ul>\n","protected":false},"excerpt":{"rendered":"<p>Aprenda como o c\u00e9rebro humano, com suas 86 bilh\u00f5es de neur\u00f4nios, molda o aprendizado atrav\u00e9s da neuroplasticidade e est\u00edmulos.<\/p>\n","protected":false},"author":3,"featured_media":109071,"comment_status":"open","ping_status":"open","sticky":false,"template":"","format":"standard","meta":{"_yoast_wpseo_focuskw":"segredos mente capacidade aprender","_yoast_wpseo_title":"%%title%%","_yoast_wpseo_metadesc":"Aprenda como o c\u00e9rebro humano, com suas 86 bilh\u00f5es de neur\u00f4nios, molda o aprendizado atrav\u00e9s da neuroplasticidade e est\u00edmulos.","jnews-multi-image_gallery":[],"jnews_single_post":{"format":"standard"},"jnews_primary_category":[],"jnews_social_meta":[],"jnews_override_counter":[],"footnotes":""},"categories":[112],"tags":[698,3559,144,565],"class_list":["post-109063","post","type-post","status-publish","format-standard","has-post-thumbnail","hentry","category-curiosidades","tag-cerebro","tag-corpo-humano","tag-curiosidades","tag-saude"],"yoast_head":"<!-- This site is optimized with the Yoast SEO plugin v24.6 - https:\/\/yoast.com\/wordpress\/plugins\/seo\/ -->\n<title>Os segredos da mente que aumentam sua capacidade de aprender<\/title>\n<meta name=\"description\" content=\"Aprenda como o c\u00e9rebro humano, com suas 86 bilh\u00f5es de neur\u00f4nios, molda o aprendizado atrav\u00e9s da neuroplasticidade e est\u00edmulos.\" \/>\n<meta name=\"robots\" content=\"index, follow, max-snippet:-1, max-image-preview:large, max-video-preview:-1\" \/>\n<link rel=\"canonical\" href=\"https:\/\/www.correiobraziliense.com.br\/cbradar\/os-segredos-da-mente-que-aumentam-sua-capacidade-de-aprender\/\" \/>\n<meta property=\"og:locale\" content=\"pt_BR\" \/>\n<meta property=\"og:type\" content=\"article\" \/>\n<meta property=\"og:title\" content=\"Os segredos da mente que aumentam sua capacidade de aprender\" \/>\n<meta property=\"og:description\" content=\"Aprenda como o c\u00e9rebro humano, com suas 86 bilh\u00f5es de neur\u00f4nios, molda o aprendizado atrav\u00e9s da neuroplasticidade e est\u00edmulos.\" \/>\n<meta property=\"og:url\" content=\"https:\/\/www.correiobraziliense.com.br\/cbradar\/os-segredos-da-mente-que-aumentam-sua-capacidade-de-aprender\/\" \/>\n<meta property=\"og:site_name\" content=\"Correio Braziliense - Radar\" \/>\n<meta property=\"article:published_time\" content=\"2025-09-26T09:33:00+00:00\" \/>\n<meta property=\"og:image\" content=\"https:\/\/www.correiobraziliense.com.br\/cbradar\/wp-content\/uploads\/2025\/09\/cerebro_1758750673873.jpg\" \/>\n\t<meta property=\"og:image:width\" content=\"1280\" \/>\n\t<meta property=\"og:image:height\" content=\"720\" \/>\n\t<meta property=\"og:image:type\" content=\"image\/jpeg\" \/>\n<meta name=\"author\" content=\"Larissa Carvalho\" \/>\n<meta name=\"twitter:card\" content=\"summary_large_image\" \/>\n<meta name=\"twitter:label1\" content=\"Escrito por\" \/>\n\t<meta name=\"twitter:data1\" content=\"Larissa Carvalho\" \/>\n\t<meta name=\"twitter:label2\" content=\"Est. tempo de leitura\" \/>\n\t<meta name=\"twitter:data2\" content=\"3 minutos\" \/>\n<!-- \/ Yoast SEO plugin. -->","yoast_head_json":{"title":"Os segredos da mente que aumentam sua capacidade de aprender","description":"Aprenda como o c\u00e9rebro humano, com suas 86 bilh\u00f5es de neur\u00f4nios, molda o aprendizado atrav\u00e9s da neuroplasticidade e est\u00edmulos.","robots":{"index":"index","follow":"follow","max-snippet":"max-snippet:-1","max-image-preview":"max-image-preview:large","max-video-preview":"max-video-preview:-1"},"canonical":"https:\/\/www.correiobraziliense.com.br\/cbradar\/os-segredos-da-mente-que-aumentam-sua-capacidade-de-aprender\/","og_locale":"pt_BR","og_type":"article","og_title":"Os segredos da mente que aumentam sua capacidade de aprender","og_description":"Aprenda como o c\u00e9rebro humano, com suas 86 bilh\u00f5es de neur\u00f4nios, molda o aprendizado atrav\u00e9s da neuroplasticidade e est\u00edmulos.","og_url":"https:\/\/www.correiobraziliense.com.br\/cbradar\/os-segredos-da-mente-que-aumentam-sua-capacidade-de-aprender\/","og_site_name":"Correio Braziliense - Radar","article_published_time":"2025-09-26T09:33:00+00:00","og_image":[{"width":1280,"height":720,"url":"https:\/\/www.correiobraziliense.com.br\/cbradar\/wp-content\/uploads\/2025\/09\/cerebro_1758750673873.jpg","type":"image\/jpeg"}],"author":"Larissa Carvalho","twitter_card":"summary_large_image","twitter_misc":{"Escrito por":"Larissa Carvalho","Est. tempo de leitura":"3 minutos"},"schema":{"@context":"https:\/\/schema.org","@graph":[{"@type":"WebPage","@id":"https:\/\/www.correiobraziliense.com.br\/cbradar\/os-segredos-da-mente-que-aumentam-sua-capacidade-de-aprender\/","url":"https:\/\/www.correiobraziliense.com.br\/cbradar\/os-segredos-da-mente-que-aumentam-sua-capacidade-de-aprender\/","name":"Os segredos da mente que aumentam sua capacidade de aprender","isPartOf":{"@id":"https:\/\/www.correiobraziliense.com.br\/cbradar\/#website"},"primaryImageOfPage":{"@id":"https:\/\/www.correiobraziliense.com.br\/cbradar\/os-segredos-da-mente-que-aumentam-sua-capacidade-de-aprender\/#primaryimage"},"image":{"@id":"https:\/\/www.correiobraziliense.com.br\/cbradar\/os-segredos-da-mente-que-aumentam-sua-capacidade-de-aprender\/#primaryimage"},"thumbnailUrl":"https:\/\/www.correiobraziliense.com.br\/cbradar\/wp-content\/uploads\/2025\/09\/cerebro_1758750673873.jpg","datePublished":"2025-09-26T09:33:00+00:00","author":{"@id":"https:\/\/www.correiobraziliense.com.br\/cbradar\/#\/schema\/person\/58422787644df994b53a19d3e56c1513"},"description":"Aprenda como o c\u00e9rebro humano, com suas 86 bilh\u00f5es de neur\u00f4nios, molda o aprendizado atrav\u00e9s da neuroplasticidade e est\u00edmulos.","breadcrumb":{"@id":"https:\/\/www.correiobraziliense.com.br\/cbradar\/os-segredos-da-mente-que-aumentam-sua-capacidade-de-aprender\/#breadcrumb"},"inLanguage":"pt-BR","potentialAction":[{"@type":"ReadAction","target":["https:\/\/www.correiobraziliense.com.br\/cbradar\/os-segredos-da-mente-que-aumentam-sua-capacidade-de-aprender\/"]}]},{"@type":"ImageObject","inLanguage":"pt-BR","@id":"https:\/\/www.correiobraziliense.com.br\/cbradar\/os-segredos-da-mente-que-aumentam-sua-capacidade-de-aprender\/#primaryimage","url":"https:\/\/www.correiobraziliense.com.br\/cbradar\/wp-content\/uploads\/2025\/09\/cerebro_1758750673873.jpg","contentUrl":"https:\/\/www.correiobraziliense.com.br\/cbradar\/wp-content\/uploads\/2025\/09\/cerebro_1758750673873.jpg","width":1280,"height":720,"caption":"c\u00e9rebro. Cr\u00e9ditos: depositphotos.com \/ KostyaKlimenko"},{"@type":"BreadcrumbList","@id":"https:\/\/www.correiobraziliense.com.br\/cbradar\/os-segredos-da-mente-que-aumentam-sua-capacidade-de-aprender\/#breadcrumb","itemListElement":[{"@type":"ListItem","position":1,"name":"In\u00edcio","item":"https:\/\/www.correiobraziliense.com.br\/cbradar\/"},{"@type":"ListItem","position":2,"name":"Os segredos da mente que aumentam sua capacidade de aprender"}]},{"@type":"WebSite","@id":"https:\/\/www.correiobraziliense.com.br\/cbradar\/#website","url":"https:\/\/www.correiobraziliense.com.br\/cbradar\/","name":"Correio Braziliense - Radar","description":"Acompanhe as \u00faltimas not\u00edcias e fique bem informado sobre tudo o que acontece no Brasil e no mundo.","potentialAction":[{"@type":"SearchAction","target":{"@type":"EntryPoint","urlTemplate":"https:\/\/www.correiobraziliense.com.br\/cbradar\/?s={search_term_string}"},"query-input":{"@type":"PropertyValueSpecification","valueRequired":true,"valueName":"search_term_string"}}],"inLanguage":"pt-BR"},{"@type":"Person","@id":"https:\/\/www.correiobraziliense.com.br\/cbradar\/#\/schema\/person\/58422787644df994b53a19d3e56c1513","name":"Larissa Carvalho","image":{"@type":"ImageObject","inLanguage":"pt-BR","@id":"https:\/\/www.correiobraziliense.com.br\/cbradar\/#\/schema\/person\/image\/","url":"https:\/\/secure.gravatar.com\/avatar\/fe4f91a0de32b52a838d0d612abdc1aa?s=96&d=mm&r=g","contentUrl":"https:\/\/secure.gravatar.com\/avatar\/fe4f91a0de32b52a838d0d612abdc1aa?s=96&d=mm&r=g","caption":"Larissa Carvalho"},"url":"https:\/\/www.correiobraziliense.com.br\/cbradar\/author\/larissamyth\/"}]}},"_links":{"self":[{"href":"https:\/\/www.correiobraziliense.com.br\/cbradar\/wp-json\/wp\/v2\/posts\/109063","targetHints":{"allow":["GET"]}}],"collection":[{"href":"https:\/\/www.correiobraziliense.com.br\/cbradar\/wp-json\/wp\/v2\/posts"}],"about":[{"href":"https:\/\/www.correiobraziliense.com.br\/cbradar\/wp-json\/wp\/v2\/types\/post"}],"author":[{"embeddable":true,"href":"https:\/\/www.correiobraziliense.com.br\/cbradar\/wp-json\/wp\/v2\/users\/3"}],"replies":[{"embeddable":true,"href":"https:\/\/www.correiobraziliense.com.br\/cbradar\/wp-json\/wp\/v2\/comments?post=109063"}],"version-history":[{"count":2,"href":"https:\/\/www.correiobraziliense.com.br\/cbradar\/wp-json\/wp\/v2\/posts\/109063\/revisions"}],"predecessor-version":[{"id":109074,"href":"https:\/\/www.correiobraziliense.com.br\/cbradar\/wp-json\/wp\/v2\/posts\/109063\/revisions\/109074"}],"wp:featuredmedia":[{"embeddable":true,"href":"https:\/\/www.correiobraziliense.com.br\/cbradar\/wp-json\/wp\/v2\/media\/109071"}],"wp:attachment":[{"href":"https:\/\/www.correiobraziliense.com.br\/cbradar\/wp-json\/wp\/v2\/media?parent=109063"}],"wp:term":[{"taxonomy":"category","embeddable":true,"href":"https:\/\/www.correiobraziliense.com.br\/cbradar\/wp-json\/wp\/v2\/categories?post=109063"},{"taxonomy":"post_tag","embeddable":true,"href":"https:\/\/www.correiobraziliense.com.br\/cbradar\/wp-json\/wp\/v2\/tags?post=109063"}],"curies":[{"name":"wp","href":"https:\/\/api.w.org\/{rel}","templated":true}]}}