{"id":109132,"date":"2025-09-26T17:03:00","date_gmt":"2025-09-26T20:03:00","guid":{"rendered":"https:\/\/www.correiobraziliense.com.br\/cbradar\/?p=109132"},"modified":"2025-09-24T19:54:48","modified_gmt":"2025-09-24T22:54:48","slug":"10-habitos-cotidianos-que-podem-estar-envelhecendo-seu-cerebro-sem-que-voce-perceba","status":"publish","type":"post","link":"https:\/\/www.correiobraziliense.com.br\/cbradar\/10-habitos-cotidianos-que-podem-estar-envelhecendo-seu-cerebro-sem-que-voce-perceba\/","title":{"rendered":"10 h\u00e1bitos cotidianos que podem estar envelhecendo seu c\u00e9rebro sem que voc\u00ea perceba"},"content":{"rendered":"\n<p>Todos nos preocupamos com rugas e cabelos grisalhos, mas e quanto ao nosso <strong>c\u00e9rebro<\/strong>? \u00c9 f\u00e1cil esquecer que as <strong>escolhas di\u00e1rias<\/strong> n\u00e3o afetam apenas nossos corpos \u2013 elas tamb\u00e9m impactam nossas mentes. Pesquisas indicam cada vez mais que certos <strong>h\u00e1bitos<\/strong>, especialmente aqueles que subestimamos como &#8220;n\u00e3o s\u00e3o nada demais&#8221;, est\u00e3o acelerando o envelhecimento cerebral de formas que muitos de n\u00f3s n\u00e3o percebemos.<\/p>\n\n\n\n<ul class=\"wp-block-list\">\n<li>Priva\u00e7\u00e3o de sono afeta a mem\u00f3ria e aumenta o risco de Alzheimer.<\/li>\n\n\n\n<li>Estresse cr\u00f4nico tem impacto direto na sa\u00fade cerebral.<\/li>\n\n\n\n<li>Dietas inadequadas promovem inflama\u00e7\u00e3o e estresse oxidativo.<\/li>\n<\/ul>\n\n\n\n<h2 class=\"wp-block-heading\">Por que o sono adequado \u00e9 crucial para a sa\u00fade cerebral?<\/h2>\n\n\n\n<p><strong>O sono<\/strong> n\u00e3o \u00e9 s\u00f3 um tempo de descanso. \u00c9 quando o c\u00e9rebro consolida mem\u00f3rias, elimina res\u00edduos metab\u00f3licos e se reinicia. A falta cont\u00ednua de sono ou interrup\u00e7\u00f5es frequentes est\u00e3o ligadas ao aumento de placas amiloides (um marco do Alzheimer) e outras mudan\u00e7as estruturais no <strong>c\u00e9rebro<\/strong>.<\/p>\n\n\n\n<p>Priorize de 7 a 9 horas de qualidade de sono com hor\u00e1rios consistentes para dormir e acordar. Crie um ambiente de sono escuro, fresco e silencioso. Evite telas pelo menos uma hora antes de deitar-se. Se ins\u00f4nia ou apneia do sono forem um problema, busque ajuda. Al\u00e9m disso, considere adotar rotinas relaxantes, como leitura leve ou medita\u00e7\u00e3o, para preparar o corpo e a mente para o descanso.<\/p>\n\n\n\n<h2 class=\"wp-block-heading\">Como o estresse cr\u00f4nico danifica o c\u00e9rebro?<\/h2>\n\n\n\n<p><strong>O estresse<\/strong> em pequenas doses pode aumentar a percep\u00e7\u00e3o, mas o <strong>estresse cr\u00f4nico<\/strong> libera cortisol e outros horm\u00f4nios que danificam o hipocampo (crucial para a <strong>mem\u00f3ria<\/strong> e aprendizagem) e prejudicam a flexibilidade cognitiva.<\/p>\n\n\n\n<p>Desenvolva ferramentas di\u00e1rias de gerenciamento de estresse: <strong>mindfulness<\/strong>, exerc\u00edcios de respira\u00e7\u00e3o, caminhadas ou yoga, conversar com amigos ou profissionais. Pausas curtas durante o dia tamb\u00e9m fazem a diferen\u00e7a. Alguns estudos recentes mostram que passatempos criativos como pintura, m\u00fasica ou jardinagem tamb\u00e9m t\u00eam efeitos positivos na redu\u00e7\u00e3o do estresse.<\/p>\n\n\n\n<h2 class=\"wp-block-heading\">A import\u00e2ncia da atividade f\u00edsica regular<\/h2>\n\n\n\n<p>Ficar sentado por muito tempo reduz o fluxo sangu\u00edneo para o c\u00e9rebro, menor oxigena\u00e7\u00e3o, menos sinais de crescimento (como o BDNF &#8211; fator neurotr\u00f3fico derivado do c\u00e9rebro), o que est\u00e1 associado ao afinamento das \u00e1reas de mem\u00f3ria e risco elevado de dem\u00eancia.<\/p>\n\n\n\n<p>Mova-se regularmente. At\u00e9 caminhadas leves contam. Divida per\u00edodos longos de sedentarismo levantando-se, alongando-se ou caminhando. Almeje atividades aer\u00f3bicas de intensidade moderada mais exerc\u00edcios de fortalecimento na maioria dos dias. Dan\u00e7as e esportes coletivos tamb\u00e9m s\u00e3o \u00f3timas op\u00e7\u00f5es para estimular corpo e mente simultaneamente.<\/p>\n\n\n\n<h2 class=\"wp-block-heading\">Como a dieta influencia a sa\u00fade do c\u00e9rebro?<\/h2>\n\n\n\n<p>O que voc\u00ea come literalmente ajuda a formar as c\u00e9lulas do seu <strong>c\u00e9rebro<\/strong> e proteg\u00ea-las. Dietas ricas em alimentos processados, a\u00e7\u00facares refinados, gorduras trans e pobres em frutas, vegetais, gr\u00e3os integrais e \u00f4mega-3 promovem a inflama\u00e7\u00e3o e o estresse oxidativo \u2013 todos prejudiciais para o c\u00e9rebro.<\/p>\n\n\n\n<p>Fa\u00e7a a transi\u00e7\u00e3o para uma dieta no estilo mediterr\u00e2neo: vegetais e frutas coloridos, gorduras saud\u00e1veis (nozes, azeite, peixe gordo), gr\u00e3os integrais. Reduza bebidas a\u00e7ucaradas, lanches e alimentos fortemente processados. Suplementar com vitamina D e antioxidantes, sob orienta\u00e7\u00e3o m\u00e9dica, pode complementar a prote\u00e7\u00e3o cerebral.<\/p>\n\n\n\n<h2 class=\"wp-block-heading\">O papel do entretenimento mental<\/h2>\n\n\n\n<p>Deixar seu <strong>c\u00e9rebro<\/strong> &#8220;descansar&#8221; sem novos aprendizados ou tarefas desafiadoras \u00e9 como deixar m\u00fasculos atrofiar. Ler, quebra-cabe\u00e7as, aprender uma <strong>nova habilidade<\/strong> ou idioma ajudam a construir reserva cognitiva \u2013 desacelerando o decl\u00ednio.<\/p>\n\n\n\n<p>Tente algo novo ocasionalmente. Retome um hobby que sempre quis. Fa\u00e7a jogos mentais, fa\u00e7a cursos. Pequenas mudan\u00e7as, como alterar a rota para casa ou cozinhar novas receitas, tamb\u00e9m ajudam. Participar de grupos de estudos ou clubes de leitura potencializa ainda mais a gin\u00e1stica cerebral.<\/p>\n\n\n\n<h2 class=\"wp-block-heading\">Conex\u00f5es sociais e sa\u00fade cerebral<\/h2>\n\n\n\n<p>Os humanos s\u00e3o programados para conex\u00e3o. Quando carecemos de intera\u00e7\u00e3o social ou rela\u00e7\u00f5es significativas, o risco de decl\u00ednio cognitivo aumenta. Intera\u00e7\u00f5es sociais estimulam m\u00faltiplas regi\u00f5es do <strong>c\u00e9rebro<\/strong>: linguagem, empatia, mem\u00f3ria.<\/p>\n\n\n\n<p>Reserve tempo para amigos e fam\u00edlia. Participe de grupos, clubes, voluntarismo. At\u00e9 mesmo telefonemas ou videochamadas contam. Foque na qualidade: conversas significativas, experi\u00eancias compartilhadas. Mesmo la\u00e7os comunit\u00e1rios, como vizinhan\u00e7a ou a\u00e7\u00f5es volunt\u00e1rias, t\u00eam impacto positivo comprovado no envelhecimento saud\u00e1vel.<\/p>\n\n\n\n<figure class=\"wp-block-image size-large\"><img decoding=\"async\" width=\"1024\" height=\"576\" src=\"https:\/\/www.correiobraziliense.com.br\/cbradar\/wp-content\/uploads\/2025\/09\/pessoa-no-hospital_1758754457601-1024x576.jpg\" alt=\"10 h\u00e1bitos cotidianos que podem estar envelhecendo seu c\u00e9rebro sem que voc\u00ea perceba\" class=\"wp-image-109135\" srcset=\"https:\/\/www.correiobraziliense.com.br\/cbradar\/wp-content\/uploads\/2025\/09\/pessoa-no-hospital_1758754457601-1024x576.jpg 1024w, https:\/\/www.correiobraziliense.com.br\/cbradar\/wp-content\/uploads\/2025\/09\/pessoa-no-hospital_1758754457601-300x169.jpg 300w, https:\/\/www.correiobraziliense.com.br\/cbradar\/wp-content\/uploads\/2025\/09\/pessoa-no-hospital_1758754457601-768x432.jpg 768w, https:\/\/www.correiobraziliense.com.br\/cbradar\/wp-content\/uploads\/2025\/09\/pessoa-no-hospital_1758754457601-750x422.jpg 750w, https:\/\/www.correiobraziliense.com.br\/cbradar\/wp-content\/uploads\/2025\/09\/pessoa-no-hospital_1758754457601-1140x641.jpg 1140w, https:\/\/www.correiobraziliense.com.br\/cbradar\/wp-content\/uploads\/2025\/09\/pessoa-no-hospital_1758754457601.jpg 1280w\" sizes=\"(max-width: 1024px) 100vw, 1024px\" \/><figcaption class=\"wp-element-caption\">pessoa no hospital. Cr\u00e9ditos: depositphotos.com \/ AlexLipa<\/figcaption><\/figure>\n\n\n\n<h2 class=\"wp-block-heading\">O impacto da perda auditiva<\/h2>\n\n\n\n<p><strong>A perda auditiva<\/strong> \u00e9 mais do que um aborrecimento. Quando a audi\u00e7\u00e3o declina, o <strong>c\u00e9rebro<\/strong> precisa trabalhar mais para preencher lacunas \u2013 a carga cognitiva aumenta.<\/p>\n\n\n\n<p>Se suspeitar de problemas de audi\u00e7\u00e3o, fa\u00e7a testes. Use aparelhos auditivos se necess\u00e1rio. Verifica\u00e7\u00f5es auditivas regulares s\u00e3o frequentemente negligenciadas, mas podem trazer enormes benef\u00edcios para a sa\u00fade do <strong>c\u00e9rebro<\/strong>. Manter a comunica\u00e7\u00e3o ativa, mesmo com limita\u00e7\u00f5es auditivas, \u00e9 essencial para n\u00e3o isolar o c\u00e9rebro de est\u00edmulos importantes.<\/p>\n\n\n\n<h2 class=\"wp-block-heading\">Os malef\u00edcios do multitasking<\/h2>\n\n\n\n<p>Em nossas vidas saturadas de dispositivos digitais, alternar entre tarefas constantemente, conferir telefones e fazer v\u00e1rias coisas ao mesmo tempo \u00e9 normal. Mas isso reduz a <strong>produtividade<\/strong>, aumenta a fadiga mental e reduz a capacidade de se concentrar profundamente.<\/p>\n\n\n\n<p>Pratique o foco em uma \u00fanica tarefa: concentre-se em uma coisa de cada vez. Limite distra\u00e7\u00f5es: desligue notifica\u00e7\u00f5es, fa\u00e7a blocos de tempo para trabalho profundo. D\u00ea ao seu <strong>c\u00e9rebro<\/strong> pausas para &#8220;respirar&#8221;. T\u00e9cnicas de produtividade como Pomodoro ou m\u00e9todos de mindfulness digital podem ajudar muito nesta adapta\u00e7\u00e3o.<\/p>\n\n\n\n<h2 class=\"wp-block-heading\">Consumir \u00e1lcool: quanto \u00e9 demais?<\/h2>\n\n\n\n<p>O consumo de <strong>\u00e1lcool<\/strong> em quantidades moderadas pode ser socialmente aceit\u00e1vel, mas beber frequentemente ou em excesso est\u00e1 claramente ligado a decl\u00ednios na estrutura e fun\u00e7\u00e3o cerebral.<\/p>\n\n\n\n<p>Se consumir, fa\u00e7a-o com modera\u00e7\u00e3o. Considere reduzir. Explore alternativas (bebidas n\u00e3o alco\u00f3licas, sa\u00eddas sociais que n\u00e3o giram em torno da bebida). Se o uso de subst\u00e2ncias for mais que ocasional, procure apoio profissional. Lembre tamb\u00e9m que per\u00edodos de abstin\u00eancia promovem uma melhora mensur\u00e1vel na disposi\u00e7\u00e3o mental.<\/p>\n\n\n\n<h2 class=\"wp-block-heading\">Polui\u00e7\u00e3o do ar e desgaste cerebral<\/h2>\n\n\n\n<p>Exposi\u00e7\u00e3o prolongada \u00e0 <strong>polui\u00e7\u00e3o<\/strong> do ar est\u00e1 associada a envelhecimento cerebral acelerado e risco aumentado de decl\u00ednio cognitivo.<\/p>\n\n\n\n<p>Reduza sua exposi\u00e7\u00e3o: use purificadores de ar internos; evite \u00e1reas de tr\u00e1fego intenso; evite fuma\u00e7a de tabaco. Apoie pol\u00edticas e mudan\u00e7as ambientais. Mantenha plantas em ambientes fechados, pois elas tamb\u00e9m contribuem para filtragem do ar e bem-estar em geral.<\/p>\n\n\n\n<h2 class=\"wp-block-heading\">Como reverter o envelhecimento cerebral?<\/h2>\n\n\n\n<ul class=\"wp-block-list\">\n<li>Muitas mudan\u00e7as associadas ao envelhecimento s\u00e3o revers\u00edveis, especialmente se detectadas precocemente.<\/li>\n\n\n\n<li>Construir &#8220;reserva cognitiva&#8221; por meio de bons <strong>h\u00e1bitos<\/strong> fortalece o <strong>c\u00e9rebro<\/strong>.<\/li>\n\n\n\n<li>Escolher uma pequena mudan\u00e7a positiva pode comprar mais resili\u00eancia e clareza mental.<\/li>\n<\/ul>\n","protected":false},"excerpt":{"rendered":"<p>Descubra 10 h\u00e1bitos di\u00e1rios que podem estar envelhecendo seu c\u00e9rebro silenciosamente. Transforme seu dia a dia e preserve sua sa\u00fade mental!<\/p>\n","protected":false},"author":3,"featured_media":109134,"comment_status":"open","ping_status":"open","sticky":false,"template":"","format":"standard","meta":{"_yoast_wpseo_focuskw":"h\u00e1bitos envelhecendo c\u00e9rebro","_yoast_wpseo_title":"%%title%%","_yoast_wpseo_metadesc":"Descubra 10 h\u00e1bitos di\u00e1rios que podem estar envelhecendo seu c\u00e9rebro silenciosamente. Transforme seu dia a dia e preserve sua sa\u00fade mental!","jnews-multi-image_gallery":[],"jnews_single_post":{"format":"standard"},"jnews_primary_category":[],"jnews_social_meta":[],"jnews_override_counter":[],"footnotes":""},"categories":[112],"tags":[698,3559,144,565],"class_list":["post-109132","post","type-post","status-publish","format-standard","has-post-thumbnail","hentry","category-curiosidades","tag-cerebro","tag-corpo-humano","tag-curiosidades","tag-saude"],"yoast_head":"<!-- This site is optimized with the Yoast SEO plugin v24.6 - https:\/\/yoast.com\/wordpress\/plugins\/seo\/ -->\n<title>10 h\u00e1bitos cotidianos que podem estar envelhecendo seu c\u00e9rebro sem que voc\u00ea perceba<\/title>\n<meta name=\"description\" content=\"Descubra 10 h\u00e1bitos di\u00e1rios que podem estar envelhecendo seu c\u00e9rebro silenciosamente. Transforme seu dia a dia e preserve sua sa\u00fade mental!\" \/>\n<meta name=\"robots\" content=\"index, follow, max-snippet:-1, max-image-preview:large, max-video-preview:-1\" \/>\n<link rel=\"canonical\" href=\"https:\/\/www.correiobraziliense.com.br\/cbradar\/10-habitos-cotidianos-que-podem-estar-envelhecendo-seu-cerebro-sem-que-voce-perceba\/\" \/>\n<meta property=\"og:locale\" content=\"pt_BR\" \/>\n<meta property=\"og:type\" content=\"article\" \/>\n<meta property=\"og:title\" content=\"10 h\u00e1bitos cotidianos que podem estar envelhecendo seu c\u00e9rebro sem que voc\u00ea perceba\" \/>\n<meta property=\"og:description\" content=\"Descubra 10 h\u00e1bitos di\u00e1rios que podem estar envelhecendo seu c\u00e9rebro silenciosamente. Transforme seu dia a dia e preserve sua sa\u00fade mental!\" \/>\n<meta property=\"og:url\" content=\"https:\/\/www.correiobraziliense.com.br\/cbradar\/10-habitos-cotidianos-que-podem-estar-envelhecendo-seu-cerebro-sem-que-voce-perceba\/\" \/>\n<meta property=\"og:site_name\" content=\"Correio Braziliense - Radar\" \/>\n<meta property=\"article:published_time\" content=\"2025-09-26T20:03:00+00:00\" \/>\n<meta property=\"og:image\" content=\"https:\/\/www.correiobraziliense.com.br\/cbradar\/wp-content\/uploads\/2025\/09\/pessoa-no-hospital_1758754230823.jpg\" \/>\n\t<meta property=\"og:image:width\" content=\"1280\" \/>\n\t<meta property=\"og:image:height\" content=\"720\" \/>\n\t<meta property=\"og:image:type\" content=\"image\/jpeg\" \/>\n<meta name=\"author\" content=\"Larissa Carvalho\" \/>\n<meta name=\"twitter:card\" content=\"summary_large_image\" \/>\n<meta name=\"twitter:label1\" content=\"Escrito por\" \/>\n\t<meta name=\"twitter:data1\" content=\"Larissa Carvalho\" \/>\n\t<meta name=\"twitter:label2\" content=\"Est. tempo de leitura\" \/>\n\t<meta name=\"twitter:data2\" content=\"6 minutos\" \/>\n<!-- \/ Yoast SEO plugin. -->","yoast_head_json":{"title":"10 h\u00e1bitos cotidianos que podem estar envelhecendo seu c\u00e9rebro sem que voc\u00ea perceba","description":"Descubra 10 h\u00e1bitos di\u00e1rios que podem estar envelhecendo seu c\u00e9rebro silenciosamente. Transforme seu dia a dia e preserve sua sa\u00fade mental!","robots":{"index":"index","follow":"follow","max-snippet":"max-snippet:-1","max-image-preview":"max-image-preview:large","max-video-preview":"max-video-preview:-1"},"canonical":"https:\/\/www.correiobraziliense.com.br\/cbradar\/10-habitos-cotidianos-que-podem-estar-envelhecendo-seu-cerebro-sem-que-voce-perceba\/","og_locale":"pt_BR","og_type":"article","og_title":"10 h\u00e1bitos cotidianos que podem estar envelhecendo seu c\u00e9rebro sem que voc\u00ea perceba","og_description":"Descubra 10 h\u00e1bitos di\u00e1rios que podem estar envelhecendo seu c\u00e9rebro silenciosamente. Transforme seu dia a dia e preserve sua sa\u00fade mental!","og_url":"https:\/\/www.correiobraziliense.com.br\/cbradar\/10-habitos-cotidianos-que-podem-estar-envelhecendo-seu-cerebro-sem-que-voce-perceba\/","og_site_name":"Correio Braziliense - Radar","article_published_time":"2025-09-26T20:03:00+00:00","og_image":[{"width":1280,"height":720,"url":"https:\/\/www.correiobraziliense.com.br\/cbradar\/wp-content\/uploads\/2025\/09\/pessoa-no-hospital_1758754230823.jpg","type":"image\/jpeg"}],"author":"Larissa Carvalho","twitter_card":"summary_large_image","twitter_misc":{"Escrito por":"Larissa Carvalho","Est. tempo de leitura":"6 minutos"},"schema":{"@context":"https:\/\/schema.org","@graph":[{"@type":"WebPage","@id":"https:\/\/www.correiobraziliense.com.br\/cbradar\/10-habitos-cotidianos-que-podem-estar-envelhecendo-seu-cerebro-sem-que-voce-perceba\/","url":"https:\/\/www.correiobraziliense.com.br\/cbradar\/10-habitos-cotidianos-que-podem-estar-envelhecendo-seu-cerebro-sem-que-voce-perceba\/","name":"10 h\u00e1bitos cotidianos que podem estar envelhecendo seu c\u00e9rebro sem que voc\u00ea perceba","isPartOf":{"@id":"https:\/\/www.correiobraziliense.com.br\/cbradar\/#website"},"primaryImageOfPage":{"@id":"https:\/\/www.correiobraziliense.com.br\/cbradar\/10-habitos-cotidianos-que-podem-estar-envelhecendo-seu-cerebro-sem-que-voce-perceba\/#primaryimage"},"image":{"@id":"https:\/\/www.correiobraziliense.com.br\/cbradar\/10-habitos-cotidianos-que-podem-estar-envelhecendo-seu-cerebro-sem-que-voce-perceba\/#primaryimage"},"thumbnailUrl":"https:\/\/www.correiobraziliense.com.br\/cbradar\/wp-content\/uploads\/2025\/09\/pessoa-no-hospital_1758754230823.jpg","datePublished":"2025-09-26T20:03:00+00:00","author":{"@id":"https:\/\/www.correiobraziliense.com.br\/cbradar\/#\/schema\/person\/58422787644df994b53a19d3e56c1513"},"description":"Descubra 10 h\u00e1bitos di\u00e1rios que podem estar envelhecendo seu c\u00e9rebro silenciosamente. Transforme seu dia a dia e preserve sua sa\u00fade mental!","breadcrumb":{"@id":"https:\/\/www.correiobraziliense.com.br\/cbradar\/10-habitos-cotidianos-que-podem-estar-envelhecendo-seu-cerebro-sem-que-voce-perceba\/#breadcrumb"},"inLanguage":"pt-BR","potentialAction":[{"@type":"ReadAction","target":["https:\/\/www.correiobraziliense.com.br\/cbradar\/10-habitos-cotidianos-que-podem-estar-envelhecendo-seu-cerebro-sem-que-voce-perceba\/"]}]},{"@type":"ImageObject","inLanguage":"pt-BR","@id":"https:\/\/www.correiobraziliense.com.br\/cbradar\/10-habitos-cotidianos-que-podem-estar-envelhecendo-seu-cerebro-sem-que-voce-perceba\/#primaryimage","url":"https:\/\/www.correiobraziliense.com.br\/cbradar\/wp-content\/uploads\/2025\/09\/pessoa-no-hospital_1758754230823.jpg","contentUrl":"https:\/\/www.correiobraziliense.com.br\/cbradar\/wp-content\/uploads\/2025\/09\/pessoa-no-hospital_1758754230823.jpg","width":1280,"height":720,"caption":"pessoa no hospital. Cr\u00e9ditos: depositphotos.com \/ IgorTishenko"},{"@type":"BreadcrumbList","@id":"https:\/\/www.correiobraziliense.com.br\/cbradar\/10-habitos-cotidianos-que-podem-estar-envelhecendo-seu-cerebro-sem-que-voce-perceba\/#breadcrumb","itemListElement":[{"@type":"ListItem","position":1,"name":"In\u00edcio","item":"https:\/\/www.correiobraziliense.com.br\/cbradar\/"},{"@type":"ListItem","position":2,"name":"10 h\u00e1bitos cotidianos que podem estar envelhecendo seu c\u00e9rebro sem que voc\u00ea perceba"}]},{"@type":"WebSite","@id":"https:\/\/www.correiobraziliense.com.br\/cbradar\/#website","url":"https:\/\/www.correiobraziliense.com.br\/cbradar\/","name":"Correio Braziliense - Radar","description":"Acompanhe as \u00faltimas not\u00edcias e fique bem informado sobre tudo o que acontece no Brasil e no mundo.","potentialAction":[{"@type":"SearchAction","target":{"@type":"EntryPoint","urlTemplate":"https:\/\/www.correiobraziliense.com.br\/cbradar\/?s={search_term_string}"},"query-input":{"@type":"PropertyValueSpecification","valueRequired":true,"valueName":"search_term_string"}}],"inLanguage":"pt-BR"},{"@type":"Person","@id":"https:\/\/www.correiobraziliense.com.br\/cbradar\/#\/schema\/person\/58422787644df994b53a19d3e56c1513","name":"Larissa Carvalho","image":{"@type":"ImageObject","inLanguage":"pt-BR","@id":"https:\/\/www.correiobraziliense.com.br\/cbradar\/#\/schema\/person\/image\/","url":"https:\/\/secure.gravatar.com\/avatar\/fe4f91a0de32b52a838d0d612abdc1aa?s=96&d=mm&r=g","contentUrl":"https:\/\/secure.gravatar.com\/avatar\/fe4f91a0de32b52a838d0d612abdc1aa?s=96&d=mm&r=g","caption":"Larissa Carvalho"},"url":"https:\/\/www.correiobraziliense.com.br\/cbradar\/author\/larissamyth\/"}]}},"_links":{"self":[{"href":"https:\/\/www.correiobraziliense.com.br\/cbradar\/wp-json\/wp\/v2\/posts\/109132","targetHints":{"allow":["GET"]}}],"collection":[{"href":"https:\/\/www.correiobraziliense.com.br\/cbradar\/wp-json\/wp\/v2\/posts"}],"about":[{"href":"https:\/\/www.correiobraziliense.com.br\/cbradar\/wp-json\/wp\/v2\/types\/post"}],"author":[{"embeddable":true,"href":"https:\/\/www.correiobraziliense.com.br\/cbradar\/wp-json\/wp\/v2\/users\/3"}],"replies":[{"embeddable":true,"href":"https:\/\/www.correiobraziliense.com.br\/cbradar\/wp-json\/wp\/v2\/comments?post=109132"}],"version-history":[{"count":2,"href":"https:\/\/www.correiobraziliense.com.br\/cbradar\/wp-json\/wp\/v2\/posts\/109132\/revisions"}],"predecessor-version":[{"id":109136,"href":"https:\/\/www.correiobraziliense.com.br\/cbradar\/wp-json\/wp\/v2\/posts\/109132\/revisions\/109136"}],"wp:featuredmedia":[{"embeddable":true,"href":"https:\/\/www.correiobraziliense.com.br\/cbradar\/wp-json\/wp\/v2\/media\/109134"}],"wp:attachment":[{"href":"https:\/\/www.correiobraziliense.com.br\/cbradar\/wp-json\/wp\/v2\/media?parent=109132"}],"wp:term":[{"taxonomy":"category","embeddable":true,"href":"https:\/\/www.correiobraziliense.com.br\/cbradar\/wp-json\/wp\/v2\/categories?post=109132"},{"taxonomy":"post_tag","embeddable":true,"href":"https:\/\/www.correiobraziliense.com.br\/cbradar\/wp-json\/wp\/v2\/tags?post=109132"}],"curies":[{"name":"wp","href":"https:\/\/api.w.org\/{rel}","templated":true}]}}