{"id":10923,"date":"2025-03-10T12:30:00","date_gmt":"2025-03-10T15:30:00","guid":{"rendered":"https:\/\/www.correiobraziliense.com.br\/cbradar\/?p=10923"},"modified":"2025-03-09T21:32:45","modified_gmt":"2025-03-10T00:32:45","slug":"confira-lista-dos-30-carros-mais-vendidos-do-mes-de-fevereiro","status":"publish","type":"post","link":"https:\/\/www.correiobraziliense.com.br\/cbradar\/confira-lista-dos-30-carros-mais-vendidos-do-mes-de-fevereiro\/","title":{"rendered":"Confira lista dos 30 carros mais vendidos do m\u00eas de fevereiro"},"content":{"rendered":"\n<p>O mercado de autom\u00f3veis e comerciais leves no <strong><a href=\"https:\/\/www.correiobraziliense.com.br\/cbradar\/a-ilha-da-magia-brasileira-e-um-destino-imperdivel\/\" target=\"_blank\" rel=\"noreferrer noopener\">Brasil <\/a><\/strong>apresentou resultados positivos em fevereiro de <strong>2025<\/strong>, apesar de ser um m\u00eas mais curto. A <strong><a href=\"https:\/\/strada.fiat.com.br\/\" target=\"_blank\" rel=\"noreferrer noopener\">Fiat Strada<\/a><\/strong> liderou as vendas, reafirmando sua popularidade entre os consumidores. O <strong>Volkswagen Polo<\/strong> tamb\u00e9m se destacou, ocupando a segunda posi\u00e7\u00e3o no ranking de vendas.<\/p>\n\n\n\n<p>Os <strong>SUVs <\/strong>continuaram a atrair a aten\u00e7\u00e3o dos compradores, com o<strong> Volkswagen T-Cross <\/strong>liderando o segmento. Outros modelos como o <strong>Fiat Argo<\/strong> e o<strong> Fiat Mobi<\/strong> tamb\u00e9m figuraram entre os mais vendidos, mostrando a prefer\u00eancia dos brasileiros por ve\u00edculos compactos e eficientes.<\/p>\n\n\n\n<h2 class=\"wp-block-heading\"><strong>Quais foram os modelos mais vendidos em fevereiro de 2025?<\/strong><\/h2>\n\n\n\n<p>O ranking dos carros mais vendidos em fevereiro de<strong> 2025<\/strong> foi liderado pela <strong>Fiat Strada<\/strong>, com <strong>10.266<\/strong> unidades emplacadas. O <strong>Volkswagen Polo <\/strong>seguiu de perto, com <strong>7.961<\/strong> unidades vendidas. Entre os <strong>SUVs<\/strong>, o <strong>Volkswagen T-Cross<\/strong> foi o mais procurado, registrando <strong>6.555 <\/strong>unidades vendidas.<\/p>\n\n\n\n<p>O <strong>Fiat Argo<\/strong> e o<strong> Fiat Mobi<\/strong> tamb\u00e9m tiveram um bom desempenho, com <strong>6.307<\/strong> e <strong>5.549 <\/strong>unidades vendidas, respectivamente. O Toyota Corolla Cross se destacou entre os <strong>SUVs <\/strong>m\u00e9dios, enquanto o <strong>Hyundai Creta<\/strong> e o <strong>Renault Kwid<\/strong> mantiveram suas posi\u00e7\u00f5es de destaque no mercado.<\/p>\n\n\n<div class=\"wp-block-image\">\n<figure class=\"aligncenter size-large\"><img decoding=\"async\" width=\"1024\" height=\"576\" src=\"https:\/\/www.correiobraziliense.com.br\/cbradar\/wp-content\/uploads\/2025\/02\/carro_1740289625586-1024x576.jpg\" alt=\"Os carros mais econ\u00f4micos do Brasil em 2025 segundo Inmetro\" class=\"wp-image-5355\" srcset=\"https:\/\/www.correiobraziliense.com.br\/cbradar\/wp-content\/uploads\/2025\/02\/carro_1740289625586-1024x576.jpg 1024w, https:\/\/www.correiobraziliense.com.br\/cbradar\/wp-content\/uploads\/2025\/02\/carro_1740289625586-300x169.jpg 300w, https:\/\/www.correiobraziliense.com.br\/cbradar\/wp-content\/uploads\/2025\/02\/carro_1740289625586-768x432.jpg 768w, https:\/\/www.correiobraziliense.com.br\/cbradar\/wp-content\/uploads\/2025\/02\/carro_1740289625586-750x422.jpg 750w, https:\/\/www.correiobraziliense.com.br\/cbradar\/wp-content\/uploads\/2025\/02\/carro_1740289625586-1140x641.jpg 1140w, https:\/\/www.correiobraziliense.com.br\/cbradar\/wp-content\/uploads\/2025\/02\/carro_1740289625586.jpg 1280w\" sizes=\"(max-width: 1024px) 100vw, 1024px\" \/><figcaption class=\"wp-element-caption\">Cr\u00e9ditos: depositphotos.com \/ nito103<\/figcaption><\/figure><\/div>\n\n\n<h2 class=\"wp-block-heading\"><strong>Lista completa dos 30 carros mais vendidos em fevereiro de 2025<\/strong><\/h2>\n\n\n\n<ol class=\"wp-block-list\">\n<li><strong>Fiat Strada:<\/strong> 10.266 unidades<\/li>\n\n\n\n<li><strong>Volkswagen Polo:<\/strong> 7.961 unidades<\/li>\n\n\n\n<li><strong>Volkswagen T-Cross:<\/strong> 6.555 unidades<\/li>\n\n\n\n<li><strong>Fiat Argo:<\/strong> 6.307 unidades<\/li>\n\n\n\n<li><strong>Fiat Mobi:<\/strong> 5.549 unidades<\/li>\n\n\n\n<li><strong>Toyota Corolla Cross:<\/strong> 5.351 unidades<\/li>\n\n\n\n<li><strong>Hyundai Creta:<\/strong> 4.962 unidades<\/li>\n\n\n\n<li><strong>Renault Kwid:<\/strong> 4.913 unidades<\/li>\n\n\n\n<li><strong>Honda HR-V:<\/strong> 4.792 unidades<\/li>\n\n\n\n<li><strong>Chevrolet Onix: <\/strong>4.715 unidades<\/li>\n\n\n\n<li><strong>Volkswagen Saveiro:<\/strong> 4.701 unidades<\/li>\n\n\n\n<li><strong>Hyundai HB20:<\/strong> 4.561 unidades<\/li>\n\n\n\n<li><strong>Jeep Compass: <\/strong>4.303 unidades<\/li>\n\n\n\n<li><strong>Chevrolet Tracker:<\/strong> 4.035 unidades<\/li>\n\n\n\n<li><strong>Fiat Fastback:<\/strong> 3.772 unidades<\/li>\n\n\n\n<li><strong>Fiat Toro:<\/strong> 3.649 unidades<\/li>\n\n\n\n<li><strong>Jeep Renegade:<\/strong> 3.628 unidades<\/li>\n\n\n\n<li><strong>Toyota Corolla:<\/strong> 3.353 unidades<\/li>\n\n\n\n<li><strong>Fiat Pulse:<\/strong> 3.315 unidades<\/li>\n\n\n\n<li><strong>Nissan Kicks:<\/strong> 3.217 unidades<\/li>\n\n\n\n<li><strong>Toyota Hilux: <\/strong>3.057 unidades<\/li>\n\n\n\n<li><strong>Volkswagen Nivus:<\/strong> 2.958 unidades<\/li>\n\n\n\n<li><strong>BYD Song:<\/strong> 2.683 unidades<\/li>\n\n\n\n<li><strong>Volkswagen Virtus:<\/strong> 2.677 unidades<\/li>\n\n\n\n<li><strong>Chevrolet Onix Plus:<\/strong> 2.503 unidades<\/li>\n\n\n\n<li><strong>BYD Dolphin Mini:<\/strong> 2.399 unidades<\/li>\n\n\n\n<li><strong>Ford Ranger:<\/strong> 2.249 unidades<\/li>\n\n\n\n<li><strong>Caoa Chery Tiggo 7:<\/strong> 2.141 unidades<\/li>\n\n\n\n<li><strong>Fiat Cronos: <\/strong>2.101 unidades<\/li>\n\n\n\n<li><strong>Renault Kardian:<\/strong> 1.903 unidades<\/li>\n<\/ol>\n\n\n\n<h2 class=\"wp-block-heading\"><strong>Quais fatores influenciaram as vendas de autom\u00f3veis em fevereiro?<\/strong><\/h2>\n\n\n\n<p>V\u00e1rios fatores contribu\u00edram para o desempenho positivo do mercado automotivo em fevereiro de <strong>2025<\/strong>. A oferta de modelos variados e a competitividade entre as montadoras foram determinantes para atrair consumidores. Al\u00e9m disso, promo\u00e7\u00f5es e condi\u00e7\u00f5es de financiamento acess\u00edveis tamb\u00e9m impulsionaram as vendas.<\/p>\n\n\n\n<p>Outro fator importante foi a crescente demanda por SUVs, que continuam a ser uma prefer\u00eancia entre os consumidores brasileiros. A variedade de op\u00e7\u00f5es dentro desse segmento, desde compactos at\u00e9 m\u00e9dios, oferece alternativas para diferentes perfis de compradores.<\/p>\n\n\n\n<h2 class=\"wp-block-heading\"><strong>Perspectivas para o mercado automotivo em 2025<\/strong><\/h2>\n\n\n\n<p>As perspectivas para o mercado automotivo em 2025 s\u00e3o otimistas, com a expectativa de continuidade no crescimento das vendas. A inova\u00e7\u00e3o tecnol\u00f3gica e a introdu\u00e7\u00e3o de novos modelos, especialmente no segmento de ve\u00edculos el\u00e9tricos e h\u00edbridos, devem atrair ainda mais consumidores.<\/p>\n\n\n\n<p>As montadoras est\u00e3o investindo em tecnologias sustent\u00e1veis e em melhorias na efici\u00eancia dos ve\u00edculos, o que pode influenciar positivamente as vendas ao longo do ano. A tend\u00eancia \u00e9 que o mercado continue a se diversificar, oferecendo op\u00e7\u00f5es que atendam \u00e0s necessidades e prefer\u00eancias dos consumidores brasileiros.<\/p>\n","protected":false},"excerpt":{"rendered":"<p>O mercado de autom\u00f3veis e comerciais leves no Brasil apresentou resultados positivos em fevereiro de 2025, apesar de ser um m\u00eas mais curto. A Fiat Strada liderou as vendas, reafirmando sua popularidade entre os consumidores. O Volkswagen Polo tamb\u00e9m se destacou, ocupando a segunda posi\u00e7\u00e3o no ranking de vendas. Os SUVs continuaram a atrair a [&hellip;]<\/p>\n","protected":false},"author":8,"featured_media":7885,"comment_status":"open","ping_status":"open","sticky":false,"template":"","format":"standard","meta":{"_yoast_wpseo_focuskw":"Carros","_yoast_wpseo_title":"","_yoast_wpseo_metadesc":"Confira a lista dos 30 carros mais vendidos em fevereiro, os modelos mais procurados e as prefer\u00eancias dos consumidores no mercado automotivo!","jnews-multi-image_gallery":[],"jnews_single_post":{"format":"standard"},"jnews_primary_category":[],"jnews_social_meta":[],"jnews_override_counter":[],"footnotes":""},"categories":[122,169],"tags":[123,1455,654],"class_list":["post-10923","post","type-post","status-publish","format-standard","has-post-thumbnail","hentry","category-automobilismo","category-noticias","tag-carros","tag-carros-mais-vendidos","tag-listas"],"yoast_head":"<!-- This site is optimized with the Yoast SEO plugin v24.6 - https:\/\/yoast.com\/wordpress\/plugins\/seo\/ -->\n<title>Confira lista dos 30 carros mais vendidos do m\u00eas de fevereiro - Correio Braziliense - Radar<\/title>\n<meta name=\"description\" content=\"Confira a lista dos 30 carros mais vendidos em fevereiro, os modelos mais procurados e as prefer\u00eancias dos consumidores no mercado automotivo!\" \/>\n<meta name=\"robots\" content=\"index, follow, max-snippet:-1, max-image-preview:large, max-video-preview:-1\" \/>\n<link rel=\"canonical\" href=\"https:\/\/www.correiobraziliense.com.br\/cbradar\/confira-lista-dos-30-carros-mais-vendidos-do-mes-de-fevereiro\/\" \/>\n<meta property=\"og:locale\" content=\"pt_BR\" \/>\n<meta property=\"og:type\" content=\"article\" \/>\n<meta property=\"og:title\" content=\"Confira lista dos 30 carros mais vendidos do m\u00eas de fevereiro - Correio Braziliense - Radar\" \/>\n<meta property=\"og:description\" content=\"Confira a lista dos 30 carros mais vendidos em fevereiro, os modelos mais procurados e as prefer\u00eancias dos consumidores no mercado automotivo!\" \/>\n<meta property=\"og:url\" content=\"https:\/\/www.correiobraziliense.com.br\/cbradar\/confira-lista-dos-30-carros-mais-vendidos-do-mes-de-fevereiro\/\" \/>\n<meta property=\"og:site_name\" content=\"Correio Braziliense - Radar\" \/>\n<meta property=\"article:published_time\" content=\"2025-03-10T15:30:00+00:00\" \/>\n<meta property=\"og:image\" content=\"https:\/\/www.correiobraziliense.com.br\/cbradar\/wp-content\/uploads\/2025\/02\/carro_1740797867346.jpg\" \/>\n\t<meta property=\"og:image:width\" content=\"1280\" \/>\n\t<meta property=\"og:image:height\" content=\"720\" \/>\n\t<meta property=\"og:image:type\" content=\"image\/jpeg\" \/>\n<meta name=\"author\" content=\"Maura Pereira\" \/>\n<meta name=\"twitter:card\" content=\"summary_large_image\" \/>\n<meta name=\"twitter:label1\" content=\"Escrito por\" \/>\n\t<meta name=\"twitter:data1\" content=\"Maura Pereira\" \/>\n\t<meta name=\"twitter:label2\" content=\"Est. tempo de leitura\" \/>\n\t<meta name=\"twitter:data2\" content=\"4 minutos\" \/>\n<!-- \/ Yoast SEO plugin. -->","yoast_head_json":{"title":"Confira lista dos 30 carros mais vendidos do m\u00eas de fevereiro - Correio Braziliense - Radar","description":"Confira a lista dos 30 carros mais vendidos em fevereiro, os modelos mais procurados e as prefer\u00eancias dos consumidores no mercado automotivo!","robots":{"index":"index","follow":"follow","max-snippet":"max-snippet:-1","max-image-preview":"max-image-preview:large","max-video-preview":"max-video-preview:-1"},"canonical":"https:\/\/www.correiobraziliense.com.br\/cbradar\/confira-lista-dos-30-carros-mais-vendidos-do-mes-de-fevereiro\/","og_locale":"pt_BR","og_type":"article","og_title":"Confira lista dos 30 carros mais vendidos do m\u00eas de fevereiro - Correio Braziliense - Radar","og_description":"Confira a lista dos 30 carros mais vendidos em fevereiro, os modelos mais procurados e as prefer\u00eancias dos consumidores no mercado automotivo!","og_url":"https:\/\/www.correiobraziliense.com.br\/cbradar\/confira-lista-dos-30-carros-mais-vendidos-do-mes-de-fevereiro\/","og_site_name":"Correio Braziliense - Radar","article_published_time":"2025-03-10T15:30:00+00:00","og_image":[{"width":1280,"height":720,"url":"https:\/\/www.correiobraziliense.com.br\/cbradar\/wp-content\/uploads\/2025\/02\/carro_1740797867346.jpg","type":"image\/jpeg"}],"author":"Maura Pereira","twitter_card":"summary_large_image","twitter_misc":{"Escrito por":"Maura Pereira","Est. tempo de leitura":"4 minutos"},"schema":{"@context":"https:\/\/schema.org","@graph":[{"@type":"WebPage","@id":"https:\/\/www.correiobraziliense.com.br\/cbradar\/confira-lista-dos-30-carros-mais-vendidos-do-mes-de-fevereiro\/","url":"https:\/\/www.correiobraziliense.com.br\/cbradar\/confira-lista-dos-30-carros-mais-vendidos-do-mes-de-fevereiro\/","name":"Confira lista dos 30 carros mais vendidos do m\u00eas de fevereiro - Correio Braziliense - Radar","isPartOf":{"@id":"https:\/\/www.correiobraziliense.com.br\/cbradar\/#website"},"primaryImageOfPage":{"@id":"https:\/\/www.correiobraziliense.com.br\/cbradar\/confira-lista-dos-30-carros-mais-vendidos-do-mes-de-fevereiro\/#primaryimage"},"image":{"@id":"https:\/\/www.correiobraziliense.com.br\/cbradar\/confira-lista-dos-30-carros-mais-vendidos-do-mes-de-fevereiro\/#primaryimage"},"thumbnailUrl":"https:\/\/www.correiobraziliense.com.br\/cbradar\/wp-content\/uploads\/2025\/02\/carro_1740797867346.jpg","datePublished":"2025-03-10T15:30:00+00:00","author":{"@id":"https:\/\/www.correiobraziliense.com.br\/cbradar\/#\/schema\/person\/4053c651a9bfc785afc6f4cbc9032fd3"},"description":"Confira a lista dos 30 carros mais vendidos em fevereiro, os modelos mais procurados e as prefer\u00eancias dos consumidores no mercado automotivo!","breadcrumb":{"@id":"https:\/\/www.correiobraziliense.com.br\/cbradar\/confira-lista-dos-30-carros-mais-vendidos-do-mes-de-fevereiro\/#breadcrumb"},"inLanguage":"pt-BR","potentialAction":[{"@type":"ReadAction","target":["https:\/\/www.correiobraziliense.com.br\/cbradar\/confira-lista-dos-30-carros-mais-vendidos-do-mes-de-fevereiro\/"]}]},{"@type":"ImageObject","inLanguage":"pt-BR","@id":"https:\/\/www.correiobraziliense.com.br\/cbradar\/confira-lista-dos-30-carros-mais-vendidos-do-mes-de-fevereiro\/#primaryimage","url":"https:\/\/www.correiobraziliense.com.br\/cbradar\/wp-content\/uploads\/2025\/02\/carro_1740797867346.jpg","contentUrl":"https:\/\/www.correiobraziliense.com.br\/cbradar\/wp-content\/uploads\/2025\/02\/carro_1740797867346.jpg","width":1280,"height":720,"caption":"10 carros que s\u00e3o mais baratos do que parecem no Brasil \/\/ Cr\u00e9ditos: depositphotos.com \/ SashaKhalabuzar"},{"@type":"BreadcrumbList","@id":"https:\/\/www.correiobraziliense.com.br\/cbradar\/confira-lista-dos-30-carros-mais-vendidos-do-mes-de-fevereiro\/#breadcrumb","itemListElement":[{"@type":"ListItem","position":1,"name":"In\u00edcio","item":"https:\/\/www.correiobraziliense.com.br\/cbradar\/"},{"@type":"ListItem","position":2,"name":"Confira lista dos 30 carros mais vendidos do m\u00eas de fevereiro"}]},{"@type":"WebSite","@id":"https:\/\/www.correiobraziliense.com.br\/cbradar\/#website","url":"https:\/\/www.correiobraziliense.com.br\/cbradar\/","name":"Correio Braziliense - Radar","description":"Acompanhe as \u00faltimas not\u00edcias e fique bem informado sobre tudo o que acontece no Brasil e no mundo.","potentialAction":[{"@type":"SearchAction","target":{"@type":"EntryPoint","urlTemplate":"https:\/\/www.correiobraziliense.com.br\/cbradar\/?s={search_term_string}"},"query-input":{"@type":"PropertyValueSpecification","valueRequired":true,"valueName":"search_term_string"}}],"inLanguage":"pt-BR"},{"@type":"Person","@id":"https:\/\/www.correiobraziliense.com.br\/cbradar\/#\/schema\/person\/4053c651a9bfc785afc6f4cbc9032fd3","name":"Maura Pereira","image":{"@type":"ImageObject","inLanguage":"pt-BR","@id":"https:\/\/www.correiobraziliense.com.br\/cbradar\/#\/schema\/person\/image\/","url":"https:\/\/secure.gravatar.com\/avatar\/3effd6bdadfa447f15089c7f7144eaa6?s=96&d=mm&r=g","contentUrl":"https:\/\/secure.gravatar.com\/avatar\/3effd6bdadfa447f15089c7f7144eaa6?s=96&d=mm&r=g","caption":"Maura Pereira"},"sameAs":["https:\/\/www.correiobraziliense.com.br\/"],"url":"https:\/\/www.correiobraziliense.com.br\/cbradar\/author\/mauramyth\/"}]}},"_links":{"self":[{"href":"https:\/\/www.correiobraziliense.com.br\/cbradar\/wp-json\/wp\/v2\/posts\/10923","targetHints":{"allow":["GET"]}}],"collection":[{"href":"https:\/\/www.correiobraziliense.com.br\/cbradar\/wp-json\/wp\/v2\/posts"}],"about":[{"href":"https:\/\/www.correiobraziliense.com.br\/cbradar\/wp-json\/wp\/v2\/types\/post"}],"author":[{"embeddable":true,"href":"https:\/\/www.correiobraziliense.com.br\/cbradar\/wp-json\/wp\/v2\/users\/8"}],"replies":[{"embeddable":true,"href":"https:\/\/www.correiobraziliense.com.br\/cbradar\/wp-json\/wp\/v2\/comments?post=10923"}],"version-history":[{"count":7,"href":"https:\/\/www.correiobraziliense.com.br\/cbradar\/wp-json\/wp\/v2\/posts\/10923\/revisions"}],"predecessor-version":[{"id":10934,"href":"https:\/\/www.correiobraziliense.com.br\/cbradar\/wp-json\/wp\/v2\/posts\/10923\/revisions\/10934"}],"wp:featuredmedia":[{"embeddable":true,"href":"https:\/\/www.correiobraziliense.com.br\/cbradar\/wp-json\/wp\/v2\/media\/7885"}],"wp:attachment":[{"href":"https:\/\/www.correiobraziliense.com.br\/cbradar\/wp-json\/wp\/v2\/media?parent=10923"}],"wp:term":[{"taxonomy":"category","embeddable":true,"href":"https:\/\/www.correiobraziliense.com.br\/cbradar\/wp-json\/wp\/v2\/categories?post=10923"},{"taxonomy":"post_tag","embeddable":true,"href":"https:\/\/www.correiobraziliense.com.br\/cbradar\/wp-json\/wp\/v2\/tags?post=10923"}],"curies":[{"name":"wp","href":"https:\/\/api.w.org\/{rel}","templated":true}]}}