{"id":109285,"date":"2025-09-25T19:30:00","date_gmt":"2025-09-25T22:30:00","guid":{"rendered":"https:\/\/www.correiobraziliense.com.br\/cbradar\/?p=109285"},"modified":"2025-09-25T08:09:00","modified_gmt":"2025-09-25T11:09:00","slug":"6-sinais-que-seu-filho-tem-fomo-e-6-maneiras-de-ajudar","status":"publish","type":"post","link":"https:\/\/www.correiobraziliense.com.br\/cbradar\/6-sinais-que-seu-filho-tem-fomo-e-6-maneiras-de-ajudar\/","title":{"rendered":"6 sinais que seu filho tem \u2018FOMO\u2019 e 6 maneiras de ajudar"},"content":{"rendered":"\n<p>A sigla <strong>FOMO<\/strong> significa &#8220;Fear of Missing Out&#8221; ou &#8220;Medo de Perder Algo&#8221;. Crian\u00e7as e adolescentes, assim como adultos, podem experimentar essa sensa\u00e7\u00e3o, especialmente com a difus\u00e3o dos smartphones. Descubra como identificar e ajudar seu filho a lidar com esse medo comum.<\/p>\n\n\n\n<ul class=\"wp-block-list\">\n<li>Entenda o que \u00e9 FOMO e como surge<\/li>\n\n\n\n<li>Aprenda a reconhecer sinais de FOMO em seu filho<\/li>\n\n\n\n<li>Descubra estrat\u00e9gias eficazes para diminuir o impacto do FOMO<\/li>\n<\/ul>\n\n\n\n<h2 class=\"wp-block-heading\">O que \u00e9 FOMO e como ele afeta as crian\u00e7as?<\/h2>\n\n\n\n<p>O <strong>FOMO<\/strong> \u00e9 a ansiedade de estar exclu\u00eddo de eventos ou experi\u00eancias gratificantes. Com o uso crescente das redes sociais, essa sensa\u00e7\u00e3o est\u00e1 mais presente nas vidas dos jovens. Crian\u00e7as frequentemente veem o que n\u00e3o est\u00e3o fazendo, exacerbando esse sentimento quando encontram fotos ou v\u00eddeos de amigos se divertindo sem eles.<\/p>\n\n\n\n<p>Conforme apontado por especialistas em desenvolvimento infantil, a exposi\u00e7\u00e3o constante a essas situa\u00e7\u00f5es pode gerar <strong>inseguran\u00e7a<\/strong> e impacto negativo na autoestima.<\/p>\n\n\n\n<h2 class=\"wp-block-heading\">Quais s\u00e3o os sinais de FOMO no seu filho?<\/h2>\n\n\n\n<p>Identificar FOMO em crian\u00e7as pode ser dif\u00edcil. Fique atento a comportamentos como:<\/p>\n\n\n\n<ul class=\"wp-block-list\">\n<li>Preocupa\u00e7\u00e3o excessiva com <strong>popularidade<\/strong><\/li>\n\n\n\n<li>Ansiedade em estar &#8220;por fora&#8221; dos eventos sociais<\/li>\n\n\n\n<li>Insatisfa\u00e7\u00e3o ao ver publica\u00e7\u00f5es de amigos nas redes<\/li>\n<\/ul>\n\n\n\n<p>Esses sinais apontam que seu filho pode estar se sentindo inadequado ou com medo de perder oportunidades importantes.<\/p>\n\n\n\n<figure class=\"wp-block-image size-large\"><img decoding=\"async\" width=\"1024\" height=\"576\" src=\"https:\/\/www.correiobraziliense.com.br\/cbradar\/wp-content\/uploads\/2025\/09\/mae-e-filho_1758798409994-1024x576.jpg\" alt=\"6 sinais que seu filho tem \u2018FOMO\u2019 e 6 maneiras de ajudar\" class=\"wp-image-109288\" srcset=\"https:\/\/www.correiobraziliense.com.br\/cbradar\/wp-content\/uploads\/2025\/09\/mae-e-filho_1758798409994-1024x576.jpg 1024w, https:\/\/www.correiobraziliense.com.br\/cbradar\/wp-content\/uploads\/2025\/09\/mae-e-filho_1758798409994-300x169.jpg 300w, https:\/\/www.correiobraziliense.com.br\/cbradar\/wp-content\/uploads\/2025\/09\/mae-e-filho_1758798409994-768x432.jpg 768w, https:\/\/www.correiobraziliense.com.br\/cbradar\/wp-content\/uploads\/2025\/09\/mae-e-filho_1758798409994-750x422.jpg 750w, https:\/\/www.correiobraziliense.com.br\/cbradar\/wp-content\/uploads\/2025\/09\/mae-e-filho_1758798409994-1140x641.jpg 1140w, https:\/\/www.correiobraziliense.com.br\/cbradar\/wp-content\/uploads\/2025\/09\/mae-e-filho_1758798409994.jpg 1280w\" sizes=\"(max-width: 1024px) 100vw, 1024px\" \/><figcaption class=\"wp-element-caption\">m\u00e3e e filho. Cr\u00e9ditos: depositphotos.com \/ DimaKozitsyn<\/figcaption><\/figure>\n\n\n\n<h2 class=\"wp-block-heading\">Como ajudar seu filho a lidar com o FOMO?<\/h2>\n\n\n\n<p>Crian\u00e7as precisam de estrat\u00e9gias saud\u00e1veis para lidar com a ansiedade causada pelo FOMO. Aqui est\u00e3o algumas dicas:<\/p>\n\n\n\n<ul class=\"wp-block-list\">\n<li>Incentive atividades focadas no presente, como esportes ou hobbies<\/li>\n\n\n\n<li>Promova o <strong>di\u00e1logo aberto<\/strong> sobre sentimentos e inseguran\u00e7as<\/li>\n\n\n\n<li>Limite o tempo de tela para reduzir a exposi\u00e7\u00e3o excessiva \u00e0s redes sociais<\/li>\n<\/ul>\n\n\n\n<p>Ao aplicar essas t\u00e1ticas, voc\u00ea pode ajudar seu filho a desenvolver uma perspectiva mais equilibrada e confiante.<\/p>\n\n\n\n<h2 class=\"wp-block-heading\">Fortalecendo a autoestima e a conex\u00e3o familiar<\/h2>\n\n\n\n<p>Construir uma base s\u00f3lida de autoestima em seu filho \u00e9 uma estrat\u00e9gia eficaz contra o FOMO.<\/p>\n\n\n\n<p>Al\u00e9m disso, aumentar a <strong>conex\u00e3o familiar<\/strong> e o apoio emocional pode reduzir a necessidade de valida\u00e7\u00e3o externa. Lembre-se, uma crian\u00e7a segura \u00e9 menos propensa a sucumbir ao medo de perder algo.<\/p>\n\n\n\n<ul class=\"wp-block-list\">\n<li>Reconhe\u00e7a e valide os sentimentos do seu filho, mostrando empatia<\/li>\n\n\n\n<li>Estimule a pr\u00e1tica de gratid\u00e3o pelas conquistas di\u00e1rias<\/li>\n\n\n\n<li>Encoraje a participa\u00e7\u00e3o em atividades sociais fora do ambiente virtual<\/li>\n<\/ul>\n\n\n\n<p>Com essas pr\u00e1ticas, \u00e9 poss\u00edvel minimizar o impacto do FOMO, proporcionando um ambiente seguro e acolhedor para seu filho.<\/p>\n","protected":false},"excerpt":{"rendered":"<p>Descubra 6 sinais de FOMO em seu filho e como ajudar! Estrat\u00e9gias de especialistas locais para pais atentos ao impacto das redes sociais.<\/p>\n","protected":false},"author":3,"featured_media":109287,"comment_status":"open","ping_status":"open","sticky":false,"template":"","format":"standard","meta":{"_yoast_wpseo_focuskw":"sinais filho FOMO","_yoast_wpseo_title":"%%title%%","_yoast_wpseo_metadesc":"Descubra 6 sinais de FOMO em seu filho e como ajudar! Estrat\u00e9gias de especialistas locais para pais atentos ao impacto das redes sociais.","jnews-multi-image_gallery":[],"jnews_single_post":{"format":"standard"},"jnews_primary_category":[],"jnews_social_meta":[],"jnews_override_counter":[],"footnotes":""},"categories":[112],"tags":[144,404],"class_list":["post-109285","post","type-post","status-publish","format-standard","has-post-thumbnail","hentry","category-curiosidades","tag-curiosidades","tag-psicologia"],"yoast_head":"<!-- This site is optimized with the Yoast SEO plugin v24.6 - https:\/\/yoast.com\/wordpress\/plugins\/seo\/ -->\n<title>6 sinais que seu filho tem \u2018FOMO\u2019 e 6 maneiras de ajudar<\/title>\n<meta name=\"description\" content=\"Descubra 6 sinais de FOMO em seu filho e como ajudar! Estrat\u00e9gias de especialistas locais para pais atentos ao impacto das redes sociais.\" \/>\n<meta name=\"robots\" content=\"index, follow, max-snippet:-1, max-image-preview:large, max-video-preview:-1\" \/>\n<link rel=\"canonical\" href=\"https:\/\/www.correiobraziliense.com.br\/cbradar\/6-sinais-que-seu-filho-tem-fomo-e-6-maneiras-de-ajudar\/\" \/>\n<meta property=\"og:locale\" content=\"pt_BR\" \/>\n<meta property=\"og:type\" content=\"article\" \/>\n<meta property=\"og:title\" content=\"6 sinais que seu filho tem \u2018FOMO\u2019 e 6 maneiras de ajudar\" \/>\n<meta property=\"og:description\" content=\"Descubra 6 sinais de FOMO em seu filho e como ajudar! Estrat\u00e9gias de especialistas locais para pais atentos ao impacto das redes sociais.\" \/>\n<meta property=\"og:url\" content=\"https:\/\/www.correiobraziliense.com.br\/cbradar\/6-sinais-que-seu-filho-tem-fomo-e-6-maneiras-de-ajudar\/\" \/>\n<meta property=\"og:site_name\" content=\"Correio Braziliense - Radar\" \/>\n<meta property=\"article:published_time\" content=\"2025-09-25T22:30:00+00:00\" \/>\n<meta property=\"og:image\" content=\"https:\/\/www.correiobraziliense.com.br\/cbradar\/wp-content\/uploads\/2025\/09\/mae-e-filho_1758798383281.jpg\" \/>\n\t<meta property=\"og:image:width\" content=\"1280\" \/>\n\t<meta property=\"og:image:height\" content=\"720\" \/>\n\t<meta property=\"og:image:type\" content=\"image\/jpeg\" \/>\n<meta name=\"author\" content=\"Larissa Carvalho\" \/>\n<meta name=\"twitter:card\" content=\"summary_large_image\" \/>\n<meta name=\"twitter:label1\" content=\"Escrito por\" \/>\n\t<meta name=\"twitter:data1\" content=\"Larissa Carvalho\" \/>\n\t<meta name=\"twitter:label2\" content=\"Est. tempo de leitura\" \/>\n\t<meta name=\"twitter:data2\" content=\"3 minutos\" \/>\n<!-- \/ Yoast SEO plugin. -->","yoast_head_json":{"title":"6 sinais que seu filho tem \u2018FOMO\u2019 e 6 maneiras de ajudar","description":"Descubra 6 sinais de FOMO em seu filho e como ajudar! Estrat\u00e9gias de especialistas locais para pais atentos ao impacto das redes sociais.","robots":{"index":"index","follow":"follow","max-snippet":"max-snippet:-1","max-image-preview":"max-image-preview:large","max-video-preview":"max-video-preview:-1"},"canonical":"https:\/\/www.correiobraziliense.com.br\/cbradar\/6-sinais-que-seu-filho-tem-fomo-e-6-maneiras-de-ajudar\/","og_locale":"pt_BR","og_type":"article","og_title":"6 sinais que seu filho tem \u2018FOMO\u2019 e 6 maneiras de ajudar","og_description":"Descubra 6 sinais de FOMO em seu filho e como ajudar! Estrat\u00e9gias de especialistas locais para pais atentos ao impacto das redes sociais.","og_url":"https:\/\/www.correiobraziliense.com.br\/cbradar\/6-sinais-que-seu-filho-tem-fomo-e-6-maneiras-de-ajudar\/","og_site_name":"Correio Braziliense - Radar","article_published_time":"2025-09-25T22:30:00+00:00","og_image":[{"width":1280,"height":720,"url":"https:\/\/www.correiobraziliense.com.br\/cbradar\/wp-content\/uploads\/2025\/09\/mae-e-filho_1758798383281.jpg","type":"image\/jpeg"}],"author":"Larissa Carvalho","twitter_card":"summary_large_image","twitter_misc":{"Escrito por":"Larissa Carvalho","Est. tempo de leitura":"3 minutos"},"schema":{"@context":"https:\/\/schema.org","@graph":[{"@type":"WebPage","@id":"https:\/\/www.correiobraziliense.com.br\/cbradar\/6-sinais-que-seu-filho-tem-fomo-e-6-maneiras-de-ajudar\/","url":"https:\/\/www.correiobraziliense.com.br\/cbradar\/6-sinais-que-seu-filho-tem-fomo-e-6-maneiras-de-ajudar\/","name":"6 sinais que seu filho tem \u2018FOMO\u2019 e 6 maneiras de ajudar","isPartOf":{"@id":"https:\/\/www.correiobraziliense.com.br\/cbradar\/#website"},"primaryImageOfPage":{"@id":"https:\/\/www.correiobraziliense.com.br\/cbradar\/6-sinais-que-seu-filho-tem-fomo-e-6-maneiras-de-ajudar\/#primaryimage"},"image":{"@id":"https:\/\/www.correiobraziliense.com.br\/cbradar\/6-sinais-que-seu-filho-tem-fomo-e-6-maneiras-de-ajudar\/#primaryimage"},"thumbnailUrl":"https:\/\/www.correiobraziliense.com.br\/cbradar\/wp-content\/uploads\/2025\/09\/mae-e-filho_1758798383281.jpg","datePublished":"2025-09-25T22:30:00+00:00","author":{"@id":"https:\/\/www.correiobraziliense.com.br\/cbradar\/#\/schema\/person\/58422787644df994b53a19d3e56c1513"},"description":"Descubra 6 sinais de FOMO em seu filho e como ajudar! Estrat\u00e9gias de especialistas locais para pais atentos ao impacto das redes sociais.","breadcrumb":{"@id":"https:\/\/www.correiobraziliense.com.br\/cbradar\/6-sinais-que-seu-filho-tem-fomo-e-6-maneiras-de-ajudar\/#breadcrumb"},"inLanguage":"pt-BR","potentialAction":[{"@type":"ReadAction","target":["https:\/\/www.correiobraziliense.com.br\/cbradar\/6-sinais-que-seu-filho-tem-fomo-e-6-maneiras-de-ajudar\/"]}]},{"@type":"ImageObject","inLanguage":"pt-BR","@id":"https:\/\/www.correiobraziliense.com.br\/cbradar\/6-sinais-que-seu-filho-tem-fomo-e-6-maneiras-de-ajudar\/#primaryimage","url":"https:\/\/www.correiobraziliense.com.br\/cbradar\/wp-content\/uploads\/2025\/09\/mae-e-filho_1758798383281.jpg","contentUrl":"https:\/\/www.correiobraziliense.com.br\/cbradar\/wp-content\/uploads\/2025\/09\/mae-e-filho_1758798383281.jpg","width":1280,"height":720,"caption":"m\u00e3e e filho. Cr\u00e9ditos: depositphotos.com \/ AlexLipa"},{"@type":"BreadcrumbList","@id":"https:\/\/www.correiobraziliense.com.br\/cbradar\/6-sinais-que-seu-filho-tem-fomo-e-6-maneiras-de-ajudar\/#breadcrumb","itemListElement":[{"@type":"ListItem","position":1,"name":"In\u00edcio","item":"https:\/\/www.correiobraziliense.com.br\/cbradar\/"},{"@type":"ListItem","position":2,"name":"6 sinais que seu filho tem \u2018FOMO\u2019 e 6 maneiras de ajudar"}]},{"@type":"WebSite","@id":"https:\/\/www.correiobraziliense.com.br\/cbradar\/#website","url":"https:\/\/www.correiobraziliense.com.br\/cbradar\/","name":"Correio Braziliense - Radar","description":"Acompanhe as \u00faltimas not\u00edcias e fique bem informado sobre tudo o que acontece no Brasil e no mundo.","potentialAction":[{"@type":"SearchAction","target":{"@type":"EntryPoint","urlTemplate":"https:\/\/www.correiobraziliense.com.br\/cbradar\/?s={search_term_string}"},"query-input":{"@type":"PropertyValueSpecification","valueRequired":true,"valueName":"search_term_string"}}],"inLanguage":"pt-BR"},{"@type":"Person","@id":"https:\/\/www.correiobraziliense.com.br\/cbradar\/#\/schema\/person\/58422787644df994b53a19d3e56c1513","name":"Larissa Carvalho","image":{"@type":"ImageObject","inLanguage":"pt-BR","@id":"https:\/\/www.correiobraziliense.com.br\/cbradar\/#\/schema\/person\/image\/","url":"https:\/\/secure.gravatar.com\/avatar\/fe4f91a0de32b52a838d0d612abdc1aa?s=96&d=mm&r=g","contentUrl":"https:\/\/secure.gravatar.com\/avatar\/fe4f91a0de32b52a838d0d612abdc1aa?s=96&d=mm&r=g","caption":"Larissa Carvalho"},"url":"https:\/\/www.correiobraziliense.com.br\/cbradar\/author\/larissamyth\/"}]}},"_links":{"self":[{"href":"https:\/\/www.correiobraziliense.com.br\/cbradar\/wp-json\/wp\/v2\/posts\/109285","targetHints":{"allow":["GET"]}}],"collection":[{"href":"https:\/\/www.correiobraziliense.com.br\/cbradar\/wp-json\/wp\/v2\/posts"}],"about":[{"href":"https:\/\/www.correiobraziliense.com.br\/cbradar\/wp-json\/wp\/v2\/types\/post"}],"author":[{"embeddable":true,"href":"https:\/\/www.correiobraziliense.com.br\/cbradar\/wp-json\/wp\/v2\/users\/3"}],"replies":[{"embeddable":true,"href":"https:\/\/www.correiobraziliense.com.br\/cbradar\/wp-json\/wp\/v2\/comments?post=109285"}],"version-history":[{"count":2,"href":"https:\/\/www.correiobraziliense.com.br\/cbradar\/wp-json\/wp\/v2\/posts\/109285\/revisions"}],"predecessor-version":[{"id":109289,"href":"https:\/\/www.correiobraziliense.com.br\/cbradar\/wp-json\/wp\/v2\/posts\/109285\/revisions\/109289"}],"wp:featuredmedia":[{"embeddable":true,"href":"https:\/\/www.correiobraziliense.com.br\/cbradar\/wp-json\/wp\/v2\/media\/109287"}],"wp:attachment":[{"href":"https:\/\/www.correiobraziliense.com.br\/cbradar\/wp-json\/wp\/v2\/media?parent=109285"}],"wp:term":[{"taxonomy":"category","embeddable":true,"href":"https:\/\/www.correiobraziliense.com.br\/cbradar\/wp-json\/wp\/v2\/categories?post=109285"},{"taxonomy":"post_tag","embeddable":true,"href":"https:\/\/www.correiobraziliense.com.br\/cbradar\/wp-json\/wp\/v2\/tags?post=109285"}],"curies":[{"name":"wp","href":"https:\/\/api.w.org\/{rel}","templated":true}]}}