{"id":109295,"date":"2025-09-27T17:03:00","date_gmt":"2025-09-27T20:03:00","guid":{"rendered":"https:\/\/www.correiobraziliense.com.br\/cbradar\/?p=109295"},"modified":"2025-09-25T08:50:13","modified_gmt":"2025-09-25T11:50:13","slug":"a-causa-de-um-dos-canceres-mais-mortais-pode-estar-dentro-da-sua-boca","status":"publish","type":"post","link":"https:\/\/www.correiobraziliense.com.br\/cbradar\/a-causa-de-um-dos-canceres-mais-mortais-pode-estar-dentro-da-sua-boca\/","title":{"rendered":"A causa de um dos c\u00e2nceres mais mortais pode estar dentro da sua boca"},"content":{"rendered":"\n<p>A pesquisa recente lan\u00e7ou uma nova luz sobre a conex\u00e3o entre <strong>higiene bucal<\/strong> e preven\u00e7\u00e3o do c\u00e2ncer de p\u00e2ncreas, uma das formas mais letais da doen\u00e7a. Este estudo sugere que a manuten\u00e7\u00e3o de uma boa sa\u00fade bucal pode n\u00e3o apenas proteger contra problemas periodontais, mas tamb\u00e9m contra o c\u00e2ncer.<\/p>\n\n\n\n<ul class=\"wp-block-list\">\n<li>O papel do microbioma oral na sa\u00fade pancre\u00e1tica.<\/li>\n\n\n\n<li>Identifica\u00e7\u00e3o de micr\u00f3bios orais associados ao maior risco de c\u00e2ncer.<\/li>\n\n\n\n<li>Import\u00e2ncia do diagn\u00f3stico precoce por meio de exame bucal.<\/li>\n<\/ul>\n\n\n\n<h2 class=\"wp-block-heading\">Qual \u00e9 o papel do microbioma oral na sa\u00fade do p\u00e2ncreas?<\/h2>\n\n\n\n<p>O <strong>microbioma<\/strong> bucal \u00e9 composto por diversas esp\u00e9cies de micr\u00f3bios que habitam nossa boca. Estudos sugerem que certos micr\u00f3bios podem acessar o p\u00e2ncreas atrav\u00e9s do nosso sistema digestivo, potencialmente contribuindo para o desenvolvimento de c\u00e2ncer. Manter o equil\u00edbrio dessas bact\u00e9rias ben\u00e9ficas pode ser crucial para nossa sa\u00fade geral.<\/p>\n\n\n\n<h2 class=\"wp-block-heading\">Quais microrganismos est\u00e3o associados ao maior risco de c\u00e2ncer?<\/h2>\n\n\n\n<p>Pesquisas identificaram tr\u00eas bact\u00e9rias orais \u2014 <strong>Porphyromonas gingivalis<\/strong>, <strong>Eubacterium nodatum<\/strong> e <strong>Parvimonas micra<\/strong> \u2014 como ligadas ao aumento do risco de c\u00e2ncer pancre\u00e1tico. Al\u00e9m disso, o fungo <strong>Candida tropicalis<\/strong>, comum na pele e intestino, tamb\u00e9m foi associado a um risco maior.<\/p>\n\n\n\n<figure class=\"wp-block-image size-large\"><img decoding=\"async\" width=\"1024\" height=\"576\" src=\"https:\/\/www.correiobraziliense.com.br\/cbradar\/wp-content\/uploads\/2025\/09\/boca_1758800981826-1024x576.jpg\" alt=\"A causa de um dos c\u00e2nceres mais mortais pode estar dentro da sua boca\" class=\"wp-image-109298\" srcset=\"https:\/\/www.correiobraziliense.com.br\/cbradar\/wp-content\/uploads\/2025\/09\/boca_1758800981826-1024x576.jpg 1024w, https:\/\/www.correiobraziliense.com.br\/cbradar\/wp-content\/uploads\/2025\/09\/boca_1758800981826-300x169.jpg 300w, https:\/\/www.correiobraziliense.com.br\/cbradar\/wp-content\/uploads\/2025\/09\/boca_1758800981826-768x432.jpg 768w, https:\/\/www.correiobraziliense.com.br\/cbradar\/wp-content\/uploads\/2025\/09\/boca_1758800981826-750x422.jpg 750w, https:\/\/www.correiobraziliense.com.br\/cbradar\/wp-content\/uploads\/2025\/09\/boca_1758800981826-1140x641.jpg 1140w, https:\/\/www.correiobraziliense.com.br\/cbradar\/wp-content\/uploads\/2025\/09\/boca_1758800981826.jpg 1280w\" sizes=\"(max-width: 1024px) 100vw, 1024px\" \/><figcaption class=\"wp-element-caption\">boca. Cr\u00e9ditos: depositphotos.com \/ ruslanchik<\/figcaption><\/figure>\n\n\n\n<p><strong>Leia tamb\u00e9m:<\/strong> <a href=\"https:\/\/www.correiobraziliense.com.br\/cbradar\/coisas-que-podem-ajudar-a-reduzir-o-risco-de-cancer-de-prostata-da-dieta-ao-exercicio\/\" target=\"_blank\" rel=\"noreferrer noopener\">Coisas que podem ajudar a reduzir o risco de c\u00e2ncer de pr\u00f3stata, da dieta ao exerc\u00edcio<\/a><\/p>\n\n\n\n<h2 class=\"wp-block-heading\">Por que o diagn\u00f3stico precoce \u00e9 fundamental?<\/h2>\n\n\n\n<p>O c\u00e2ncer de p\u00e2ncreas \u00e9 geralmente diagnosticado tardiamente, o que resulta em uma taxa de sobreviv\u00eancia muito baixa. A pesquisa destaca que, ao <strong>analisar as popula\u00e7\u00f5es de bact\u00e9rias<\/strong> e fungos na boca, oncologistas podem identificar indiv\u00edduos em maior risco, possibilitando um diagn\u00f3stico mais cedo e tratamento mais eficaz.<\/p>\n\n\n\n<h2 class=\"wp-block-heading\">Resumindo os insights principais<\/h2>\n\n\n\n<ul class=\"wp-block-list\">\n<li>A sa\u00fade bucal pode influenciar diretamente o risco de c\u00e2ncer pancre\u00e1tico.<\/li>\n\n\n\n<li>Exames orais podem ser uma ferramenta \u00fatil para identifica\u00e7\u00e3o precoce de riscos.<\/li>\n\n\n\n<li>Pesquisas futuras focar\u00e3o em como os v\u00edrus tamb\u00e9m contribuem para esses riscos.<\/li>\n<\/ul>\n\n\n\n<p>Mantendo uma boa higiene bucal, n\u00e3o s\u00f3 podemos proteger nossos dentes, mas tamb\u00e9m influenciar positivamente nossa sa\u00fade geral e reduzir riscos associados a doen\u00e7as graves.<\/p>\n","protected":false},"excerpt":{"rendered":"<p>Descubra como a higiene oral pode ser sua aliada na preven\u00e7\u00e3o do c\u00e2ncer pancre\u00e1tico. Estudos revelam a liga\u00e7\u00e3o entre microbioma bucal e aumento do risco.<\/p>\n","protected":false},"author":3,"featured_media":109297,"comment_status":"open","ping_status":"open","sticky":false,"template":"","format":"standard","meta":{"_yoast_wpseo_focuskw":"boca risco c\u00e2ncer","_yoast_wpseo_title":"%%title%%","_yoast_wpseo_metadesc":"Descubra como a higiene oral pode ser sua aliada na preven\u00e7\u00e3o do c\u00e2ncer pancre\u00e1tico. Estudos revelam a liga\u00e7\u00e3o entre microbioma bucal e aumento do risco.","jnews-multi-image_gallery":[],"jnews_single_post":{"format":"standard"},"jnews_primary_category":[],"jnews_social_meta":[],"jnews_override_counter":[],"footnotes":""},"categories":[112],"tags":[3559,144,565],"class_list":["post-109295","post","type-post","status-publish","format-standard","has-post-thumbnail","hentry","category-curiosidades","tag-corpo-humano","tag-curiosidades","tag-saude"],"yoast_head":"<!-- This site is optimized with the Yoast SEO plugin v24.6 - https:\/\/yoast.com\/wordpress\/plugins\/seo\/ -->\n<title>A causa de um dos c\u00e2nceres mais mortais pode estar dentro da sua boca<\/title>\n<meta name=\"description\" content=\"Descubra como a higiene oral pode ser sua aliada na preven\u00e7\u00e3o do c\u00e2ncer pancre\u00e1tico. Estudos revelam a liga\u00e7\u00e3o entre microbioma bucal e aumento do risco.\" \/>\n<meta name=\"robots\" content=\"index, follow, max-snippet:-1, max-image-preview:large, max-video-preview:-1\" \/>\n<link rel=\"canonical\" href=\"https:\/\/www.correiobraziliense.com.br\/cbradar\/a-causa-de-um-dos-canceres-mais-mortais-pode-estar-dentro-da-sua-boca\/\" \/>\n<meta property=\"og:locale\" content=\"pt_BR\" \/>\n<meta property=\"og:type\" content=\"article\" \/>\n<meta property=\"og:title\" content=\"A causa de um dos c\u00e2nceres mais mortais pode estar dentro da sua boca\" \/>\n<meta property=\"og:description\" content=\"Descubra como a higiene oral pode ser sua aliada na preven\u00e7\u00e3o do c\u00e2ncer pancre\u00e1tico. Estudos revelam a liga\u00e7\u00e3o entre microbioma bucal e aumento do risco.\" \/>\n<meta property=\"og:url\" content=\"https:\/\/www.correiobraziliense.com.br\/cbradar\/a-causa-de-um-dos-canceres-mais-mortais-pode-estar-dentro-da-sua-boca\/\" \/>\n<meta property=\"og:site_name\" content=\"Correio Braziliense - Radar\" \/>\n<meta property=\"article:published_time\" content=\"2025-09-27T20:03:00+00:00\" \/>\n<meta property=\"og:image\" content=\"https:\/\/www.correiobraziliense.com.br\/cbradar\/wp-content\/uploads\/2025\/09\/boca_1758800913715.jpg\" \/>\n\t<meta property=\"og:image:width\" content=\"1280\" \/>\n\t<meta property=\"og:image:height\" content=\"720\" \/>\n\t<meta property=\"og:image:type\" content=\"image\/jpeg\" \/>\n<meta name=\"author\" content=\"Larissa Carvalho\" \/>\n<meta name=\"twitter:card\" content=\"summary_large_image\" \/>\n<meta name=\"twitter:label1\" content=\"Escrito por\" \/>\n\t<meta name=\"twitter:data1\" content=\"Larissa Carvalho\" \/>\n\t<meta name=\"twitter:label2\" content=\"Est. tempo de leitura\" \/>\n\t<meta name=\"twitter:data2\" content=\"3 minutos\" \/>\n<!-- \/ Yoast SEO plugin. -->","yoast_head_json":{"title":"A causa de um dos c\u00e2nceres mais mortais pode estar dentro da sua boca","description":"Descubra como a higiene oral pode ser sua aliada na preven\u00e7\u00e3o do c\u00e2ncer pancre\u00e1tico. Estudos revelam a liga\u00e7\u00e3o entre microbioma bucal e aumento do risco.","robots":{"index":"index","follow":"follow","max-snippet":"max-snippet:-1","max-image-preview":"max-image-preview:large","max-video-preview":"max-video-preview:-1"},"canonical":"https:\/\/www.correiobraziliense.com.br\/cbradar\/a-causa-de-um-dos-canceres-mais-mortais-pode-estar-dentro-da-sua-boca\/","og_locale":"pt_BR","og_type":"article","og_title":"A causa de um dos c\u00e2nceres mais mortais pode estar dentro da sua boca","og_description":"Descubra como a higiene oral pode ser sua aliada na preven\u00e7\u00e3o do c\u00e2ncer pancre\u00e1tico. Estudos revelam a liga\u00e7\u00e3o entre microbioma bucal e aumento do risco.","og_url":"https:\/\/www.correiobraziliense.com.br\/cbradar\/a-causa-de-um-dos-canceres-mais-mortais-pode-estar-dentro-da-sua-boca\/","og_site_name":"Correio Braziliense - Radar","article_published_time":"2025-09-27T20:03:00+00:00","og_image":[{"width":1280,"height":720,"url":"https:\/\/www.correiobraziliense.com.br\/cbradar\/wp-content\/uploads\/2025\/09\/boca_1758800913715.jpg","type":"image\/jpeg"}],"author":"Larissa Carvalho","twitter_card":"summary_large_image","twitter_misc":{"Escrito por":"Larissa Carvalho","Est. tempo de leitura":"3 minutos"},"schema":{"@context":"https:\/\/schema.org","@graph":[{"@type":"WebPage","@id":"https:\/\/www.correiobraziliense.com.br\/cbradar\/a-causa-de-um-dos-canceres-mais-mortais-pode-estar-dentro-da-sua-boca\/","url":"https:\/\/www.correiobraziliense.com.br\/cbradar\/a-causa-de-um-dos-canceres-mais-mortais-pode-estar-dentro-da-sua-boca\/","name":"A causa de um dos c\u00e2nceres mais mortais pode estar dentro da sua boca","isPartOf":{"@id":"https:\/\/www.correiobraziliense.com.br\/cbradar\/#website"},"primaryImageOfPage":{"@id":"https:\/\/www.correiobraziliense.com.br\/cbradar\/a-causa-de-um-dos-canceres-mais-mortais-pode-estar-dentro-da-sua-boca\/#primaryimage"},"image":{"@id":"https:\/\/www.correiobraziliense.com.br\/cbradar\/a-causa-de-um-dos-canceres-mais-mortais-pode-estar-dentro-da-sua-boca\/#primaryimage"},"thumbnailUrl":"https:\/\/www.correiobraziliense.com.br\/cbradar\/wp-content\/uploads\/2025\/09\/boca_1758800913715.jpg","datePublished":"2025-09-27T20:03:00+00:00","author":{"@id":"https:\/\/www.correiobraziliense.com.br\/cbradar\/#\/schema\/person\/58422787644df994b53a19d3e56c1513"},"description":"Descubra como a higiene oral pode ser sua aliada na preven\u00e7\u00e3o do c\u00e2ncer pancre\u00e1tico. Estudos revelam a liga\u00e7\u00e3o entre microbioma bucal e aumento do risco.","breadcrumb":{"@id":"https:\/\/www.correiobraziliense.com.br\/cbradar\/a-causa-de-um-dos-canceres-mais-mortais-pode-estar-dentro-da-sua-boca\/#breadcrumb"},"inLanguage":"pt-BR","potentialAction":[{"@type":"ReadAction","target":["https:\/\/www.correiobraziliense.com.br\/cbradar\/a-causa-de-um-dos-canceres-mais-mortais-pode-estar-dentro-da-sua-boca\/"]}]},{"@type":"ImageObject","inLanguage":"pt-BR","@id":"https:\/\/www.correiobraziliense.com.br\/cbradar\/a-causa-de-um-dos-canceres-mais-mortais-pode-estar-dentro-da-sua-boca\/#primaryimage","url":"https:\/\/www.correiobraziliense.com.br\/cbradar\/wp-content\/uploads\/2025\/09\/boca_1758800913715.jpg","contentUrl":"https:\/\/www.correiobraziliense.com.br\/cbradar\/wp-content\/uploads\/2025\/09\/boca_1758800913715.jpg","width":1280,"height":720,"caption":"boca. Cr\u00e9ditos: depositphotos.com \/ pajche"},{"@type":"BreadcrumbList","@id":"https:\/\/www.correiobraziliense.com.br\/cbradar\/a-causa-de-um-dos-canceres-mais-mortais-pode-estar-dentro-da-sua-boca\/#breadcrumb","itemListElement":[{"@type":"ListItem","position":1,"name":"In\u00edcio","item":"https:\/\/www.correiobraziliense.com.br\/cbradar\/"},{"@type":"ListItem","position":2,"name":"A causa de um dos c\u00e2nceres mais mortais pode estar dentro da sua boca"}]},{"@type":"WebSite","@id":"https:\/\/www.correiobraziliense.com.br\/cbradar\/#website","url":"https:\/\/www.correiobraziliense.com.br\/cbradar\/","name":"Correio Braziliense - Radar","description":"Acompanhe as \u00faltimas not\u00edcias e fique bem informado sobre tudo o que acontece no Brasil e no mundo.","potentialAction":[{"@type":"SearchAction","target":{"@type":"EntryPoint","urlTemplate":"https:\/\/www.correiobraziliense.com.br\/cbradar\/?s={search_term_string}"},"query-input":{"@type":"PropertyValueSpecification","valueRequired":true,"valueName":"search_term_string"}}],"inLanguage":"pt-BR"},{"@type":"Person","@id":"https:\/\/www.correiobraziliense.com.br\/cbradar\/#\/schema\/person\/58422787644df994b53a19d3e56c1513","name":"Larissa Carvalho","image":{"@type":"ImageObject","inLanguage":"pt-BR","@id":"https:\/\/www.correiobraziliense.com.br\/cbradar\/#\/schema\/person\/image\/","url":"https:\/\/secure.gravatar.com\/avatar\/fe4f91a0de32b52a838d0d612abdc1aa?s=96&d=mm&r=g","contentUrl":"https:\/\/secure.gravatar.com\/avatar\/fe4f91a0de32b52a838d0d612abdc1aa?s=96&d=mm&r=g","caption":"Larissa Carvalho"},"url":"https:\/\/www.correiobraziliense.com.br\/cbradar\/author\/larissamyth\/"}]}},"_links":{"self":[{"href":"https:\/\/www.correiobraziliense.com.br\/cbradar\/wp-json\/wp\/v2\/posts\/109295","targetHints":{"allow":["GET"]}}],"collection":[{"href":"https:\/\/www.correiobraziliense.com.br\/cbradar\/wp-json\/wp\/v2\/posts"}],"about":[{"href":"https:\/\/www.correiobraziliense.com.br\/cbradar\/wp-json\/wp\/v2\/types\/post"}],"author":[{"embeddable":true,"href":"https:\/\/www.correiobraziliense.com.br\/cbradar\/wp-json\/wp\/v2\/users\/3"}],"replies":[{"embeddable":true,"href":"https:\/\/www.correiobraziliense.com.br\/cbradar\/wp-json\/wp\/v2\/comments?post=109295"}],"version-history":[{"count":2,"href":"https:\/\/www.correiobraziliense.com.br\/cbradar\/wp-json\/wp\/v2\/posts\/109295\/revisions"}],"predecessor-version":[{"id":109299,"href":"https:\/\/www.correiobraziliense.com.br\/cbradar\/wp-json\/wp\/v2\/posts\/109295\/revisions\/109299"}],"wp:featuredmedia":[{"embeddable":true,"href":"https:\/\/www.correiobraziliense.com.br\/cbradar\/wp-json\/wp\/v2\/media\/109297"}],"wp:attachment":[{"href":"https:\/\/www.correiobraziliense.com.br\/cbradar\/wp-json\/wp\/v2\/media?parent=109295"}],"wp:term":[{"taxonomy":"category","embeddable":true,"href":"https:\/\/www.correiobraziliense.com.br\/cbradar\/wp-json\/wp\/v2\/categories?post=109295"},{"taxonomy":"post_tag","embeddable":true,"href":"https:\/\/www.correiobraziliense.com.br\/cbradar\/wp-json\/wp\/v2\/tags?post=109295"}],"curies":[{"name":"wp","href":"https:\/\/api.w.org\/{rel}","templated":true}]}}