{"id":10956,"date":"2025-03-10T09:30:00","date_gmt":"2025-03-10T12:30:00","guid":{"rendered":"https:\/\/www.correiobraziliense.com.br\/cbradar\/?p=10956"},"modified":"2025-03-09T23:02:25","modified_gmt":"2025-03-10T02:02:25","slug":"a-incrivel-cidade-onde-o-sol-nasce-primeiro-nas-americas-e-brasileira","status":"publish","type":"post","link":"https:\/\/www.correiobraziliense.com.br\/cbradar\/a-incrivel-cidade-onde-o-sol-nasce-primeiro-nas-americas-e-brasileira\/","title":{"rendered":"A incr\u00edvel cidade onde o sol nasce primeiro nas Am\u00e9ricas \u00e9 brasileira"},"content":{"rendered":"\n<p><strong><a href=\"https:\/\/www.joaopessoa.pb.gov.br\/\" target=\"_blank\" rel=\"noreferrer noopener\">Jo\u00e3o Pessoa<\/a><\/strong>, a capital da<a href=\"https:\/\/www.correiobraziliense.com.br\/cbradar\/essa-e-a-cidade-com-menor-custo-de-vida-do-brasil\/\" target=\"_blank\" rel=\"noreferrer noopener\"> <strong>Para\u00edba<\/strong><\/a>, \u00e9 uma cidade rica em hist\u00f3ria, cultura e belezas naturais. Conhecida por suas praias paradis\u00edacas e clima acolhedor, a cidade \u00e9 um destino que encanta turistas de todo o mundo. Este artigo explora as principais atra\u00e7\u00f5es e curiosidades de Jo\u00e3o Pessoa, oferecendo dicas valiosas para quem planeja visitar a cidade.<\/p>\n\n\n\n<p>Al\u00e9m de suas belezas naturais, Jo\u00e3o Pessoa se destaca por sua arquitetura hist\u00f3rica e pela hospitalidade de seus habitantes. O artigo tamb\u00e9m aborda aspectos pr\u00e1ticos como transporte, hospedagem e seguran\u00e7a, para que os visitantes possam aproveitar ao m\u00e1ximo sua estadia na cidade.<\/p>\n\n\n\n<h2 class=\"wp-block-heading\"><strong>Qual \u00e9 a hist\u00f3ria de Jo\u00e3o Pessoa?<\/strong><\/h2>\n\n\n\n<p>Fundada em <strong>1585<\/strong>, Jo\u00e3o Pessoa \u00e9 uma das cidades mais antigas do <strong>Brasil<\/strong>. Inicialmente chamada de <strong>Cidade Real <\/strong>de<strong> Nossa Senhora das Neves<\/strong>, a cidade foi um importante ponto estrat\u00e9gico durante o per\u00edodo colonial. A influ\u00eancia dos colonizadores portugueses \u00e9 vis\u00edvel em sua arquitetura e na disposi\u00e7\u00e3o das ruas do centro hist\u00f3rico.<\/p>\n\n\n\n<p>Ao longo dos s\u00e9culos, Jo\u00e3o Pessoa passou por diversas transforma\u00e7\u00f5es, especialmente durante o ciclo do a\u00e7\u00facar e a expans\u00e3o econ\u00f4mica do s\u00e9culo <strong>XX<\/strong>. Esses momentos hist\u00f3ricos deixaram marcas que ainda podem ser vistas em monumentos e edif\u00edcios espalhados pela cidade, refletindo a rica heran\u00e7a cultural da regi\u00e3o.<\/p>\n\n\n<div class=\"wp-block-image\">\n<figure class=\"aligncenter size-large\"><img decoding=\"async\" width=\"1024\" height=\"576\" src=\"https:\/\/www.correiobraziliense.com.br\/cbradar\/wp-content\/uploads\/2025\/02\/Design-sem-nome-2-1-1024x576.png\" alt=\"Voc\u00ea sabe qual a cidade onde o sol nasce primeiro nas Am\u00e9ricas?\" class=\"wp-image-4061\" srcset=\"https:\/\/www.correiobraziliense.com.br\/cbradar\/wp-content\/uploads\/2025\/02\/Design-sem-nome-2-1-1024x576.png 1024w, https:\/\/www.correiobraziliense.com.br\/cbradar\/wp-content\/uploads\/2025\/02\/Design-sem-nome-2-1-300x169.png 300w, https:\/\/www.correiobraziliense.com.br\/cbradar\/wp-content\/uploads\/2025\/02\/Design-sem-nome-2-1-768x432.png 768w, https:\/\/www.correiobraziliense.com.br\/cbradar\/wp-content\/uploads\/2025\/02\/Design-sem-nome-2-1-750x422.png 750w, https:\/\/www.correiobraziliense.com.br\/cbradar\/wp-content\/uploads\/2025\/02\/Design-sem-nome-2-1-1140x641.png 1140w, https:\/\/www.correiobraziliense.com.br\/cbradar\/wp-content\/uploads\/2025\/02\/Design-sem-nome-2-1.png 1280w\" sizes=\"(max-width: 1024px) 100vw, 1024px\" \/><figcaption class=\"wp-element-caption\">Jo\u00e3o Pessoa \/\/ Reprodu\u00e7\u00e3o: Wikimedia Commons<\/figcaption><\/figure><\/div>\n\n\n<h2 class=\"wp-block-heading\"><strong>Quais s\u00e3o as curiosidades mais interessantes sobre Jo\u00e3o Pessoa?<\/strong><\/h2>\n\n\n\n<p>Jo\u00e3o Pessoa \u00e9 conhecida por ser a cidade onde o sol nasce primeiro nas <strong>Am\u00e9ricas<\/strong>, devido \u00e0 sua localiza\u00e7\u00e3o geogr\u00e1fica. Este fato atrai muitos turistas que desejam presenciar o nascer do sol na<strong> Ponta do Seixas<\/strong>, o ponto mais oriental do continente americano. Al\u00e9m disso, a cidade \u00e9 famosa por seus festivais culturais, como o <strong>Folia de Rua<\/strong>, que antecede o <strong>Carnaval<\/strong>.<\/p>\n\n\n\n<p>A cidade tamb\u00e9m possui s\u00edmbolos oficiais, como a bandeira e o bras\u00e3o, que representam sua identidade \u00fanica. A bandeira de Jo\u00e3o Pessoa, por exemplo, \u00e9 composta por cores que simbolizam a paz e a prosperidade, refletindo o esp\u00edrito acolhedor de seus habitantes.<\/p>\n\n\n\n<h2 class=\"wp-block-heading\"><strong>Quais s\u00e3o os principais pontos tur\u00edsticos de Jo\u00e3o Pessoa?<\/strong><\/h2>\n\n\n\n<p>Entre os principais pontos tur\u00edsticos de Jo\u00e3o Pessoa est\u00e3o as praias de <strong>Tamba\u00fa e Cabo Branco<\/strong>, conhecidas por suas \u00e1guas cristalinas e areias brancas. O <strong>Farol do Cabo Branco<\/strong> \u00e9 outro destaque, oferecendo uma vista panor\u00e2mica deslumbrante da costa. O centro hist\u00f3rico, com suas igrejas e casar\u00f5es coloniais, tamb\u00e9m \u00e9 uma atra\u00e7\u00e3o imperd\u00edvel para os amantes de hist\u00f3ria.<\/p>\n\n\n\n<p>Para aproveitar ao m\u00e1ximo essas atra\u00e7\u00f5es, \u00e9 recomend\u00e1vel visitar a cidade durante a baixa temporada, quando as praias est\u00e3o menos movimentadas. Al\u00e9m disso, muitos eventos culturais ocorrem ao longo do ano, proporcionando uma experi\u00eancia ainda mais rica para os visitantes.<\/p>\n\n\n\n<h2 class=\"wp-block-heading\"><strong>Como \u00e9 o clima local e qual a melhor \u00e9poca para visitar?<\/strong><\/h2>\n\n\n\n<p>Jo\u00e3o Pessoa possui um clima tropical, com temperaturas m\u00e9dias que variam entre<strong> 24\u00b0C<\/strong> e <strong>30\u00b0C<\/strong> ao longo do ano. A esta\u00e7\u00e3o chuvosa ocorre entre abril e julho, enquanto os meses de setembro a mar\u00e7o s\u00e3o mais secos, sendo considerados os melhores para visitar a cidade.<\/p>\n\n\n\n<p>Durante a esta\u00e7\u00e3o seca, os visitantes podem desfrutar de dias ensolarados nas praias e participar de eventos ao ar livre. No entanto, \u00e9 importante estar preparado para o calor, usando roupas leves e protetor solar para aproveitar ao m\u00e1ximo as atividades ao ar livre.<\/p>\n\n\n\n<h2 class=\"wp-block-heading\"><strong>O que fazer em Jo\u00e3o Pessoa al\u00e9m dos pontos tur\u00edsticos?<\/strong><\/h2>\n\n\n\n<p>Al\u00e9m dos pontos tur\u00edsticos tradicionais, Jo\u00e3o Pessoa oferece experi\u00eancias aut\u00eanticas, como visitar o<strong> Mercado de Artesanato Paraibano<\/strong>, onde \u00e9 poss\u00edvel encontrar pe\u00e7as \u00fanicas feitas por artes\u00e3os locais. A gastronomia tamb\u00e9m \u00e9 um destaque, com pratos t\u00edpicos como a carne de sol e a tapioca, que podem ser degustados em restaurantes tradicionais.<\/p>\n\n\n\n<p>Para hospedagem, a cidade oferece uma variedade de op\u00e7\u00f5es, desde hot\u00e9is de luxo at\u00e9 pousadas aconchegantes. O transporte p\u00fablico \u00e9 eficiente, mas muitos visitantes optam por alugar bicicletas para explorar a cidade de forma pr\u00e1tica e sustent\u00e1vel.<\/p>\n\n\n\n<h2 class=\"wp-block-heading\"><strong>Dicas essenciais<\/strong><\/h2>\n\n\n\n<p>Ao visitar Jo\u00e3o Pessoa, \u00e9 importante tomar precau\u00e7\u00f5es de seguran\u00e7a, como evitar exibir objetos de valor em locais movimentados. O transporte p\u00fablico \u00e9 uma op\u00e7\u00e3o econ\u00f4mica, mas t\u00e1xis e aplicativos de transporte tamb\u00e9m s\u00e3o amplamente utilizados.<\/p>\n\n\n\n<p>Para economizar, considere visitar a cidade fora da alta temporada e aproveite promo\u00e7\u00f5es em passagens a\u00e9reas e hospedagem. Fique atento a poss\u00edveis &#8220;pegadinhas&#8221; tur\u00edsticas, como pre\u00e7os inflacionados em \u00e1reas muito tur\u00edsticas, e sempre pesquise antes de fazer compras ou contratar servi\u00e7os.<\/p>\n\n\n\n<h2 class=\"wp-block-heading\"><strong>Perguntas Frequentes (FAQ)<\/strong><\/h2>\n\n\n\n<p><strong>Qual \u00e9 a melhor \u00e9poca do ano para visitar Jo\u00e3o Pessoa?<\/strong><\/p>\n\n\n\n<p>Geralmente, depende do clima e dos eventos locais, como festivais ou feriados.<\/p>\n\n\n\n<p><strong>Quais pratos t\u00edpicos devem ser experimentados?<\/strong><\/p>\n\n\n\n<p>Busque restaurantes tradicionais para provar a culin\u00e1ria local de Jo\u00e3o Pessoa.<\/p>\n\n\n\n<p><strong>Quais s\u00e3o as melhores op\u00e7\u00f5es de transporte na cidade?<\/strong><\/p>\n\n\n\n<p>Use \u00f4nibus, t\u00e1xis, aplicativos ou aluguel de bicicletas, dependendo da infraestrutura de Jo\u00e3o Pessoa.<\/p>\n\n\n\n<p><strong>Jo\u00e3o Pessoa \u00e9 segura para turistas?<\/strong><\/p>\n\n\n\n<p>Em geral, sim, mas \u00e9 importante manter os cuidados de praxe em qualquer grande centro urbano.<\/p>\n\n\n\n<p><strong>Que eventos e festivais ocorrem anualmente em Jo\u00e3o Pessoa?<\/strong><\/p>\n\n\n\n<p>H\u00e1 celebra\u00e7\u00f5es religiosas, gastron\u00f4micas ou art\u00edsticas ao longo do ano; consulte calend\u00e1rios oficiais para se programar.<\/p>\n","protected":false},"excerpt":{"rendered":"<p>Jo\u00e3o Pessoa, a capital da Para\u00edba, \u00e9 uma cidade rica em hist\u00f3ria, cultura e belezas naturais. Conhecida por suas praias paradis\u00edacas e clima acolhedor, a cidade \u00e9 um destino que encanta turistas de todo o mundo. Este artigo explora as principais atra\u00e7\u00f5es e curiosidades de Jo\u00e3o Pessoa, oferecendo dicas valiosas para quem planeja visitar a [&hellip;]<\/p>\n","protected":false},"author":8,"featured_media":4062,"comment_status":"open","ping_status":"open","sticky":false,"template":"","format":"standard","meta":{"_yoast_wpseo_focuskw":"cidade","_yoast_wpseo_title":"","_yoast_wpseo_metadesc":"Descubra a cidade brasileira onde o sol nasce primeiro nas Am\u00e9ricas, um destino incr\u00edvel repleto de belezas naturais e cultura!","jnews-multi-image_gallery":[],"jnews_single_post":{"format":"standard"},"jnews_primary_category":[],"jnews_social_meta":[],"jnews_override_counter":[],"footnotes":""},"categories":[108,111],"tags":[109,515],"class_list":["post-10956","post","type-post","status-publish","format-standard","has-post-thumbnail","hentry","category-cidades","category-turismo","tag-cidades","tag-joao-pessoa"],"yoast_head":"<!-- This site is optimized with the Yoast SEO plugin v24.6 - https:\/\/yoast.com\/wordpress\/plugins\/seo\/ -->\n<title>A incr\u00edvel cidade onde o sol nasce primeiro nas Am\u00e9ricas \u00e9 brasileira - Correio Braziliense - Radar<\/title>\n<meta name=\"description\" content=\"Descubra a cidade brasileira onde o sol nasce primeiro nas Am\u00e9ricas, um destino incr\u00edvel repleto de belezas naturais e cultura!\" \/>\n<meta name=\"robots\" content=\"index, follow, max-snippet:-1, max-image-preview:large, max-video-preview:-1\" \/>\n<link rel=\"canonical\" href=\"https:\/\/www.correiobraziliense.com.br\/cbradar\/a-incrivel-cidade-onde-o-sol-nasce-primeiro-nas-americas-e-brasileira\/\" \/>\n<meta property=\"og:locale\" content=\"pt_BR\" \/>\n<meta property=\"og:type\" content=\"article\" \/>\n<meta property=\"og:title\" content=\"A incr\u00edvel cidade onde o sol nasce primeiro nas Am\u00e9ricas \u00e9 brasileira - Correio Braziliense - Radar\" \/>\n<meta property=\"og:description\" content=\"Descubra a cidade brasileira onde o sol nasce primeiro nas Am\u00e9ricas, um destino incr\u00edvel repleto de belezas naturais e cultura!\" \/>\n<meta property=\"og:url\" content=\"https:\/\/www.correiobraziliense.com.br\/cbradar\/a-incrivel-cidade-onde-o-sol-nasce-primeiro-nas-americas-e-brasileira\/\" \/>\n<meta property=\"og:site_name\" content=\"Correio Braziliense - Radar\" \/>\n<meta property=\"article:published_time\" content=\"2025-03-10T12:30:00+00:00\" \/>\n<meta property=\"og:image\" content=\"https:\/\/www.correiobraziliense.com.br\/cbradar\/wp-content\/uploads\/2025\/02\/Design-sem-nome-3-1.png\" \/>\n\t<meta property=\"og:image:width\" content=\"1280\" \/>\n\t<meta property=\"og:image:height\" content=\"720\" \/>\n\t<meta property=\"og:image:type\" content=\"image\/png\" \/>\n<meta name=\"author\" content=\"Maura Pereira\" \/>\n<meta name=\"twitter:card\" content=\"summary_large_image\" \/>\n<meta name=\"twitter:label1\" content=\"Escrito por\" \/>\n\t<meta name=\"twitter:data1\" content=\"Maura Pereira\" \/>\n\t<meta name=\"twitter:label2\" content=\"Est. tempo de leitura\" \/>\n\t<meta name=\"twitter:data2\" content=\"5 minutos\" \/>\n<!-- \/ Yoast SEO plugin. -->","yoast_head_json":{"title":"A incr\u00edvel cidade onde o sol nasce primeiro nas Am\u00e9ricas \u00e9 brasileira - Correio Braziliense - Radar","description":"Descubra a cidade brasileira onde o sol nasce primeiro nas Am\u00e9ricas, um destino incr\u00edvel repleto de belezas naturais e cultura!","robots":{"index":"index","follow":"follow","max-snippet":"max-snippet:-1","max-image-preview":"max-image-preview:large","max-video-preview":"max-video-preview:-1"},"canonical":"https:\/\/www.correiobraziliense.com.br\/cbradar\/a-incrivel-cidade-onde-o-sol-nasce-primeiro-nas-americas-e-brasileira\/","og_locale":"pt_BR","og_type":"article","og_title":"A incr\u00edvel cidade onde o sol nasce primeiro nas Am\u00e9ricas \u00e9 brasileira - Correio Braziliense - Radar","og_description":"Descubra a cidade brasileira onde o sol nasce primeiro nas Am\u00e9ricas, um destino incr\u00edvel repleto de belezas naturais e cultura!","og_url":"https:\/\/www.correiobraziliense.com.br\/cbradar\/a-incrivel-cidade-onde-o-sol-nasce-primeiro-nas-americas-e-brasileira\/","og_site_name":"Correio Braziliense - Radar","article_published_time":"2025-03-10T12:30:00+00:00","og_image":[{"width":1280,"height":720,"url":"https:\/\/www.correiobraziliense.com.br\/cbradar\/wp-content\/uploads\/2025\/02\/Design-sem-nome-3-1.png","type":"image\/png"}],"author":"Maura Pereira","twitter_card":"summary_large_image","twitter_misc":{"Escrito por":"Maura Pereira","Est. tempo de leitura":"5 minutos"},"schema":{"@context":"https:\/\/schema.org","@graph":[{"@type":"WebPage","@id":"https:\/\/www.correiobraziliense.com.br\/cbradar\/a-incrivel-cidade-onde-o-sol-nasce-primeiro-nas-americas-e-brasileira\/","url":"https:\/\/www.correiobraziliense.com.br\/cbradar\/a-incrivel-cidade-onde-o-sol-nasce-primeiro-nas-americas-e-brasileira\/","name":"A incr\u00edvel cidade onde o sol nasce primeiro nas Am\u00e9ricas \u00e9 brasileira - Correio Braziliense - Radar","isPartOf":{"@id":"https:\/\/www.correiobraziliense.com.br\/cbradar\/#website"},"primaryImageOfPage":{"@id":"https:\/\/www.correiobraziliense.com.br\/cbradar\/a-incrivel-cidade-onde-o-sol-nasce-primeiro-nas-americas-e-brasileira\/#primaryimage"},"image":{"@id":"https:\/\/www.correiobraziliense.com.br\/cbradar\/a-incrivel-cidade-onde-o-sol-nasce-primeiro-nas-americas-e-brasileira\/#primaryimage"},"thumbnailUrl":"https:\/\/www.correiobraziliense.com.br\/cbradar\/wp-content\/uploads\/2025\/02\/Design-sem-nome-3-1.png","datePublished":"2025-03-10T12:30:00+00:00","author":{"@id":"https:\/\/www.correiobraziliense.com.br\/cbradar\/#\/schema\/person\/4053c651a9bfc785afc6f4cbc9032fd3"},"description":"Descubra a cidade brasileira onde o sol nasce primeiro nas Am\u00e9ricas, um destino incr\u00edvel repleto de belezas naturais e cultura!","breadcrumb":{"@id":"https:\/\/www.correiobraziliense.com.br\/cbradar\/a-incrivel-cidade-onde-o-sol-nasce-primeiro-nas-americas-e-brasileira\/#breadcrumb"},"inLanguage":"pt-BR","potentialAction":[{"@type":"ReadAction","target":["https:\/\/www.correiobraziliense.com.br\/cbradar\/a-incrivel-cidade-onde-o-sol-nasce-primeiro-nas-americas-e-brasileira\/"]}]},{"@type":"ImageObject","inLanguage":"pt-BR","@id":"https:\/\/www.correiobraziliense.com.br\/cbradar\/a-incrivel-cidade-onde-o-sol-nasce-primeiro-nas-americas-e-brasileira\/#primaryimage","url":"https:\/\/www.correiobraziliense.com.br\/cbradar\/wp-content\/uploads\/2025\/02\/Design-sem-nome-3-1.png","contentUrl":"https:\/\/www.correiobraziliense.com.br\/cbradar\/wp-content\/uploads\/2025\/02\/Design-sem-nome-3-1.png","width":1280,"height":720,"caption":"Jo\u00e3o Pessoa \/\/ Reprodu\u00e7\u00e3o: Wikimedia Commons"},{"@type":"BreadcrumbList","@id":"https:\/\/www.correiobraziliense.com.br\/cbradar\/a-incrivel-cidade-onde-o-sol-nasce-primeiro-nas-americas-e-brasileira\/#breadcrumb","itemListElement":[{"@type":"ListItem","position":1,"name":"In\u00edcio","item":"https:\/\/www.correiobraziliense.com.br\/cbradar\/"},{"@type":"ListItem","position":2,"name":"A incr\u00edvel cidade onde o sol nasce primeiro nas Am\u00e9ricas \u00e9 brasileira"}]},{"@type":"WebSite","@id":"https:\/\/www.correiobraziliense.com.br\/cbradar\/#website","url":"https:\/\/www.correiobraziliense.com.br\/cbradar\/","name":"Correio Braziliense - Radar","description":"Acompanhe as \u00faltimas not\u00edcias e fique bem informado sobre tudo o que acontece no Brasil e no mundo.","potentialAction":[{"@type":"SearchAction","target":{"@type":"EntryPoint","urlTemplate":"https:\/\/www.correiobraziliense.com.br\/cbradar\/?s={search_term_string}"},"query-input":{"@type":"PropertyValueSpecification","valueRequired":true,"valueName":"search_term_string"}}],"inLanguage":"pt-BR"},{"@type":"Person","@id":"https:\/\/www.correiobraziliense.com.br\/cbradar\/#\/schema\/person\/4053c651a9bfc785afc6f4cbc9032fd3","name":"Maura Pereira","image":{"@type":"ImageObject","inLanguage":"pt-BR","@id":"https:\/\/www.correiobraziliense.com.br\/cbradar\/#\/schema\/person\/image\/","url":"https:\/\/secure.gravatar.com\/avatar\/3effd6bdadfa447f15089c7f7144eaa6?s=96&d=mm&r=g","contentUrl":"https:\/\/secure.gravatar.com\/avatar\/3effd6bdadfa447f15089c7f7144eaa6?s=96&d=mm&r=g","caption":"Maura Pereira"},"sameAs":["https:\/\/www.correiobraziliense.com.br\/"],"url":"https:\/\/www.correiobraziliense.com.br\/cbradar\/author\/mauramyth\/"}]}},"_links":{"self":[{"href":"https:\/\/www.correiobraziliense.com.br\/cbradar\/wp-json\/wp\/v2\/posts\/10956","targetHints":{"allow":["GET"]}}],"collection":[{"href":"https:\/\/www.correiobraziliense.com.br\/cbradar\/wp-json\/wp\/v2\/posts"}],"about":[{"href":"https:\/\/www.correiobraziliense.com.br\/cbradar\/wp-json\/wp\/v2\/types\/post"}],"author":[{"embeddable":true,"href":"https:\/\/www.correiobraziliense.com.br\/cbradar\/wp-json\/wp\/v2\/users\/8"}],"replies":[{"embeddable":true,"href":"https:\/\/www.correiobraziliense.com.br\/cbradar\/wp-json\/wp\/v2\/comments?post=10956"}],"version-history":[{"count":11,"href":"https:\/\/www.correiobraziliense.com.br\/cbradar\/wp-json\/wp\/v2\/posts\/10956\/revisions"}],"predecessor-version":[{"id":10999,"href":"https:\/\/www.correiobraziliense.com.br\/cbradar\/wp-json\/wp\/v2\/posts\/10956\/revisions\/10999"}],"wp:featuredmedia":[{"embeddable":true,"href":"https:\/\/www.correiobraziliense.com.br\/cbradar\/wp-json\/wp\/v2\/media\/4062"}],"wp:attachment":[{"href":"https:\/\/www.correiobraziliense.com.br\/cbradar\/wp-json\/wp\/v2\/media?parent=10956"}],"wp:term":[{"taxonomy":"category","embeddable":true,"href":"https:\/\/www.correiobraziliense.com.br\/cbradar\/wp-json\/wp\/v2\/categories?post=10956"},{"taxonomy":"post_tag","embeddable":true,"href":"https:\/\/www.correiobraziliense.com.br\/cbradar\/wp-json\/wp\/v2\/tags?post=10956"}],"curies":[{"name":"wp","href":"https:\/\/api.w.org\/{rel}","templated":true}]}}