{"id":10961,"date":"2025-03-10T21:30:00","date_gmt":"2025-03-11T00:30:00","guid":{"rendered":"https:\/\/www.correiobraziliense.com.br\/cbradar\/?p=10961"},"modified":"2025-03-09T23:27:30","modified_gmt":"2025-03-10T02:27:30","slug":"um-vilarejo-medieval-na-franca-escondido-de-poucos-habitantes","status":"publish","type":"post","link":"https:\/\/www.correiobraziliense.com.br\/cbradar\/um-vilarejo-medieval-na-franca-escondido-de-poucos-habitantes\/","title":{"rendered":"Um vilarejo medieval na Fran\u00e7a escondido de poucos habitantes"},"content":{"rendered":"\n<p><strong><a href=\"https:\/\/www.gordes-village.com\/en\/\" target=\"_blank\" rel=\"noreferrer noopener\">Gordes<\/a><\/strong>, localizada na regi\u00e3o da<strong> Proven\u00e7a<\/strong>, \u00e9 um dos vilarejos mais encantadores da <strong><a href=\"https:\/\/www.correiobraziliense.com.br\/cbradar\/esses-sao-os-24-superbilionarios-do-mundo-veja-nomes\/\" target=\"_blank\" rel=\"noreferrer noopener\">Fran\u00e7a<\/a><\/strong>. Conhecida por suas paisagens deslumbrantes e arquitetura hist\u00f3rica, Gordes atrai visitantes de todo o mundo. A cidade oferece uma combina\u00e7\u00e3o \u00fanica de beleza natural e riqueza cultural, tornando-se um destino imperd\u00edvel para quem deseja explorar o sul da Fran\u00e7a.<\/p>\n\n\n\n<p>Este artigo tem como objetivo fornecer informa\u00e7\u00f5es detalhadas sobre Gordes, incluindo sua hist\u00f3ria fascinante, principais atra\u00e7\u00f5es tur\u00edsticas e dicas essenciais para os visitantes. Ao final, espera-se que o leitor esteja inspirado a planejar uma visita a esta pitoresca aldeia francesa.<\/p>\n\n\n\n<h2 class=\"wp-block-heading\"><strong>Qual \u00e9 a hist\u00f3ria de Gordes?<\/strong><\/h2>\n\n\n\n<p>A hist\u00f3ria de Gordes remonta ao per\u00edodo romano, quando a regi\u00e3o come\u00e7ou a ser habitada. Durante a Idade M\u00e9dia, a aldeia se desenvolveu em torno de um castelo fortificado, que ainda hoje domina a paisagem local. Ao longo dos s\u00e9culos, Gordes passou por diversas transforma\u00e7\u00f5es, mas conseguiu preservar seu charme medieval.<\/p>\n\n\n\n<p>Eventos hist\u00f3ricos significativos, como as guerras religiosas na Fran\u00e7a, deixaram suas marcas na cidade. O patrim\u00f4nio arquitet\u00f4nico de Gordes reflete essas influ\u00eancias, com ruas estreitas e edif\u00edcios de pedra que transportam os visitantes para outra \u00e9poca. A hist\u00f3ria rica e variada de Gordes \u00e9 um dos principais atrativos para aqueles que desejam mergulhar na cultura proven\u00e7al.<\/p>\n\n\n<div class=\"wp-block-image\">\n<figure class=\"aligncenter size-large\"><img decoding=\"async\" width=\"1024\" height=\"576\" src=\"https:\/\/www.correiobraziliense.com.br\/cbradar\/wp-content\/uploads\/2025\/02\/gordes-franca_1740078945842-1024x576.jpg\" alt=\"Uma aldeia medieval na Fran\u00e7a escondida com poucos habitantes\" class=\"wp-image-4450\" srcset=\"https:\/\/www.correiobraziliense.com.br\/cbradar\/wp-content\/uploads\/2025\/02\/gordes-franca_1740078945842-1024x576.jpg 1024w, https:\/\/www.correiobraziliense.com.br\/cbradar\/wp-content\/uploads\/2025\/02\/gordes-franca_1740078945842-300x169.jpg 300w, https:\/\/www.correiobraziliense.com.br\/cbradar\/wp-content\/uploads\/2025\/02\/gordes-franca_1740078945842-768x432.jpg 768w, https:\/\/www.correiobraziliense.com.br\/cbradar\/wp-content\/uploads\/2025\/02\/gordes-franca_1740078945842-750x422.jpg 750w, https:\/\/www.correiobraziliense.com.br\/cbradar\/wp-content\/uploads\/2025\/02\/gordes-franca_1740078945842-1140x641.jpg 1140w, https:\/\/www.correiobraziliense.com.br\/cbradar\/wp-content\/uploads\/2025\/02\/gordes-franca_1740078945842.jpg 1280w\" sizes=\"(max-width: 1024px) 100vw, 1024px\" \/><figcaption class=\"wp-element-caption\">Gordes, Fran\u00e7a \/\/ Cr\u00e9ditos: depositphotos.com \/ AlexGukBO<\/figcaption><\/figure><\/div>\n\n\n<h2 class=\"wp-block-heading\"><strong>Quais s\u00e3o as curiosidades mais interessantes sobre Gordes?<\/strong><\/h2>\n\n\n\n<p>Gordes \u00e9 famosa por suas vistas panor\u00e2micas e pela luz \u00fanica que inspirou artistas como <strong>Marc Chagall<\/strong>. Al\u00e9m disso, a cidade \u00e9 conhecida por suas festividades tradicionais, como a celebra\u00e7\u00e3o de <strong>S\u00e3o Firmino<\/strong>, padroeiro da aldeia. Durante esse evento, os moradores se vestem com trajes t\u00edpicos e participam de prociss\u00f5es e dan\u00e7as folcl\u00f3ricas.<\/p>\n\n\n\n<p>Outro fato curioso sobre Gordes \u00e9 a presen\u00e7a de bories, antigas cabanas de pedra seca que datam de s\u00e9culos atr\u00e1s. Esses abrigos r\u00fasticos s\u00e3o um testemunho da engenhosidade dos habitantes locais e contribuem para a identidade \u00fanica da cidade. A bandeira de Gordes, com suas cores vibrantes, tamb\u00e9m \u00e9 um s\u00edmbolo importante, representando a heran\u00e7a cultural da aldeia.<\/p>\n\n\n\n<h2 class=\"wp-block-heading\"><strong>Quais s\u00e3o os principais pontos tur\u00edsticos de Gordes?<\/strong><\/h2>\n\n\n\n<p>Entre os pontos tur\u00edsticos mais visitados de Gordes est\u00e1 o <strong>Castelo de Gordes,<\/strong> que oferece uma vista deslumbrante da paisagem circundante. Outro local imperd\u00edvel \u00e9 a <strong>Abadia de S\u00e9nanque<\/strong>, famosa por seus campos de lavanda que florescem durante o ver\u00e3o. Os visitantes tamb\u00e9m podem explorar o<strong> Museu Pol Mara,<\/strong> dedicado ao artista belga que viveu na cidade.<\/p>\n\n\n\n<p>Para aproveitar ao m\u00e1ximo cada atra\u00e7\u00e3o, \u00e9 recomend\u00e1vel visitar Gordes durante a primavera ou o in\u00edcio do outono, quando o clima \u00e9 agrad\u00e1vel e as multid\u00f5es s\u00e3o menores. Al\u00e9m disso, muitos eventos culturais ocorrem nessas \u00e9pocas, proporcionando uma experi\u00eancia ainda mais enriquecedora para os turistas.<\/p>\n\n\n\n<h2 class=\"wp-block-heading\"><strong>Como \u00e9 o clima local e qual a melhor \u00e9poca para visitar?<\/strong><\/h2>\n\n\n\n<p>Gordes possui um clima mediterr\u00e2neo, com ver\u00f5es quentes e secos e invernos amenos. As temperaturas m\u00e9dias no ver\u00e3o variam entre<strong> 25\u00b0C<\/strong> e<strong> 30\u00b0C<\/strong>, enquanto no inverno ficam em torno de<strong> 5\u00b0C<\/strong> a <strong>10\u00b0C<\/strong>. As chuvas s\u00e3o mais frequentes no outono e na primavera, mas geralmente n\u00e3o atrapalham as atividades ao ar livre.<\/p>\n\n\n\n<p>A melhor \u00e9poca para visitar Gordes \u00e9 entre maio e setembro, quando o clima \u00e9 ideal para explorar a regi\u00e3o. Durante esses meses, os campos de lavanda est\u00e3o em plena flora\u00e7\u00e3o, oferecendo um espet\u00e1culo visual e olfativo. No entanto, para aqueles que preferem evitar multid\u00f5es, os meses de abril e outubro tamb\u00e9m s\u00e3o excelentes op\u00e7\u00f5es.<\/p>\n\n\n\n<h2 class=\"wp-block-heading\"><strong>O que fazer em Gordes al\u00e9m dos pontos tur\u00edsticos?<\/strong><\/h2>\n\n\n\n<p>Al\u00e9m das atra\u00e7\u00f5es tur\u00edsticas, Gordes oferece experi\u00eancias aut\u00eanticas que permitem aos visitantes vivenciar a cultura local. Os mercados de rua s\u00e3o uma \u00f3tima oportunidade para experimentar produtos regionais, como queijos, vinhos e azeites. Restaurantes tradicionais servem pratos t\u00edpicos da culin\u00e1ria proven\u00e7al, como a ratatouille e o bouillabaisse.<\/p>\n\n\n\n<p>Para hospedagem, Gordes disp\u00f5e de uma variedade de op\u00e7\u00f5es, desde hot\u00e9is luxuosos at\u00e9 pousadas aconchegantes. O transporte na cidade \u00e9 facilitado por \u00f4nibus locais e servi\u00e7os de aluguel de bicicletas, permitindo que os visitantes explorem a regi\u00e3o com facilidade e conforto.<\/p>\n\n\n\n<h2 class=\"wp-block-heading\"><strong>Dicas essenciais<\/strong><\/h2>\n\n\n\n<p>Ao visitar Gordes, \u00e9 importante estar atento \u00e0 seguran\u00e7a, especialmente em \u00e1reas movimentadas. Recomenda-se manter os pertences pessoais sempre \u00e0 vista e evitar exibir objetos de valor. O transporte p\u00fablico \u00e9 eficiente, mas alugar um carro pode ser uma boa op\u00e7\u00e3o para explorar as \u00e1reas rurais ao redor da cidade.<\/p>\n\n\n\n<p>Para economizar, considere visitar Gordes fora da alta temporada e aproveite descontos em atra\u00e7\u00f5es e hospedagem. Esteja ciente de poss\u00edveis &#8220;pegadinhas&#8221; tur\u00edsticas, como pre\u00e7os inflacionados em restaurantes pr\u00f3ximos a pontos tur\u00edsticos, e planeje suas refei\u00e7\u00f5es em locais frequentados por moradores locais.<\/p>\n\n\n\n<h2 class=\"wp-block-heading\"><strong>Perguntas frequentes &#8211; FAQ<\/strong><\/h2>\n\n\n\n<p><strong>Qual \u00e9 a melhor \u00e9poca do ano para visitar Gordes?<\/strong><\/p>\n\n\n\n<p>Geralmente, a melhor \u00e9poca \u00e9 entre maio e setembro, quando o clima \u00e9 mais agrad\u00e1vel e os campos de lavanda est\u00e3o floridos.<\/p>\n\n\n\n<p><strong>Quais pratos t\u00edpicos devem ser experimentados?<\/strong><\/p>\n\n\n\n<p>Recomenda-se provar a ratatouille e o bouillabaisse em restaurantes tradicionais da regi\u00e3o.<\/p>\n\n\n\n<p><strong>Quais s\u00e3o as melhores op\u00e7\u00f5es de transporte na cidade?<\/strong><\/p>\n\n\n\n<p>\u00d4nibus locais, t\u00e1xis e aluguel de bicicletas s\u00e3o op\u00e7\u00f5es pr\u00e1ticas para se locomover em Gordes.<\/p>\n\n\n\n<p><strong>Gordes \u00e9 segura para turistas?<\/strong><\/p>\n\n\n\n<p>Sim, Gordes \u00e9 geralmente segura, mas \u00e9 importante tomar precau\u00e7\u00f5es comuns em qualquer destino tur\u00edstico.<\/p>\n\n\n\n<p><strong>Que eventos e festivais ocorrem anualmente em Gordes?<\/strong><\/p>\n\n\n\n<p>Gordes celebra festivais religiosos e culturais ao longo do ano; consulte calend\u00e1rios locais para se programar.<\/p>\n","protected":false},"excerpt":{"rendered":"<p>Gordes, localizada na regi\u00e3o da Proven\u00e7a, \u00e9 um dos vilarejos mais encantadores da Fran\u00e7a. Conhecida por suas paisagens deslumbrantes e arquitetura hist\u00f3rica, Gordes atrai visitantes de todo o mundo. A cidade oferece uma combina\u00e7\u00e3o \u00fanica de beleza natural e riqueza cultural, tornando-se um destino imperd\u00edvel para quem deseja explorar o sul da Fran\u00e7a. Este artigo [&hellip;]<\/p>\n","protected":false},"author":8,"featured_media":4449,"comment_status":"open","ping_status":"open","sticky":false,"template":"","format":"standard","meta":{"_yoast_wpseo_focuskw":"fran\u00e7a","_yoast_wpseo_title":"","_yoast_wpseo_metadesc":"Descubra esse encantador vilarejo escondido na Fran\u00e7a, com poucos habitantes, paisagens deslumbrantes e um charme aut\u00eantico e hist\u00f3rico!","jnews-multi-image_gallery":[],"jnews_single_post":{"format":"standard"},"jnews_primary_category":[],"jnews_social_meta":[],"jnews_override_counter":[],"footnotes":""},"categories":[108,111],"tags":[109,831,909,1128],"class_list":["post-10961","post","type-post","status-publish","format-standard","has-post-thumbnail","hentry","category-cidades","category-turismo","tag-cidades","tag-franca","tag-gordes","tag-vilarejo"],"yoast_head":"<!-- This site is optimized with the Yoast SEO plugin v24.6 - https:\/\/yoast.com\/wordpress\/plugins\/seo\/ -->\n<title>Um vilarejo medieval na Fran\u00e7a escondido de poucos habitantes - Correio Braziliense - Radar<\/title>\n<meta name=\"description\" content=\"Descubra esse encantador vilarejo escondido na Fran\u00e7a, com poucos habitantes, paisagens deslumbrantes e um charme aut\u00eantico e hist\u00f3rico!\" \/>\n<meta name=\"robots\" content=\"index, follow, max-snippet:-1, max-image-preview:large, max-video-preview:-1\" \/>\n<link rel=\"canonical\" href=\"https:\/\/www.correiobraziliense.com.br\/cbradar\/um-vilarejo-medieval-na-franca-escondido-de-poucos-habitantes\/\" \/>\n<meta property=\"og:locale\" content=\"pt_BR\" \/>\n<meta property=\"og:type\" content=\"article\" \/>\n<meta property=\"og:title\" content=\"Um vilarejo medieval na Fran\u00e7a escondido de poucos habitantes - Correio Braziliense - Radar\" \/>\n<meta property=\"og:description\" content=\"Descubra esse encantador vilarejo escondido na Fran\u00e7a, com poucos habitantes, paisagens deslumbrantes e um charme aut\u00eantico e hist\u00f3rico!\" \/>\n<meta property=\"og:url\" content=\"https:\/\/www.correiobraziliense.com.br\/cbradar\/um-vilarejo-medieval-na-franca-escondido-de-poucos-habitantes\/\" \/>\n<meta property=\"og:site_name\" content=\"Correio Braziliense - Radar\" \/>\n<meta property=\"article:published_time\" content=\"2025-03-11T00:30:00+00:00\" \/>\n<meta property=\"og:image\" content=\"https:\/\/www.correiobraziliense.com.br\/cbradar\/wp-content\/uploads\/2025\/02\/Gordes-franca_1740078851765.jpg\" \/>\n\t<meta property=\"og:image:width\" content=\"1280\" \/>\n\t<meta property=\"og:image:height\" content=\"720\" \/>\n\t<meta property=\"og:image:type\" content=\"image\/jpeg\" \/>\n<meta name=\"author\" content=\"Maura Pereira\" \/>\n<meta name=\"twitter:card\" content=\"summary_large_image\" \/>\n<meta name=\"twitter:label1\" content=\"Escrito por\" \/>\n\t<meta name=\"twitter:data1\" content=\"Maura Pereira\" \/>\n\t<meta name=\"twitter:label2\" content=\"Est. tempo de leitura\" \/>\n\t<meta name=\"twitter:data2\" content=\"6 minutos\" \/>\n<!-- \/ Yoast SEO plugin. -->","yoast_head_json":{"title":"Um vilarejo medieval na Fran\u00e7a escondido de poucos habitantes - Correio Braziliense - Radar","description":"Descubra esse encantador vilarejo escondido na Fran\u00e7a, com poucos habitantes, paisagens deslumbrantes e um charme aut\u00eantico e hist\u00f3rico!","robots":{"index":"index","follow":"follow","max-snippet":"max-snippet:-1","max-image-preview":"max-image-preview:large","max-video-preview":"max-video-preview:-1"},"canonical":"https:\/\/www.correiobraziliense.com.br\/cbradar\/um-vilarejo-medieval-na-franca-escondido-de-poucos-habitantes\/","og_locale":"pt_BR","og_type":"article","og_title":"Um vilarejo medieval na Fran\u00e7a escondido de poucos habitantes - Correio Braziliense - Radar","og_description":"Descubra esse encantador vilarejo escondido na Fran\u00e7a, com poucos habitantes, paisagens deslumbrantes e um charme aut\u00eantico e hist\u00f3rico!","og_url":"https:\/\/www.correiobraziliense.com.br\/cbradar\/um-vilarejo-medieval-na-franca-escondido-de-poucos-habitantes\/","og_site_name":"Correio Braziliense - Radar","article_published_time":"2025-03-11T00:30:00+00:00","og_image":[{"width":1280,"height":720,"url":"https:\/\/www.correiobraziliense.com.br\/cbradar\/wp-content\/uploads\/2025\/02\/Gordes-franca_1740078851765.jpg","type":"image\/jpeg"}],"author":"Maura Pereira","twitter_card":"summary_large_image","twitter_misc":{"Escrito por":"Maura Pereira","Est. tempo de leitura":"6 minutos"},"schema":{"@context":"https:\/\/schema.org","@graph":[{"@type":"WebPage","@id":"https:\/\/www.correiobraziliense.com.br\/cbradar\/um-vilarejo-medieval-na-franca-escondido-de-poucos-habitantes\/","url":"https:\/\/www.correiobraziliense.com.br\/cbradar\/um-vilarejo-medieval-na-franca-escondido-de-poucos-habitantes\/","name":"Um vilarejo medieval na Fran\u00e7a escondido de poucos habitantes - Correio Braziliense - Radar","isPartOf":{"@id":"https:\/\/www.correiobraziliense.com.br\/cbradar\/#website"},"primaryImageOfPage":{"@id":"https:\/\/www.correiobraziliense.com.br\/cbradar\/um-vilarejo-medieval-na-franca-escondido-de-poucos-habitantes\/#primaryimage"},"image":{"@id":"https:\/\/www.correiobraziliense.com.br\/cbradar\/um-vilarejo-medieval-na-franca-escondido-de-poucos-habitantes\/#primaryimage"},"thumbnailUrl":"https:\/\/www.correiobraziliense.com.br\/cbradar\/wp-content\/uploads\/2025\/02\/Gordes-franca_1740078851765.jpg","datePublished":"2025-03-11T00:30:00+00:00","author":{"@id":"https:\/\/www.correiobraziliense.com.br\/cbradar\/#\/schema\/person\/4053c651a9bfc785afc6f4cbc9032fd3"},"description":"Descubra esse encantador vilarejo escondido na Fran\u00e7a, com poucos habitantes, paisagens deslumbrantes e um charme aut\u00eantico e hist\u00f3rico!","breadcrumb":{"@id":"https:\/\/www.correiobraziliense.com.br\/cbradar\/um-vilarejo-medieval-na-franca-escondido-de-poucos-habitantes\/#breadcrumb"},"inLanguage":"pt-BR","potentialAction":[{"@type":"ReadAction","target":["https:\/\/www.correiobraziliense.com.br\/cbradar\/um-vilarejo-medieval-na-franca-escondido-de-poucos-habitantes\/"]}]},{"@type":"ImageObject","inLanguage":"pt-BR","@id":"https:\/\/www.correiobraziliense.com.br\/cbradar\/um-vilarejo-medieval-na-franca-escondido-de-poucos-habitantes\/#primaryimage","url":"https:\/\/www.correiobraziliense.com.br\/cbradar\/wp-content\/uploads\/2025\/02\/Gordes-franca_1740078851765.jpg","contentUrl":"https:\/\/www.correiobraziliense.com.br\/cbradar\/wp-content\/uploads\/2025\/02\/Gordes-franca_1740078851765.jpg","width":1280,"height":720,"caption":"Gordes at night \/\/ Cr\u00e9ditos: depositphotos.com \/ Kassandra2"},{"@type":"BreadcrumbList","@id":"https:\/\/www.correiobraziliense.com.br\/cbradar\/um-vilarejo-medieval-na-franca-escondido-de-poucos-habitantes\/#breadcrumb","itemListElement":[{"@type":"ListItem","position":1,"name":"In\u00edcio","item":"https:\/\/www.correiobraziliense.com.br\/cbradar\/"},{"@type":"ListItem","position":2,"name":"Um vilarejo medieval na Fran\u00e7a escondido de poucos habitantes"}]},{"@type":"WebSite","@id":"https:\/\/www.correiobraziliense.com.br\/cbradar\/#website","url":"https:\/\/www.correiobraziliense.com.br\/cbradar\/","name":"Correio Braziliense - Radar","description":"Acompanhe as \u00faltimas not\u00edcias e fique bem informado sobre tudo o que acontece no Brasil e no mundo.","potentialAction":[{"@type":"SearchAction","target":{"@type":"EntryPoint","urlTemplate":"https:\/\/www.correiobraziliense.com.br\/cbradar\/?s={search_term_string}"},"query-input":{"@type":"PropertyValueSpecification","valueRequired":true,"valueName":"search_term_string"}}],"inLanguage":"pt-BR"},{"@type":"Person","@id":"https:\/\/www.correiobraziliense.com.br\/cbradar\/#\/schema\/person\/4053c651a9bfc785afc6f4cbc9032fd3","name":"Maura Pereira","image":{"@type":"ImageObject","inLanguage":"pt-BR","@id":"https:\/\/www.correiobraziliense.com.br\/cbradar\/#\/schema\/person\/image\/","url":"https:\/\/secure.gravatar.com\/avatar\/3effd6bdadfa447f15089c7f7144eaa6?s=96&d=mm&r=g","contentUrl":"https:\/\/secure.gravatar.com\/avatar\/3effd6bdadfa447f15089c7f7144eaa6?s=96&d=mm&r=g","caption":"Maura Pereira"},"sameAs":["https:\/\/www.correiobraziliense.com.br\/"],"url":"https:\/\/www.correiobraziliense.com.br\/cbradar\/author\/mauramyth\/"}]}},"_links":{"self":[{"href":"https:\/\/www.correiobraziliense.com.br\/cbradar\/wp-json\/wp\/v2\/posts\/10961","targetHints":{"allow":["GET"]}}],"collection":[{"href":"https:\/\/www.correiobraziliense.com.br\/cbradar\/wp-json\/wp\/v2\/posts"}],"about":[{"href":"https:\/\/www.correiobraziliense.com.br\/cbradar\/wp-json\/wp\/v2\/types\/post"}],"author":[{"embeddable":true,"href":"https:\/\/www.correiobraziliense.com.br\/cbradar\/wp-json\/wp\/v2\/users\/8"}],"replies":[{"embeddable":true,"href":"https:\/\/www.correiobraziliense.com.br\/cbradar\/wp-json\/wp\/v2\/comments?post=10961"}],"version-history":[{"count":12,"href":"https:\/\/www.correiobraziliense.com.br\/cbradar\/wp-json\/wp\/v2\/posts\/10961\/revisions"}],"predecessor-version":[{"id":11026,"href":"https:\/\/www.correiobraziliense.com.br\/cbradar\/wp-json\/wp\/v2\/posts\/10961\/revisions\/11026"}],"wp:featuredmedia":[{"embeddable":true,"href":"https:\/\/www.correiobraziliense.com.br\/cbradar\/wp-json\/wp\/v2\/media\/4449"}],"wp:attachment":[{"href":"https:\/\/www.correiobraziliense.com.br\/cbradar\/wp-json\/wp\/v2\/media?parent=10961"}],"wp:term":[{"taxonomy":"category","embeddable":true,"href":"https:\/\/www.correiobraziliense.com.br\/cbradar\/wp-json\/wp\/v2\/categories?post=10961"},{"taxonomy":"post_tag","embeddable":true,"href":"https:\/\/www.correiobraziliense.com.br\/cbradar\/wp-json\/wp\/v2\/tags?post=10961"}],"curies":[{"name":"wp","href":"https:\/\/api.w.org\/{rel}","templated":true}]}}