{"id":109697,"date":"2025-09-28T13:03:00","date_gmt":"2025-09-28T16:03:00","guid":{"rendered":"https:\/\/www.correiobraziliense.com.br\/cbradar\/?p=109697"},"modified":"2025-09-26T10:49:56","modified_gmt":"2025-09-26T13:49:56","slug":"14-coisas-que-normalizamos-que-podem-ser-conversas-sobre-traumas","status":"publish","type":"post","link":"https:\/\/www.correiobraziliense.com.br\/cbradar\/14-coisas-que-normalizamos-que-podem-ser-conversas-sobre-traumas\/","title":{"rendered":"14 coisas que \u201cnormalizamos\u201d que podem ser conversas sobre traumas"},"content":{"rendered":"\n<p>Traumas podem moldar quem somos, influenciando comportamentos que parecem normais, mas que podem, na verdade, ser mecanismos de enfrentamento. Neste artigo, vamos explorar h\u00e1bitos comuns que podem ser indicadores de trauma e como reconhec\u00ea-los pode ajudar na supera\u00e7\u00e3o. Aprenda a identificar:<\/p>\n\n\n\n<ul class=\"wp-block-list\">\n<li>Sinais de desculpas excessivas e seu impacto nas rela\u00e7\u00f5es.<\/li>\n\n\n\n<li>Dificuldades em dizer &#8220;n\u00e3o&#8221; e a import\u00e2ncia de estabelecer limites.<\/li>\n\n\n\n<li>Aviso de vigil\u00e2ncia excessiva e como ela pode afetar o bem-estar.<\/li>\n<\/ul>\n\n\n\n<h2 class=\"wp-block-heading\">Por que voc\u00ea se desculpa tanto?<\/h2>\n\n\n\n<p>Se voc\u00ea se pega dizendo &#8220;desculpa&#8221; frequentemente, mesmo quando n\u00e3o \u00e9 necess\u00e1rio, isso pode ser uma forma de evitar <strong>conflitos<\/strong>. Esse h\u00e1bito, como aponta a psic\u00f3loga Dra. Karin Anderson Abrell, pode derivar do <strong>medo profundo de desapontar<\/strong> os outros.<\/p>\n\n\n\n<p>J\u00e1 se pegou pedindo desculpas pelo clima ou pelo mau humor de um estranho? Isso pode ser um <strong>sinal<\/strong> de que se desculpar demais virou segunda natureza. Aprender a reconhecer quando de fato h\u00e1 necessidade de desculpas ajuda a estabelecer <strong>limites saud\u00e1veis<\/strong>.<\/p>\n\n\n\n<h2 class=\"wp-block-heading\">Por que dizer &#8220;n\u00e3o&#8221; \u00e9 t\u00e3o dif\u00edcil?<\/h2>\n\n\n\n<p>Dizer &#8220;n\u00e3o&#8221; pode ser especialmente desafiador ap\u00f3s passar por um trauma. Tememos que, ao recusar um pedido, decepcionemos algu\u00e9m ou causemos raiva. Isso nos leva a sempre dizer &#8220;sim&#8221;.<\/p>\n\n\n\n<p>Esse padr\u00e3o pode levar ao <strong>esgotamento<\/strong>, j\u00e1 que voc\u00ea fica em \u00faltimo plano. Para muitos, inclusive, a ideia de estabelecer <strong>limites<\/strong> parece estranha. Contudo, \u00e9 crucial valorizar seu <strong>tempo e energia<\/strong> aprendendo a dizer &#8220;n\u00e3o&#8221;.<\/p>\n\n\n\n<h2 class=\"wp-block-heading\">Vigil\u00e2ncia constante: voc\u00ea est\u00e1 em alerta?<\/h2>\n\n\n\n<p>Estar sempre em estado de alerta pode parecer normal, mas \u00e9 um sinal de <strong>hipervigil\u00e2ncia<\/strong>. O psic\u00f3logo Dr. John Gottman explica que essa resposta remanescente de situa\u00e7\u00f5es traum\u00e1ticas passadas pode exaurir e tornar dif\u00edcil relaxar.<\/p>\n\n\n\n<p>Voc\u00ea pode perceber que est\u00e1 sempre avaliando o humor das pessoas ou antecipando o pior. Embora isso tenha ajudado voc\u00ea a <strong>sobreviver<\/strong> no passado, pode tornar a vida cotidiana avassaladora. Pe\u00e7a ajuda para identificar momentos em que abaixar a guarda \u00e9 seguro.<\/p>\n\n\n\n<figure class=\"wp-block-image size-large\"><img decoding=\"async\" width=\"1024\" height=\"576\" src=\"https:\/\/www.correiobraziliense.com.br\/cbradar\/wp-content\/uploads\/2025\/09\/pessoa-pensativa_1758894564759-1024x576.jpg\" alt=\"14 coisas que \u201cnormalizamos\u201d que podem ser conversas sobre traumas\" class=\"wp-image-109700\" srcset=\"https:\/\/www.correiobraziliense.com.br\/cbradar\/wp-content\/uploads\/2025\/09\/pessoa-pensativa_1758894564759-1024x576.jpg 1024w, https:\/\/www.correiobraziliense.com.br\/cbradar\/wp-content\/uploads\/2025\/09\/pessoa-pensativa_1758894564759-300x169.jpg 300w, https:\/\/www.correiobraziliense.com.br\/cbradar\/wp-content\/uploads\/2025\/09\/pessoa-pensativa_1758894564759-768x432.jpg 768w, https:\/\/www.correiobraziliense.com.br\/cbradar\/wp-content\/uploads\/2025\/09\/pessoa-pensativa_1758894564759-750x422.jpg 750w, https:\/\/www.correiobraziliense.com.br\/cbradar\/wp-content\/uploads\/2025\/09\/pessoa-pensativa_1758894564759-1140x641.jpg 1140w, https:\/\/www.correiobraziliense.com.br\/cbradar\/wp-content\/uploads\/2025\/09\/pessoa-pensativa_1758894564759.jpg 1280w\" sizes=\"(max-width: 1024px) 100vw, 1024px\" \/><figcaption class=\"wp-element-caption\">pessoa pensativa. Cr\u00e9ditos: depositphotos.com \/ IgorVetushko<\/figcaption><\/figure>\n\n\n\n<h2 class=\"wp-block-heading\">Enfrentando a evita\u00e7\u00e3o: o que voc\u00ea est\u00e1 deixando de encarar<\/h2>\n\n\n\n<p>A <strong>evita\u00e7\u00e3o<\/strong> frequentemente parece o caminho mais f\u00e1cil para evitar emo\u00e7\u00f5es avassaladoras. No entanto, esse comportamento mant\u00e9m o <strong>medo<\/strong> crescendo. Enfrentar gradualmente o que voc\u00ea evita \u00e9 essencial para romper esse ciclo.<\/p>\n\n\n\n<p>A <strong>evita\u00e7\u00e3o<\/strong> n\u00e3o \u00e9 apenas externa; internamente, distrair-se de pensar pode agravar ainda mais a ansiedade. Buscar apoio pode ajudar a encarar o que \u00e9 dif\u00edcil.<\/p>\n\n\n\n<h2 class=\"wp-block-heading\">Pessoas que agradam: voc\u00ea est\u00e1 sempre priorizando os outros?<\/h2>\n\n\n\n<p>Agradar a todos \u00e9 comum entre aqueles que passaram por traumas. A Dra. Harriet Braiker observa que isso geralmente leva a negligenciar suas pr\u00f3prias necessidades, gerando exaust\u00e3o.<\/p>\n\n\n\n<p>Aprender a dizer &#8220;n\u00e3o&#8221; e <strong>priorizar<\/strong> suas necessidades \u00e9 um passo importante para a cura. Quem realmente se importa entender\u00e1 e respeitar\u00e1 seus <strong>limites<\/strong>.<\/p>\n\n\n\n<h2 class=\"wp-block-heading\">Ponto final: caminhos para a transforma\u00e7\u00e3o<\/h2>\n\n\n\n<p>H\u00e1bitos comuns, como desculpas excessivas, dificuldade em dizer &#8220;n\u00e3o&#8221; e vigil\u00e2ncia, podem estar enraizados em traumas passados. Reconhec\u00ea-los \u00e9 o primeiro passo.<\/p>\n\n\n\n<ul class=\"wp-block-list\">\n<li>Estabele\u00e7a e respeite seus limites, priorizando suas necessidades.<\/li>\n\n\n\n<li>Busque apoio profissional para aprender novas t\u00e9cnicas de enfrentamento.<\/li>\n\n\n\n<li>Permita-se sentir e expressar emo\u00e7\u00f5es, mesmo as desconfort\u00e1veis.<\/li>\n<\/ul>\n\n\n\n<h2 class=\"wp-block-heading\">Avan\u00e7ando com confian\u00e7a<\/h2>\n\n\n\n<p>Identificar e trabalhar comportamentos enraizados em experi\u00eancias passadas pode ser transformador. Ao entender os mecanismos de enfrentamento, podemos redirecionar nossas vidas para um caminho de <strong>crescimento pessoal<\/strong> e <strong>realiza\u00e7\u00e3o<\/strong>.<\/p>\n","protected":false},"excerpt":{"rendered":"<p>Descubra como traumas moldam comportamentos e h\u00e1bitos cotidianos. Identifique padr\u00f5es que podem estar te segurando e aprenda a transform\u00e1-los.<\/p>\n","protected":false},"author":3,"featured_media":109699,"comment_status":"open","ping_status":"open","sticky":false,"template":"","format":"standard","meta":{"_yoast_wpseo_focuskw":"coisas normalizamos conversas traumas","_yoast_wpseo_title":"%%title%%","_yoast_wpseo_metadesc":"Descubra como traumas moldam comportamentos e h\u00e1bitos cotidianos. Identifique padr\u00f5es que podem estar te segurando e aprenda a transform\u00e1-los.","jnews-multi-image_gallery":[],"jnews_single_post":{"format":"standard"},"jnews_primary_category":[],"jnews_social_meta":[],"jnews_override_counter":[],"footnotes":""},"categories":[112],"tags":[144,404],"class_list":["post-109697","post","type-post","status-publish","format-standard","has-post-thumbnail","hentry","category-curiosidades","tag-curiosidades","tag-psicologia"],"yoast_head":"<!-- This site is optimized with the Yoast SEO plugin v24.6 - https:\/\/yoast.com\/wordpress\/plugins\/seo\/ -->\n<title>14 coisas que \u201cnormalizamos\u201d que podem ser conversas sobre traumas<\/title>\n<meta name=\"description\" content=\"Descubra como traumas moldam comportamentos e h\u00e1bitos cotidianos. Identifique padr\u00f5es que podem estar te segurando e aprenda a transform\u00e1-los.\" \/>\n<meta name=\"robots\" content=\"index, follow, max-snippet:-1, max-image-preview:large, max-video-preview:-1\" \/>\n<link rel=\"canonical\" href=\"https:\/\/www.correiobraziliense.com.br\/cbradar\/14-coisas-que-normalizamos-que-podem-ser-conversas-sobre-traumas\/\" \/>\n<meta property=\"og:locale\" content=\"pt_BR\" \/>\n<meta property=\"og:type\" content=\"article\" \/>\n<meta property=\"og:title\" content=\"14 coisas que \u201cnormalizamos\u201d que podem ser conversas sobre traumas\" \/>\n<meta property=\"og:description\" content=\"Descubra como traumas moldam comportamentos e h\u00e1bitos cotidianos. Identifique padr\u00f5es que podem estar te segurando e aprenda a transform\u00e1-los.\" \/>\n<meta property=\"og:url\" content=\"https:\/\/www.correiobraziliense.com.br\/cbradar\/14-coisas-que-normalizamos-que-podem-ser-conversas-sobre-traumas\/\" \/>\n<meta property=\"og:site_name\" content=\"Correio Braziliense - Radar\" \/>\n<meta property=\"article:published_time\" content=\"2025-09-28T16:03:00+00:00\" \/>\n<meta property=\"og:image\" content=\"https:\/\/www.correiobraziliense.com.br\/cbradar\/wp-content\/uploads\/2025\/09\/pessoa-pensativa_1758894471751.jpg\" \/>\n\t<meta property=\"og:image:width\" content=\"1280\" \/>\n\t<meta property=\"og:image:height\" content=\"720\" \/>\n\t<meta property=\"og:image:type\" content=\"image\/jpeg\" \/>\n<meta name=\"author\" content=\"Larissa Carvalho\" \/>\n<meta name=\"twitter:card\" content=\"summary_large_image\" \/>\n<meta name=\"twitter:label1\" content=\"Escrito por\" \/>\n\t<meta name=\"twitter:data1\" content=\"Larissa Carvalho\" \/>\n\t<meta name=\"twitter:label2\" content=\"Est. tempo de leitura\" \/>\n\t<meta name=\"twitter:data2\" content=\"4 minutos\" \/>\n<!-- \/ Yoast SEO plugin. -->","yoast_head_json":{"title":"14 coisas que \u201cnormalizamos\u201d que podem ser conversas sobre traumas","description":"Descubra como traumas moldam comportamentos e h\u00e1bitos cotidianos. Identifique padr\u00f5es que podem estar te segurando e aprenda a transform\u00e1-los.","robots":{"index":"index","follow":"follow","max-snippet":"max-snippet:-1","max-image-preview":"max-image-preview:large","max-video-preview":"max-video-preview:-1"},"canonical":"https:\/\/www.correiobraziliense.com.br\/cbradar\/14-coisas-que-normalizamos-que-podem-ser-conversas-sobre-traumas\/","og_locale":"pt_BR","og_type":"article","og_title":"14 coisas que \u201cnormalizamos\u201d que podem ser conversas sobre traumas","og_description":"Descubra como traumas moldam comportamentos e h\u00e1bitos cotidianos. Identifique padr\u00f5es que podem estar te segurando e aprenda a transform\u00e1-los.","og_url":"https:\/\/www.correiobraziliense.com.br\/cbradar\/14-coisas-que-normalizamos-que-podem-ser-conversas-sobre-traumas\/","og_site_name":"Correio Braziliense - Radar","article_published_time":"2025-09-28T16:03:00+00:00","og_image":[{"width":1280,"height":720,"url":"https:\/\/www.correiobraziliense.com.br\/cbradar\/wp-content\/uploads\/2025\/09\/pessoa-pensativa_1758894471751.jpg","type":"image\/jpeg"}],"author":"Larissa Carvalho","twitter_card":"summary_large_image","twitter_misc":{"Escrito por":"Larissa Carvalho","Est. tempo de leitura":"4 minutos"},"schema":{"@context":"https:\/\/schema.org","@graph":[{"@type":"WebPage","@id":"https:\/\/www.correiobraziliense.com.br\/cbradar\/14-coisas-que-normalizamos-que-podem-ser-conversas-sobre-traumas\/","url":"https:\/\/www.correiobraziliense.com.br\/cbradar\/14-coisas-que-normalizamos-que-podem-ser-conversas-sobre-traumas\/","name":"14 coisas que \u201cnormalizamos\u201d que podem ser conversas sobre traumas","isPartOf":{"@id":"https:\/\/www.correiobraziliense.com.br\/cbradar\/#website"},"primaryImageOfPage":{"@id":"https:\/\/www.correiobraziliense.com.br\/cbradar\/14-coisas-que-normalizamos-que-podem-ser-conversas-sobre-traumas\/#primaryimage"},"image":{"@id":"https:\/\/www.correiobraziliense.com.br\/cbradar\/14-coisas-que-normalizamos-que-podem-ser-conversas-sobre-traumas\/#primaryimage"},"thumbnailUrl":"https:\/\/www.correiobraziliense.com.br\/cbradar\/wp-content\/uploads\/2025\/09\/pessoa-pensativa_1758894471751.jpg","datePublished":"2025-09-28T16:03:00+00:00","author":{"@id":"https:\/\/www.correiobraziliense.com.br\/cbradar\/#\/schema\/person\/58422787644df994b53a19d3e56c1513"},"description":"Descubra como traumas moldam comportamentos e h\u00e1bitos cotidianos. Identifique padr\u00f5es que podem estar te segurando e aprenda a transform\u00e1-los.","breadcrumb":{"@id":"https:\/\/www.correiobraziliense.com.br\/cbradar\/14-coisas-que-normalizamos-que-podem-ser-conversas-sobre-traumas\/#breadcrumb"},"inLanguage":"pt-BR","potentialAction":[{"@type":"ReadAction","target":["https:\/\/www.correiobraziliense.com.br\/cbradar\/14-coisas-que-normalizamos-que-podem-ser-conversas-sobre-traumas\/"]}]},{"@type":"ImageObject","inLanguage":"pt-BR","@id":"https:\/\/www.correiobraziliense.com.br\/cbradar\/14-coisas-que-normalizamos-que-podem-ser-conversas-sobre-traumas\/#primaryimage","url":"https:\/\/www.correiobraziliense.com.br\/cbradar\/wp-content\/uploads\/2025\/09\/pessoa-pensativa_1758894471751.jpg","contentUrl":"https:\/\/www.correiobraziliense.com.br\/cbradar\/wp-content\/uploads\/2025\/09\/pessoa-pensativa_1758894471751.jpg","width":1280,"height":720,"caption":"pessoa pensativa. Cr\u00e9ditos: depositphotos.com \/ AntonLozovoy"},{"@type":"BreadcrumbList","@id":"https:\/\/www.correiobraziliense.com.br\/cbradar\/14-coisas-que-normalizamos-que-podem-ser-conversas-sobre-traumas\/#breadcrumb","itemListElement":[{"@type":"ListItem","position":1,"name":"In\u00edcio","item":"https:\/\/www.correiobraziliense.com.br\/cbradar\/"},{"@type":"ListItem","position":2,"name":"14 coisas que \u201cnormalizamos\u201d que podem ser conversas sobre traumas"}]},{"@type":"WebSite","@id":"https:\/\/www.correiobraziliense.com.br\/cbradar\/#website","url":"https:\/\/www.correiobraziliense.com.br\/cbradar\/","name":"Correio Braziliense - Radar","description":"Acompanhe as \u00faltimas not\u00edcias e fique bem informado sobre tudo o que acontece no Brasil e no mundo.","potentialAction":[{"@type":"SearchAction","target":{"@type":"EntryPoint","urlTemplate":"https:\/\/www.correiobraziliense.com.br\/cbradar\/?s={search_term_string}"},"query-input":{"@type":"PropertyValueSpecification","valueRequired":true,"valueName":"search_term_string"}}],"inLanguage":"pt-BR"},{"@type":"Person","@id":"https:\/\/www.correiobraziliense.com.br\/cbradar\/#\/schema\/person\/58422787644df994b53a19d3e56c1513","name":"Larissa Carvalho","image":{"@type":"ImageObject","inLanguage":"pt-BR","@id":"https:\/\/www.correiobraziliense.com.br\/cbradar\/#\/schema\/person\/image\/","url":"https:\/\/secure.gravatar.com\/avatar\/fe4f91a0de32b52a838d0d612abdc1aa?s=96&d=mm&r=g","contentUrl":"https:\/\/secure.gravatar.com\/avatar\/fe4f91a0de32b52a838d0d612abdc1aa?s=96&d=mm&r=g","caption":"Larissa Carvalho"},"url":"https:\/\/www.correiobraziliense.com.br\/cbradar\/author\/larissamyth\/"}]}},"_links":{"self":[{"href":"https:\/\/www.correiobraziliense.com.br\/cbradar\/wp-json\/wp\/v2\/posts\/109697","targetHints":{"allow":["GET"]}}],"collection":[{"href":"https:\/\/www.correiobraziliense.com.br\/cbradar\/wp-json\/wp\/v2\/posts"}],"about":[{"href":"https:\/\/www.correiobraziliense.com.br\/cbradar\/wp-json\/wp\/v2\/types\/post"}],"author":[{"embeddable":true,"href":"https:\/\/www.correiobraziliense.com.br\/cbradar\/wp-json\/wp\/v2\/users\/3"}],"replies":[{"embeddable":true,"href":"https:\/\/www.correiobraziliense.com.br\/cbradar\/wp-json\/wp\/v2\/comments?post=109697"}],"version-history":[{"count":2,"href":"https:\/\/www.correiobraziliense.com.br\/cbradar\/wp-json\/wp\/v2\/posts\/109697\/revisions"}],"predecessor-version":[{"id":109701,"href":"https:\/\/www.correiobraziliense.com.br\/cbradar\/wp-json\/wp\/v2\/posts\/109697\/revisions\/109701"}],"wp:featuredmedia":[{"embeddable":true,"href":"https:\/\/www.correiobraziliense.com.br\/cbradar\/wp-json\/wp\/v2\/media\/109699"}],"wp:attachment":[{"href":"https:\/\/www.correiobraziliense.com.br\/cbradar\/wp-json\/wp\/v2\/media?parent=109697"}],"wp:term":[{"taxonomy":"category","embeddable":true,"href":"https:\/\/www.correiobraziliense.com.br\/cbradar\/wp-json\/wp\/v2\/categories?post=109697"},{"taxonomy":"post_tag","embeddable":true,"href":"https:\/\/www.correiobraziliense.com.br\/cbradar\/wp-json\/wp\/v2\/tags?post=109697"}],"curies":[{"name":"wp","href":"https:\/\/api.w.org\/{rel}","templated":true}]}}