{"id":109941,"date":"2025-09-28T10:03:00","date_gmt":"2025-09-28T13:03:00","guid":{"rendered":"https:\/\/www.correiobraziliense.com.br\/cbradar\/?p=109941"},"modified":"2025-09-27T09:22:31","modified_gmt":"2025-09-27T12:22:31","slug":"esses-itens-em-sua-casa-sao-verdadeiros-criadouros-de-germes","status":"publish","type":"post","link":"https:\/\/www.correiobraziliense.com.br\/cbradar\/esses-itens-em-sua-casa-sao-verdadeiros-criadouros-de-germes\/","title":{"rendered":"Esses itens em sua casa s\u00e3o verdadeiros criadouros de germes"},"content":{"rendered":"\n<p>Alguns objetos do nosso dia a dia, embora comuns, est\u00e3o repletos de micr\u00f3bios invis\u00edveis e, por vezes, abrigam mais germes do que a tampa de um vaso sanit\u00e1rio. Vamos entender por que certos itens merecem uma aten\u00e7\u00e3o especial.<\/p>\n\n\n\n<ul class=\"wp-block-list\">\n<li><strong>Esponjas<\/strong> de cozinha: verdadeiros criadouros de bact\u00e9rias.<\/li>\n\n\n\n<li><strong>Escovas de dente<\/strong> e diversos objetos do banheiro escondem germes perigosos.<\/li>\n\n\n\n<li><strong>Controles remotos<\/strong> e outros objetos corriqueiros quase nunca s\u00e3o higienizados, apesar de manuseados com frequ\u00eancia.<\/li>\n<\/ul>\n\n\n\n<h2 class=\"wp-block-heading\">Esponjas de cozinha: o pal\u00e1cio das bact\u00e9rias<\/h2>\n\n\n\n<p>O microbiologista Jason Tetro explica que esponjas \u00famidas e porosas tornam-se ambientes ideais para prolifera\u00e7\u00e3o bacteriana, podendo ser mais contaminadas do que fezes humanas.<\/p>\n\n\n\n<p>Solu\u00e7\u00e3o: evite higieniz\u00e1-las apenas no micro-ondas. Prefira substituir as esponjas regularmente.<\/p>\n\n\n\n<h2 class=\"wp-block-heading\">Por que sua t\u00e1bua de cortar precisa de cuidados rigorosos<\/h2>\n\n\n\n<p>A <strong>t\u00e1bua de cortar<\/strong> \u00e9 um verdadeiro ref\u00fagio para salmonelas e campylobacter, especialmente nas ranhuras produzidas pelo uso.<\/p>\n\n\n\n<p>Regra de ouro: use uma t\u00e1bua diferente para cada tipo de alimento e lave frequentemente, preferencialmente na lava-lou\u00e7as.<\/p>\n\n\n\n<h2 class=\"wp-block-heading\">Escovas de dente abrigam mais de 10 milh\u00f5es de bact\u00e9rias<\/h2>\n\n\n\n<p>As <strong>escovas de dente<\/strong> acumulam micro-organismos da nossa pr\u00f3pria boca e podem conter at\u00e9 10 milh\u00f5es de bact\u00e9rias.<\/p>\n\n\n\n<p>Lembre-se de enxagu\u00e1-las diariamente com \u00e1gua bem quente e troque sua escova a cada m\u00eas.<\/p>\n\n\n\n<figure class=\"wp-block-image size-large\"><img decoding=\"async\" width=\"1024\" height=\"576\" src=\"https:\/\/www.correiobraziliense.com.br\/cbradar\/wp-content\/uploads\/2025\/09\/escovas-de-dente_1758915804606-1024x576.jpg\" alt=\"Esses itens em sua casa s\u00e3o verdadeiros criadouros de germes e voc\u00ea deve ficar de olho neles\" class=\"wp-image-109944\" srcset=\"https:\/\/www.correiobraziliense.com.br\/cbradar\/wp-content\/uploads\/2025\/09\/escovas-de-dente_1758915804606-1024x576.jpg 1024w, https:\/\/www.correiobraziliense.com.br\/cbradar\/wp-content\/uploads\/2025\/09\/escovas-de-dente_1758915804606-300x169.jpg 300w, https:\/\/www.correiobraziliense.com.br\/cbradar\/wp-content\/uploads\/2025\/09\/escovas-de-dente_1758915804606-768x432.jpg 768w, https:\/\/www.correiobraziliense.com.br\/cbradar\/wp-content\/uploads\/2025\/09\/escovas-de-dente_1758915804606-750x422.jpg 750w, https:\/\/www.correiobraziliense.com.br\/cbradar\/wp-content\/uploads\/2025\/09\/escovas-de-dente_1758915804606-1140x641.jpg 1140w, https:\/\/www.correiobraziliense.com.br\/cbradar\/wp-content\/uploads\/2025\/09\/escovas-de-dente_1758915804606.jpg 1280w\" sizes=\"(max-width: 1024px) 100vw, 1024px\" \/><figcaption class=\"wp-element-caption\">Escovas de dente\nCr\u00e9ditos: depositphotos.com \/ karandaev<\/figcaption><\/figure>\n\n\n\n<h2 class=\"wp-block-heading\">Fones de ouvido: focos silenciosos de micr\u00f3bios<\/h2>\n\n\n\n<p>Fones de ouvido podem acumular fungos e bact\u00e9rias, incluindo E. coli, principalmente se usados por longos per\u00edodos. Limpe-os regularmente com \u00e1lcool isoprop\u00edlico.<\/p>\n\n\n\n<h2 class=\"wp-block-heading\">O potencial oculto de objetos aparentemente inofensivos<\/h2>\n\n\n\n<p>\u00c9 f\u00e1cil negligenciar alguns itens por acharmos que s\u00e3o inocentes, mas o potencial de contamina\u00e7\u00e3o bacteriana \u00e9 real. Ainda assim, a maioria dos micr\u00f3bios n\u00e3o faz mal \u2014 alguns at\u00e9 trazem benef\u00edcios ao nosso organismo.<\/p>\n\n\n\n<h2 class=\"wp-block-heading\">Principais li\u00e7\u00f5es sobre a higiene dos objetos<\/h2>\n\n\n\n<ul class=\"wp-block-list\">\n<li>A maioria dos micro-organismos desses itens n\u00e3o \u00e9 perigosa, mas prospera em ambientes \u00famidos.<\/li>\n\n\n\n<li>Limpezas simples e frequentes podem reduzir muito a quantidade de bact\u00e9rias.<\/li>\n\n\n\n<li>Adote <strong>pr\u00e1ticas de higiene<\/strong> espec\u00edficas para objetos muitas vezes esquecidos na limpeza di\u00e1ria.<\/li>\n<\/ul>\n","protected":false},"excerpt":{"rendered":"<p>Descubra os objetos surpreendentes! De escovas de cabelo a controles remotos, explore nossos riscos microbiol\u00f3gicos.<\/p>\n","protected":false},"author":3,"featured_media":109943,"comment_status":"open","ping_status":"open","sticky":false,"template":"","format":"standard","meta":{"_yoast_wpseo_focuskw":"itens criadouros germes","_yoast_wpseo_title":"%%title%%","_yoast_wpseo_metadesc":"Descubra os objetos surpreendentes! De escovas de cabelo a controles remotos, explore nossos riscos microbiol\u00f3gicos.","jnews-multi-image_gallery":[],"jnews_single_post":{"format":"standard"},"jnews_primary_category":[],"jnews_social_meta":[],"jnews_override_counter":[],"footnotes":""},"categories":[112],"tags":[144,8420],"class_list":["post-109941","post","type-post","status-publish","format-standard","has-post-thumbnail","hentry","category-curiosidades","tag-curiosidades","tag-objetos"],"yoast_head":"<!-- This site is optimized with the Yoast SEO plugin v24.6 - https:\/\/yoast.com\/wordpress\/plugins\/seo\/ -->\n<title>Esses itens em sua casa s\u00e3o verdadeiros criadouros de germes<\/title>\n<meta name=\"description\" content=\"Descubra os objetos surpreendentes! De escovas de cabelo a controles remotos, explore nossos riscos microbiol\u00f3gicos.\" \/>\n<meta name=\"robots\" content=\"index, follow, max-snippet:-1, max-image-preview:large, max-video-preview:-1\" \/>\n<link rel=\"canonical\" href=\"https:\/\/www.correiobraziliense.com.br\/cbradar\/esses-itens-em-sua-casa-sao-verdadeiros-criadouros-de-germes\/\" \/>\n<meta property=\"og:locale\" content=\"pt_BR\" \/>\n<meta property=\"og:type\" content=\"article\" \/>\n<meta property=\"og:title\" content=\"Esses itens em sua casa s\u00e3o verdadeiros criadouros de germes\" \/>\n<meta property=\"og:description\" content=\"Descubra os objetos surpreendentes! De escovas de cabelo a controles remotos, explore nossos riscos microbiol\u00f3gicos.\" \/>\n<meta property=\"og:url\" content=\"https:\/\/www.correiobraziliense.com.br\/cbradar\/esses-itens-em-sua-casa-sao-verdadeiros-criadouros-de-germes\/\" \/>\n<meta property=\"og:site_name\" content=\"Correio Braziliense - Radar\" \/>\n<meta property=\"article:published_time\" content=\"2025-09-28T13:03:00+00:00\" \/>\n<meta property=\"og:image\" content=\"https:\/\/www.correiobraziliense.com.br\/cbradar\/wp-content\/uploads\/2025\/09\/esponja-de-cozinha_1758915769730.jpg\" \/>\n\t<meta property=\"og:image:width\" content=\"1280\" \/>\n\t<meta property=\"og:image:height\" content=\"720\" \/>\n\t<meta property=\"og:image:type\" content=\"image\/jpeg\" \/>\n<meta name=\"author\" content=\"Larissa Carvalho\" \/>\n<meta name=\"twitter:card\" content=\"summary_large_image\" \/>\n<meta name=\"twitter:label1\" content=\"Escrito por\" \/>\n\t<meta name=\"twitter:data1\" content=\"Larissa Carvalho\" \/>\n\t<meta name=\"twitter:label2\" content=\"Est. tempo de leitura\" \/>\n\t<meta name=\"twitter:data2\" content=\"3 minutos\" \/>\n<!-- \/ Yoast SEO plugin. -->","yoast_head_json":{"title":"Esses itens em sua casa s\u00e3o verdadeiros criadouros de germes","description":"Descubra os objetos surpreendentes! De escovas de cabelo a controles remotos, explore nossos riscos microbiol\u00f3gicos.","robots":{"index":"index","follow":"follow","max-snippet":"max-snippet:-1","max-image-preview":"max-image-preview:large","max-video-preview":"max-video-preview:-1"},"canonical":"https:\/\/www.correiobraziliense.com.br\/cbradar\/esses-itens-em-sua-casa-sao-verdadeiros-criadouros-de-germes\/","og_locale":"pt_BR","og_type":"article","og_title":"Esses itens em sua casa s\u00e3o verdadeiros criadouros de germes","og_description":"Descubra os objetos surpreendentes! De escovas de cabelo a controles remotos, explore nossos riscos microbiol\u00f3gicos.","og_url":"https:\/\/www.correiobraziliense.com.br\/cbradar\/esses-itens-em-sua-casa-sao-verdadeiros-criadouros-de-germes\/","og_site_name":"Correio Braziliense - Radar","article_published_time":"2025-09-28T13:03:00+00:00","og_image":[{"width":1280,"height":720,"url":"https:\/\/www.correiobraziliense.com.br\/cbradar\/wp-content\/uploads\/2025\/09\/esponja-de-cozinha_1758915769730.jpg","type":"image\/jpeg"}],"author":"Larissa Carvalho","twitter_card":"summary_large_image","twitter_misc":{"Escrito por":"Larissa Carvalho","Est. tempo de leitura":"3 minutos"},"schema":{"@context":"https:\/\/schema.org","@graph":[{"@type":"WebPage","@id":"https:\/\/www.correiobraziliense.com.br\/cbradar\/esses-itens-em-sua-casa-sao-verdadeiros-criadouros-de-germes\/","url":"https:\/\/www.correiobraziliense.com.br\/cbradar\/esses-itens-em-sua-casa-sao-verdadeiros-criadouros-de-germes\/","name":"Esses itens em sua casa s\u00e3o verdadeiros criadouros de germes","isPartOf":{"@id":"https:\/\/www.correiobraziliense.com.br\/cbradar\/#website"},"primaryImageOfPage":{"@id":"https:\/\/www.correiobraziliense.com.br\/cbradar\/esses-itens-em-sua-casa-sao-verdadeiros-criadouros-de-germes\/#primaryimage"},"image":{"@id":"https:\/\/www.correiobraziliense.com.br\/cbradar\/esses-itens-em-sua-casa-sao-verdadeiros-criadouros-de-germes\/#primaryimage"},"thumbnailUrl":"https:\/\/www.correiobraziliense.com.br\/cbradar\/wp-content\/uploads\/2025\/09\/esponja-de-cozinha_1758915769730.jpg","datePublished":"2025-09-28T13:03:00+00:00","author":{"@id":"https:\/\/www.correiobraziliense.com.br\/cbradar\/#\/schema\/person\/58422787644df994b53a19d3e56c1513"},"description":"Descubra os objetos surpreendentes! De escovas de cabelo a controles remotos, explore nossos riscos microbiol\u00f3gicos.","breadcrumb":{"@id":"https:\/\/www.correiobraziliense.com.br\/cbradar\/esses-itens-em-sua-casa-sao-verdadeiros-criadouros-de-germes\/#breadcrumb"},"inLanguage":"pt-BR","potentialAction":[{"@type":"ReadAction","target":["https:\/\/www.correiobraziliense.com.br\/cbradar\/esses-itens-em-sua-casa-sao-verdadeiros-criadouros-de-germes\/"]}]},{"@type":"ImageObject","inLanguage":"pt-BR","@id":"https:\/\/www.correiobraziliense.com.br\/cbradar\/esses-itens-em-sua-casa-sao-verdadeiros-criadouros-de-germes\/#primaryimage","url":"https:\/\/www.correiobraziliense.com.br\/cbradar\/wp-content\/uploads\/2025\/09\/esponja-de-cozinha_1758915769730.jpg","contentUrl":"https:\/\/www.correiobraziliense.com.br\/cbradar\/wp-content\/uploads\/2025\/09\/esponja-de-cozinha_1758915769730.jpg","width":1280,"height":720,"caption":"Esponjas de cozinha Cr\u00e9ditos: depositphotos.com \/ lisaaMC"},{"@type":"BreadcrumbList","@id":"https:\/\/www.correiobraziliense.com.br\/cbradar\/esses-itens-em-sua-casa-sao-verdadeiros-criadouros-de-germes\/#breadcrumb","itemListElement":[{"@type":"ListItem","position":1,"name":"In\u00edcio","item":"https:\/\/www.correiobraziliense.com.br\/cbradar\/"},{"@type":"ListItem","position":2,"name":"Esses itens em sua casa s\u00e3o verdadeiros criadouros de germes"}]},{"@type":"WebSite","@id":"https:\/\/www.correiobraziliense.com.br\/cbradar\/#website","url":"https:\/\/www.correiobraziliense.com.br\/cbradar\/","name":"Correio Braziliense - Radar","description":"Acompanhe as \u00faltimas not\u00edcias e fique bem informado sobre tudo o que acontece no Brasil e no mundo.","potentialAction":[{"@type":"SearchAction","target":{"@type":"EntryPoint","urlTemplate":"https:\/\/www.correiobraziliense.com.br\/cbradar\/?s={search_term_string}"},"query-input":{"@type":"PropertyValueSpecification","valueRequired":true,"valueName":"search_term_string"}}],"inLanguage":"pt-BR"},{"@type":"Person","@id":"https:\/\/www.correiobraziliense.com.br\/cbradar\/#\/schema\/person\/58422787644df994b53a19d3e56c1513","name":"Larissa Carvalho","image":{"@type":"ImageObject","inLanguage":"pt-BR","@id":"https:\/\/www.correiobraziliense.com.br\/cbradar\/#\/schema\/person\/image\/","url":"https:\/\/secure.gravatar.com\/avatar\/fe4f91a0de32b52a838d0d612abdc1aa?s=96&d=mm&r=g","contentUrl":"https:\/\/secure.gravatar.com\/avatar\/fe4f91a0de32b52a838d0d612abdc1aa?s=96&d=mm&r=g","caption":"Larissa Carvalho"},"url":"https:\/\/www.correiobraziliense.com.br\/cbradar\/author\/larissamyth\/"}]}},"_links":{"self":[{"href":"https:\/\/www.correiobraziliense.com.br\/cbradar\/wp-json\/wp\/v2\/posts\/109941","targetHints":{"allow":["GET"]}}],"collection":[{"href":"https:\/\/www.correiobraziliense.com.br\/cbradar\/wp-json\/wp\/v2\/posts"}],"about":[{"href":"https:\/\/www.correiobraziliense.com.br\/cbradar\/wp-json\/wp\/v2\/types\/post"}],"author":[{"embeddable":true,"href":"https:\/\/www.correiobraziliense.com.br\/cbradar\/wp-json\/wp\/v2\/users\/3"}],"replies":[{"embeddable":true,"href":"https:\/\/www.correiobraziliense.com.br\/cbradar\/wp-json\/wp\/v2\/comments?post=109941"}],"version-history":[{"count":2,"href":"https:\/\/www.correiobraziliense.com.br\/cbradar\/wp-json\/wp\/v2\/posts\/109941\/revisions"}],"predecessor-version":[{"id":110350,"href":"https:\/\/www.correiobraziliense.com.br\/cbradar\/wp-json\/wp\/v2\/posts\/109941\/revisions\/110350"}],"wp:featuredmedia":[{"embeddable":true,"href":"https:\/\/www.correiobraziliense.com.br\/cbradar\/wp-json\/wp\/v2\/media\/109943"}],"wp:attachment":[{"href":"https:\/\/www.correiobraziliense.com.br\/cbradar\/wp-json\/wp\/v2\/media?parent=109941"}],"wp:term":[{"taxonomy":"category","embeddable":true,"href":"https:\/\/www.correiobraziliense.com.br\/cbradar\/wp-json\/wp\/v2\/categories?post=109941"},{"taxonomy":"post_tag","embeddable":true,"href":"https:\/\/www.correiobraziliense.com.br\/cbradar\/wp-json\/wp\/v2\/tags?post=109941"}],"curies":[{"name":"wp","href":"https:\/\/api.w.org\/{rel}","templated":true}]}}