{"id":110019,"date":"2025-09-29T11:03:00","date_gmt":"2025-09-29T14:03:00","guid":{"rendered":"https:\/\/www.correiobraziliense.com.br\/cbradar\/?p=110019"},"modified":"2025-09-27T14:12:24","modified_gmt":"2025-09-27T17:12:24","slug":"consumir-curcuma-todo-dia-tem-efeito-surpreendente-no-cerebro","status":"publish","type":"post","link":"https:\/\/www.correiobraziliense.com.br\/cbradar\/consumir-curcuma-todo-dia-tem-efeito-surpreendente-no-cerebro\/","title":{"rendered":"Consumir C\u00farcuma todo dia tem efeito surpreendente no c\u00e9rebro"},"content":{"rendered":"\n<p>A <strong>C\u00farcuma<\/strong>, tamb\u00e9m conhecida como a\u00e7afr\u00e3o-da-terra, \u00e9 uma especiaria com uma hist\u00f3ria rica em tradi\u00e7\u00f5es medicinais, particularmente na medicina ayurv\u00e9dica da \u00cdndia. Sua cor amarela vibrante \u00e9 s\u00edmbolo de seu principal composto ativo, a curcumina, que oferece in\u00fameros benef\u00edcios para a sa\u00fade. H\u00e1 muito tempo, a C\u00farcuma tem sido apreciada n\u00e3o apenas por seu sabor \u00fanico, mas tamb\u00e9m por suas propriedades terap\u00eauticas e medicinais.<\/p>\n\n\n\n<h2 class=\"wp-block-heading\">Quais s\u00e3o os benef\u00edcios anti-inflamat\u00f3rios da C\u00farcuma?<\/h2>\n\n\n\n<p>A C\u00farcuma ganhou aten\u00e7\u00e3o no mundo cient\u00edfico devido \u00e0s suas not\u00e1veis propriedades anti-inflamat\u00f3rias. A investiga\u00e7\u00e3o sobre a curcumina revela sua capacidade de inibir mol\u00e9culas associadas a processos inflamat\u00f3rios no corpo humano. Em termos simples, a curcumina age como um regulador da inflama\u00e7\u00e3o, trazendo al\u00edvio para condi\u00e7\u00f5es cr\u00f4nicas. A presen\u00e7a de curcumina na C\u00farcuma faz dela um aliado na mitiga\u00e7\u00e3o de sintomas de inflama\u00e7\u00f5es variadas e dores articulares.<\/p>\n\n\n\n<h2 class=\"wp-block-heading\">Como a C\u00farcuma atua como antioxidante?<\/h2>\n\n\n\n<p>A curcumina, al\u00e9m de suas propriedades anti-inflamat\u00f3rias, tamb\u00e9m \u00e9 reconhecida como um potente antioxidante. O estresse oxidativo, causado por radicais livres no organismo, \u00e9 um dos fatores respons\u00e1veis pelo envelhecimento celular. A C\u00farcuma interv\u00e9m neste processo de duas maneiras: neutralizando diretamente os radicais livres e estimulando as defesas antioxidantes naturais do corpo. Assim, ela age como uma barreira dupla, protegendo as c\u00e9lulas de danos oxidativos e promovendo um envelhecimento mais saud\u00e1vel.<\/p>\n\n\n\n<h2 class=\"wp-block-heading\">C\u00farcuma e sa\u00fade digestiva: qual a rela\u00e7\u00e3o?<\/h2>\n\n\n\n<p>A especiaria \u00e9 tradicionalmente utilizada para tratar diversos problemas digestivos. A presen\u00e7a da C\u00farcuma em prepara\u00e7\u00f5es culin\u00e1rias ou em forma de ch\u00e1 \u00e9 conhecida por estimular a produ\u00e7\u00e3o de bile, essencial na digest\u00e3o de gorduras. Ao melhorar o fluxo biliar, a C\u00farcuma oferece al\u00edvio para o incha\u00e7o e desconforto digestivo, tornando-se uma escolha frequente para quem busca m\u00e9todos naturais de aliviar a dispepsia.<\/p>\n\n\n<div class=\"wp-block-image\">\n<figure class=\"aligncenter size-large\"><img decoding=\"async\" width=\"1024\" height=\"576\" src=\"https:\/\/www.correiobraziliense.com.br\/cbradar\/wp-content\/uploads\/2025\/06\/curcuma_1749495315277-1024x576.jpg\" alt=\"\" class=\"wp-image-50651\" srcset=\"https:\/\/www.correiobraziliense.com.br\/cbradar\/wp-content\/uploads\/2025\/06\/curcuma_1749495315277-1024x576.jpg 1024w, https:\/\/www.correiobraziliense.com.br\/cbradar\/wp-content\/uploads\/2025\/06\/curcuma_1749495315277-300x169.jpg 300w, https:\/\/www.correiobraziliense.com.br\/cbradar\/wp-content\/uploads\/2025\/06\/curcuma_1749495315277-768x432.jpg 768w, https:\/\/www.correiobraziliense.com.br\/cbradar\/wp-content\/uploads\/2025\/06\/curcuma_1749495315277-750x422.jpg 750w, https:\/\/www.correiobraziliense.com.br\/cbradar\/wp-content\/uploads\/2025\/06\/curcuma_1749495315277-1140x641.jpg 1140w, https:\/\/www.correiobraziliense.com.br\/cbradar\/wp-content\/uploads\/2025\/06\/curcuma_1749495315277.jpg 1280w\" sizes=\"(max-width: 1024px) 100vw, 1024px\" \/><figcaption class=\"wp-element-caption\">C\u00farcuma &#8211; Cr\u00e9ditos: depositphotos.com \/ Thamkc<\/figcaption><\/figure><\/div>\n\n\n<h2 class=\"wp-block-heading\">A C\u00farcuma pode melhorar a fun\u00e7\u00e3o cognitiva?<\/h2>\n\n\n\n<p>Recentemente, os pesquisadores t\u00eam se concentrado no potencial da C\u00farcuma em beneficiar a <a href=\"https:\/\/www.correiobraziliense.com.br\/cbradar\/voce-escova-os-dentes-do-jeito-certo-saiba-agora\/\" target=\"_blank\" rel=\"noreferrer noopener\">sa\u00fade <\/a>cerebral. A possibilidade de a curcumina atravessar a barreira hematoencef\u00e1lica e exercer efeitos neuroprotetores \u00e9 um campo promissor de estudo. A especiaria \u00e9 associada \u00e0 promo\u00e7\u00e3o da neurog\u00eanese no hipocampo, podendo melhorar a mem\u00f3ria e a fun\u00e7\u00e3o cognitiva. Estudos preliminares sugerem que a inclus\u00e3o da C\u00farcuma na dieta pode contribuir para a prote\u00e7\u00e3o contra doen\u00e7as neurodegenerativas.<\/p>\n\n\n\n<h2 class=\"wp-block-heading\">Introduzir C\u00farcuma na dieta \u00e9 uma pr\u00e1tica saud\u00e1vel?<\/h2>\n\n\n\n<p>A incorpora\u00e7\u00e3o da C\u00farcuma na alimenta\u00e7\u00e3o di\u00e1ria pode oferecer uma s\u00e9rie de benef\u00edcios \u00e0 sa\u00fade. Usada como tempero em uma variedade de pratos ou em bebidas como o &#8220;golden milk&#8221;, a C\u00farcuma \u00e9 uma maneira saborosa de impulsionar a imunidade e promover o bem-estar geral. Seu papel na culin\u00e1ria vai al\u00e9m do sabor, oferecendo um suporte natural para a sa\u00fade a partir de uma abordagem funcional e preventiva.<\/p>\n\n\n\n<p>Em suma, a C\u00farcuma n\u00e3o \u00e9 apenas uma especiaria tradicional, mas \u00e9 fortemente apoiada por estudos que destacam suas qualidades terap\u00eauticas. Seja como anti-inflamat\u00f3rio, antioxidante, ou promovedor da sa\u00fade digestiva e cerebral, sua versatilidade a torna uma valiosa adi\u00e7\u00e3o \u00e0 dieta moderna.<\/p>\n\n\n<a href=\"https:\/\/www.instagram.com\/dra.annaluisabf\/\" target=\"_blank\" rel=\"noopener\" style=\"text-decoration: none; color: inherit;\">\n    <span style=\"display: inline-block; border: 1px solid #ccc; border-radius: 10px; padding: 15px; max-width: 550px; font-family: sans-serif; box-shadow: 0 2px 5px rgba(0,0,0,0.1); width: 100%;\">\n\n      <!-- T\u00edtulo -->\n      <span style=\"display: block; margin: 0 0 15px 0; font-weight: bold; color: #2c3e50; text-align: center;\">\n        Entre em contato:\n      <\/span>\n\n      <!-- Linha do perfil -->\n      <span style=\"display: flex; align-items: center; gap: 15px;\">\n        <img decoding=\"async\"\n          src=\"https:\/\/www.correiobraziliense.com.br\/cbradar\/wp-content\/uploads\/2025\/08\/dra_anna_luisa.jpeg\"\n          alt=\"Foto da Dra. Anna Lu\u00edsa\"\n          style=\"border-radius: 50%; width: 80px; height: 80px; object-fit: cover;\"\n        \/>\n        <span style=\"display: flex; flex-direction: column;\">\n          <span style=\"font-size: 18px; font-weight: 700; color: #2c3e50;\">Dra. Anna Lu\u00edsa Barbosa Fernandes<\/span>\n          <span style=\"color: #555;\">CRM-GO 33.271<\/span>\n        <\/span>\n      <\/span>\n\n      <!-- Redes -->\n      <span style=\"display: flex; align-items: center; gap: 10px; margin-top: 12px;\">\n        <img decoding=\"async\" src=\"https:\/\/cdn-icons-png.flaticon.com\/24\/1384\/1384063.png\" alt=\"Instagram\" width=\"24\" height=\"24\" \/>\n        <span style=\"text-decoration: underline; color: #2c3e50;\">@dra.annaluisabf<\/span>\n      <\/span>\n\n    <\/span>\n  <\/a>","protected":false},"excerpt":{"rendered":"<p>A C\u00farcuma, tamb\u00e9m conhecida como a\u00e7afr\u00e3o-da-terra, \u00e9 uma especiaria com uma hist\u00f3ria rica em tradi\u00e7\u00f5es medicinais, particularmente na medicina ayurv\u00e9dica da \u00cdndia. Sua cor amarela vibrante \u00e9 s\u00edmbolo de seu principal composto ativo, a curcumina, que oferece in\u00fameros benef\u00edcios para a sa\u00fade. H\u00e1 muito tempo, a C\u00farcuma tem sido apreciada n\u00e3o apenas por seu sabor [&hellip;]<\/p>\n","protected":false},"author":14,"featured_media":50646,"comment_status":"open","ping_status":"open","sticky":false,"template":"","format":"standard","meta":{"_yoast_wpseo_focuskw":"C\u00farcuma","_yoast_wpseo_title":"","_yoast_wpseo_metadesc":"C\u00farcuma reduz inflama\u00e7\u00e3o e oxida\u00e7\u00e3o Descubra o ajuste di\u00e1rio que potencializa a curcumina sem promessas milagrosas","jnews-multi-image_gallery":[],"jnews_single_post":{"format":"standard"},"jnews_primary_category":[],"jnews_social_meta":[],"jnews_override_counter":[],"footnotes":""},"categories":[4404],"tags":[1423,120,565],"class_list":["post-110019","post","type-post","status-publish","format-standard","has-post-thumbnail","hentry","category-saude","tag-alimentos","tag-bem-estar","tag-saude"],"yoast_head":"<!-- This site is optimized with the Yoast SEO plugin v24.6 - https:\/\/yoast.com\/wordpress\/plugins\/seo\/ -->\n<title>Consumir C\u00farcuma todo dia tem efeito surpreendente no c\u00e9rebro - Correio Braziliense - Radar<\/title>\n<meta name=\"description\" content=\"C\u00farcuma reduz inflama\u00e7\u00e3o e oxida\u00e7\u00e3o Descubra o ajuste di\u00e1rio que potencializa a curcumina sem promessas milagrosas\" \/>\n<meta name=\"robots\" content=\"index, follow, max-snippet:-1, max-image-preview:large, max-video-preview:-1\" \/>\n<link rel=\"canonical\" href=\"https:\/\/www.correiobraziliense.com.br\/cbradar\/consumir-curcuma-todo-dia-tem-efeito-surpreendente-no-cerebro\/\" \/>\n<meta property=\"og:locale\" content=\"pt_BR\" \/>\n<meta property=\"og:type\" content=\"article\" \/>\n<meta property=\"og:title\" content=\"Consumir C\u00farcuma todo dia tem efeito surpreendente no c\u00e9rebro - Correio Braziliense - Radar\" \/>\n<meta property=\"og:description\" content=\"C\u00farcuma reduz inflama\u00e7\u00e3o e oxida\u00e7\u00e3o Descubra o ajuste di\u00e1rio que potencializa a curcumina sem promessas milagrosas\" \/>\n<meta property=\"og:url\" content=\"https:\/\/www.correiobraziliense.com.br\/cbradar\/consumir-curcuma-todo-dia-tem-efeito-surpreendente-no-cerebro\/\" \/>\n<meta property=\"og:site_name\" content=\"Correio Braziliense - Radar\" \/>\n<meta property=\"article:published_time\" content=\"2025-09-29T14:03:00+00:00\" \/>\n<meta property=\"og:image\" content=\"https:\/\/www.correiobraziliense.com.br\/cbradar\/wp-content\/uploads\/2025\/06\/curcuma_1749493897945.jpg\" \/>\n\t<meta property=\"og:image:width\" content=\"1280\" \/>\n\t<meta property=\"og:image:height\" content=\"720\" \/>\n\t<meta property=\"og:image:type\" content=\"image\/jpeg\" \/>\n<meta name=\"author\" content=\"guilherme_saude\" \/>\n<meta name=\"twitter:card\" content=\"summary_large_image\" \/>\n<meta name=\"twitter:label1\" content=\"Escrito por\" \/>\n\t<meta name=\"twitter:data1\" content=\"guilherme_saude\" \/>\n\t<meta name=\"twitter:label2\" content=\"Est. tempo de leitura\" \/>\n\t<meta name=\"twitter:data2\" content=\"4 minutos\" \/>\n<!-- \/ Yoast SEO plugin. -->","yoast_head_json":{"title":"Consumir C\u00farcuma todo dia tem efeito surpreendente no c\u00e9rebro - Correio Braziliense - Radar","description":"C\u00farcuma reduz inflama\u00e7\u00e3o e oxida\u00e7\u00e3o Descubra o ajuste di\u00e1rio que potencializa a curcumina sem promessas milagrosas","robots":{"index":"index","follow":"follow","max-snippet":"max-snippet:-1","max-image-preview":"max-image-preview:large","max-video-preview":"max-video-preview:-1"},"canonical":"https:\/\/www.correiobraziliense.com.br\/cbradar\/consumir-curcuma-todo-dia-tem-efeito-surpreendente-no-cerebro\/","og_locale":"pt_BR","og_type":"article","og_title":"Consumir C\u00farcuma todo dia tem efeito surpreendente no c\u00e9rebro - Correio Braziliense - Radar","og_description":"C\u00farcuma reduz inflama\u00e7\u00e3o e oxida\u00e7\u00e3o Descubra o ajuste di\u00e1rio que potencializa a curcumina sem promessas milagrosas","og_url":"https:\/\/www.correiobraziliense.com.br\/cbradar\/consumir-curcuma-todo-dia-tem-efeito-surpreendente-no-cerebro\/","og_site_name":"Correio Braziliense - Radar","article_published_time":"2025-09-29T14:03:00+00:00","og_image":[{"width":1280,"height":720,"url":"https:\/\/www.correiobraziliense.com.br\/cbradar\/wp-content\/uploads\/2025\/06\/curcuma_1749493897945.jpg","type":"image\/jpeg"}],"author":"guilherme_saude","twitter_card":"summary_large_image","twitter_misc":{"Escrito por":"guilherme_saude","Est. tempo de leitura":"4 minutos"},"schema":{"@context":"https:\/\/schema.org","@graph":[{"@type":"WebPage","@id":"https:\/\/www.correiobraziliense.com.br\/cbradar\/consumir-curcuma-todo-dia-tem-efeito-surpreendente-no-cerebro\/","url":"https:\/\/www.correiobraziliense.com.br\/cbradar\/consumir-curcuma-todo-dia-tem-efeito-surpreendente-no-cerebro\/","name":"Consumir C\u00farcuma todo dia tem efeito surpreendente no c\u00e9rebro - Correio Braziliense - Radar","isPartOf":{"@id":"https:\/\/www.correiobraziliense.com.br\/cbradar\/#website"},"primaryImageOfPage":{"@id":"https:\/\/www.correiobraziliense.com.br\/cbradar\/consumir-curcuma-todo-dia-tem-efeito-surpreendente-no-cerebro\/#primaryimage"},"image":{"@id":"https:\/\/www.correiobraziliense.com.br\/cbradar\/consumir-curcuma-todo-dia-tem-efeito-surpreendente-no-cerebro\/#primaryimage"},"thumbnailUrl":"https:\/\/www.correiobraziliense.com.br\/cbradar\/wp-content\/uploads\/2025\/06\/curcuma_1749493897945.jpg","datePublished":"2025-09-29T14:03:00+00:00","author":{"@id":"https:\/\/www.correiobraziliense.com.br\/cbradar\/#\/schema\/person\/5aa4bf3c8fa699c267933611de12978b"},"description":"C\u00farcuma reduz inflama\u00e7\u00e3o e oxida\u00e7\u00e3o Descubra o ajuste di\u00e1rio que potencializa a curcumina sem promessas milagrosas","breadcrumb":{"@id":"https:\/\/www.correiobraziliense.com.br\/cbradar\/consumir-curcuma-todo-dia-tem-efeito-surpreendente-no-cerebro\/#breadcrumb"},"inLanguage":"pt-BR","potentialAction":[{"@type":"ReadAction","target":["https:\/\/www.correiobraziliense.com.br\/cbradar\/consumir-curcuma-todo-dia-tem-efeito-surpreendente-no-cerebro\/"]}]},{"@type":"ImageObject","inLanguage":"pt-BR","@id":"https:\/\/www.correiobraziliense.com.br\/cbradar\/consumir-curcuma-todo-dia-tem-efeito-surpreendente-no-cerebro\/#primaryimage","url":"https:\/\/www.correiobraziliense.com.br\/cbradar\/wp-content\/uploads\/2025\/06\/curcuma_1749493897945.jpg","contentUrl":"https:\/\/www.correiobraziliense.com.br\/cbradar\/wp-content\/uploads\/2025\/06\/curcuma_1749493897945.jpg","width":1280,"height":720,"caption":"C\u00farcuma - Cr\u00e9ditos: depositphotos.com \/ IgorTishenko"},{"@type":"BreadcrumbList","@id":"https:\/\/www.correiobraziliense.com.br\/cbradar\/consumir-curcuma-todo-dia-tem-efeito-surpreendente-no-cerebro\/#breadcrumb","itemListElement":[{"@type":"ListItem","position":1,"name":"In\u00edcio","item":"https:\/\/www.correiobraziliense.com.br\/cbradar\/"},{"@type":"ListItem","position":2,"name":"Consumir C\u00farcuma todo dia tem efeito surpreendente no c\u00e9rebro"}]},{"@type":"WebSite","@id":"https:\/\/www.correiobraziliense.com.br\/cbradar\/#website","url":"https:\/\/www.correiobraziliense.com.br\/cbradar\/","name":"Correio Braziliense - Radar","description":"Acompanhe as \u00faltimas not\u00edcias e fique bem informado sobre tudo o que acontece no Brasil e no mundo.","potentialAction":[{"@type":"SearchAction","target":{"@type":"EntryPoint","urlTemplate":"https:\/\/www.correiobraziliense.com.br\/cbradar\/?s={search_term_string}"},"query-input":{"@type":"PropertyValueSpecification","valueRequired":true,"valueName":"search_term_string"}}],"inLanguage":"pt-BR"},{"@type":"Person","@id":"https:\/\/www.correiobraziliense.com.br\/cbradar\/#\/schema\/person\/5aa4bf3c8fa699c267933611de12978b","name":"guilherme_saude","image":{"@type":"ImageObject","inLanguage":"pt-BR","@id":"https:\/\/www.correiobraziliense.com.br\/cbradar\/#\/schema\/person\/image\/","url":"https:\/\/secure.gravatar.com\/avatar\/df9adfb835d344bc0af109d41756253f?s=96&d=mm&r=g","contentUrl":"https:\/\/secure.gravatar.com\/avatar\/df9adfb835d344bc0af109d41756253f?s=96&d=mm&r=g","caption":"guilherme_saude"},"url":"https:\/\/www.correiobraziliense.com.br\/cbradar\/author\/guilherme_saude\/"}]}},"_links":{"self":[{"href":"https:\/\/www.correiobraziliense.com.br\/cbradar\/wp-json\/wp\/v2\/posts\/110019","targetHints":{"allow":["GET"]}}],"collection":[{"href":"https:\/\/www.correiobraziliense.com.br\/cbradar\/wp-json\/wp\/v2\/posts"}],"about":[{"href":"https:\/\/www.correiobraziliense.com.br\/cbradar\/wp-json\/wp\/v2\/types\/post"}],"author":[{"embeddable":true,"href":"https:\/\/www.correiobraziliense.com.br\/cbradar\/wp-json\/wp\/v2\/users\/14"}],"replies":[{"embeddable":true,"href":"https:\/\/www.correiobraziliense.com.br\/cbradar\/wp-json\/wp\/v2\/comments?post=110019"}],"version-history":[{"count":2,"href":"https:\/\/www.correiobraziliense.com.br\/cbradar\/wp-json\/wp\/v2\/posts\/110019\/revisions"}],"predecessor-version":[{"id":111145,"href":"https:\/\/www.correiobraziliense.com.br\/cbradar\/wp-json\/wp\/v2\/posts\/110019\/revisions\/111145"}],"wp:featuredmedia":[{"embeddable":true,"href":"https:\/\/www.correiobraziliense.com.br\/cbradar\/wp-json\/wp\/v2\/media\/50646"}],"wp:attachment":[{"href":"https:\/\/www.correiobraziliense.com.br\/cbradar\/wp-json\/wp\/v2\/media?parent=110019"}],"wp:term":[{"taxonomy":"category","embeddable":true,"href":"https:\/\/www.correiobraziliense.com.br\/cbradar\/wp-json\/wp\/v2\/categories?post=110019"},{"taxonomy":"post_tag","embeddable":true,"href":"https:\/\/www.correiobraziliense.com.br\/cbradar\/wp-json\/wp\/v2\/tags?post=110019"}],"curies":[{"name":"wp","href":"https:\/\/api.w.org\/{rel}","templated":true}]}}