{"id":110025,"date":"2025-09-28T14:23:00","date_gmt":"2025-09-28T17:23:00","guid":{"rendered":"https:\/\/www.correiobraziliense.com.br\/cbradar\/?p=110025"},"modified":"2025-09-26T18:10:10","modified_gmt":"2025-09-26T21:10:10","slug":"quiabo-e-saude-o-achado-que-muda-sua-rotina","status":"publish","type":"post","link":"https:\/\/www.correiobraziliense.com.br\/cbradar\/quiabo-e-saude-o-achado-que-muda-sua-rotina\/","title":{"rendered":"Quiabo e sa\u00fade o achado que muda sua rotina"},"content":{"rendered":"\n<p>O <strong>Quiabo<\/strong>, conhecido cientificamente como\u00a0<em>Abelmoschus esculentus<\/em>, \u00e9 um vegetal que se destaca n\u00e3o s\u00f3 na culin\u00e1ria brasileira, mas tamb\u00e9m por suas propriedades medicinais. F\u00e1cil de cultivar e de custo acess\u00edvel, ele \u00e9 uma presen\u00e7a constante nas mesas e jardins do Brasil. Al\u00e9m disso, vem atraindo cada vez mais a aten\u00e7\u00e3o da comunidade cient\u00edfica, que investiga seus potenciais benef\u00edcios para a sa\u00fade.<\/p>\n\n\n\n<p>Dentre as variadas propriedades do Quiabo, sua capacidade anti-inflamat\u00f3ria \u00e9 altamente valorizada. Ele cont\u00e9m polissacar\u00eddeos que desempenham um papel vital na redu\u00e7\u00e3o de processos inflamat\u00f3rios, agindo diretamente sobre mediadores que promovem tais condi\u00e7\u00f5es. Pesquisas cient\u00edficas corroboram esse uso tradicional, validando o Quiabo como uma op\u00e7\u00e3o eficaz para tratar inflama\u00e7\u00f5es leves e moderadas.<\/p>\n\n\n\n<h2 class=\"wp-block-heading\">O que faz do Quiabo um bom antioxidante?<\/h2>\n\n\n\n<p>O Quiabo \u00e9 rico em flavonoides e vitamina C, nutrientes conhecidos por oferecerem a\u00e7\u00e3o antioxidante. Essa a\u00e7\u00e3o \u00e9 crucial para proteger o organismo dos danos causados pelo estresse oxidativo, um fator que contribui para o envelhecimento celular e diversas doen\u00e7as. Estudos demonstram que o Quiabo pode neutralizar radicais livres, gra\u00e7as aos seus compostos fen\u00f3licos, contribuindo assim para a manuten\u00e7\u00e3o de c\u00e9lulas saud\u00e1veis.<\/p>\n\n\n<div class=\"wp-block-image\">\n<figure class=\"aligncenter size-large\"><img decoding=\"async\" width=\"1024\" height=\"576\" src=\"https:\/\/www.correiobraziliense.com.br\/cbradar\/wp-content\/uploads\/2025\/09\/Quiabo_1758920957730-1024x576.jpg\" alt=\"\" class=\"wp-image-110029\" srcset=\"https:\/\/www.correiobraziliense.com.br\/cbradar\/wp-content\/uploads\/2025\/09\/Quiabo_1758920957730-1024x576.jpg 1024w, https:\/\/www.correiobraziliense.com.br\/cbradar\/wp-content\/uploads\/2025\/09\/Quiabo_1758920957730-300x169.jpg 300w, https:\/\/www.correiobraziliense.com.br\/cbradar\/wp-content\/uploads\/2025\/09\/Quiabo_1758920957730-768x432.jpg 768w, https:\/\/www.correiobraziliense.com.br\/cbradar\/wp-content\/uploads\/2025\/09\/Quiabo_1758920957730-750x422.jpg 750w, https:\/\/www.correiobraziliense.com.br\/cbradar\/wp-content\/uploads\/2025\/09\/Quiabo_1758920957730-1140x641.jpg 1140w, https:\/\/www.correiobraziliense.com.br\/cbradar\/wp-content\/uploads\/2025\/09\/Quiabo_1758920957730.jpg 1280w\" sizes=\"(max-width: 1024px) 100vw, 1024px\" \/><figcaption class=\"wp-element-caption\">Quiabo &#8211; Cr\u00e9ditos: depositphotos.com \/ ThaiThu<\/figcaption><\/figure><\/div>\n\n\n<h2 class=\"wp-block-heading\">De que forma o Quiabo auxilia no controle da glicose?<\/h2>\n\n\n\n<p>Uma das aplica\u00e7\u00f5es mais estudadas do Quiabo \u00e9 sua capacidade de ajudar no controle dos n\u00edveis de a\u00e7\u00facar no sangue. Os polissacar\u00eddeos presentes no Quiabo atuam retardando a absor\u00e7\u00e3o de carboidratos, o que auxilia na estabiliza\u00e7\u00e3o da glicemia. Pesquisas recentes indicam que incluir quiabo na dieta de forma regular pode ser uma estrat\u00e9gia eficaz para ajudar no controle glic\u00eamico, sendo particularmente ben\u00e9fico para pessoas que gerenciam condi\u00e7\u00f5es como diabetes.<\/p>\n\n\n\n<h2 class=\"wp-block-heading\">Qual a import\u00e2ncia do Quiabo para o sistema digestivo?<\/h2>\n\n\n\n<p>Outro benef\u00edcio not\u00e1vel do Quiabo \u00e9 a sua capacidade de auxiliar na digest\u00e3o. Gra\u00e7as \u00e0s fibras sol\u00faveis presentes em sua mucilagem, ele promove um tr\u00e2nsito intestinal mais regular e protege o trato digestivo. Incorporar o Quiabo na alimenta\u00e7\u00e3o, atrav\u00e9s de sopas e refogados, n\u00e3o s\u00f3 melhora o funcionamento intestinal, mas tamb\u00e9m contribui para a <a href=\"https:\/\/www.correiobraziliense.com.br\/cbradar\/voce-escova-os-dentes-do-jeito-certo-saiba-agora\/\" target=\"_blank\" rel=\"noreferrer noopener\">sa\u00fade <\/a>geral do trato digestivo.<\/p>\n\n\n\n<p>O Quiabo, portanto, n\u00e3o \u00e9 apenas um alimento saboroso na culin\u00e1ria, mas tamb\u00e9m um poderoso aliado na promo\u00e7\u00e3o da sa\u00fade. Com propriedades que v\u00e3o desde a a\u00e7\u00e3o anti-inflamat\u00f3ria e antioxidante at\u00e9 o controle da glicose e melhoria da digest\u00e3o, este vegetal oferece m\u00faltiplos benef\u00edcios que v\u00e3o al\u00e9m do prato, consolidando-se como parte crucial de uma dieta equilibrada.<\/p>\n\n\n<a href=\"https:\/\/www.instagram.com\/dra.annaluisabf\/\" target=\"_blank\" rel=\"noopener\" style=\"text-decoration: none; color: inherit;\">\n    <span style=\"display: inline-block; border: 1px solid #ccc; border-radius: 10px; padding: 15px; max-width: 550px; font-family: sans-serif; box-shadow: 0 2px 5px rgba(0,0,0,0.1); width: 100%;\">\n\n      <!-- T\u00edtulo -->\n      <span style=\"display: block; margin: 0 0 15px 0; font-weight: bold; color: #2c3e50; text-align: center;\">\n        Entre em contato:\n      <\/span>\n\n      <!-- Linha do perfil -->\n      <span style=\"display: flex; align-items: center; gap: 15px;\">\n        <img decoding=\"async\"\n          src=\"https:\/\/www.correiobraziliense.com.br\/cbradar\/wp-content\/uploads\/2025\/08\/dra_anna_luisa.jpeg\"\n          alt=\"Foto da Dra. Anna Lu\u00edsa\"\n          style=\"border-radius: 50%; width: 80px; height: 80px; object-fit: cover;\"\n        \/>\n        <span style=\"display: flex; flex-direction: column;\">\n          <span style=\"font-size: 18px; font-weight: 700; color: #2c3e50;\">Dra. Anna Lu\u00edsa Barbosa Fernandes<\/span>\n          <span style=\"color: #555;\">CRM-GO 33.271<\/span>\n        <\/span>\n      <\/span>\n\n      <!-- Redes -->\n      <span style=\"display: flex; align-items: center; gap: 10px; margin-top: 12px;\">\n        <img decoding=\"async\" src=\"https:\/\/cdn-icons-png.flaticon.com\/24\/1384\/1384063.png\" alt=\"Instagram\" width=\"24\" height=\"24\" \/>\n        <span style=\"text-decoration: underline; color: #2c3e50;\">@dra.annaluisabf<\/span>\n      <\/span>\n\n    <\/span>\n  <\/a>","protected":false},"excerpt":{"rendered":"<p>O Quiabo, conhecido cientificamente como\u00a0Abelmoschus esculentus, \u00e9 um vegetal que se destaca n\u00e3o s\u00f3 na culin\u00e1ria brasileira, mas tamb\u00e9m por suas propriedades medicinais. F\u00e1cil de cultivar e de custo acess\u00edvel, ele \u00e9 uma presen\u00e7a constante nas mesas e jardins do Brasil. Al\u00e9m disso, vem atraindo cada vez mais a aten\u00e7\u00e3o da comunidade cient\u00edfica, que investiga [&hellip;]<\/p>\n","protected":false},"author":14,"featured_media":110028,"comment_status":"open","ping_status":"open","sticky":false,"template":"","format":"standard","meta":{"_yoast_wpseo_focuskw":"Quiabo","_yoast_wpseo_title":"","_yoast_wpseo_metadesc":"Quiabo na rotina faz diferen\u00e7a Entenda como fibras e polissacar\u00eddeos estabilizam glicemia e deixam o intestino em paz","jnews-multi-image_gallery":[],"jnews_single_post":{"format":"standard"},"jnews_primary_category":[],"jnews_social_meta":[],"jnews_override_counter":[],"footnotes":""},"categories":[4404],"tags":[281,1423,120,1318],"class_list":["post-110025","post","type-post","status-publish","format-standard","has-post-thumbnail","hentry","category-saude","tag-alimentacao","tag-alimentos","tag-bem-estar","tag-saude-2"],"yoast_head":"<!-- This site is optimized with the Yoast SEO plugin v24.6 - https:\/\/yoast.com\/wordpress\/plugins\/seo\/ -->\n<title>Quiabo e sa\u00fade o achado que muda sua rotina - Correio Braziliense - Radar<\/title>\n<meta name=\"description\" content=\"Quiabo na rotina faz diferen\u00e7a Entenda como fibras e polissacar\u00eddeos estabilizam glicemia e deixam o intestino em paz\" \/>\n<meta name=\"robots\" content=\"index, follow, max-snippet:-1, max-image-preview:large, max-video-preview:-1\" \/>\n<link rel=\"canonical\" href=\"https:\/\/www.correiobraziliense.com.br\/cbradar\/quiabo-e-saude-o-achado-que-muda-sua-rotina\/\" \/>\n<meta property=\"og:locale\" content=\"pt_BR\" \/>\n<meta property=\"og:type\" content=\"article\" \/>\n<meta property=\"og:title\" content=\"Quiabo e sa\u00fade o achado que muda sua rotina - Correio Braziliense - Radar\" \/>\n<meta property=\"og:description\" content=\"Quiabo na rotina faz diferen\u00e7a Entenda como fibras e polissacar\u00eddeos estabilizam glicemia e deixam o intestino em paz\" \/>\n<meta property=\"og:url\" content=\"https:\/\/www.correiobraziliense.com.br\/cbradar\/quiabo-e-saude-o-achado-que-muda-sua-rotina\/\" \/>\n<meta property=\"og:site_name\" content=\"Correio Braziliense - Radar\" \/>\n<meta property=\"article:published_time\" content=\"2025-09-28T17:23:00+00:00\" \/>\n<meta property=\"og:image\" content=\"https:\/\/www.correiobraziliense.com.br\/cbradar\/wp-content\/uploads\/2025\/09\/Quiabo_1758920934191.jpg\" \/>\n\t<meta property=\"og:image:width\" content=\"1279\" \/>\n\t<meta property=\"og:image:height\" content=\"720\" \/>\n\t<meta property=\"og:image:type\" content=\"image\/jpeg\" \/>\n<meta name=\"author\" content=\"guilherme_saude\" \/>\n<meta name=\"twitter:card\" content=\"summary_large_image\" \/>\n<meta name=\"twitter:label1\" content=\"Escrito por\" \/>\n\t<meta name=\"twitter:data1\" content=\"guilherme_saude\" \/>\n\t<meta name=\"twitter:label2\" content=\"Est. tempo de leitura\" \/>\n\t<meta name=\"twitter:data2\" content=\"4 minutos\" \/>\n<!-- \/ Yoast SEO plugin. -->","yoast_head_json":{"title":"Quiabo e sa\u00fade o achado que muda sua rotina - Correio Braziliense - Radar","description":"Quiabo na rotina faz diferen\u00e7a Entenda como fibras e polissacar\u00eddeos estabilizam glicemia e deixam o intestino em paz","robots":{"index":"index","follow":"follow","max-snippet":"max-snippet:-1","max-image-preview":"max-image-preview:large","max-video-preview":"max-video-preview:-1"},"canonical":"https:\/\/www.correiobraziliense.com.br\/cbradar\/quiabo-e-saude-o-achado-que-muda-sua-rotina\/","og_locale":"pt_BR","og_type":"article","og_title":"Quiabo e sa\u00fade o achado que muda sua rotina - Correio Braziliense - Radar","og_description":"Quiabo na rotina faz diferen\u00e7a Entenda como fibras e polissacar\u00eddeos estabilizam glicemia e deixam o intestino em paz","og_url":"https:\/\/www.correiobraziliense.com.br\/cbradar\/quiabo-e-saude-o-achado-que-muda-sua-rotina\/","og_site_name":"Correio Braziliense - Radar","article_published_time":"2025-09-28T17:23:00+00:00","og_image":[{"width":1279,"height":720,"url":"https:\/\/www.correiobraziliense.com.br\/cbradar\/wp-content\/uploads\/2025\/09\/Quiabo_1758920934191.jpg","type":"image\/jpeg"}],"author":"guilherme_saude","twitter_card":"summary_large_image","twitter_misc":{"Escrito por":"guilherme_saude","Est. tempo de leitura":"4 minutos"},"schema":{"@context":"https:\/\/schema.org","@graph":[{"@type":"WebPage","@id":"https:\/\/www.correiobraziliense.com.br\/cbradar\/quiabo-e-saude-o-achado-que-muda-sua-rotina\/","url":"https:\/\/www.correiobraziliense.com.br\/cbradar\/quiabo-e-saude-o-achado-que-muda-sua-rotina\/","name":"Quiabo e sa\u00fade o achado que muda sua rotina - Correio Braziliense - Radar","isPartOf":{"@id":"https:\/\/www.correiobraziliense.com.br\/cbradar\/#website"},"primaryImageOfPage":{"@id":"https:\/\/www.correiobraziliense.com.br\/cbradar\/quiabo-e-saude-o-achado-que-muda-sua-rotina\/#primaryimage"},"image":{"@id":"https:\/\/www.correiobraziliense.com.br\/cbradar\/quiabo-e-saude-o-achado-que-muda-sua-rotina\/#primaryimage"},"thumbnailUrl":"https:\/\/www.correiobraziliense.com.br\/cbradar\/wp-content\/uploads\/2025\/09\/Quiabo_1758920934191.jpg","datePublished":"2025-09-28T17:23:00+00:00","author":{"@id":"https:\/\/www.correiobraziliense.com.br\/cbradar\/#\/schema\/person\/5aa4bf3c8fa699c267933611de12978b"},"description":"Quiabo na rotina faz diferen\u00e7a Entenda como fibras e polissacar\u00eddeos estabilizam glicemia e deixam o intestino em paz","breadcrumb":{"@id":"https:\/\/www.correiobraziliense.com.br\/cbradar\/quiabo-e-saude-o-achado-que-muda-sua-rotina\/#breadcrumb"},"inLanguage":"pt-BR","potentialAction":[{"@type":"ReadAction","target":["https:\/\/www.correiobraziliense.com.br\/cbradar\/quiabo-e-saude-o-achado-que-muda-sua-rotina\/"]}]},{"@type":"ImageObject","inLanguage":"pt-BR","@id":"https:\/\/www.correiobraziliense.com.br\/cbradar\/quiabo-e-saude-o-achado-que-muda-sua-rotina\/#primaryimage","url":"https:\/\/www.correiobraziliense.com.br\/cbradar\/wp-content\/uploads\/2025\/09\/Quiabo_1758920934191.jpg","contentUrl":"https:\/\/www.correiobraziliense.com.br\/cbradar\/wp-content\/uploads\/2025\/09\/Quiabo_1758920934191.jpg","width":1279,"height":720,"caption":"Quiabo - Cr\u00e9ditos: depositphotos.com \/ urban_light"},{"@type":"BreadcrumbList","@id":"https:\/\/www.correiobraziliense.com.br\/cbradar\/quiabo-e-saude-o-achado-que-muda-sua-rotina\/#breadcrumb","itemListElement":[{"@type":"ListItem","position":1,"name":"In\u00edcio","item":"https:\/\/www.correiobraziliense.com.br\/cbradar\/"},{"@type":"ListItem","position":2,"name":"Quiabo e sa\u00fade o achado que muda sua rotina"}]},{"@type":"WebSite","@id":"https:\/\/www.correiobraziliense.com.br\/cbradar\/#website","url":"https:\/\/www.correiobraziliense.com.br\/cbradar\/","name":"Correio Braziliense - Radar","description":"Acompanhe as \u00faltimas not\u00edcias e fique bem informado sobre tudo o que acontece no Brasil e no mundo.","potentialAction":[{"@type":"SearchAction","target":{"@type":"EntryPoint","urlTemplate":"https:\/\/www.correiobraziliense.com.br\/cbradar\/?s={search_term_string}"},"query-input":{"@type":"PropertyValueSpecification","valueRequired":true,"valueName":"search_term_string"}}],"inLanguage":"pt-BR"},{"@type":"Person","@id":"https:\/\/www.correiobraziliense.com.br\/cbradar\/#\/schema\/person\/5aa4bf3c8fa699c267933611de12978b","name":"guilherme_saude","image":{"@type":"ImageObject","inLanguage":"pt-BR","@id":"https:\/\/www.correiobraziliense.com.br\/cbradar\/#\/schema\/person\/image\/","url":"https:\/\/secure.gravatar.com\/avatar\/df9adfb835d344bc0af109d41756253f?s=96&d=mm&r=g","contentUrl":"https:\/\/secure.gravatar.com\/avatar\/df9adfb835d344bc0af109d41756253f?s=96&d=mm&r=g","caption":"guilherme_saude"},"url":"https:\/\/www.correiobraziliense.com.br\/cbradar\/author\/guilherme_saude\/"}]}},"_links":{"self":[{"href":"https:\/\/www.correiobraziliense.com.br\/cbradar\/wp-json\/wp\/v2\/posts\/110025","targetHints":{"allow":["GET"]}}],"collection":[{"href":"https:\/\/www.correiobraziliense.com.br\/cbradar\/wp-json\/wp\/v2\/posts"}],"about":[{"href":"https:\/\/www.correiobraziliense.com.br\/cbradar\/wp-json\/wp\/v2\/types\/post"}],"author":[{"embeddable":true,"href":"https:\/\/www.correiobraziliense.com.br\/cbradar\/wp-json\/wp\/v2\/users\/14"}],"replies":[{"embeddable":true,"href":"https:\/\/www.correiobraziliense.com.br\/cbradar\/wp-json\/wp\/v2\/comments?post=110025"}],"version-history":[{"count":1,"href":"https:\/\/www.correiobraziliense.com.br\/cbradar\/wp-json\/wp\/v2\/posts\/110025\/revisions"}],"predecessor-version":[{"id":110030,"href":"https:\/\/www.correiobraziliense.com.br\/cbradar\/wp-json\/wp\/v2\/posts\/110025\/revisions\/110030"}],"wp:featuredmedia":[{"embeddable":true,"href":"https:\/\/www.correiobraziliense.com.br\/cbradar\/wp-json\/wp\/v2\/media\/110028"}],"wp:attachment":[{"href":"https:\/\/www.correiobraziliense.com.br\/cbradar\/wp-json\/wp\/v2\/media?parent=110025"}],"wp:term":[{"taxonomy":"category","embeddable":true,"href":"https:\/\/www.correiobraziliense.com.br\/cbradar\/wp-json\/wp\/v2\/categories?post=110025"},{"taxonomy":"post_tag","embeddable":true,"href":"https:\/\/www.correiobraziliense.com.br\/cbradar\/wp-json\/wp\/v2\/tags?post=110025"}],"curies":[{"name":"wp","href":"https:\/\/api.w.org\/{rel}","templated":true}]}}