{"id":110035,"date":"2025-09-28T17:33:00","date_gmt":"2025-09-28T20:33:00","guid":{"rendered":"https:\/\/www.correiobraziliense.com.br\/cbradar\/?p=110035"},"modified":"2025-09-26T18:17:36","modified_gmt":"2025-09-26T21:17:36","slug":"a-pimenta-do-reino-e-mais-do-que-so-um-temperinho-conheca-seus-beneficios","status":"publish","type":"post","link":"https:\/\/www.correiobraziliense.com.br\/cbradar\/a-pimenta-do-reino-e-mais-do-que-so-um-temperinho-conheca-seus-beneficios\/","title":{"rendered":"A Pimenta-do-Reino \u00e9 mais do que s\u00f3 um temperinho? Conhe\u00e7a seus benef\u00edcios"},"content":{"rendered":"\n<p>A <strong>Pimenta-do-Reino<\/strong> \u00e9 uma das especiarias mais populares no mundo culin\u00e1rio, conhecida por seu nome cient\u00edfico Piper nigrum. \u00c9 uma planta que oferece variedades distintas como a pimenta preta, verde, branca e vermelha, cada uma adquirindo suas diferen\u00e7as atrav\u00e9s do est\u00e1gio de matura\u00e7\u00e3o e do tipo de processamento aplicado. A pimenta preta, por exemplo, \u00e9 derivada de frutos ainda verdes que s\u00e3o secados, enquanto a branca \u00e9 produzida a partir de sementes maduras das quais a camada externa \u00e9 removida, resultando em uma saboriza\u00e7\u00e3o menos pungente. A variante verde \u00e9 colhida precocemente e geralmente preservada em solu\u00e7\u00f5es como salmoura para manter o frescor, e a vermelha, raramente encontrada, \u00e9 deixada para amadurecer completamente antes da secagem.<\/p>\n\n\n\n<p>Entre os v\u00e1rios benef\u00edcios associados \u00e0 Pimenta-do-Reino, destaca-se o aux\u00edlio no controle de peso. A presen\u00e7a de piperina e capsaicina \u00e9 chave para suas qualidades metab\u00f3licas. Essas subst\u00e2ncias podem atuar como agentes termog\u00eanicos, promovendo a acelera\u00e7\u00e3o do metabolismo e incentivando uma maior queima de calorias. Al\u00e9m disso, essas propriedades ajudam a prolongar a sensa\u00e7\u00e3o de saciedade, o que pode ser um grande aliado em dietas para redu\u00e7\u00e3o de peso.<\/p>\n\n\n\n<h2 class=\"wp-block-heading\">Como a Pimenta-do-Reino melhora a sa\u00fade imunol\u00f3gica?<\/h2>\n\n\n\n<p>O impacto positivo da Pimenta-do-Reino no sistema imunol\u00f3gico \u00e9 amplamente reconhecido. A piperina, um de seus componentes ativos, \u00e9 conhecida por sua capacidade de modular as respostas inflamat\u00f3rias do organismo, favorecendo um sistema imune mais eficiente. Essa modula\u00e7\u00e3o \u00e9 crucial para combater eficazmente pat\u00f3genos como bact\u00e9rias e v\u00edrus. De forma complementar, o efeito antioxidante da piperina contribui para a neutraliza\u00e7\u00e3o de radicais livres, ajudando a proteger o corpo contra danos celulares e apoiando o funcionamento saud\u00e1vel do c\u00e9rebro.<\/p>\n\n\n<div class=\"wp-block-image\">\n<figure class=\"aligncenter size-large\"><img decoding=\"async\" width=\"1024\" height=\"576\" src=\"https:\/\/www.correiobraziliense.com.br\/cbradar\/wp-content\/uploads\/2025\/07\/Pimenta-do-Reino_1753471797974-1024x576.jpg\" alt=\"\" class=\"wp-image-75149\" srcset=\"https:\/\/www.correiobraziliense.com.br\/cbradar\/wp-content\/uploads\/2025\/07\/Pimenta-do-Reino_1753471797974-1024x576.jpg 1024w, https:\/\/www.correiobraziliense.com.br\/cbradar\/wp-content\/uploads\/2025\/07\/Pimenta-do-Reino_1753471797974-300x169.jpg 300w, https:\/\/www.correiobraziliense.com.br\/cbradar\/wp-content\/uploads\/2025\/07\/Pimenta-do-Reino_1753471797974-768x432.jpg 768w, https:\/\/www.correiobraziliense.com.br\/cbradar\/wp-content\/uploads\/2025\/07\/Pimenta-do-Reino_1753471797974-750x422.jpg 750w, https:\/\/www.correiobraziliense.com.br\/cbradar\/wp-content\/uploads\/2025\/07\/Pimenta-do-Reino_1753471797974-1140x641.jpg 1140w, https:\/\/www.correiobraziliense.com.br\/cbradar\/wp-content\/uploads\/2025\/07\/Pimenta-do-Reino_1753471797974.jpg 1280w\" sizes=\"(max-width: 1024px) 100vw, 1024px\" \/><figcaption class=\"wp-element-caption\">Pimenta-do-Reino &#8211; Cr\u00e9ditos: depositphotos.com \/ sommaill<\/figcaption><\/figure><\/div>\n\n\n<h2 class=\"wp-block-heading\">Quais cuidados devem ser tomados com o consumo da Pimenta-do-Reino?<\/h2>\n\n\n\n<p>Embora a Pimenta-do-Reino seja ben\u00e9fica para muitos, \u00e9 essencial consumi-la de maneira moderada. O consumo excessivo pode causar desconforto digestivo, como irrita\u00e7\u00e3o na mucosa g\u00e1strica. Pessoas com condi\u00e7\u00f5es como gastrite e \u00falceras s\u00e3o particularmente vulner\u00e1veis a esses efeitos adversos e devem consultar um profissional de <a href=\"https:\/\/www.correiobraziliense.com.br\/cbradar\/voce-escova-os-dentes-do-jeito-certo-saiba-agora\/\" target=\"_blank\" rel=\"noreferrer noopener\">sa\u00fade <\/a>antes de incluir a especiaria regularmente em sua dieta. Al\u00e9m disso, a pimenta pode interagir com alguns medicamentos, especialmente anticoagulantes, tornando imperativo que pessoas medicadas busquem orienta\u00e7\u00e3o m\u00e9dica.<\/p>\n\n\n\n<h2 class=\"wp-block-heading\">H\u00e1 outras formas de aproveitar a Pimenta-do-Reino al\u00e9m da culin\u00e1ria?<\/h2>\n\n\n\n<p>A versatilidade da Pimenta-do-Reino vai al\u00e9m do uso como tempero. No campo da medicina alternativa, pode ser encontrada em ch\u00e1s conhecidos por suas propriedades digestivas e de al\u00edvio de dores leves. O \u00f3leo essencial extra\u00eddo da pimenta \u00e9 valorizado na aromaterapia por suas qualidades relaxantes e calmantes. Tamb\u00e9m h\u00e1 c\u00e1psulas que combinam piperina com c\u00farcuma, explorando os efeitos ben\u00e9ficos para a sa\u00fade de ambas as subst\u00e2ncias. No entanto, qualquer forma concentrada de Pimenta-do-Reino deve ser utilizada sob orienta\u00e7\u00e3o de um profissional de sa\u00fade, para evitar riscos e maximizar os benef\u00edcios que a especiaria pode oferecer.<\/p>\n\n\n<a href=\"https:\/\/www.instagram.com\/dra.annaluisabf\/\" target=\"_blank\" rel=\"noopener\" style=\"text-decoration: none; color: inherit;\">\n    <span style=\"display: inline-block; border: 1px solid #ccc; border-radius: 10px; padding: 15px; max-width: 550px; font-family: sans-serif; box-shadow: 0 2px 5px rgba(0,0,0,0.1); width: 100%;\">\n\n      <!-- T\u00edtulo -->\n      <span style=\"display: block; margin: 0 0 15px 0; font-weight: bold; color: #2c3e50; text-align: center;\">\n        Entre em contato:\n      <\/span>\n\n      <!-- Linha do perfil -->\n      <span style=\"display: flex; align-items: center; gap: 15px;\">\n        <img decoding=\"async\"\n          src=\"https:\/\/www.correiobraziliense.com.br\/cbradar\/wp-content\/uploads\/2025\/08\/dra_anna_luisa.jpeg\"\n          alt=\"Foto da Dra. Anna Lu\u00edsa\"\n          style=\"border-radius: 50%; width: 80px; height: 80px; object-fit: cover;\"\n        \/>\n        <span style=\"display: flex; flex-direction: column;\">\n          <span style=\"font-size: 18px; font-weight: 700; color: #2c3e50;\">Dra. Anna Lu\u00edsa Barbosa Fernandes<\/span>\n          <span style=\"color: #555;\">CRM-GO 33.271<\/span>\n        <\/span>\n      <\/span>\n\n      <!-- Redes -->\n      <span style=\"display: flex; align-items: center; gap: 10px; margin-top: 12px;\">\n        <img decoding=\"async\" src=\"https:\/\/cdn-icons-png.flaticon.com\/24\/1384\/1384063.png\" alt=\"Instagram\" width=\"24\" height=\"24\" \/>\n        <span style=\"text-decoration: underline; color: #2c3e50;\">@dra.annaluisabf<\/span>\n      <\/span>\n\n    <\/span>\n  <\/a>","protected":false},"excerpt":{"rendered":"<p>A Pimenta-do-Reino \u00e9 uma das especiarias mais populares no mundo culin\u00e1rio, conhecida por seu nome cient\u00edfico Piper nigrum. \u00c9 uma planta que oferece variedades distintas como a pimenta preta, verde, branca e vermelha, cada uma adquirindo suas diferen\u00e7as atrav\u00e9s do est\u00e1gio de matura\u00e7\u00e3o e do tipo de processamento aplicado. A pimenta preta, por exemplo, \u00e9 [&hellip;]<\/p>\n","protected":false},"author":14,"featured_media":75144,"comment_status":"open","ping_status":"open","sticky":false,"template":"","format":"standard","meta":{"_yoast_wpseo_focuskw":"Pimenta-do-Reino","_yoast_wpseo_title":"","_yoast_wpseo_metadesc":"Pimenta-do-reino e sa\u00fade em alta Entenda quando combinar com c\u00farcuma eleva efeitos e o passo seguro para quem usa medicamentos","jnews-multi-image_gallery":[],"jnews_single_post":{"format":"standard"},"jnews_primary_category":[],"jnews_social_meta":[],"jnews_override_counter":[],"footnotes":""},"categories":[4404],"tags":[1423,120,1318],"class_list":["post-110035","post","type-post","status-publish","format-standard","has-post-thumbnail","hentry","category-saude","tag-alimentos","tag-bem-estar","tag-saude-2"],"yoast_head":"<!-- This site is optimized with the Yoast SEO plugin v24.6 - https:\/\/yoast.com\/wordpress\/plugins\/seo\/ -->\n<title>A Pimenta-do-Reino \u00e9 mais do que s\u00f3 um temperinho? Conhe\u00e7a seus benef\u00edcios - Correio Braziliense - Radar<\/title>\n<meta name=\"description\" content=\"Pimenta-do-reino e sa\u00fade em alta Entenda quando combinar com c\u00farcuma eleva efeitos e o passo seguro para quem usa medicamentos\" \/>\n<meta name=\"robots\" content=\"index, follow, max-snippet:-1, max-image-preview:large, max-video-preview:-1\" \/>\n<link rel=\"canonical\" href=\"https:\/\/www.correiobraziliense.com.br\/cbradar\/a-pimenta-do-reino-e-mais-do-que-so-um-temperinho-conheca-seus-beneficios\/\" \/>\n<meta property=\"og:locale\" content=\"pt_BR\" \/>\n<meta property=\"og:type\" content=\"article\" \/>\n<meta property=\"og:title\" content=\"A Pimenta-do-Reino \u00e9 mais do que s\u00f3 um temperinho? Conhe\u00e7a seus benef\u00edcios - Correio Braziliense - Radar\" \/>\n<meta property=\"og:description\" content=\"Pimenta-do-reino e sa\u00fade em alta Entenda quando combinar com c\u00farcuma eleva efeitos e o passo seguro para quem usa medicamentos\" \/>\n<meta property=\"og:url\" content=\"https:\/\/www.correiobraziliense.com.br\/cbradar\/a-pimenta-do-reino-e-mais-do-que-so-um-temperinho-conheca-seus-beneficios\/\" \/>\n<meta property=\"og:site_name\" content=\"Correio Braziliense - Radar\" \/>\n<meta property=\"article:published_time\" content=\"2025-09-28T20:33:00+00:00\" \/>\n<meta property=\"og:image\" content=\"https:\/\/www.correiobraziliense.com.br\/cbradar\/wp-content\/uploads\/2025\/07\/Pimenta-do-Reino_1753471623877.jpg\" \/>\n\t<meta property=\"og:image:width\" content=\"1280\" \/>\n\t<meta property=\"og:image:height\" content=\"720\" \/>\n\t<meta property=\"og:image:type\" content=\"image\/jpeg\" \/>\n<meta name=\"author\" content=\"guilherme_saude\" \/>\n<meta name=\"twitter:card\" content=\"summary_large_image\" \/>\n<meta name=\"twitter:label1\" content=\"Escrito por\" \/>\n\t<meta name=\"twitter:data1\" content=\"guilherme_saude\" \/>\n\t<meta name=\"twitter:label2\" content=\"Est. tempo de leitura\" \/>\n\t<meta name=\"twitter:data2\" content=\"4 minutos\" \/>\n<!-- \/ Yoast SEO plugin. -->","yoast_head_json":{"title":"A Pimenta-do-Reino \u00e9 mais do que s\u00f3 um temperinho? Conhe\u00e7a seus benef\u00edcios - Correio Braziliense - Radar","description":"Pimenta-do-reino e sa\u00fade em alta Entenda quando combinar com c\u00farcuma eleva efeitos e o passo seguro para quem usa medicamentos","robots":{"index":"index","follow":"follow","max-snippet":"max-snippet:-1","max-image-preview":"max-image-preview:large","max-video-preview":"max-video-preview:-1"},"canonical":"https:\/\/www.correiobraziliense.com.br\/cbradar\/a-pimenta-do-reino-e-mais-do-que-so-um-temperinho-conheca-seus-beneficios\/","og_locale":"pt_BR","og_type":"article","og_title":"A Pimenta-do-Reino \u00e9 mais do que s\u00f3 um temperinho? Conhe\u00e7a seus benef\u00edcios - Correio Braziliense - Radar","og_description":"Pimenta-do-reino e sa\u00fade em alta Entenda quando combinar com c\u00farcuma eleva efeitos e o passo seguro para quem usa medicamentos","og_url":"https:\/\/www.correiobraziliense.com.br\/cbradar\/a-pimenta-do-reino-e-mais-do-que-so-um-temperinho-conheca-seus-beneficios\/","og_site_name":"Correio Braziliense - Radar","article_published_time":"2025-09-28T20:33:00+00:00","og_image":[{"width":1280,"height":720,"url":"https:\/\/www.correiobraziliense.com.br\/cbradar\/wp-content\/uploads\/2025\/07\/Pimenta-do-Reino_1753471623877.jpg","type":"image\/jpeg"}],"author":"guilherme_saude","twitter_card":"summary_large_image","twitter_misc":{"Escrito por":"guilherme_saude","Est. tempo de leitura":"4 minutos"},"schema":{"@context":"https:\/\/schema.org","@graph":[{"@type":"WebPage","@id":"https:\/\/www.correiobraziliense.com.br\/cbradar\/a-pimenta-do-reino-e-mais-do-que-so-um-temperinho-conheca-seus-beneficios\/","url":"https:\/\/www.correiobraziliense.com.br\/cbradar\/a-pimenta-do-reino-e-mais-do-que-so-um-temperinho-conheca-seus-beneficios\/","name":"A Pimenta-do-Reino \u00e9 mais do que s\u00f3 um temperinho? Conhe\u00e7a seus benef\u00edcios - Correio Braziliense - Radar","isPartOf":{"@id":"https:\/\/www.correiobraziliense.com.br\/cbradar\/#website"},"primaryImageOfPage":{"@id":"https:\/\/www.correiobraziliense.com.br\/cbradar\/a-pimenta-do-reino-e-mais-do-que-so-um-temperinho-conheca-seus-beneficios\/#primaryimage"},"image":{"@id":"https:\/\/www.correiobraziliense.com.br\/cbradar\/a-pimenta-do-reino-e-mais-do-que-so-um-temperinho-conheca-seus-beneficios\/#primaryimage"},"thumbnailUrl":"https:\/\/www.correiobraziliense.com.br\/cbradar\/wp-content\/uploads\/2025\/07\/Pimenta-do-Reino_1753471623877.jpg","datePublished":"2025-09-28T20:33:00+00:00","author":{"@id":"https:\/\/www.correiobraziliense.com.br\/cbradar\/#\/schema\/person\/5aa4bf3c8fa699c267933611de12978b"},"description":"Pimenta-do-reino e sa\u00fade em alta Entenda quando combinar com c\u00farcuma eleva efeitos e o passo seguro para quem usa medicamentos","breadcrumb":{"@id":"https:\/\/www.correiobraziliense.com.br\/cbradar\/a-pimenta-do-reino-e-mais-do-que-so-um-temperinho-conheca-seus-beneficios\/#breadcrumb"},"inLanguage":"pt-BR","potentialAction":[{"@type":"ReadAction","target":["https:\/\/www.correiobraziliense.com.br\/cbradar\/a-pimenta-do-reino-e-mais-do-que-so-um-temperinho-conheca-seus-beneficios\/"]}]},{"@type":"ImageObject","inLanguage":"pt-BR","@id":"https:\/\/www.correiobraziliense.com.br\/cbradar\/a-pimenta-do-reino-e-mais-do-que-so-um-temperinho-conheca-seus-beneficios\/#primaryimage","url":"https:\/\/www.correiobraziliense.com.br\/cbradar\/wp-content\/uploads\/2025\/07\/Pimenta-do-Reino_1753471623877.jpg","contentUrl":"https:\/\/www.correiobraziliense.com.br\/cbradar\/wp-content\/uploads\/2025\/07\/Pimenta-do-Reino_1753471623877.jpg","width":1280,"height":720,"caption":"Pimenta-do-Reino - Cr\u00e9ditos: depositphotos.com \/ sommaill"},{"@type":"BreadcrumbList","@id":"https:\/\/www.correiobraziliense.com.br\/cbradar\/a-pimenta-do-reino-e-mais-do-que-so-um-temperinho-conheca-seus-beneficios\/#breadcrumb","itemListElement":[{"@type":"ListItem","position":1,"name":"In\u00edcio","item":"https:\/\/www.correiobraziliense.com.br\/cbradar\/"},{"@type":"ListItem","position":2,"name":"A Pimenta-do-Reino \u00e9 mais do que s\u00f3 um temperinho? Conhe\u00e7a seus benef\u00edcios"}]},{"@type":"WebSite","@id":"https:\/\/www.correiobraziliense.com.br\/cbradar\/#website","url":"https:\/\/www.correiobraziliense.com.br\/cbradar\/","name":"Correio Braziliense - Radar","description":"Acompanhe as \u00faltimas not\u00edcias e fique bem informado sobre tudo o que acontece no Brasil e no mundo.","potentialAction":[{"@type":"SearchAction","target":{"@type":"EntryPoint","urlTemplate":"https:\/\/www.correiobraziliense.com.br\/cbradar\/?s={search_term_string}"},"query-input":{"@type":"PropertyValueSpecification","valueRequired":true,"valueName":"search_term_string"}}],"inLanguage":"pt-BR"},{"@type":"Person","@id":"https:\/\/www.correiobraziliense.com.br\/cbradar\/#\/schema\/person\/5aa4bf3c8fa699c267933611de12978b","name":"guilherme_saude","image":{"@type":"ImageObject","inLanguage":"pt-BR","@id":"https:\/\/www.correiobraziliense.com.br\/cbradar\/#\/schema\/person\/image\/","url":"https:\/\/secure.gravatar.com\/avatar\/df9adfb835d344bc0af109d41756253f?s=96&d=mm&r=g","contentUrl":"https:\/\/secure.gravatar.com\/avatar\/df9adfb835d344bc0af109d41756253f?s=96&d=mm&r=g","caption":"guilherme_saude"},"url":"https:\/\/www.correiobraziliense.com.br\/cbradar\/author\/guilherme_saude\/"}]}},"_links":{"self":[{"href":"https:\/\/www.correiobraziliense.com.br\/cbradar\/wp-json\/wp\/v2\/posts\/110035","targetHints":{"allow":["GET"]}}],"collection":[{"href":"https:\/\/www.correiobraziliense.com.br\/cbradar\/wp-json\/wp\/v2\/posts"}],"about":[{"href":"https:\/\/www.correiobraziliense.com.br\/cbradar\/wp-json\/wp\/v2\/types\/post"}],"author":[{"embeddable":true,"href":"https:\/\/www.correiobraziliense.com.br\/cbradar\/wp-json\/wp\/v2\/users\/14"}],"replies":[{"embeddable":true,"href":"https:\/\/www.correiobraziliense.com.br\/cbradar\/wp-json\/wp\/v2\/comments?post=110035"}],"version-history":[{"count":1,"href":"https:\/\/www.correiobraziliense.com.br\/cbradar\/wp-json\/wp\/v2\/posts\/110035\/revisions"}],"predecessor-version":[{"id":110036,"href":"https:\/\/www.correiobraziliense.com.br\/cbradar\/wp-json\/wp\/v2\/posts\/110035\/revisions\/110036"}],"wp:featuredmedia":[{"embeddable":true,"href":"https:\/\/www.correiobraziliense.com.br\/cbradar\/wp-json\/wp\/v2\/media\/75144"}],"wp:attachment":[{"href":"https:\/\/www.correiobraziliense.com.br\/cbradar\/wp-json\/wp\/v2\/media?parent=110035"}],"wp:term":[{"taxonomy":"category","embeddable":true,"href":"https:\/\/www.correiobraziliense.com.br\/cbradar\/wp-json\/wp\/v2\/categories?post=110035"},{"taxonomy":"post_tag","embeddable":true,"href":"https:\/\/www.correiobraziliense.com.br\/cbradar\/wp-json\/wp\/v2\/tags?post=110035"}],"curies":[{"name":"wp","href":"https:\/\/api.w.org\/{rel}","templated":true}]}}