{"id":110038,"date":"2025-09-28T19:03:00","date_gmt":"2025-09-28T22:03:00","guid":{"rendered":"https:\/\/www.correiobraziliense.com.br\/cbradar\/?p=110038"},"modified":"2025-09-26T18:22:31","modified_gmt":"2025-09-26T21:22:31","slug":"como-agir-em-uma-crise-de-asma","status":"publish","type":"post","link":"https:\/\/www.correiobraziliense.com.br\/cbradar\/como-agir-em-uma-crise-de-asma\/","title":{"rendered":"Como agir em uma crise de asma"},"content":{"rendered":"\n<p>A <strong>Asma <\/strong>\u00e9 uma condi\u00e7\u00e3o respirat\u00f3ria cr\u00f4nica que afeta milh\u00f5es de pessoas em todo o mundo, caracterizando-se por epis\u00f3dios recorrentes de dificuldade respirat\u00f3ria e outros sintomas relacionados. Durante uma crise asm\u00e1tica, o sistema respirat\u00f3rio enfrenta constri\u00e7\u00e3o e inflama\u00e7\u00e3o, resultando em um quadro cl\u00ednico que pode ser agravado por diversos fatores ambientais e f\u00edsicos. Compreender essa condi\u00e7\u00e3o \u00e9 crucial para manejar os sintomas e prevenir crises graves.<\/p>\n\n\n\n<p>Uma crise de Asma pode ser desencadeada por fatores al\u00e9rgicos, como poeira, p\u00f3len e pelos de animais, ou por condi\u00e7\u00f5es clim\u00e1ticas adversas e infec\u00e7\u00f5es respirat\u00f3rias. Em algumas pessoas, o esfor\u00e7o f\u00edsico intenso tamb\u00e9m pode atuar como um gatilho. Durante esses epis\u00f3dios, \u00e9 comum o surgimento de sintomas como tosse, chiado no peito e uma sensa\u00e7\u00e3o de aperto no t\u00f3rax. Reconhecer esses sinais precocemente \u00e9 vital para iniciar o tratamento adequado e evitar complica\u00e7\u00f5es.<\/p>\n\n\n\n<h2 class=\"wp-block-heading\">Quais s\u00e3o os sintomas de uma crise asm\u00e1tica?<\/h2>\n\n\n\n<p>Os sintomas de uma crise de Asma podem variar em intensidade, indo de leves a severos. Normalmente, incluem tosse persistente, dificuldades respirat\u00f3rias significativas e um som caracter\u00edstico de chiado ao respirar. Em casos mais cr\u00edticos, podem surgir sinais de alerta como colora\u00e7\u00e3o azulada nos l\u00e1bios ou unhas, indicando n\u00edveis baixos de oxig\u00eanio no sangue. Este quadro pode evoluir rapidamente e se tornar uma emerg\u00eancia m\u00e9dica.<\/p>\n\n\n<div class=\"wp-block-image\">\n<figure class=\"aligncenter size-large\"><img decoding=\"async\" width=\"1024\" height=\"576\" src=\"https:\/\/www.correiobraziliense.com.br\/cbradar\/wp-content\/uploads\/2025\/09\/Asma-_1758921653637-1024x576.jpg\" alt=\"\" class=\"wp-image-110040\" srcset=\"https:\/\/www.correiobraziliense.com.br\/cbradar\/wp-content\/uploads\/2025\/09\/Asma-_1758921653637-1024x576.jpg 1024w, https:\/\/www.correiobraziliense.com.br\/cbradar\/wp-content\/uploads\/2025\/09\/Asma-_1758921653637-300x169.jpg 300w, https:\/\/www.correiobraziliense.com.br\/cbradar\/wp-content\/uploads\/2025\/09\/Asma-_1758921653637-768x432.jpg 768w, https:\/\/www.correiobraziliense.com.br\/cbradar\/wp-content\/uploads\/2025\/09\/Asma-_1758921653637-750x422.jpg 750w, https:\/\/www.correiobraziliense.com.br\/cbradar\/wp-content\/uploads\/2025\/09\/Asma-_1758921653637-1140x641.jpg 1140w, https:\/\/www.correiobraziliense.com.br\/cbradar\/wp-content\/uploads\/2025\/09\/Asma-_1758921653637.jpg 1280w\" sizes=\"(max-width: 1024px) 100vw, 1024px\" \/><figcaption class=\"wp-element-caption\">Asma &#8211; Cr\u00e9ditos: depositphotos.com \/ imagepointfr<\/figcaption><\/figure><\/div>\n\n\n<p>Al\u00e9m disso, outros sintomas como confus\u00e3o mental ou perda de consci\u00eancia podem ocorrer em epis\u00f3dios muito graves. \u00c9 importante que indiv\u00edduos com hist\u00f3rico asm\u00e1tico, ao identificarem os sinais iniciais de uma crise, tomem medidas para estabilizar sua condi\u00e7\u00e3o de <a href=\"https:\/\/www.correiobraziliense.com.br\/cbradar\/voce-escova-os-dentes-do-jeito-certo-saiba-agora\/\" target=\"_blank\" rel=\"noreferrer noopener\">sa\u00fade<\/a>, utilizando imediatamente seus medicamentos prescritos, como os inaladores de al\u00edvio r\u00e1pido.<\/p>\n\n\n\n<h2 class=\"wp-block-heading\">Como manejar uma crise de Asma?<\/h2>\n\n\n\n<p>Durante uma crise asm\u00e1tica, \u00e9 essencial manter a calma para prevenir uma exacerbada demanda por oxig\u00eanio. Colocar-se em uma posi\u00e7\u00e3o confort\u00e1vel e fazer uso de um inalador de al\u00edvio \u00e9 fundamental. Se n\u00e3o houver um inalador dispon\u00edvel, \u00e9 aconselh\u00e1vel buscar assist\u00eancia m\u00e9dica urgente. Al\u00e9m disso, t\u00e9cnicas de respira\u00e7\u00e3o controlada podem ser \u00fateis, ajudando a manter a calma at\u00e9 a chegada de ajuda profissional.<\/p>\n\n\n\n<p>Em situa\u00e7\u00f5es onde a respira\u00e7\u00e3o \u00e9 severamente comprometida, a massagem card\u00edaca pode ser necess\u00e1ria se ocorrer desmaio e aus\u00eancia de respira\u00e7\u00e3o. Conhecer o procedimento correto para a massagem card\u00edaca pode ser uma habilidade valiosa nessas situa\u00e7\u00f5es. O afrouxamento de roupas apertadas e manter o ambiente ventilado tamb\u00e9m s\u00e3o medidas recomendadas para facilitar a respira\u00e7\u00e3o durante uma crise.<\/p>\n\n\n\n<h2 class=\"wp-block-heading\">Quais s\u00e3o as estrat\u00e9gias para prevenir crises de Asma?<\/h2>\n\n\n\n<p>A preven\u00e7\u00e3o de crises asm\u00e1ticas envolve, principalmente, a identifica\u00e7\u00e3o e a evita\u00e7\u00e3o de fatores desencadeantes. Polui\u00e7\u00e3o, fumo, ar frio e infec\u00e7\u00f5es respirat\u00f3rias s\u00e3o conhecidos por agravar os sintomas da Asma, e evit\u00e1-los pode ser determinante para a manuten\u00e7\u00e3o da sa\u00fade respirat\u00f3ria. O tratamento cont\u00ednuo e adequado com medicamentos preventivos \u00e9 igualmente importante.<\/p>\n\n\n\n<p>Manter um estilo de vida saud\u00e1vel, com uma dieta rica em elementos anti-inflamat\u00f3rios, pode ajudar a reduzir a frequ\u00eancia das crises. Manter uma &#8220;bombinha&#8221; por perto, mesmo quando os sintomas n\u00e3o est\u00e3o presentes, prepara o indiv\u00edduo para lidar rapidamente com uma crise inesperada. Estrat\u00e9gias como essas s\u00e3o partes de um plano abrangente para gerenciar a Asma eficientemente.<\/p>\n\n\n<a href=\"https:\/\/www.instagram.com\/dra.annaluisabf\/\" target=\"_blank\" rel=\"noopener\" style=\"text-decoration: none; color: inherit;\">\n    <span style=\"display: inline-block; border: 1px solid #ccc; border-radius: 10px; padding: 15px; max-width: 550px; font-family: sans-serif; box-shadow: 0 2px 5px rgba(0,0,0,0.1); width: 100%;\">\n\n      <!-- T\u00edtulo -->\n      <span style=\"display: block; margin: 0 0 15px 0; font-weight: bold; color: #2c3e50; text-align: center;\">\n        Entre em contato:\n      <\/span>\n\n      <!-- Linha do perfil -->\n      <span style=\"display: flex; align-items: center; gap: 15px;\">\n        <img decoding=\"async\"\n          src=\"https:\/\/www.correiobraziliense.com.br\/cbradar\/wp-content\/uploads\/2025\/08\/dra_anna_luisa.jpeg\"\n          alt=\"Foto da Dra. Anna Lu\u00edsa\"\n          style=\"border-radius: 50%; width: 80px; height: 80px; object-fit: cover;\"\n        \/>\n        <span style=\"display: flex; flex-direction: column;\">\n          <span style=\"font-size: 18px; font-weight: 700; color: #2c3e50;\">Dra. Anna Lu\u00edsa Barbosa Fernandes<\/span>\n          <span style=\"color: #555;\">CRM-GO 33.271<\/span>\n        <\/span>\n      <\/span>\n\n      <!-- Redes -->\n      <span style=\"display: flex; align-items: center; gap: 10px; margin-top: 12px;\">\n        <img decoding=\"async\" src=\"https:\/\/cdn-icons-png.flaticon.com\/24\/1384\/1384063.png\" alt=\"Instagram\" width=\"24\" height=\"24\" \/>\n        <span style=\"text-decoration: underline; color: #2c3e50;\">@dra.annaluisabf<\/span>\n      <\/span>\n\n    <\/span>\n  <\/a>","protected":false},"excerpt":{"rendered":"<p>A Asma \u00e9 uma condi\u00e7\u00e3o respirat\u00f3ria cr\u00f4nica que afeta milh\u00f5es de pessoas em todo o mundo, caracterizando-se por epis\u00f3dios recorrentes de dificuldade respirat\u00f3ria e outros sintomas relacionados. Durante uma crise asm\u00e1tica, o sistema respirat\u00f3rio enfrenta constri\u00e7\u00e3o e inflama\u00e7\u00e3o, resultando em um quadro cl\u00ednico que pode ser agravado por diversos fatores ambientais e f\u00edsicos. Compreender essa [&hellip;]<\/p>\n","protected":false},"author":14,"featured_media":110039,"comment_status":"open","ping_status":"open","sticky":false,"template":"","format":"standard","meta":{"_yoast_wpseo_focuskw":"Asma","_yoast_wpseo_title":"","_yoast_wpseo_metadesc":"Quer prevenir crise de asma? Veja o gatilho silencioso do clima e o ajuste di\u00e1rio que reduz ataques sem mudan\u00e7as radicais","jnews-multi-image_gallery":[],"jnews_single_post":{"format":"standard"},"jnews_primary_category":[],"jnews_social_meta":[],"jnews_override_counter":[],"footnotes":""},"categories":[4404],"tags":[1423,120,1318],"class_list":["post-110038","post","type-post","status-publish","format-standard","has-post-thumbnail","hentry","category-saude","tag-alimentos","tag-bem-estar","tag-saude-2"],"yoast_head":"<!-- This site is optimized with the Yoast SEO plugin v24.6 - https:\/\/yoast.com\/wordpress\/plugins\/seo\/ -->\n<title>Como agir em uma crise de asma - Correio Braziliense - Radar<\/title>\n<meta name=\"description\" content=\"Quer prevenir crise de asma? Veja o gatilho silencioso do clima e o ajuste di\u00e1rio que reduz ataques sem mudan\u00e7as radicais\" \/>\n<meta name=\"robots\" content=\"index, follow, max-snippet:-1, max-image-preview:large, max-video-preview:-1\" \/>\n<link rel=\"canonical\" href=\"https:\/\/www.correiobraziliense.com.br\/cbradar\/como-agir-em-uma-crise-de-asma\/\" \/>\n<meta property=\"og:locale\" content=\"pt_BR\" \/>\n<meta property=\"og:type\" content=\"article\" \/>\n<meta property=\"og:title\" content=\"Como agir em uma crise de asma - Correio Braziliense - Radar\" \/>\n<meta property=\"og:description\" content=\"Quer prevenir crise de asma? Veja o gatilho silencioso do clima e o ajuste di\u00e1rio que reduz ataques sem mudan\u00e7as radicais\" \/>\n<meta property=\"og:url\" content=\"https:\/\/www.correiobraziliense.com.br\/cbradar\/como-agir-em-uma-crise-de-asma\/\" \/>\n<meta property=\"og:site_name\" content=\"Correio Braziliense - Radar\" \/>\n<meta property=\"article:published_time\" content=\"2025-09-28T22:03:00+00:00\" \/>\n<meta property=\"og:image\" content=\"https:\/\/www.correiobraziliense.com.br\/cbradar\/wp-content\/uploads\/2025\/09\/Asma-_1758921572568.jpg\" \/>\n\t<meta property=\"og:image:width\" content=\"1280\" \/>\n\t<meta property=\"og:image:height\" content=\"720\" \/>\n\t<meta property=\"og:image:type\" content=\"image\/jpeg\" \/>\n<meta name=\"author\" content=\"guilherme_saude\" \/>\n<meta name=\"twitter:card\" content=\"summary_large_image\" \/>\n<meta name=\"twitter:label1\" content=\"Escrito por\" \/>\n\t<meta name=\"twitter:data1\" content=\"guilherme_saude\" \/>\n\t<meta name=\"twitter:label2\" content=\"Est. tempo de leitura\" \/>\n\t<meta name=\"twitter:data2\" content=\"4 minutos\" \/>\n<!-- \/ Yoast SEO plugin. -->","yoast_head_json":{"title":"Como agir em uma crise de asma - Correio Braziliense - Radar","description":"Quer prevenir crise de asma? Veja o gatilho silencioso do clima e o ajuste di\u00e1rio que reduz ataques sem mudan\u00e7as radicais","robots":{"index":"index","follow":"follow","max-snippet":"max-snippet:-1","max-image-preview":"max-image-preview:large","max-video-preview":"max-video-preview:-1"},"canonical":"https:\/\/www.correiobraziliense.com.br\/cbradar\/como-agir-em-uma-crise-de-asma\/","og_locale":"pt_BR","og_type":"article","og_title":"Como agir em uma crise de asma - Correio Braziliense - Radar","og_description":"Quer prevenir crise de asma? Veja o gatilho silencioso do clima e o ajuste di\u00e1rio que reduz ataques sem mudan\u00e7as radicais","og_url":"https:\/\/www.correiobraziliense.com.br\/cbradar\/como-agir-em-uma-crise-de-asma\/","og_site_name":"Correio Braziliense - Radar","article_published_time":"2025-09-28T22:03:00+00:00","og_image":[{"width":1280,"height":720,"url":"https:\/\/www.correiobraziliense.com.br\/cbradar\/wp-content\/uploads\/2025\/09\/Asma-_1758921572568.jpg","type":"image\/jpeg"}],"author":"guilherme_saude","twitter_card":"summary_large_image","twitter_misc":{"Escrito por":"guilherme_saude","Est. tempo de leitura":"4 minutos"},"schema":{"@context":"https:\/\/schema.org","@graph":[{"@type":"WebPage","@id":"https:\/\/www.correiobraziliense.com.br\/cbradar\/como-agir-em-uma-crise-de-asma\/","url":"https:\/\/www.correiobraziliense.com.br\/cbradar\/como-agir-em-uma-crise-de-asma\/","name":"Como agir em uma crise de asma - Correio Braziliense - Radar","isPartOf":{"@id":"https:\/\/www.correiobraziliense.com.br\/cbradar\/#website"},"primaryImageOfPage":{"@id":"https:\/\/www.correiobraziliense.com.br\/cbradar\/como-agir-em-uma-crise-de-asma\/#primaryimage"},"image":{"@id":"https:\/\/www.correiobraziliense.com.br\/cbradar\/como-agir-em-uma-crise-de-asma\/#primaryimage"},"thumbnailUrl":"https:\/\/www.correiobraziliense.com.br\/cbradar\/wp-content\/uploads\/2025\/09\/Asma-_1758921572568.jpg","datePublished":"2025-09-28T22:03:00+00:00","author":{"@id":"https:\/\/www.correiobraziliense.com.br\/cbradar\/#\/schema\/person\/5aa4bf3c8fa699c267933611de12978b"},"description":"Quer prevenir crise de asma? Veja o gatilho silencioso do clima e o ajuste di\u00e1rio que reduz ataques sem mudan\u00e7as radicais","breadcrumb":{"@id":"https:\/\/www.correiobraziliense.com.br\/cbradar\/como-agir-em-uma-crise-de-asma\/#breadcrumb"},"inLanguage":"pt-BR","potentialAction":[{"@type":"ReadAction","target":["https:\/\/www.correiobraziliense.com.br\/cbradar\/como-agir-em-uma-crise-de-asma\/"]}]},{"@type":"ImageObject","inLanguage":"pt-BR","@id":"https:\/\/www.correiobraziliense.com.br\/cbradar\/como-agir-em-uma-crise-de-asma\/#primaryimage","url":"https:\/\/www.correiobraziliense.com.br\/cbradar\/wp-content\/uploads\/2025\/09\/Asma-_1758921572568.jpg","contentUrl":"https:\/\/www.correiobraziliense.com.br\/cbradar\/wp-content\/uploads\/2025\/09\/Asma-_1758921572568.jpg","width":1280,"height":720,"caption":"Asma - Cr\u00e9ditos: depositphotos.com \/ HayDmitriy"},{"@type":"BreadcrumbList","@id":"https:\/\/www.correiobraziliense.com.br\/cbradar\/como-agir-em-uma-crise-de-asma\/#breadcrumb","itemListElement":[{"@type":"ListItem","position":1,"name":"In\u00edcio","item":"https:\/\/www.correiobraziliense.com.br\/cbradar\/"},{"@type":"ListItem","position":2,"name":"Como agir em uma crise de asma"}]},{"@type":"WebSite","@id":"https:\/\/www.correiobraziliense.com.br\/cbradar\/#website","url":"https:\/\/www.correiobraziliense.com.br\/cbradar\/","name":"Correio Braziliense - Radar","description":"Acompanhe as \u00faltimas not\u00edcias e fique bem informado sobre tudo o que acontece no Brasil e no mundo.","potentialAction":[{"@type":"SearchAction","target":{"@type":"EntryPoint","urlTemplate":"https:\/\/www.correiobraziliense.com.br\/cbradar\/?s={search_term_string}"},"query-input":{"@type":"PropertyValueSpecification","valueRequired":true,"valueName":"search_term_string"}}],"inLanguage":"pt-BR"},{"@type":"Person","@id":"https:\/\/www.correiobraziliense.com.br\/cbradar\/#\/schema\/person\/5aa4bf3c8fa699c267933611de12978b","name":"guilherme_saude","image":{"@type":"ImageObject","inLanguage":"pt-BR","@id":"https:\/\/www.correiobraziliense.com.br\/cbradar\/#\/schema\/person\/image\/","url":"https:\/\/secure.gravatar.com\/avatar\/df9adfb835d344bc0af109d41756253f?s=96&d=mm&r=g","contentUrl":"https:\/\/secure.gravatar.com\/avatar\/df9adfb835d344bc0af109d41756253f?s=96&d=mm&r=g","caption":"guilherme_saude"},"url":"https:\/\/www.correiobraziliense.com.br\/cbradar\/author\/guilherme_saude\/"}]}},"_links":{"self":[{"href":"https:\/\/www.correiobraziliense.com.br\/cbradar\/wp-json\/wp\/v2\/posts\/110038","targetHints":{"allow":["GET"]}}],"collection":[{"href":"https:\/\/www.correiobraziliense.com.br\/cbradar\/wp-json\/wp\/v2\/posts"}],"about":[{"href":"https:\/\/www.correiobraziliense.com.br\/cbradar\/wp-json\/wp\/v2\/types\/post"}],"author":[{"embeddable":true,"href":"https:\/\/www.correiobraziliense.com.br\/cbradar\/wp-json\/wp\/v2\/users\/14"}],"replies":[{"embeddable":true,"href":"https:\/\/www.correiobraziliense.com.br\/cbradar\/wp-json\/wp\/v2\/comments?post=110038"}],"version-history":[{"count":1,"href":"https:\/\/www.correiobraziliense.com.br\/cbradar\/wp-json\/wp\/v2\/posts\/110038\/revisions"}],"predecessor-version":[{"id":110041,"href":"https:\/\/www.correiobraziliense.com.br\/cbradar\/wp-json\/wp\/v2\/posts\/110038\/revisions\/110041"}],"wp:featuredmedia":[{"embeddable":true,"href":"https:\/\/www.correiobraziliense.com.br\/cbradar\/wp-json\/wp\/v2\/media\/110039"}],"wp:attachment":[{"href":"https:\/\/www.correiobraziliense.com.br\/cbradar\/wp-json\/wp\/v2\/media?parent=110038"}],"wp:term":[{"taxonomy":"category","embeddable":true,"href":"https:\/\/www.correiobraziliense.com.br\/cbradar\/wp-json\/wp\/v2\/categories?post=110038"},{"taxonomy":"post_tag","embeddable":true,"href":"https:\/\/www.correiobraziliense.com.br\/cbradar\/wp-json\/wp\/v2\/tags?post=110038"}],"curies":[{"name":"wp","href":"https:\/\/api.w.org\/{rel}","templated":true}]}}